{"id":8036,"date":"2020-02-06T00:52:34","date_gmt":"2020-02-05T23:52:34","guid":{"rendered":"http:\/\/lemotdujour.fr\/?p=8036"},"modified":"2020-02-06T08:55:47","modified_gmt":"2020-02-06T07:55:47","slug":"jeudi-6-fevrier-2020","status":"publish","type":"post","link":"https:\/\/lemotdujour.fr\/?p=8036","title":{"rendered":"Jeudi 6 f\u00e9vrier 2020"},"content":{"rendered":"<div class=\"mdjTexte\">\u00ab\u00a0Islamophobie\u00a0\u00bb<\/div>\n<div class=\"mdjAuteur\">Mot pi\u00e8ge<\/div>\n<p><span style=\"color: #777777; font-family: Arial;\">En r\u00e9ponse \u00e0 mon premier article de cette s\u00e9rie, Lucien a r\u00e9pondu\u00a0:<br \/>\n<\/span><\/p>\n<p style=\"margin-left: 28pt;\"><span style=\"color: #c00000; font-family: Arial;\">\u00ab\u00a0Les mots peuvent \u00eatre des armes, certains sont des larmes !\u00a0\u00bb<br \/>\n<\/span><\/p>\n<p><span style=\"color: #777777; font-family: Arial;\">Certains mots sont aussi des \u00ab\u00a0<strong>pi\u00e8ges, des ruses, des escroqueries<\/strong>\u00a0\u00bb<br \/>\n<\/span><\/p>\n<p><span style=\"color: #777777; font-family: Arial;\">C&rsquo;est indiscutablement le cas du mot \u00ab\u00a0<strong>islamophobie\u00a0<\/strong>\u00bb.<br \/>\n<\/span><\/p>\n<p><span style=\"color: #777777; font-family: Arial;\">Et comme je l&rsquo;\u00e9crivais lors de ce premier article, il faut expliquer un mot par d&rsquo;autres mots imparfaits, incomplets pour comprendre la globalit\u00e9 d&rsquo;un sujet.<br \/>\n<\/span><\/p>\n<p><span style=\"color: #777777; font-family: Arial;\">Essayons donc, de faire \u0153uvre de p\u00e9dagogie, de rigueur et de lucidit\u00e9.<br \/>\n<\/span><\/p>\n<p><span style=\"color: #777777; font-family: Arial;\">Dans la rigueur du fran\u00e7ais, ce mot signifie la phobie de l&rsquo;islam.<br \/>\n<\/span><\/p>\n<p><span style=\"color: #777777; font-family: Arial;\">La \u00ab\u00a0<strong>phobie<\/strong>\u00a0\u00bb c&rsquo;est avant tout la crainte de quelque chose.<br \/>\n<\/span><\/p>\n<p><a href=\"https:\/\/fr.wikipedia.org\/wiki\/Phobie\"><span style=\"font-family: Arial;\"><span style=\"color: #0000ff;\">Wikipedia<\/span><\/span><\/a><span style=\"color: #777777; font-family: Arial;\"> nous apprend que le mot vient du grec ancien \u00ab\u00a0\u03c6\u03cc\u03b2\u03bf\u03c2\u00a0\u00bb \/ \u00ab\u00a0ph\u00f3bos,\u00a0\u00bb qui signifie frayeur, crainte ou r\u00e9pulsion et signifie une peur d\u00e9mesur\u00e9e et d\u00e9pendant d&rsquo;un ressenti plut\u00f4t que de causes rationnelles, d&rsquo;un objet ou d&rsquo;une situation pr\u00e9cise.<br \/>\n<\/span><\/p>\n<p><span style=\"color: #777777; font-family: Arial;\">Ce terme est particuli\u00e8rement utilis\u00e9e en m\u00e9decine\u00a0: pour \u00ab\u00a0<strong>agoraphobie<\/strong>\u00a0\u00bb, peur de la foule et des lieux publics, \u00ab\u00a0 <strong>claustrophobie<\/strong>\u00a0\u00bb, peur des lieux clos, il existe m\u00eame la \u00ab\u00a0<strong>canc\u00e9rophobie<\/strong>\u00a0\u00bb je ne crois pas n\u00e9cessaire d&rsquo;expliquer.<br \/>\n<\/span><\/p>\n<p><span style=\"color: #777777; font-family: Arial;\">L&rsquo;<strong>arachnophobie<\/strong>, la peur des araign\u00e9es est tr\u00e8s r\u00e9pandue.<br \/>\n<\/span><\/p>\n<p><span style=\"color: #777777; font-family: Arial;\">La phobie de l&rsquo;islam signifie donc la peur de l&rsquo;islam.<br \/>\n<\/span><\/p>\n<p><span style=\"color: #777777; font-family: Arial;\">Mais les utilisateurs crisp\u00e9s et excit\u00e9s de ce mot entendent dire autre chose\u00a0<strong>: la haine des musulmans<\/strong>, c&rsquo;est-\u00e0-dire des \u00eatres humains qui professent la foi de l&rsquo;islam ou plus largement qui sont reconnus comme appartenant \u00e0 la communaut\u00e9 musulmane par leur naissance, par leur famille. Ils veulent donc dire \u00ab\u00a0anti-musulmans\u00a0\u00bb<br \/>\n<\/span><\/p>\n<p><span style=\"color: #777777; font-family: Arial;\">Cela n&rsquo;a rien \u00e0 voir.<br \/>\n<\/span><\/p>\n<ul>\n<li><span style=\"color: #777777; font-family: Arial;\">L&rsquo;islam est une religion, une id\u00e9ologie, un concept.<br \/>\n<\/span><\/li>\n<li><span style=\"color: #777777; font-family: Arial;\">Le musulman est un \u00eatre humain, un citoyen qui dispose de la libert\u00e9 de conscience.<br \/>\n<\/span><\/li>\n<\/ul>\n<p><span style=\"color: #777777; font-family: Arial;\">La loi fran\u00e7aise prot\u00e8ge le second de l&rsquo;injure, de la menace, de la haine.<br \/>\n<\/span><\/p>\n<p><span style=\"color: #777777; font-family: Arial;\">Elle ne fait rien de tel pour la premi\u00e8re\u00a0: la religion, l&rsquo;id\u00e9ologie.<br \/>\n<\/span><\/p>\n<p><span style=\"color: #777777; font-family: Arial;\">Le terme d&rsquo;islamophobie constitue donc un pi\u00e8ge, un subterfuge qui veut se servir de la libert\u00e9 de conscience des citoyens pour interdire la critique de l&rsquo;islam.<br \/>\n<\/span><\/p>\n<p><span style=\"color: #777777; font-family: Arial;\">Rien ne permet de mieux illustrer ce point que \u00ab\u00a0<strong>l&rsquo;affaire Mila<\/strong>\u00a0\u00bb et surtout les r\u00e9actions qui ont \u00e9t\u00e9 caus\u00e9es par elle.<br \/>\n<\/span><\/p>\n<p><span style=\"color: #777777; font-family: Arial;\">Je vais raconter l&rsquo;histoire de Mila en reprenant les \u00e9l\u00e9ments qu&rsquo;apporte &lt;<\/span><span style=\"font-family: Arial; color: #0000ff;\"><a style=\"color: #0000ff;\" href=\"https:\/\/www.20minutes.fr\/high-tech\/2702611-20200124-affaire-mila-revient-histoire-ado-cyberharcelee-apres-propos-islamophobes\">20 minutes<\/a><\/span><span style=\"color: #777777; font-family: Arial;\">&gt; et d&rsquo;autres que j&rsquo;ai trouv\u00e9 ailleurs, comme &lt;<span style=\"color: #0000ff;\"><a style=\"color: #0000ff;\" href=\"https:\/\/www.youtube.com\/watch?v=MxX2dR2_Bks\">cette vid\u00e9o<\/a><\/span>&gt; dans laquelle la jeune fille raconte sa version des faits.<br \/>\n<\/span><\/p>\n<p><span style=\"color: #777777; font-family: Arial;\">Mila est une lyc\u00e9enne, elle est originaire de l&rsquo;Is\u00e8re et elle a 16 ans<br \/>\n<\/span><\/p>\n<p><span style=\"color: #777777; font-family: Arial;\">Cette jeune fille se revendique lesbienne. Elle a post\u00e9 une vid\u00e9o, samedi 18 janvier sur instagram, dans laquelle elle parlait de chant. Ensuite, les choses sont moins claires, elle aurait \u00e9chang\u00e9 avec une autre fille de relations amoureuses. Il semble qu&rsquo;il a \u00e9t\u00e9 question \u00e0 un moment d&rsquo;une discussion avec une autre fille dans laquelle les deux ont marqu\u00e9 leur accord sur le fait que les arabes, \u00ab rebeux \u00bb dans le texte n&rsquo;\u00e9taient pas \u00ableur truc\u00bb pour ce type de relations. La discussion s&rsquo;est envenim\u00e9e, et des jeunes ont commenc\u00e9 \u00e0 la traiter de \u00ab sale lesbienne \u00bb puis de \u00ab sale raciste \u00bb et aussi d&rsquo; \u00ab islamophobe \u00bb et elle affirme des insultes \u00ab plus hard \u00bb. Et puis la discussion a d\u00e9riv\u00e9 sur la religion et c&rsquo;est l\u00e0 que Mila a dit (selon 20 minutes) :<br \/>\n<\/span><\/p>\n<p style=\"margin-left: 28pt;\"><span style=\"color: #c00000; font-family: Arial;\"> \u00ab Le Coran est une religion de haine [\u2026] Votre religion, c&rsquo;est de la merde, votre Dieu je lui mets un doigt dans le trou du cul, merci au revoir \u00bb.<br \/>\n<\/span><\/p>\n<p><span style=\"color: #777777; font-family: Arial;\">Il est vrai et je peux le reconnaitre que l&rsquo;argument scatologique ainsi que la pr\u00e9conisation d&rsquo;un co\u00eft anal digital divin n&rsquo;apporte rien au d\u00e9bat et n&rsquo;\u00e9l\u00e8ve pas la pens\u00e9e.<br \/>\n<\/span><\/p>\n<p><span style=\"color: #777777; font-family: Arial;\">Cette jeune fille dans un moment d&rsquo;\u00e9nervement a utilis\u00e9 l&rsquo;injure, elle aurait pu s&rsquo;abstenir.<br \/>\n<\/span><\/p>\n<p><span style=\"color: #777777; font-family: Arial;\">Et elle a d&rsquo;ailleurs eu des paroles d&rsquo;explications et d&rsquo;excuses dont se fait l&rsquo;\u00e9cho &lt;<span style=\"color: #0000ff;\">La nouvelle Tribune<\/span>&gt; :<br \/>\n<\/span><\/p>\n<p style=\"margin-left: 28pt;\"><span style=\"color: #c00000; font-family: Arial;\">\u00ab\u00a0Je ne regrette absolument pas mes propos, c&rsquo;\u00e9tait vraiment ma pens\u00e9e \u00bb, a notamment d\u00e9clar\u00e9 l&rsquo;ado lors de son passage sur le plateau de l&rsquo;\u00e9mission. Elle a tout de m\u00eame voulu pr\u00e9senter ses excuses \u00e0 celles et ceux qui se sont sentis blesser par ses d\u00e9clarations.<br \/>\n<\/span><\/p>\n<p style=\"margin-left: 28pt;\"><span style=\"color: #c00000; font-family: Arial;\">Je m&rsquo;excuse un petit peu pour les personnes que j&rsquo;ai pu blesser, qui pratiquent leur religion en paix, et je n&rsquo;ai jamais voulu viser des \u00eatres humains, j&rsquo;ai voulu blasph\u00e9mer, j&rsquo;ai voulu parler d&rsquo;une religion, dire ce que j&rsquo;en pensais \u00bb, a-t-elle ajout\u00e9. \u00bb<br \/>\n<\/span><\/p>\n<p><span style=\"color: #777777; font-family: Arial;\">Elle dit donc clairement qu&rsquo;elle a voulu exprimer son opinion sur l&rsquo;islam et elle souhaitait blasph\u00e9mer.<br \/>\n<\/span><\/p>\n<p><span style=\"color: #777777; font-family: Arial;\">Ce qui est totalement et absolument autoris\u00e9 et accept\u00e9 par la Loi et les textes fondamentaux fran\u00e7ais.<br \/>\n<\/span><\/p>\n<p><span style=\"color: #777777; font-family: Arial;\">Dans toutes les versions de la phrase pol\u00e9mique, il n&rsquo;est jamais question de personnes, de musulmans. Il est question d&rsquo;une id\u00e9ologie, d&rsquo;une doctrine que Mila n&rsquo;aime pas.<br \/>\n<\/span><\/p>\n<p><span style=\"color: #777777; font-family: Arial;\">Cette histoire qui aurait pu rester dans un cercle tr\u00e8s restreint, une sorte \u00ab\u00a0d&#8217;embrouille\u00a0\u00bb entre jeunes n&rsquo;aurait pas d\u00fb s&rsquo;\u00e9tendre \u00e0 une discussion nationale.<br \/>\n<\/span><\/p>\n<p><span style=\"color: #777777; font-family: Arial;\">Mais c&rsquo;est la suite qui est importante. La jeune fille a imm\u00e9diatement \u00e9t\u00e9 la cible d&rsquo;une vaste campagne de cyberharc\u00e8lement, d&rsquo;insultes et de menaces de mort avec toute la gradation de s\u00e9vices qu&rsquo;entendent pratiquer les fous de de Dieu \u00e0 l&rsquo;\u00e9gard de celles et ceux qui leur d\u00e9plaisent. Certains internautes ont d\u00e9voil\u00e9 l&rsquo;identit\u00e9 de la jeune fille, son adresse, et m\u00eame celle de son lyc\u00e9e. La jeune fille a d\u00e9clar\u00e9\u00a0:<br \/>\n<\/span><\/p>\n<p style=\"margin-left: 28pt;\"><span style=\"color: #c00000; font-family: Arial;\">\u00ab Je recevais 200 messages de pure haine \u00e0 la minute \u00bb.<br \/>\n<\/span><\/p>\n<p><span style=\"color: #777777; font-family: Arial;\">Face \u00e0 cette vague de haine, la jeune fille a d\u00fb \u00eatre \u00ab d\u00e9scolaris\u00e9e \u00bb a indiqu\u00e9 \u00e0 20 Minutes le rectorat de Grenoble.<br \/>\n<\/span><\/p>\n<p style=\"margin-left: 28pt;\"><span style=\"color: #c00000; font-family: Arial;\">\u00ab Le proviseur de son \u00e9tablissement, situ\u00e9 dans le nord Is\u00e8re, a proc\u00e9d\u00e9 d\u00e8s lundi matin \u00e0 un signalement aupr\u00e8s du procureur de la R\u00e9publique, et aupr\u00e8s de la plateforme Pharos [service de la police nationale charg\u00e9 de la lutte contre la cybercriminalit\u00e9]. La lyc\u00e9enne, \u00e9l\u00e8ve de seconde, ne s&rsquo;est pas pr\u00e9sent\u00e9e en cours cette semaine \u00bb<br \/>\n<\/span><\/p>\n<p><span style=\"color: #777777; font-family: Arial;\">Le ministre de l&rsquo;int\u00e9rieur a d\u00e9clar\u00e9 que la jeune fille et sa famille ont \u00e9t\u00e9 mises sous protection polici\u00e8re.<br \/>\n<\/span><\/p>\n<p><span style=\"color: #777777; font-family: Arial;\">Deux affaires ont \u00e9t\u00e9 port\u00e9es devant la justice, l&rsquo;une, comme il se doit, contre les personnes ayant prof\u00e9r\u00e9 des menaces de mort, l&rsquo;autre plus \u00e9tonnante contre Mila avec pour motif\u00a0: \u00ab<strong>provocation \u00e0 la haine \u00e0 l&rsquo;\u00e9gard d&rsquo;un groupe de personnes\u00bb. <\/strong>Cette seconde affaire est sans fondement, Mila a attaqu\u00e9 l&rsquo;islam non les musulmans<strong>.<br \/>\n<\/strong><\/span><\/p>\n<p><span style=\"color: #777777; font-family: Arial;\">Et la &lt;<a href=\"https:\/\/www.cnews.fr\/france\/2020-02-05\/affaire-mila-la-jeune-fille-et-sa-famille-protegees-par-la-police-annonce\"><span style=\"color: #0000ff;\">Justice Fran\u00e7aise<\/span><\/a>&gt; a fait son devoir et a rejet\u00e9 cette accusation\u00a0;<br \/>\n<\/span><\/p>\n<p style=\"margin-left: 28pt;\"><span style=\"color: #c00000; font-family: Arial;\">\u00abDans un communiqu\u00e9 diffus\u00e9 jeudi 30 janvier, le parquet de Vienne a indiqu\u00e9 que les investigations \u00abn&rsquo;ont r\u00e9v\u00e9l\u00e9 aucun \u00e9l\u00e9ment de nature \u00e0 caract\u00e9riser une infraction p\u00e9nale (\u2026) L&rsquo;enqu\u00eate a d\u00e9montr\u00e9 que les propos diffus\u00e9s, quelle que soit leur tonalit\u00e9 outrageante, avaient pour seul objet d&rsquo;exprimer une opinion personnelle \u00e0 l&rsquo;\u00e9gard d&rsquo;une religion, sans volont\u00e9 d&rsquo;exhorter \u00e0 la haine ou \u00e0 la violence contre des individus \u00e0 raison de leur origine ou de leur appartenance \u00e0 cette communaut\u00e9 de croyance\u00bb.<br \/>\n<\/span><\/p>\n<p><span style=\"color: #777777; font-family: Arial;\">L&rsquo;autre pour identifier les internautes ayant exprim\u00e9 les menaces de mort continue.<br \/>\n<\/span><\/p>\n<p><span style=\"color: #777777; font-family: Arial;\">Mais l&rsquo;affaire ne s&rsquo;arr\u00eate pas l\u00e0.<br \/>\n<\/span><\/p>\n<p><span style=\"color: #777777; font-family: Arial;\">Il y a d&rsquo;abord Abdallah Zekri qui dirige l&rsquo;Observatoire national contre l&rsquo;islamophobie et qui est d\u00e9l\u00e9gu\u00e9 g\u00e9n\u00e9ral du CFCM qui a tenu des propos inacceptables.<br \/>\n<\/span><\/p>\n<p><span style=\"color: #777777; font-family: Arial;\">Je rappelle que le Conseil fran\u00e7ais du culte musulman (CFCM) est une association fran\u00e7aise r\u00e9gie par la loi de 1901, plac\u00e9 sous l&rsquo;\u00e9gide du minist\u00e8re de l&rsquo;Int\u00e9rieur, et qui a vocation \u00e0 repr\u00e9senter les musulmans de France aupr\u00e8s des instances \u00e9tatiques pour les questions relatives \u00e0 la pratique religieuse. Il a \u00e9t\u00e9 mis en place alors que Sarkozy \u00e9tait ministre de l&rsquo;Int\u00e9rieur.<br \/>\n<\/span><\/p>\n<p><span style=\"color: #777777; font-family: Arial;\">Apr\u00e8s avoir condamn\u00e9 les menaces de mort il a rejet\u00e9 sur Mila la responsabilit\u00e9 de ce qui lui arrive. &lt;<span style=\"color: #0000ff;\">Marianne le cite<\/span>&gt;\u00a0:<br \/>\n<\/span><\/p>\n<p style=\"margin-left: 28pt;\"><span style=\"color: #c00000; font-family: Arial;\">\u00ab\u00a0Cette fille, elle sait ce qu&rsquo;elle a dit. Elle a pris ses responsabilit\u00e9s. Qu&rsquo;elle critique les religions, je suis d&rsquo;accord, mais d&rsquo;insulter et tout ce qui s&rsquo;ensuit\u2026 Maintenant, elle assume les cons\u00e9quences de ce qu&rsquo;elle a dit.\u00a0\u00bb Lorsque les chroniqueurs de Sud Radio lui ont fait remarquer que Mila avait r\u00e9agi, certes avec outrance, \u00e0 des insultes, le d\u00e9l\u00e9gu\u00e9 g\u00e9n\u00e9ral du CFCM a affich\u00e9 ses doutes : \u00ab\u00a0Est-ce qu&rsquo;on lui a dit &lsquo;sale fran\u00e7aise&rsquo; ? Ou est-ce qu&rsquo;elle le dit pour se faire plaindre ? Vous la croyez, cette fille-l\u00e0 ? Moi je ne la crois pas.\u00a0\u00bb Quand l&rsquo;avocate Yael Mellul indique \u00e0 Zekri qu&rsquo;il peut difficilement dire que Mila \u00ab\u00a0n&rsquo;a que ce qu&rsquo;elle m\u00e9rite\u00a0\u00bb, celui-ci r\u00e9torque : \u00ab\u00a0Si, je le dis. Elle l&rsquo;a cherch\u00e9, elle assume. Les propos qu&rsquo;elle a tenus, je ne peux pas les accepter.\u00a0\u00bb<br \/>\n<\/span><\/p>\n<p><span style=\"color: #777777; font-family: Arial;\">Il ignore probablement qu&rsquo;il habite le pays de Voltaire, de Hugo, de Jaur\u00e8s, de Camus.<br \/>\n<\/span><\/p>\n<p><span style=\"color: #777777; font-family: Arial;\">Beaucoup plus grave\u00a0: La ministre de la Justice Nicole Belloubet sur<span style=\"color: #0000ff;\"> <a style=\"color: #0000ff;\" href=\"https:\/\/www.youtube.com\/watch?v=iNZxmnSugBo\">Europe 1<\/a><\/span> a fait la m\u00eame dichotomie.<br \/>\n<\/span><\/p>\n<p><span style=\"color: #777777; font-family: Arial;\">Elle a donc condamn\u00e9 les menaces de mort et puis dans un m\u00eame \u00e9lan, je dirais sur le m\u00eame plan elle a jout\u00e9\u00a0:<br \/>\n<\/span><\/p>\n<p style=\"margin-left: 28pt;\"><span style=\"color: #c00000; font-family: Arial;\">\u00abL&rsquo;insulte \u00e0 la religion, c&rsquo;est \u00e9videmment une atteinte \u00e0 la libert\u00e9 de conscience, c&rsquo;est grave\u00bb<br \/>\n<\/span><\/p>\n<p><span style=\"color: #777777; font-family: Arial;\">Les bras m&rsquo;en tombent\u00a0!<br \/>\n<\/span><\/p>\n<p><span style=\"color: #777777; font-family: Arial;\">Il y a deux \u00e9normit\u00e9s dans ce qu&rsquo;elle raconte<br \/>\n<\/span><\/p>\n<p><span style=\"color: #777777; font-family: Arial;\">La premi\u00e8re c&rsquo;est de mettre sur le m\u00eame plan des menaces de mort, de viols et tout ce qui s&rsquo;en suit donc tr\u00e8s clairement un appel \u00e0 la haine vers une personne physique et quelques insultes \u00e0 une religion. Elle est donc exactement sur la m\u00eame longueur d&rsquo;onde qu&rsquo; Abdallah Zekri les insultes peuvent expliquer les menaces de mort\u00a0!<br \/>\n<\/span><\/p>\n<p><span style=\"color: #777777; font-family: Arial;\">La seconde est encore plus grave. Nous avons donc une Ministre de la Justice qui ignore ce point fondamental du Droit en France\u00a0: le blasph\u00e8me n&rsquo;existe pas.<br \/>\n<\/span><\/p>\n<p><span style=\"color: #777777; font-family: Arial;\">D&rsquo;ailleurs les juges connaissent le Droit et ont jug\u00e9 l&rsquo;affaire dans ce sens.<br \/>\n<\/span><\/p>\n<p><span style=\"color: #777777; font-family: Arial;\">L&rsquo;avocat Richard Malka lui a r\u00e9pondu de mani\u00e8re cinglante\u00a0: \u00ab<a href=\"https:\/\/www.liguedefensejuive.com\/richard-malka-non-madame-belloubet-injurier-lislam-nest-pas-une-atteinte-a-la-liberte-de-conscience-2020-01-29.html\"><span style=\"color: #0000ff;\">Non, Madame Belloubet, injurier l&rsquo;islam n&rsquo;est pas une atteinte \u00e0 la libert\u00e9 de conscience!<\/span>\u00bb<\/a><br \/>\n<\/span><\/p>\n<p><span style=\"color: #777777; font-family: Arial;\">Et on voit bien ce que je d\u00e9non\u00e7ais au d\u00e9but, le mot islamophobie est un pi\u00e8ge puisque lentement on en vient \u00e0 accepter dans les esprits le concept de blasph\u00e8me.<br \/>\n<\/span><\/p>\n<p><span style=\"color: #777777; font-family: Arial;\">Je me souviens, un jour dans notre cuisine, peu de temps apr\u00e8s la tuerie de Charlie Hebdo, un jeune lecteur du mot du jour m&rsquo;a interpell\u00e9\u00a0:<br \/>\n<\/span><\/p>\n<p style=\"margin-left: 28pt;\"><span style=\"color: #c00000; font-family: Arial;\">\u00ab\u00a0Tu ne trouves pas qu&rsquo;on en fait un peu trop sur cette affaire\u00a0\u00bb<br \/>\n<\/span><\/p>\n<p><img decoding=\"async\" class=\"alignleft\" src=\"https:\/\/lemotdujour.fr\/wp-content\/uploads\/2020\/02\/020520_2334_Jeudi6fvrie1.jpg\" alt=\"\" align=\"left\" \/><span style=\"color: #777777; font-family: Arial;\">Je me souviens de ma sid\u00e9ration et j&rsquo;ai trouv\u00e9 un dessin de presse qui mieux que les mots exprime la situation.<br \/>\n<\/span><\/p>\n<p><span style=\"color: #777777; font-family: Arial;\">Je partage le tweet de Rapha\u00ebl Enthoven\u00a0:<br \/>\n<\/span><\/p>\n<p style=\"margin-left: 28pt;\"><span style=\"color: #c00000; font-family: Arial;\">\u00ab\u00a0#JeSuisMila car le blasph\u00e8me n&rsquo;est pas un d\u00e9lit, mais une \u0153uvre de sant\u00e9 publique.\u00a0\u00bb<br \/>\n<\/span><\/p>\n<p><span style=\"color: #777777; font-family: Arial;\">Et Charlie Hebdo qui ose ce titre\u00a0: &lt;<span style=\"color: #0000ff;\"><a style=\"color: #0000ff;\" href=\"https:\/\/charliehebdo.fr\/2020\/01\/actualite\/affaire-mila-le-droit-au-blaspheme-fait-fuir-les-laches\/\">Affaire Mila : le droit au blasph\u00e8me fait fuir les l\u00e2ches<\/a>&gt;<\/span><br \/>\n<\/span><\/p>\n<p><span style=\"color: #777777; font-family: Arial;\">L&rsquo;islam a un grand probl\u00e8me, comme le christianisme et le juda\u00efsme\u00a0: c&rsquo;est une religion monoth\u00e9iste.<br \/>\n<\/span><\/p>\n<p><span style=\"color: #777777; font-family: Arial;\">Et<span style=\"color: #0000ff;\"> <a style=\"color: #0000ff;\" href=\"https:\/\/lemotdujour.fr\/?p=1423\">R\u00e9gis Debray<\/a><\/span> a magnifiquement synth\u00e9tis\u00e9 le probl\u00e8me\u00a0:<br \/>\n<\/span><\/p>\n<p style=\"margin-left: 28pt;\"><span style=\"color: #c00000; font-family: Arial;\">\u00ab\u00a0Non seulement, ces religions [monoth\u00e9istes] entendent r\u00e9gler nos m\u0153urs et notre vie intime mais ce sont elles <strong>qui ont li\u00e9es la notion de croyance et la notion de v\u00e9rit\u00e9 et \u00e7a c&rsquo;est de la dynamite.\u00a0\u00bb<\/strong><br \/>\n<\/span><\/p>\n<p><span style=\"color: #777777; font-family: Arial;\">La confusion entre la croyance et la v\u00e9rit\u00e9 !<br \/>\n<\/span><\/p>\n<p><span style=\"color: #777777; font-family: Arial;\">Et pendant des si\u00e8cles chaque fois qu&rsquo;ils disposaient du pouvoir temporel elles ont impos\u00e9 leur terreur, tuant les blasph\u00e9mateurs et les incroyants.<br \/>\n<\/span><\/p>\n<p><span style=\"color: #777777; font-family: Arial;\">Les religions ont insult\u00e9 et trait\u00e9 de mani\u00e8re ignoble toutes celles et ceux qui ne suivaient pas \u00ab\u00a0leur v\u00e9rit\u00e9\u00a0\u00bb.<br \/>\n<\/span><\/p>\n<p><span style=\"color: #777777; font-family: Arial;\">Le blasph\u00e8me, c&rsquo;est-\u00e0-dire la critique du sacr\u00e9 a \u00e9t\u00e9 un formidable progr\u00e8s dans nos soci\u00e9t\u00e9s. <\/span><span style=\"color: #777777; font-family: Arial;\">C&rsquo;est une lib\u00e9ration<br \/>\n<\/span><\/p>\n<p><span style=\"color: #777777; font-family: Arial;\">Et l&rsquo;islam est h\u00e9las aujourd&rsquo;hui la seule religion qui de mani\u00e8re officielle continue \u00e0 tuer pour le blasph\u00e8me dans certains pays.<br \/>\n<\/span><\/p>\n<p><span style=\"color: #777777; font-family: Arial;\">C&rsquo;est l\u00e0 qu&rsquo;il faut interrompre tous ces mots imparfaits qui essayent de d\u00e9crire le probl\u00e8me que pose l&rsquo;utilisation du mot islamophobie.<br \/>\n<\/span><\/p>\n<p><span style=\"color: #777777; font-family: Arial;\">Pour en dire d&rsquo;autres qui nuancent et apportent des pr\u00e9cisions.<br \/>\n<\/span><\/p>\n<p><span style=\"color: #777777; font-family: Arial;\">Il y a une tr\u00e8s grande majorit\u00e9 de musulmans en France qui vivent leur Foi de mani\u00e8re apais\u00e9e et qui sont parfaitement int\u00e9gr\u00e9s dans les valeurs de la R\u00e9publique.<br \/>\n<\/span><\/p>\n<p><span style=\"color: #777777; font-family: Arial;\">Et puis il y a des musulmans qui tentent de faire \u00e9voluer les mentalit\u00e9s. C&rsquo;est Annie qui m&rsquo;a fait d\u00e9couvrir cette remarquable \u00e9mission du dimanche matin sur France Culture\u00a0: &lt;<span style=\"color: #0000ff;\"><a style=\"color: #0000ff;\" href=\"https:\/\/www.franceculture.fr\/emissions\/questions-dislam\/saison-26-08-2019-29-06-2020\">Questions d&rsquo;islam<\/a><\/span>&gt; par Ghaleb Bencheikh le dimanche entre 7 heures et 8 heures. Des r\u00e9flexions d&rsquo;une hauteur de vue remarquable.<br \/>\n<\/span><\/p>\n<p><span style=\"color: #777777; font-family: Arial;\">La derni\u00e8re \u00e9mission avait invit\u00e9 l&rsquo;essayiste <strong>Malik Bezouh <\/strong>qui a \u00e9crit un livre dont la couverture est d\u00e9j\u00e0 tout un programme<strong>\u00a0:<\/strong><br \/>\n<\/span><\/p>\n<p><img loading=\"lazy\" decoding=\"async\" class=\"alignleft\" src=\"https:\/\/lemotdujour.fr\/wp-content\/uploads\/2020\/02\/020520_2334_Jeudi6fvrie2.jpg\" alt=\"\" width=\"271\" height=\"417\" align=\"left\" \/><span style=\"color: #777777; font-family: Arial;\">Il dit\u00a0:<br \/>\n<\/span><\/p>\n<p style=\"margin-left: 28pt;\"><span style=\"color: #c00000; font-family: Arial;\">\u00ab\u00a0Blasph\u00e8me, homosexualit\u00e9, masturbation, ath\u00e9isme\u2026 la puissance du tabou qui enveloppe ces th\u00e8mes rend presque impossible tout d\u00e9bat en islam. Fig\u00e9 politiquement par un despotisme emp\u00eachant l&rsquo;\u00e9mergence d&rsquo;une r\u00e9flexion apais\u00e9e et rationnelle, englu\u00e9 dans un conservatisme religieux anachronique, et travaill\u00e9 en profondeur par des courants r\u00e9actionnaires, le monde islamique, h\u00e9t\u00e9rog\u00e8ne, complexe, est \u00e0 la peine lorsqu&rsquo;il s&rsquo;agit de consid\u00e9rer sereinement ces sujets, pourtant fondamentaux. Marqueurs d&rsquo;une modernit\u00e9 enfant\u00e9e par un Occident jadis chr\u00e9tien, hier colonisateur, aujourd&rsquo;hui s\u00e9cularis\u00e9, ces questions g\u00e9n\u00e8rent des crispations parfois paroxystiques comme en attestent les attentats commis sur notre sol depuis quelques ann\u00e9es. Aujourd&rsquo;hui, l&rsquo;islam est \u00e0 la crois\u00e9e des chemins.\u00a0\u00bb<br \/>\n<\/span><\/p>\n<p><span style=\"color: #777777; font-family: Arial;\">Vous pouvez \u00e9couter cette \u00e9mission derri\u00e8re <span style=\"color: #0000ff;\">&lt;<a style=\"color: #0000ff;\" href=\"https:\/\/www.franceculture.fr\/emissions\/questions-dislam\/malik-bezouh-pour-une-reforme-theologique\">ce lien<\/a>&gt;<\/span><br \/>\n<\/span><\/p>\n<p><span style=\"color: #777777; font-family: Arial;\">Une autre r\u00e9alit\u00e9 \u00e0 dire, c&rsquo;est qu&rsquo;il existe une haine anti-musulmane et anti-arabe dans une partie de la population fran\u00e7aise.<br \/>\n<\/span><\/p>\n<p><span style=\"color: #777777; font-family: Arial;\">Inacceptable bien s\u00fbr, m<\/span><span style=\"color: #777777; font-family: Arial;\">ais l&rsquo;islamophobie n&rsquo;est pas le bon mot pour d\u00e9crire cela.<br \/>\n<\/span><\/p>\n<p><span style=\"color: #777777; font-family: Arial;\">Wikipedia cite Caroline Fourest et Fiammetta Venner qui affirment,<br \/>\n<\/span><\/p>\n<p style=\"margin-left: 28pt;\"><span style=\"color: #c00000; font-family: Arial;\">\u00ab\u00a0en 2003, que le mot a pour la premi\u00e8re fois \u00e9t\u00e9 utilis\u00e9 en 1979 par les mollahs iraniens, puis r\u00e9activ\u00e9 \u00ab au lendemain de l&rsquo;affaire Rushdie, par des associations islamistes londoniennes comme Al Muhajiroun ou la Islamic Human Rights Commission \u00bb, pour justifier en 1990 la fatwa contre l&rsquo;\u00e9crivain Salman Rushdie, pour condamner \u00e0 mort Taslima Nasreen et plusieurs autres intellectuels musulmans pour des \u00e9crits jug\u00e9s blasph\u00e9matoires. Elles ajoutent que le terme est toujours utilis\u00e9 par le r\u00e9gime iranien pour condamner toute production artistique jug\u00e9e blasph\u00e9matoire, comme l&rsquo;accusation d&rsquo;islamophobie lanc\u00e9e en 2007 par Mehdi Halhor contre le dessin anim\u00e9 Persepolis, r\u00e9alis\u00e9 d&rsquo;apr\u00e8s la bande dessin\u00e9e de Marjane Satrapi.\u00a0\u00bb<br \/>\n<\/span><\/p>\n<p><span style=\"color: #777777; font-family: Arial;\">Et c&rsquo;est une id\u00e9ologie nocive qui vient de certains pays musulmans archa\u00efques et intol\u00e9rants et qui tentent gr\u00e2ce \u00e0 leurs formidables pouvoirs financiers d&rsquo;infiltrer la soci\u00e9t\u00e9 fran\u00e7aise musulmane pour l&rsquo;\u00e9loigner du mod\u00e8le r\u00e9publicain et la faire muter vers des m\u0153urs r\u00e9gressifs et un formidable recul de la libert\u00e9 de pens\u00e9e et d&rsquo;opinion.<br \/>\n<\/span><\/p>\n<p><span style=\"color: #777777; font-family: Arial;\">Ils utilisent le mot \u00abislamophobie\u00a0\u00bb pour souder une communaut\u00e9 de plus en plus large, emp\u00eacher la critique et la d\u00e9nonciation de leur entreprise sournoise.<br \/>\n<\/span><\/p>\n<p><span style=\"color: #777777; font-family: Arial;\">Saviez-vous que lorsque le CFCM a \u00e9t\u00e9 cr\u00e9\u00e9, le gouvernement fran\u00e7ais a renonc\u00e9 \u00e0 ce que la charte de l&rsquo;Islam au c\u0153ur de cette cr\u00e9ation ne contienne <a href=\"https:\/\/fr.wikipedia.org\/wiki\/Conseil_fran%C3%A7ais_du_culte_musulman\"><span style=\"color: #0000ff;\">le droit fondamental de changer de religion<\/span>\u00a0<\/a>:<br \/>\n<\/span><\/p>\n<p style=\"margin-left: 28pt;\"><span style=\"color: #c00000; font-family: Arial;\">\u00ab\u00a0En novembre 1999, Jean-Pierre Chev\u00e8nement entame une consultation large rassemblant toutes les f\u00e9d\u00e9rations musulmanes, les grandes mosqu\u00e9es et certaines personnalit\u00e9s3 et leur soumet un texte qui ne pouvait \u00ab faire l&rsquo;objet d&rsquo;une n\u00e9gociation \u00bb, mais qui a cependant \u00e9t\u00e9 amend\u00e9. Le texte initial ajoutait que cette convention : \u00ab consacre notamment le droit de toute personne \u00e0 changer de religion ou de conviction \u00bb. Assimil\u00e9e \u00e0 un acte d&rsquo;apostasie, cette pr\u00e9cision sur le droit \u00e0 changer de religion ou de conviction \u00e9tait pour Jean-Pierre Chev\u00e8nement cruciale. Elle soulevait la question de la libert\u00e9 religieuse. Si un musulman est libre de changer de religion, sa d\u00e9cision supplante celle du groupe. Inversement, pour un individu soumis \u00e0 la communaut\u00e9 des croyants, cette soumission prime sur celle qu&rsquo;il doit \u00e0 la nation.<br \/>\n<\/span><\/p>\n<p style=\"margin-left: 28pt;\"><span style=\"color: #c00000; font-family: Arial;\">Apr\u00e8s de longues discussions, Chev\u00e8nement obtint dans un premier temps un engagement sur ce point, mais celui-ci fut finalement retir\u00e9 \u00e0 la demande des autorit\u00e9s musulmanes. Le pacte fut sign\u00e9 le 28 janvier 2000. Si Alain Billon, conseiller de Chev\u00e8nement, consid\u00e8re le texte comme \u00ab expression positive de la\u00efcit\u00e9 \u00bb, il souleva imm\u00e9diatement des critiques qui portent pr\u00e9cis\u00e9ment sur le droit de changer de religion : ainsi, pour Le\u00efla Babes et Michel Renard, \u00ab les pouvoirs publics, en acceptant d&rsquo;alt\u00e9rer un texte pr\u00e9sent\u00e9 comme \u00ab\u00a0non n\u00e9gociable\u00a0\u00bb, introduisent un \u00e9tat d&rsquo;exception qui pourrait se r\u00e9v\u00e9ler pr\u00e9judiciable pour l&rsquo;int\u00e9gration de l&rsquo;islam dans le cadre du droit. \u00bb<br \/>\n<\/span><\/p>\n<p><span style=\"color: #777777; font-family: Arial;\">C&rsquo;est sid\u00e9rant\u00a0!<br \/>\n<\/span><\/p>\n<p><span style=\"color: #777777; font-family: Arial;\">Cela ne change rien au Droit fran\u00e7ais et \u00e0 la libert\u00e9 d&rsquo;opinion.<br \/>\n<\/span><\/p>\n<p><span style=\"color: #777777; font-family: Arial;\">Mais cela prouve bien le probl\u00e8me que posent certains id\u00e9ologues de l&rsquo;Islam \u00e0 notre R\u00e9publique et \u00e0 notre mani\u00e8re de penser la libert\u00e9.<br \/>\n<\/span><\/p>\n<p><span style=\"color: #777777; font-family: Arial;\">\u00ab\u00a0Islamophobie\u00a0\u00bb est vraiment un mot important de l&rsquo;actualit\u00e9 fran\u00e7aise.<br \/>\n<\/span><\/p>\n<p><span style=\"color: #777777; font-family: Arial;\">Et certains hommes de gauche se perdent dans ce combat qui n&rsquo;est pas un bon combat.<br \/>\n<\/span><\/p>\n<p><span style=\"color: #777777; font-family: Arial;\">Et j&rsquo;esp\u00e8re que personne ne doutera que je pense que le combat contre la haine des musulmans ou le racisme anti-arabe sont, quant \u00e0 eux, de tr\u00e8s bons combats.<br \/>\n<\/span><\/p>\n<p><span style=\"color: maroon; font-family: Arial;\">&lt;1344&gt;<span style=\"color: #777777;\"><br \/>\n<\/span><\/span><\/p>\n","protected":false},"excerpt":{"rendered":"<p>\u00ab\u00a0Islamophobie\u00a0\u00bb Mot pi\u00e8ge En r\u00e9ponse \u00e0 mon premier article de cette s\u00e9rie, Lucien a r\u00e9pondu\u00a0: \u00ab\u00a0Les mots peuvent \u00eatre des armes, certains sont des larmes !\u00a0\u00bb Certains mots sont aussi des \u00ab\u00a0pi\u00e8ges, des ruses, des escroqueries\u00a0\u00bb C&rsquo;est indiscutablement le cas<\/p>\n","protected":false},"author":1,"featured_media":0,"comment_status":"open","ping_status":"closed","sticky":false,"template":"","format":"standard","meta":{"footnotes":""},"categories":[1],"tags":[15,86,34],"class_list":["post-8036","post","type-post","status-publish","format-standard","hentry","category-motdujour","tag-france","tag-islam","tag-religion"],"_links":{"self":[{"href":"https:\/\/lemotdujour.fr\/index.php?rest_route=\/wp\/v2\/posts\/8036","targetHints":{"allow":["GET"]}}],"collection":[{"href":"https:\/\/lemotdujour.fr\/index.php?rest_route=\/wp\/v2\/posts"}],"about":[{"href":"https:\/\/lemotdujour.fr\/index.php?rest_route=\/wp\/v2\/types\/post"}],"author":[{"embeddable":true,"href":"https:\/\/lemotdujour.fr\/index.php?rest_route=\/wp\/v2\/users\/1"}],"replies":[{"embeddable":true,"href":"https:\/\/lemotdujour.fr\/index.php?rest_route=%2Fwp%2Fv2%2Fcomments&post=8036"}],"version-history":[{"count":5,"href":"https:\/\/lemotdujour.fr\/index.php?rest_route=\/wp\/v2\/posts\/8036\/revisions"}],"predecessor-version":[{"id":8043,"href":"https:\/\/lemotdujour.fr\/index.php?rest_route=\/wp\/v2\/posts\/8036\/revisions\/8043"}],"wp:attachment":[{"href":"https:\/\/lemotdujour.fr\/index.php?rest_route=%2Fwp%2Fv2%2Fmedia&parent=8036"}],"wp:term":[{"taxonomy":"category","embeddable":true,"href":"https:\/\/lemotdujour.fr\/index.php?rest_route=%2Fwp%2Fv2%2Fcategories&post=8036"},{"taxonomy":"post_tag","embeddable":true,"href":"https:\/\/lemotdujour.fr\/index.php?rest_route=%2Fwp%2Fv2%2Ftags&post=8036"}],"curies":[{"name":"wp","href":"https:\/\/api.w.org\/{rel}","templated":true}]}}