{"id":802,"date":"2014-08-01T02:00:00","date_gmt":"2014-07-31T22:00:00","guid":{"rendered":"http:\/\/lemotdujour.fr\/?p=802"},"modified":"2018-11-07T16:20:53","modified_gmt":"2018-11-07T15:20:53","slug":"vendredi-01082014","status":"publish","type":"post","link":"https:\/\/lemotdujour.fr\/?p=802","title":{"rendered":"Vendredi 01\/08\/2014"},"content":{"rendered":"<div class=\"mdjDate\">Vendredi 01\/08\/2014<\/div>\n<div class=\"mdjTexte\">\u00abL&rsquo;Allemagne a d\u00e9clar\u00e9 la guerre \u00e0 la Russie.<br \/>\nApr\u00e8s-midi, piscine.\u00bb<\/div>\n<div class=\"mdjAuteur\">Franz Kafka<br \/>\nJournal, 2 ao\u00fbt 1914<\/div>\n<div class=\"mdjComplements\">Le grand \u00e9crivain tch\u00e8que n&rsquo;a \u00e9crit que ces deux phrases dans son Journal, \u00e0 la date du 2 ao\u00fbt 1914<\/div>\n<div class=\"mdjComplements\">Cette expression correspond-elle \u00e0 une figure de style r\u00e9pertori\u00e9 ?<\/div>\n<div class=\"mdjComplements\">Pour moi elle est simplement l&rsquo;anc\u00eatre du zapping.<\/div>\n<div class=\"mdjComplements\">Nous sommes le 1er Aout 2014<\/div>\n<div class=\"mdjComplements\">Le 1er Aout 1914 l&rsquo;Allemagne et la France lancent la mobilisation g\u00e9n\u00e9rale.<\/div>\n<div class=\"mdjComplements\">Et ce m\u00eame jour \u00e0 19 heures l&rsquo;Allemagne d\u00e9clare la guerre \u00e0 la Russie, ce qui permet ce mot de Kafka le lendemain.<\/div>\n<div class=\"mdjComplements\">Le carnage peut commencer : en moyenne pr\u00e8s de 900 fran\u00e7ais sont morts \u00e0 la guerre, chaque jour, entre 1914 et 1918.<\/div>\n<div class=\"mdjComplements\">Aujourd&rsquo;hui quand 1 soldat meurt on fait des fun\u00e9railles nationales<\/div>\n<div class=\"mdjComplements\">Et quand 51 fran\u00e7ais meurent dans un accident d&rsquo;avion, tous les drapeaux sont mis en berne.<\/div>\n<div class=\"mdjComplements\">Je vous le dit je pr\u00e9f\u00e8re aujourd&rsquo;hui, mais ces chiffres compar\u00e9es \u00e0 notre sensibilit\u00e9 de maintenant, montrent l&rsquo;horreur qu&rsquo;ont v\u00e9cu nos grand p\u00e8res ou arri\u00e8res grand p\u00e8res.<\/div>\n<div class=\"mdjComplements\">Pour moi c&rsquo;\u00e9tait mon grand-p\u00e8re F\u00e9lix et&#8230;il \u00e9tait soldat allemand. Ma famille Klam a boug\u00e9 sur 4 g\u00e9n\u00e9rations de quelques 20 km entre des villages pr\u00e8s de Sarreguemines ou de Forbach, en Moselle, en Lorraine. Mon arri\u00e8re-grand-p\u00e8re \u00e9tait soldat fran\u00e7ais en 1870, mon grand-p\u00e8re soldat allemand en 1914 et mon p\u00e8re, soldat fran\u00e7ais en 1940. Ce f\u00fbt le destin de beaucoup d&rsquo;alsaciens et de mosellan : changer de camp selon les g\u00e9n\u00e9rations.<\/div>\n<div class=\"mdjComplements\"><em>Le mot du jour va se mettre en vacances avec son auteur.<\/em><\/div>\n<div class=\"mdjComplements\"><em>Si le Ciel, les podcasts, mes lectures d&rsquo;aujourd&rsquo;hui et d&rsquo;autrefois continuent \u00e0 me donner l&rsquo;inspiration et si parmi vous il en reste suffisamment qui ne se seront pas lass\u00e9s il reviendra peut \u00eatre le 1er septembre.<\/em><\/div>\n<div class=\"mdjComplements\"><em>Depuis que j&rsquo;ai adopt\u00e9 le nouveau format j&rsquo;ai arr\u00eat\u00e9 de compter, mais un d\u00e9compte rapide montre que nous sommes \u00e0 environ 350 mots du jour, depuis qu&rsquo;un jour d&rsquo;octobre 2012 ou plut\u00f4t une fin de journ\u00e9e, Betty m&rsquo;a propos\u00e9 ce beau d\u00e9fi : trouver un mot du jour, chaque jour de la semaine o\u00f9 je travaillais.<\/em><\/div>\n<div class=\"mdjComplements\"><em>Jusqu&rsquo;ici \u00e7a va, disait cet homme qui tombait du 300\u00e8me \u00e9tage et se trouvait au 180\u00e8me&#8230;<\/em><\/div>\n<div class=\"mdjComplements\"><em>Sur cette chute, je vous souhaite de bonnes vacances, bon courage ou bonne rentr\u00e9e&#8230;<\/em><\/div>\n<div><span style=\"color: #800000;\">&lt;338&gt;<\/span><\/div>\n<p>&nbsp;<\/p>\n","protected":false},"excerpt":{"rendered":"<p>Vendredi 01\/08\/2014 \u00abL&rsquo;Allemagne a d\u00e9clar\u00e9 la guerre \u00e0 la Russie. Apr\u00e8s-midi, piscine.\u00bb Franz Kafka Journal, 2 ao\u00fbt 1914 Le grand \u00e9crivain tch\u00e8que n&rsquo;a \u00e9crit que ces deux phrases dans son Journal, \u00e0 la date du 2 ao\u00fbt 1914 Cette expression<\/p>\n","protected":false},"author":1,"featured_media":0,"comment_status":"closed","ping_status":"closed","sticky":false,"template":"","format":"standard","meta":{"footnotes":""},"categories":[1],"tags":[118,17,9],"class_list":["post-802","post","type-post","status-publish","format-standard","hentry","category-motdujour","tag-14-18","tag-histoire","tag-litterature"],"_links":{"self":[{"href":"https:\/\/lemotdujour.fr\/index.php?rest_route=\/wp\/v2\/posts\/802","targetHints":{"allow":["GET"]}}],"collection":[{"href":"https:\/\/lemotdujour.fr\/index.php?rest_route=\/wp\/v2\/posts"}],"about":[{"href":"https:\/\/lemotdujour.fr\/index.php?rest_route=\/wp\/v2\/types\/post"}],"author":[{"embeddable":true,"href":"https:\/\/lemotdujour.fr\/index.php?rest_route=\/wp\/v2\/users\/1"}],"replies":[{"embeddable":true,"href":"https:\/\/lemotdujour.fr\/index.php?rest_route=%2Fwp%2Fv2%2Fcomments&post=802"}],"version-history":[{"count":3,"href":"https:\/\/lemotdujour.fr\/index.php?rest_route=\/wp\/v2\/posts\/802\/revisions"}],"predecessor-version":[{"id":2892,"href":"https:\/\/lemotdujour.fr\/index.php?rest_route=\/wp\/v2\/posts\/802\/revisions\/2892"}],"wp:attachment":[{"href":"https:\/\/lemotdujour.fr\/index.php?rest_route=%2Fwp%2Fv2%2Fmedia&parent=802"}],"wp:term":[{"taxonomy":"category","embeddable":true,"href":"https:\/\/lemotdujour.fr\/index.php?rest_route=%2Fwp%2Fv2%2Fcategories&post=802"},{"taxonomy":"post_tag","embeddable":true,"href":"https:\/\/lemotdujour.fr\/index.php?rest_route=%2Fwp%2Fv2%2Ftags&post=802"}],"curies":[{"name":"wp","href":"https:\/\/api.w.org\/{rel}","templated":true}]}}