{"id":8016,"date":"2020-02-05T02:00:40","date_gmt":"2020-02-05T01:00:40","guid":{"rendered":"http:\/\/lemotdujour.fr\/?p=8016"},"modified":"2020-02-04T23:27:03","modified_gmt":"2020-02-04T22:27:03","slug":"mercredi-5-fevrier-2020","status":"publish","type":"post","link":"https:\/\/lemotdujour.fr\/?p=8016","title":{"rendered":"Mercredi 5 f\u00e9vrier 2020"},"content":{"rendered":"<div class=\"mdjTexte\">\u00ab\u00a0Les voraces\u00a0\u00bb<\/div>\n<div class=\"mdjAuteur\">Vincent Jauvert<\/div>\n<p><span style=\"color: #777777; font-family: Arial;\">Quand on \u00e9voque les voraces \u00e0 Lyon, on pense imm\u00e9diatement \u00e0 la &lt;<span style=\"color: #0000ff;\"><a style=\"color: #0000ff;\" href=\"http:\/\/www.patrimoine-lyon.org\/la-colline-de-la-croix-rousse\/le-bas-des-pentes\/la-Cour-des-voraces\">Cour des Voraces<\/a><\/span>&gt; qui se situe sur les pentes de la colline de la Croix Rousse.<br \/>\n<\/span><\/p>\n<p><a href=\"https:\/\/commons.wikimedia.org\/wiki\/File:Cour_des_Voraces.JPG\"><img decoding=\"async\" class=\"alignleft\" src=\"https:\/\/lemotdujour.fr\/wp-content\/uploads\/2020\/02\/020420_2200_Mercredi5fv1.jpg\" alt=\"\" align=\"left\" border=\"0\" \/><\/a><span style=\"color: #777777; font-family: Arial;\">Le site vers lequel je renvoie pr\u00e9tend que selon l&rsquo;hypoth\u00e8se la plus courante, le mot VORACES serait une d\u00e9formation du mot \u00ab devoirants \u00bb, lui-m\u00eame d\u00e9riv\u00e9 de \u00ab Compagnons du Devoir \u00bb, d\u00e9nomination choisie en 1846 par une association compagnonnique qui avait \u00e9tabli en ce lieu son quartier g\u00e9n\u00e9ral. Il s&rsquo;agissait d&rsquo;une des nombreuses organisations ouvri\u00e8res plus ou moins secr\u00e8tes, de longue date bas\u00e9es dans le quartier.<br \/>\n<\/span><\/p>\n<p><span style=\"color: #777777; font-family: Arial;\">La Cour des Voraces est en pratique une cour d&rsquo;immeubles, construite vers 1840, c\u00e9l\u00e8bre pour son monumental escalier de fa\u00e7ade de six \u00e9tages. C&rsquo;est une impressionnante traboule qui permet de passer du 9 de la place Colbert au 14 de la mont\u00e9e de Saint-S\u00e9bastien ou au 29 rue Imbert-Colom\u00e8s, \u00e0 des niveaux diff\u00e9rents. Elle est li\u00e9e \u00e0 l&rsquo;industrie de la soie qui avait ses quartiers \u00e0 la Croix Rousse.<br \/>\n<\/span><\/p>\n<p><span style=\"color: #777777; font-family: Arial;\">Mais l&rsquo;actualit\u00e9 de ce mot est due \u00e0 un livre d&rsquo;un journaliste de l&rsquo;Obs, Vincent Jauvert\u00a0: \u00ab\u00a0<span style=\"color: #0000ff;\"><a style=\"color: #0000ff;\" href=\"https:\/\/www.eyrolles.com\/Entreprise\/Livre\/les-voraces-9782221220184\/\">Les voraces. Les \u00e9lites et l&rsquo;argent sous Macron\u00a0<\/a><\/span>\u00bb paru le 16 janvier dernier.<br \/>\n<\/span><\/p>\n<p><span style=\"color: #777777; font-family: Arial;\">J&rsquo;ai d\u00e9couvert ce livre et les r\u00e9flexions de <strong>Vincent Jauvert<\/strong> par l&rsquo;\u00e9mission &lt;<a href=\"https:\/\/www.youtube.com\/watch?v=cO4KBsQl_2Y\"><span style=\"color: #0000ff;\">C \u00e0 Vous du 16\/01\/2020<\/span><\/a>&gt;<br \/>\n<\/span><\/p>\n<p><span style=\"color: #777777; font-family: Arial;\">Le Littr\u00e9 donne comme d\u00e9finition de vorace\u00a0: \u00ab\u00a0<span style=\"color: #c00000;\">Qui d\u00e9vore, qui mange avec avidit\u00e9<span style=\"color: #777777;\">.\u00a0\u00bb Le mot vient du latin voracem, de vorare, c&rsquo;est-\u00e0-dire d\u00e9vorer.<br \/>\n<\/span><\/span><\/span><\/p>\n<p><span style=\"color: #777777; font-family: Arial;\">Avant le livre, nous avons eu l&rsquo;extraordinaire feuilleton de toutes les activit\u00e9s du haut-commissaire \u00e0 la R\u00e9forme des retraites, Jean-Paul Delevoye qui avait omis de d\u00e9clarer dix mandats \u00e0 la Haute Autorit\u00e9 pour la transparence de la vie publique, dont plusieurs pr\u00e9sentaient un risque de conflit d&rsquo;int\u00e9r\u00eat majeur avec sa mission sur les retraites. Tous ces mandats posaient aussi la question de savoir comment cet homme, certes dynamique et efficace, \u00e9tait en mesure de remplir toutes ces activit\u00e9s.<br \/>\n<\/span><\/p>\n<p><span style=\"color: #777777; font-family: Arial;\">Il y eut aussi la pol\u00e9mique de Sylvie Goulard que la France voulait nommer commissaire europ\u00e9en et dont la nomination a \u00e9t\u00e9 rejet\u00e9e par le parlement europ\u00e9en \u00e0 cause de ses liens, alors qu&rsquo;elle \u00e9tait eurod\u00e9put\u00e9e, avec l&rsquo;Institut Berggruen, think tank am\u00e9ricain, connu pour faire du lobbying en mati\u00e8re commerciale. Pour ce job elle percevait 12 000 euros par mois<br \/>\n<\/span><\/p>\n<p><span style=\"color: #777777; font-family: Arial;\">L&rsquo;association \u00ab\u00a0<a href=\"https:\/\/fr.wikipedia.org\/wiki\/Anticor\"><span style=\"color: #0033cc;\"><span style=\"color: #0000ff;\">Anticor<\/span><span style=\"color: #777777;\">\u00a0<\/span><\/span><\/a>\u00bb a \u00e9t\u00e9 cr\u00e9\u00e9e pour mener des actions en vue de promouvoir l&rsquo;\u00e9thique en politique et de lutter contre la corruption et la fraude fiscale. Une de ses responsables, <strong>Elise Van Beneden, <\/strong>ajoute \u00e0 propos de\u00a0 Mme Goulard :<br \/>\n<\/span><\/p>\n<p style=\"margin-left: 28pt;\"><span style=\"color: #c00000; font-family: Arial;\">\u00ab\u00a0Elle avait aussi soutenu, alors qu&rsquo;elle \u00e9tait sous-gouverneure de la Banque de France, deux amendements au Parlement europ\u00e9en, qui \u00e9taient en r\u00e9alit\u00e9 des quasi copi\u00e9s-coll\u00e9s de l&rsquo;argumentaire de la Deutsche Kreditwirtschaft repr\u00e9sentant les int\u00e9r\u00eats du secteur bancaire allemand.\u00a0\u00bb<br \/>\n<\/span><\/p>\n<p><span style=\"color: #777777; font-family: Arial;\">Mi-novembre Muriel P\u00e9nicaud, ministre du Travail, avait accept\u00e9 d&rsquo;entrer, au conseil d&rsquo;administration du Forum de Davos. Elle y aurait c\u00f4toy\u00e9 le pr\u00e9sident du d\u00e9sormais fameux gestionnaire d&rsquo;actifs am\u00e9ricain Black Rock. La Haute Autorit\u00e9 lui a demand\u00e9 de d\u00e9missionner\u2026<br \/>\n<\/span><\/p>\n<p><span style=\"color: #777777; font-family: Arial;\">Le livre de Vincent Jauvert me semble donc venir \u00e0 point. Lui qui \u00e9crit\u00a0:<br \/>\n<\/span><\/p>\n<p style=\"margin-left: 28pt;\"><span style=\"color: #c00000; font-family: Arial;\">\u00ab Fascin\u00e9es par le train de vie toujours plus flamboyant des PDG du Cac 40, encourag\u00e9es par l&rsquo;exemple des gouvernants d&rsquo;aujourd&rsquo;hui qui ont fait fortune dans le priv\u00e9, nos \u00e9lites politico-administratives se sont engag\u00e9es dans une course effr\u00e9n\u00e9e \u00e0 l&rsquo;argent \u00bb<br \/>\n<\/span><\/p>\n<p><span style=\"color: #777777; font-family: Arial;\">L&rsquo;Obs, le journal de l&rsquo;auteur, a consacr\u00e9 dans son num\u00e9ro du 16 janvier 2020, plusieurs articles \u00e0 ce livre<br \/>\n<\/span><\/p>\n<ul>\n<li><a href=\"https:\/\/www.nouvelobs.com\/politique\/20200115.OBS23517\/la-course-effrenee-a-l-argent-des-elites-de-la-republique.html\"><span style=\"font-family: Arial;\"><span style=\"color: #0000ff;\">&lt;La course effr\u00e9n\u00e9e \u00e0 l&rsquo;argent des \u00e9lites de la r\u00e9publique&gt;<\/span><\/span><\/a><span style=\"color: #0000ff; font-family: Arial;\"><br \/>\n<\/span><\/li>\n<li><span style=\"color: #0000ff;\"><a style=\"color: #0000ff;\" href=\"https:\/\/www.nouvelobs.com\/politique\/20200115.OBS23518\/salaires-demesures-cumul-de-fonctions-lobbying-ces-voraces-qui-nous-gouvernent.html\"><span style=\"font-family: Arial;\">&lt;Salaires d\u00e9mesur\u00e9s cumul de fonctions lobbying ces voraces qui nous gouvernent&gt;<\/span><\/a><span style=\"font-family: Arial;\"><br \/>\n<\/span><\/span><\/li>\n<li><span style=\"color: #0000ff;\"><a style=\"color: #0000ff;\" href=\"https:\/\/www.nouvelobs.com\/politique\/20200119.OBS23654\/jean-marc-sauve-il-y-a-des-deontologues-partout-sauf-au-gouvernement.html\"><span style=\"font-family: Arial;\">&lt;Jean-Marc Sauve\u00a0: il y a des d\u00e9ontologues partout sauf au gouvernement&gt;<\/span><\/a><span style=\"font-family: Arial;\"><br \/>\n<\/span><\/span><\/li>\n<li><span style=\"color: #0000ff;\"><a style=\"color: #0000ff;\" href=\"https:\/\/www.nouvelobs.com\/politique\/20200116.OBS23536\/lobbies%20pantouflage%20remunerations%20sous%20macron%20la%20republique%20est%20loin%20d%20avoir%20ete%20moralisee%3e\"><span style=\"font-family: Arial;\">&lt;Lobbies pantouflage r\u00e9mun\u00e9rations sous macron la r\u00e9publique est loin d&rsquo;avoir \u00e9t\u00e9 moralis\u00e9e&gt;<\/span><\/a><span style=\"font-family: Arial;\"><br \/>\n<\/span><\/span><\/li>\n<li><span style=\"color: #0000ff;\"><a style=\"color: #0000ff;\" href=\"https:\/\/www.nouvelobs.com\/politique\/20200115.OBS23519\/pour%20anticor%20il%20y%20a%20une%20porosite%20dangereuse%20entre%20les%20elites%20politiques%20et%20economiques%3e.html\"><span style=\"font-family: Arial;\">&lt;Pour ANTICOR il y a une porosit\u00e9 dangereuse entre les \u00e9lites politiques et \u00e9conomiques&gt;<\/span><\/a><\/span><span style=\"color: #777777; font-family: Arial;\"><br \/>\n<\/span><\/li>\n<\/ul>\n<p><img decoding=\"async\" class=\"alignright\" src=\"https:\/\/lemotdujour.fr\/wp-content\/uploads\/2020\/02\/020420_2200_Mercredi5fv2.png\" alt=\"\" align=\"left\" \/><span style=\"color: #777777; font-family: Arial;\">J&rsquo;en tire quelques extraits.<br \/>\n<\/span><\/p>\n<p><span style=\"color: #777777; font-family: Arial;\">Vincent Jauvert synth\u00e9tise les diff\u00e9rentes d\u00e9rives selon lui :<br \/>\n<\/span><\/p>\n<ul>\n<li><span style=\"color: #777777; font-family: Arial;\">Des maires de grandes villes qui, pour compenser la perte financi\u00e8re due \u00e0 la fin du cumul des mandats, prennent des emplois \u00e0 temps plein loin de leur commune ;<br \/>\n<\/span><\/li>\n<li><span style=\"color: #777777; font-family: Arial;\">Des grands commis de l\u2019\u00c9tat qui se font embaucher \u00e0 prix d&rsquo;or par des entreprises qu&rsquo;ils ont eu \u00e0 surveiller dans leurs fonctions ant\u00e9rieures ;<br \/>\n<\/span><\/li>\n<li><span style=\"color: #777777; font-family: Arial;\">Des hauts fonctionnaires qui, tout en restant dans leur corps d&rsquo;origine, y ajoutent des indemnit\u00e9s d&rsquo;\u00e9lus, jusqu&rsquo;\u00e0 toucher des salaires de PDG ;<br \/>\n<\/span><\/li>\n<li><span style=\"color: #777777; font-family: Arial;\">D&rsquo;anciens ministres, et parmi les importants, qui rentabilisent leurs carnets d&rsquo;adresses aussit\u00f4t quitt\u00e9 le gouvernement en devenant lobbyistes, avocats d&rsquo;affaires ou consultants.<br \/>\n<\/span><\/li>\n<\/ul>\n<p><span style=\"color: #777777; font-family: Arial;\">Prenons des exemples.<br \/>\n<\/span><\/p>\n<p><span style=\"color: #777777; font-family: Arial;\">Deux pr\u00e9sidentiables, un de droite, l&rsquo;autre de gauche.<br \/>\n<\/span><\/p>\n<p><span style=\"color: #777777; font-family: Arial;\">A ma droite, le maire de Troyes, dans le costume de gendre id\u00e9al\u00a0:<br \/>\n<\/span><\/p>\n<p style=\"margin-left: 28pt;\"><span style=\"color: #c00000; font-family: Arial;\">\u00ab<strong>Fran\u00e7ois Baroin<\/strong> [est maire] de Troyes et pr\u00e9sident de la m\u00e9tropole, une agglom\u00e9ration de 170 000 habitants. Afin de conserver une visibilit\u00e9 nationale, [\u2026] continue de diriger, \u00e0 Paris, la puissante Association des Maires de France. Depuis octobre 2019, il est aussi membre du comit\u00e9 strat\u00e9gique de LR, pr\u00e9sid\u00e9 par son ami Christian Jacob. De quoi l&rsquo;occuper \u00e0 temps plein.<br \/>\n<\/span><\/p>\n<p style=\"margin-left: 28pt;\"><span style=\"color: #c00000; font-family: Arial;\">Ses indemnit\u00e9s d&rsquo;\u00e9lu \u2013 8 500 euros brut par mois, le maximum autoris\u00e9 \u2013 repr\u00e9sentent plusieurs smic. Mais l\u00e0 n&rsquo;est pas l&rsquo;essentiel de sa r\u00e9mun\u00e9ration. Loin de l\u00e0. Depuis plusieurs ann\u00e9es, Fran\u00e7ois Baroin est aussi avocat, toujours \u00e0 Paris. Sa notori\u00e9t\u00e9 aidant, ses affaires se portent tr\u00e8s bien. En 2015, il a touch\u00e9 183 000 euros net de son activit\u00e9 juridique, 171 000 en 2016 et 125 000 l&rsquo;ann\u00e9e suivante. En 2018, il s&rsquo;associe avec le c\u00e9l\u00e8bre avocat Francis Szpiner. L&rsquo;ancien d\u00e9fenseur de Jacques Chirac et d&rsquo;Alain Jupp\u00e9 lui offre un fixe de 7 500 euros net par mois plus une participation aux b\u00e9n\u00e9fices. Mais ce n&rsquo;est pas tout.<br \/>\n<\/span><\/p>\n<p style=\"margin-left: 28pt;\"><span style=\"color: #c00000; font-family: Arial;\">La m\u00eame ann\u00e9e, en mars, l&rsquo;ancien ministre de la R\u00e9publique est recrut\u00e9 par la banque d&rsquo;affaires britannique Barclays. Officiellement, il sera \u00ab\u00a0conseiller ext\u00e9rieur\u00a0\u00bb. [\u2026] En clair, il sera le \u00ab\u00a0VRP de luxe\u00a0\u00bb de la banque [\u2026]. On ne conna\u00eet pas ses \u00e9moluments. Ils sont probablement \u00e9lev\u00e9s. [\u2026]<br \/>\n<\/span><\/p>\n<p style=\"margin-left: 28pt;\"><span style=\"color: #c00000; font-family: Arial;\">En d\u00e9cembre 2017, Fran\u00e7ois Baroin entre au conseil d&rsquo;administration de la compagnie belge Sea-Invest Corporation, l&rsquo;un des principaux op\u00e9rateurs de terminaux portuaires au monde. Il devient administrateur de trois de ses filiales, Sea-Tank International, Sea-Invest Africa et Sea-Invest France. Au total, pour le seul mois de d\u00e9cembre 2017, il percevra de ces trois soci\u00e9t\u00e9s 13 500 euros net de jetons de pr\u00e9sence.<br \/>\n<\/span><\/p>\n<p style=\"margin-left: 28pt;\"><span style=\"color: #c00000; font-family: Arial;\">A Troyes, cet \u00e9ni\u00e8me boulot du maire exasp\u00e8re. On dit qu&rsquo;il ne vient pas souvent dans l&rsquo;Aube, qu&rsquo;il laisse ses adjoints faire le boulot. Et m\u00eame si le play-boy de la droite, \u00e0 la fois qualifi\u00e9 de dilettante par les uns et de pr\u00e9sidentiable par les autres, est charmant, l\u00e0 c&rsquo;en est trop. Le quotidien de la ville, \u00ab\u00a0l&rsquo;Est Eclair\u00a0\u00bb, grogne. Sea-Invest a recrut\u00e9 le pr\u00e9sident de l&rsquo;AMF, s&rsquo;indigne-t-il, \u00ab\u00a0pour cultiver ses relations avec les \u00e9lus locaux [\u2026] des grands ports\u00a0\u00bb. \u00bb<br \/>\n<\/span><\/p>\n<p><span style=\"color: #777777; font-family: Arial;\">A ma gauche, l&rsquo;ancien ministre de l&rsquo;int\u00e9rieur et premier ministre, dans le costume de l&rsquo;homme \u00e9thique et incorruptible<br \/>\n<\/span><\/p>\n<p style=\"margin-left: 28pt;\"><span style=\"color: #c00000; font-family: Arial;\">\u00ab\u00a0<strong>Bernard Cazeneuve<\/strong> [\u2026] a \u00e9t\u00e9 recrut\u00e9 par l&rsquo;un des plus grands cabinets d&rsquo;avocats de la place, August &amp; Debouzy, o\u00f9 il avait d\u00e9j\u00e0 travaill\u00e9 au milieu des ann\u00e9es 2000 comme associ\u00e9 pour son d\u00e9partement contentieux. C&rsquo;est une premi\u00e8re historique, qui refl\u00e8te parfaitement l&rsquo;\u00e9poque. Jamais, au cours de la Ve R\u00e9publique, un Premier ministre n&rsquo;avait rejoint aussi vite le priv\u00e9. Dans son cas, imm\u00e9diatement apr\u00e8s avoir quitt\u00e9 ses fonctions.<br \/>\n<\/span><\/p>\n<p style=\"margin-left: 28pt;\"><span style=\"color: #c00000; font-family: Arial;\">Les n\u00e9gociations d&#8217;embauche entre le grand cabinet et le dernier Premier ministre de Fran\u00e7ois Hollande ont m\u00eame lieu avant que Bernard Cazeneuve ne quitte Matignon. La preuve : il a saisi la HATVP [Haute Autorit\u00e9 pour la Transparence de la Vie publique, NDLR] le 2 mai 2017, soit treize jours avant sa d\u00e9mission\u2026 Cette ant\u00e9riorit\u00e9 n&rsquo;a cependant pas emp\u00each\u00e9 l&rsquo;autorit\u00e9 de d\u00e9ontologie de lui donner son quitus, \u00e0 plusieurs r\u00e9serves pr\u00e8s, qui limitent grandement le champ d&rsquo;action de l&rsquo;int\u00e9ress\u00e9 \u2013 des r\u00e9serves que celui-ci devra respecter jusqu&rsquo;au 15 mai 2020, c&rsquo;est-\u00e0-dire trois ans apr\u00e8s son d\u00e9part de Matignon. Pendant cette p\u00e9riode, \u00ab\u00a0M. Cazeneuve, \u00e9crit la HATVP, ne pourra r\u00e9aliser des prestations, de quelque nature que ce soit, pour l&rsquo;ensemble des administrations d&rsquo;Etat sur lesquelles il avait autorit\u00e9 en tant que Premier ministre\u00a0\u00bb. Autrement dit, quasiment toutes. De m\u00eame, il \u00ab\u00a0devra s&rsquo;abstenir de toute d\u00e9marche, pour le compte des clients du cabinet August &amp; Debouzy, aupr\u00e8s des autres ministres avec lesquels il a si\u00e9g\u00e9 au gouvernement [\u2026] et aupr\u00e8s des administrations qui \u00e9taient plac\u00e9es sous son autorit\u00e9\u00a0\u00bb. Enfin, il \u00ab\u00a0ne devra pas se pr\u00e9valoir, dans le cadre de son activit\u00e9, de sa qualit\u00e9 d&rsquo;ancien ministre de l&rsquo;Int\u00e9rieur ou de Premier ministre\u00a0\u00bb.[\u2026]<br \/>\n<\/span><\/p>\n<p style=\"margin-left: 28pt;\"><span style=\"color: #c00000; font-family: Arial;\">Une question m&rsquo;intriguait. Juste avant de quitter Matignon, Bernard Cazeneuve a cosign\u00e9 un d\u00e9cret d&rsquo;application de la loi Sapin 2 sur les lobbys, qui concerne notamment les avocats d&rsquo;affaires. Or ce texte, tr\u00e8s controvers\u00e9, est beaucoup moins rigoureux que les d\u00e9put\u00e9s socialistes ne l&rsquo;esp\u00e9raient. M\u00eame la HATVP, d&rsquo;ordinaire tr\u00e8s discr\u00e8te, s&rsquo;en est publiquement plainte dans son rapport annuel 2017. [\u2026]<br \/>\n<\/span><\/p>\n<p style=\"margin-left: 28pt;\"><span style=\"color: #c00000; font-family: Arial;\">Le d\u00e9cret en question stipule que les repr\u00e9sentants d&rsquo;int\u00e9r\u00eats doivent d\u00e9sormais s&rsquo;inscrire dans un registre tenu par la HATVP et d\u00e9clarer chacune de leurs actions aupr\u00e8s des minist\u00e8res et des parlementaires. Mais il pr\u00e9cise qu&rsquo;ils ne sont tenus de ne le faire que l&rsquo;ann\u00e9e suivant l&rsquo;action de lobbying, et surtout sans avoir \u00e0 nommer les personnes visit\u00e9es. Autrement dit, ce texte ne permet pas un contr\u00f4le effectif de l&rsquo;activit\u00e9 si sensible et si lucrative. En outre, un cabinet ne doit s&rsquo;enregistrer comme repr\u00e9sentant d&rsquo;int\u00e9r\u00eats que si l&rsquo;activit\u00e9 de lobbying repr\u00e9sente plus de la moiti\u00e9 de son temps de travail. Autrement dit, exit donc beaucoup de banquiers et d&rsquo;avocats d&rsquo;affaires qui font du lobbying mais seulement \u00e0 temps partiel\u2026<br \/>\n<\/span><\/p>\n<p style=\"margin-left: 28pt;\"><span style=\"color: #c00000; font-family: Arial;\">Ainsi \u00e9mascul\u00e9, le d\u00e9cret a \u00e9t\u00e9 sign\u00e9 par le Premier ministre Cazeneuve le 9 mai 2017, soit une semaine apr\u00e8s qu&rsquo;il a demand\u00e9 l&rsquo;autorisation de pantoufler chez August &amp; Debouzy. Or l&rsquo;un des deux cr\u00e9ateurs du cabinet, Gilles August, appara\u00eet dans les statuts de l&rsquo;association des avocats lobbyistes comme l&rsquo;un des fondateurs du groupement. Et sur sa page LinkedIn telle que je l&rsquo;ai consult\u00e9e le 18 novembre 2019, il est not\u00e9 que \u00ab\u00a0August &amp; Debouzy offre aux entreprises des comp\u00e9tences de pointe tant en droit des affaires qu&rsquo;en droit public et en mati\u00e8re de lobbying\u00a0\u00bb. [\u2026]<br \/>\n<\/span><\/p>\n<p style=\"margin-left: 28pt;\"><span style=\"color: #c00000; font-family: Arial;\">[Interrog\u00e9], le porte-parole d&rsquo;August &amp; Debouzy assure que le cabinet \u00ab\u00a0n&rsquo;exerce aucune activit\u00e9 de lobbying\u00a0\u00bb. Il ajoute : \u00ab\u00a0Nous sommes sortis de l&rsquo;association des Avocats lobbyistes bien avant l&rsquo;arriv\u00e9e de Bernard Cazeneuve.\u00a0\u00bb Lorsque je lui indique le contenu de la page LinkedIn de son fondateur, Gilles August, le m\u00eame porte-parole me r\u00e9pond : \u00ab\u00a0Il est possible que nous ayons omis de supprimer la mention lobbying dans nos communications [\u2026]. Je vous remercie d&rsquo;avoir attir\u00e9 mon attention sur la bio LinkedIn de Gilles August, qui n&rsquo;est pas \u00e0 jour.\u00a0\u00bb \u00bb<br \/>\n<\/span><\/p>\n<p><span style=\"color: #777777; font-family: Arial;\">Elise Van Beneden d&rsquo;Anticor r\u00e9pond \u00e0 la question de savoir si Cazeneuve \u00e9tait en situation de conflit d&rsquo;int\u00e9r\u00eats ?<br \/>\n<\/span><\/p>\n<p style=\"margin-left: 28pt;\"><span style=\"color: #c00000; font-family: Arial;\">\u00ab\u00a0Cela me para\u00eet \u00e9vident. D&rsquo;autant que ce d\u00e9cret limite \u00e9norm\u00e9ment la port\u00e9e de la r\u00e9forme. La loi oblige les repr\u00e9sentants d&rsquo;int\u00e9r\u00eats \u00e0 s&rsquo;inscrire sur un registre tenu par la Haute Autorit\u00e9 pour la Transparence de la Vie publique (HATVP) et \u00e0 d\u00e9clarer les actions qu&rsquo;ils ont men\u00e9es et les cat\u00e9gories de responsables publics qu&rsquo;ils ont rencontr\u00e9es. Mais on ne conna\u00eet pas les noms des personnes pr\u00e9sentes lors des rendez-vous. La loi dit aussi que seules les personnes qui consacrent plus de 50 % de leur temps au lobbying doivent s&rsquo;inscrire sur le registre. Mais si vous travaillez dans un cabinet de 30 personnes, il est tr\u00e8s facile de r\u00e9partir la t\u00e2che pour que tout le monde reste au-dessous des 50 %.<br \/>\n<\/span><\/p>\n<p style=\"margin-left: 28pt;\"><span style=\"color: #c00000; font-family: Arial;\">Maintenant, dire que Bernard Cazeneuve a pu se trouver en situation de conflit d&rsquo;int\u00e9r\u00eats ne veut pas dire qu&rsquo;il y a eu pacte de corruption. Ce qui serait le cas si son embauche avait \u00e9t\u00e9 la contrepartie de la signature du d\u00e9cret. Ce ne sont pas les m\u00eames reproches. La corruption est un acte tr\u00e8s difficile \u00e0 d\u00e9montrer. La prise ill\u00e9gale d&rsquo;int\u00e9r\u00eats, elle, est tr\u00e8s formelle. Elle interdit de prendre une d\u00e9cision si vous, vos enfants, votre femme ou votre mari, ou m\u00eame un ami, avez pu y trouver un int\u00e9r\u00eat personnel, dans un d\u00e9lai de trois avant et apr\u00e8s la prise de d\u00e9cision.\u00a0\u00bb<br \/>\n<\/span><\/p>\n<p><span style=\"color: #777777; font-family: Arial;\">En mati\u00e8re de pr\u00e9vention des conflits d&rsquo;int\u00e9r\u00eats, la France a \u00e9t\u00e9 l&rsquo;un des derniers pays occidentaux \u00e0 se doter d&rsquo;un arsenal l\u00e9gislatif et p\u00e9nal. Depuis l&rsquo;\u00e9clatement de l&rsquo;affaire Woerth-Bettencourt, en 2010, quatre lois ont \u00e9t\u00e9 vot\u00e9es.<span style=\"color: #5f497a;\"><br \/>\n<\/span><\/span><\/p>\n<p><span style=\"color: #777777; font-family: Arial;\">Et puis il y a le <strong>pantouflage<\/strong>\u00a0! <span style=\"color: #5f497a;\">&lt;<a href=\"https:\/\/fr.wikipedia.org\/wiki\/Pantouflage\"><span style=\"color: #0000ff;\">Wikipedia<\/span><\/a>&gt; <span style=\"color: #777777;\">nous explique qu&rsquo;\u00e0 l&rsquo;origine, le mot \u00ab <strong>pantoufle<\/strong> \u00bb d\u00e9signait, dans l&rsquo;argot de l&rsquo;\u00c9cole polytechnique, le renoncement \u00e0 toute carri\u00e8re de l&rsquo;\u00c9tat \u00e0 la fin des \u00e9tudes. La \u00ab pantoufle \u00bb s&rsquo;opposait th\u00e9oriquement <img decoding=\"async\" class=\"alignright\" src=\"https:\/\/lemotdujour.fr\/wp-content\/uploads\/2020\/02\/020420_2200_Mercredi5fv3.jpg\" alt=\"\" align=\"right\" \/>\u00e0 la \u00ab botte \u00bb. Ceux qui \u00ab entraient dans la pantoufle \u00bb, les \u00ab pantouflards \u00bb, avaient le titre d&rsquo;\u00ab ancien \u00e9l\u00e8ve de l&rsquo;\u00c9cole polytechnique \u00bb et renon\u00e7aient \u00e0 celui de \u00ab dipl\u00f4m\u00e9 de l&rsquo;\u00c9cole polytechnique \u00bb. Plus tard, le terme a \u00e9galement d\u00e9sign\u00e9 le montant \u00e0 rembourser en cas de non-respect de l&rsquo;engagement d\u00e9cennal (comparable au d\u00e9dit-formation des entreprises priv\u00e9es).<br \/>\n<\/span><\/span><\/span><\/p>\n<p><span style=\"color: #777777; font-family: Arial;\">Le terme \u00ab pantouflage \u00bb s&rsquo;applique aussi aux personnalit\u00e9s politiques qui, \u00e0 la suite d&rsquo;un \u00e9chec \u00e9lectoral ou \u00e0 la perte d&rsquo;un portefeuille minist\u00e9riel, occupent un poste grassement r\u00e9mun\u00e9r\u00e9 dans une entreprise priv\u00e9e, avec des responsabilit\u00e9s limit\u00e9es, s&rsquo;arr\u00eatant, en g\u00e9n\u00e9ral \u00e0 du lobbying, en attendant l&rsquo;occasion de revenir sur la sc\u00e8ne politique.<br \/>\n<\/span><\/p>\n<p><span style=\"color: #777777; font-family: Arial;\">On parle aussi de r\u00e9tro-pantouflage, dans le cas de hauts fonctionnaires ayant particip\u00e9 \u00e0 des cabinets minist\u00e9riels, pour ensuite \u00ab pantoufler \u00bb dans le priv\u00e9 avant de revenir servir l&rsquo;\u00c9tat dont ils pourraient \u00e9ventuellement esp\u00e9rer, en \u00e9change de ce retour, qui peut \u00eatre pour eux un \u00ab sacrifice \u00bb financier, un poste important.<br \/>\n<\/span><\/p>\n<p><span style=\"color: #777777; font-family: Arial;\">Le journaliste insiste sur le fait que cette porosit\u00e9 grandissante entre le public et le priv\u00e9 n\u00e9cessiterait de resserrer l&rsquo;encadrement des activit\u00e9s de lobbying, ce qui n&rsquo;est pas le cas.<br \/>\n<\/span><\/p>\n<p><span style=\"color: #777777; font-family: Arial;\">Les r\u00e9mun\u00e9rations des hauts fonctionnaires restent largement secr\u00e8tes<br \/>\n<\/span><\/p>\n<p style=\"margin-left: 28pt;\"><span style=\"color: #c00000; font-family: Arial;\">\u00ab\u00a0S&rsquo;il faut une preuve de la puissance des hauts fonctionnaires, de leur capacit\u00e9 \u00e0 faire obstacle \u00e0 la volont\u00e9 populaire, la voici : chaque fois que le Parlement a tent\u00e9 de lever le secret sur leurs r\u00e9mun\u00e9rations, ils se sont d\u00e9brouill\u00e9s pour faire \u00e9chouer le projet. [\u2026] Mission accomplie : le secret des r\u00e9mun\u00e9rations de la haute fonction publique reste bien gard\u00e9. [\u2026]\u00a0\u00bb<br \/>\n<\/span><\/p>\n<p><span style=\"color: #777777; font-family: Arial;\">Elise Van Beneden, d&rsquo;Anticor a lu le livre de Vincent Jauvert et conclut :<br \/>\n<\/span><\/p>\n<p style=\"margin-left: 28pt;\"><span style=\"color: #c00000; font-family: Arial;\">\u00ab\u00a0On constate une perte de sens du service public et une porosit\u00e9 dangereuse entre les \u00e9lites politiques et \u00e9conomiques. Cette porosit\u00e9 est-elle plus importante qu&rsquo;avant ? En tout cas, elle est plus visible. On entend certains dire que le service public n&rsquo;est pas assez attractif. Mais des r\u00e9mun\u00e9rations jusqu&rsquo;\u00e0 8 000 euros par mois devraient normalement mettre les gens \u00e0 l&rsquo;abri de la corruption. C&rsquo;est peut-\u00eatre la financiarisation de la soci\u00e9t\u00e9, et les gros revenus qui vont avec, qui cr\u00e9ent ce sentiment d&rsquo;un d\u00e9calage de r\u00e9mun\u00e9rations entre le public et le priv\u00e9. Mais si on veut gagner de l&rsquo;argent, ce n&rsquo;est pas vers la politique qu&rsquo;il faut aller. On constate aussi que le lobbying s&rsquo;est intensifi\u00e9. Aujourd&rsquo;hui, on voit des banques d&rsquo;affaires et des cabinets de conseil d\u00e9marcher directement des fonctionnaires dans les minist\u00e8res pour leur proposer des op\u00e9rations.\u00a0\u00bb<\/span><\/p>\n<p><span style=\"color: #800000;\">&lt;1343&gt;<\/span><\/p>\n","protected":false},"excerpt":{"rendered":"<p>\u00ab\u00a0Les voraces\u00a0\u00bb Vincent Jauvert Quand on \u00e9voque les voraces \u00e0 Lyon, on pense imm\u00e9diatement \u00e0 la &lt;Cour des Voraces&gt; qui se situe sur les pentes de la colline de la Croix Rousse. Le site vers lequel je renvoie pr\u00e9tend que<\/p>\n","protected":false},"author":1,"featured_media":0,"comment_status":"open","ping_status":"closed","sticky":false,"template":"","format":"standard","meta":{"footnotes":""},"categories":[1],"tags":[104,42,15,3],"class_list":["post-8016","post","type-post","status-publish","format-standard","hentry","category-motdujour","tag-administration","tag-corruption","tag-france","tag-politique"],"_links":{"self":[{"href":"https:\/\/lemotdujour.fr\/index.php?rest_route=\/wp\/v2\/posts\/8016","targetHints":{"allow":["GET"]}}],"collection":[{"href":"https:\/\/lemotdujour.fr\/index.php?rest_route=\/wp\/v2\/posts"}],"about":[{"href":"https:\/\/lemotdujour.fr\/index.php?rest_route=\/wp\/v2\/types\/post"}],"author":[{"embeddable":true,"href":"https:\/\/lemotdujour.fr\/index.php?rest_route=\/wp\/v2\/users\/1"}],"replies":[{"embeddable":true,"href":"https:\/\/lemotdujour.fr\/index.php?rest_route=%2Fwp%2Fv2%2Fcomments&post=8016"}],"version-history":[{"count":10,"href":"https:\/\/lemotdujour.fr\/index.php?rest_route=\/wp\/v2\/posts\/8016\/revisions"}],"predecessor-version":[{"id":8033,"href":"https:\/\/lemotdujour.fr\/index.php?rest_route=\/wp\/v2\/posts\/8016\/revisions\/8033"}],"wp:attachment":[{"href":"https:\/\/lemotdujour.fr\/index.php?rest_route=%2Fwp%2Fv2%2Fmedia&parent=8016"}],"wp:term":[{"taxonomy":"category","embeddable":true,"href":"https:\/\/lemotdujour.fr\/index.php?rest_route=%2Fwp%2Fv2%2Fcategories&post=8016"},{"taxonomy":"post_tag","embeddable":true,"href":"https:\/\/lemotdujour.fr\/index.php?rest_route=%2Fwp%2Fv2%2Ftags&post=8016"}],"curies":[{"name":"wp","href":"https:\/\/api.w.org\/{rel}","templated":true}]}}