{"id":8011,"date":"2020-02-07T02:05:55","date_gmt":"2020-02-07T01:05:55","guid":{"rendered":"http:\/\/lemotdujour.fr\/?p=8011"},"modified":"2020-02-07T11:32:54","modified_gmt":"2020-02-07T10:32:54","slug":"vendredi-7-fevrier-2020","status":"publish","type":"post","link":"https:\/\/lemotdujour.fr\/?p=8011","title":{"rendered":"Vendredi 7 f\u00e9vrier 2020"},"content":{"rendered":"<div class=\"mdjTexte\">\u00ab\u00a0L\u2019autre moiti\u00e9 du songe m\u2019appartient\u00a0\u00bb<\/div>\n<div class=\"mdjAuteur\">Alicia Gallienne<\/div>\n<p><span style=\"color: #777777; font-family: Arial;\">Aujourd&rsquo;hui, je vais me laisser la libert\u00e9 d&rsquo;interrompre ma s\u00e9rie sur les mots et expressions nouvelles et les mots anciens qui sont revenus dans l&rsquo;actualit\u00e9.<br \/>\n<\/span><\/p>\n<p><span style=\"color: #777777; font-family: Arial;\">Parce qu&rsquo;aujourd&rsquo;hui je voudrais parler d&rsquo;Alicia.<br \/>\n<\/span><\/p>\n<p><span style=\"color: #777777; font-family: Arial;\">Le grand acteur Guillaume Gallienne, anime chaque samedi sur France Inter, depuis septembre 2009, une \u00e9mission\u00a0:&lt;<a href=\"https:\/\/www.franceinter.fr\/emissions\/ca-peut-pas-faire-de-mal\"><span style=\"color: #0000ff;\">\u00c7a peut pas faire de mal<\/span><\/a>&gt; dans laquelle il lit des extraits d&rsquo;\u0153uvres litt\u00e9raires<br \/>\n<\/span><\/p>\n<p><span style=\"color: #777777; font-family: Arial;\">Sa premi\u00e8re \u00e9mission le 5 septembre 2009 \u00e9tait consacr\u00e9e \u00e0 Marcel Proust \u00ab\u00a0Les pages comiques de la Recherche\u00a0\u00bb<br \/>\n<\/span><\/p>\n<p><span style=\"color: #777777; font-family: Arial;\">Puis de samedi en samedi d&rsquo;autres \u00e9crivains ont \u00e9t\u00e9 \u00e0 l&rsquo;honneur\u00a0: Balzac, Cervant\u00e8s, Tchekhov, Kafka et bien d&rsquo;autres.<br \/>\n<\/span><\/p>\n<p><span style=\"color: #777777; font-family: Arial;\">Mais il a d\u00e9cid\u00e9 d&rsquo;arr\u00eater cette \u00e9mission ce samedi 8 f\u00e9vrier 2020, il s&rsquo;en est expliqu\u00e9 au micro de L\u00e9a Salam\u00e9\u00a0: &lt;<span style=\"color: #0000ff;\"><a style=\"color: #0000ff;\" href=\"https:\/\/www.franceinter.fr\/emissions\/l-invite-de-7h50\/l-invite-de-7h50-03-fevrier-2020\">le 3 f\u00e9vrier 2020<\/a><\/span>&gt;.<br \/>\n<\/span><\/p>\n<p><span style=\"color: #777777; font-family: Arial;\">Pour sa derni\u00e8re \u00e9mission, il lira des textes et des po\u00e9sies d&rsquo;une auteure qui est morte comme tous les \u00e9crivains qu&rsquo;il a lus tout au long de ses dix ans.<br \/>\n<\/span><\/p>\n<p><span style=\"color: #777777; font-family: Arial;\">Mais cette auteure\u00a0: Alicia est quand m\u00eame un peu particuli\u00e8re.<br \/>\n<\/span><\/p>\n<p><span style=\"color: #777777; font-family: Arial;\">D&rsquo;abord c&rsquo;est sa cousine. <\/span><\/p>\n<p><span style=\"color: #777777; font-family: Arial;\">Ensuite, <strong>Alicia Gallienne<\/strong> est morte alors qu&rsquo;elle avait 20 ans.<br \/>\n<\/span><\/p>\n<p><span style=\"color: #777777; font-family: Arial;\">Enfin, vous lirez dans &lt;<a href=\"https:\/\/next.liberation.fr\/culture\/2009\/02\/27\/brillant-hybride_345070\"><span style=\"color: #0000ff;\">cet article de f\u00e9vrier 2009<\/span><\/a>&gt; de Lib\u00e9ration\u00a0:<br \/>\n<\/span><\/p>\n<p style=\"margin-left: 28pt;\"><span style=\"color: #c00000; font-family: Arial;\">\u00ab\u00a0Jusqu&rsquo;\u00e0 19 ans, jamais Gallienne n&rsquo;avait pens\u00e9 \u00eatre com\u00e9dien. A cet \u00e2ge, il est en hypokh\u00e2gne et r\u00eave d&rsquo;\u00eatre missionnaire. Ou avocat. Ou journaliste. Bref, n&rsquo;importe quoi. La mort brutale de son ador\u00e9e cousine Alicia bouleverse son regard sur la vie tandis que sa sexualit\u00e9 en \u00e9veil chamboule ses plans religieux. \u00abOn \u00e9tait tr\u00e8s proches, elle \u00e9tait fascinante, incroyable. Sa mort, un 24 d\u00e9cembre, m&rsquo;a r\u00e9veill\u00e9 : si je peux crever demain, alors je veux faire du th\u00e9\u00e2tre.\u00bb<br \/>\n<\/span><\/p>\n<p><img decoding=\"async\" class=\"alignleft\" src=\"https:\/\/lemotdujour.fr\/wp-content\/uploads\/2020\/02\/020320_2205_Vendredi7fv1.jpg\" alt=\"\" align=\"left\" \/><span style=\"color: #777777; font-family: Arial;\">J&rsquo;ai d&rsquo;abord d\u00e9couvert son existence gr\u00e2ce \u00e0 la revue de Presse de Claude Askolovitch du &lt;<a href=\"https:\/\/www.franceinter.fr\/emissions\/la-revue-de-presse\/la-revue-de-presse-31-janvier-2020\"><span style=\"color: #0000ff;\">31 janvier 2020<\/span><\/a><span style=\"color: #0000ff;\">&gt;<\/span> dans laquelle il parle de la beaut\u00e9 d&rsquo;Alicia\u00a0:<br \/>\n<\/span><\/p>\n<p style=\"margin-left: 28pt;\"><span style=\"color: #c00000; font-family: Arial;\">\u00ab\u00a0Une jeune femme morte le 24 d\u00e9cembre 1990 d&rsquo;une leuc\u00e9mie, qui treize ans plus t\u00f4t avait pris son petit fr\u00e8re, mais la cruaut\u00e9 n&rsquo;est rien, car Alicia est devant nous Alicia dans la beaut\u00e9 de ses vingt ans, sa derni\u00e8re ann\u00e9e sur terre, les joues enfantines, les l\u00e8vres pleines photographi\u00e9es par son dernier amour&#8230;<br \/>\n<\/span><\/p>\n<p style=\"margin-left: 28pt;\"><span style=\"color: #c00000; font-family: Arial;\">Elle \u00e9crivait depuis l&rsquo;enfance et la nuit sortait dans des lieux \u00e0 la mode, R\u00e9gine le Palace et Castel, elle dinait en robe moulante chez Maxim&rsquo;s et festoyait d&rsquo;autant plus qu&rsquo;elle savait la maladie&#8230; \u00ab\u00a0Depuis toujours, \u00e9crit Pascale Nivelle dans un texte au diapason de la jeune fant\u00f4me, depuis toujours, elle tient \u00e0 distance ses terreurs, les ponctions qui bleuissent ses clavicules, les piqures \u00e0 toute heure, il lui arrive de se piquer en parlant, seringue plant\u00e9e dans la cuisse sous une table de bistro, elle veut vivre plus que de raison, la nuit elle noircit ses cahiers de po\u00e8mes d&rsquo;une \u00e9criture ronde, sans rature, j&rsquo;\u00e9cris pour \u00eatre lue dit- elle \u00e0 sa m\u00e8re.\u00a0\u00bb<br \/>\n<\/span><\/p>\n<p style=\"margin-left: 28pt;\"><span style=\"color: #c00000; font-family: Arial;\"><img loading=\"lazy\" decoding=\"async\" class=\"wp-image-8045 alignleft\" src=\"https:\/\/lemotdujour.fr\/wp-content\/uploads\/2020\/02\/L\u00e9criture-dAlicia.png\" alt=\"\" width=\"442\" height=\"486\" srcset=\"https:\/\/lemotdujour.fr\/wp-content\/uploads\/2020\/02\/L\u00e9criture-dAlicia.png 502w, https:\/\/lemotdujour.fr\/wp-content\/uploads\/2020\/02\/L\u00e9criture-dAlicia-273x300.png 273w\" sizes=\"auto, (max-width: 442px) 100vw, 442px\" \/>Elle \u00e9crivait ceci pour conjurer sa peur.<br \/>\n<\/span><\/p>\n<p style=\"margin-left: 28pt;\"><span style=\"color: #c00000; font-family: Arial;\">\u00ab\u00a0<em>Faiblesse je te hais de toi m\u00eame; vivre c&rsquo;est accepter de tomber sous le poids de ce qui ne nous appartient pas<\/em>.\u00a0\u00bb<br \/>\n<\/span><\/p>\n<p style=\"margin-left: 28pt;\"><span style=\"color: #c00000; font-family: Arial;\">Elle \u00e9crivait cela en pensant \u00e0 son fr\u00e8re<br \/>\n<\/span><\/p>\n<p style=\"margin-left: 28pt;\"><span style=\"color: #c00000; font-family: Arial;\">\u00ab\u00a0<em>Ne touchez pas \u00e0 ma petite b\u00eate \u00e9paisse ma douleur<br \/>\n<\/em><\/span><\/p>\n<p style=\"margin-left: 28pt;\"><span style=\"color: #c00000; font-family: Arial;\"><em>Ne touchez pas aux plus beaux yeux du monde que j&rsquo;ai ferm\u00e9s longtemps pour ne plus les voir<br \/>\n<\/em><\/span><\/p>\n<p style=\"margin-left: 28pt;\"><span style=\"color: #c00000; font-family: Arial;\"><em>Ne touchez plus \u00e0 mon enfant perdu, il est quelque part implorant le silence<br \/>\n<\/em><\/span><\/p>\n<p style=\"margin-left: 28pt;\"><span style=\"color: #c00000; font-family: Arial;\"><em>A toi mon caillou ma pi\u00e8ce d&rsquo;or<br \/>\n<\/em><\/span><\/p>\n<p style=\"margin-left: 28pt;\"><span style=\"color: #c00000; font-family: Arial;\"><em>A toi ma blessure enivr\u00e9e ma lune \u00e0 boire<br \/>\n<\/em><\/span><\/p>\n<p style=\"margin-left: 28pt;\"><span style=\"color: #c00000; font-family: Arial;\"><em>Tu es la morsure douce au creux de ma main.\u00a0<\/em><br \/>\n<\/span><\/p>\n<p style=\"margin-left: 28pt;\"><span style=\"color: #c00000; font-family: Arial;\">Quand Alicia est morte, sa famille a gard\u00e9 ses textes mais un jour sa maman a r\u00e9alis\u00e9 que les seuls mots de sa fille que l&rsquo;on pouvait lire \u00e9taient sur sa tombe \u00e0 Montparnasse. Alors, elle est all\u00e9e voir son neveu, le com\u00e9dien Guillaume Gallienne, que sa cousine vivante encourageait \u00e0 vivre. Il est all\u00e9 montrer ses po\u00e8mes chez Gallimard, une \u00e9ditrice Sophie Naulleau s&rsquo;est prise pour Alicia d&rsquo;une de ses amiti\u00e9s qui passent les fronti\u00e8res de la vie et le livre est l\u00e0 et Alicia vous attend ce matin, dans le magazine du Monde.\u00a0\u00bb<br \/>\n<\/span><\/p>\n<p><span style=\"color: #777777; font-family: Arial;\">Dans son entretien avec L\u00e9a Salam\u00e9, Guillaume Gallienne modifie un peu cette histoire. C&rsquo;est lui qui est all\u00e9 voir sa tante et l&rsquo;a trouv\u00e9e triste et affect\u00e9e. A sa demande, elle lui expliqua qu&rsquo;elle venait de se faire disputer par son fr\u00e8re qui lui reprochait de ne jamais avoir publi\u00e9 les magnifiques textes d&rsquo;Alicia. Elle expliqua qu&rsquo;elle avait essay\u00e9 apr\u00e8s 1990 mais que les maisons d&rsquo;\u00e9dition refusait en disant que cela ne les int\u00e9ressait pas d&rsquo;\u00e9diter un livre unique qui ne sera suivi d&rsquo;aucun autre. Et c&rsquo;est alors que la M\u00e8re d&rsquo;Alicia a demand\u00e9 \u00e0 Guillaume Gallienne s&rsquo;il ne pourrait pas intervenir aupr\u00e8s de son \u00e9diteur. Et c&rsquo;est ce qu&rsquo;il fit et il se trouva chez Gallimard des professionnels qui trouv\u00e8rent pertinent de publier cet ouvrage qui est paru hier le 6 f\u00e9vrier.<br \/>\n<\/span><\/p>\n<p><span style=\"color: #777777; font-family: Arial;\">L&rsquo;article du Monde auquel renvoie Claude Askolovitch a pour titre\u00a0: &lt; <a href=\"https:\/\/www.lemonde.fr\/m-le-mag\/article\/2020\/01\/31\/alicia-gallienne-etoile-filante-de-la-poesie_6027964_4500055.html\"><span style=\"color: #0000ff;\">Alicia Gallienne, \u00e9toile filante de la po\u00e9sie<\/span><\/a> &gt;<br \/>\n<\/span><\/p>\n<p><img decoding=\"async\" class=\"alignright\" src=\"https:\/\/lemotdujour.fr\/wp-content\/uploads\/2020\/02\/020320_2205_Vendredi7fv2.jpg\" alt=\"\" align=\"left\" \/><span style=\"color: #777777; font-family: Arial;\">Ce tr\u00e8s long article commence par une visite \u00e0 la tombe d&rsquo;Alicia\u00a0:<br \/>\n<\/span><\/p>\n<p style=\"margin-left: 28pt;\"><span style=\"color: #c00000; font-family: Arial;\">\u00ab\u00a0C&rsquo;est une tombe toute blanche au cimeti\u00e8re du Montparnasse, non loin du c\u00e9notaphe de Baudelaire. Une alc\u00f4ve de verdure grimpante, avec une grande croix sculpt\u00e9e et un quatrain grav\u00e9 dans la pierre. \u00ab (\u2026) <em>Mon \u00e2me saura s&rsquo;\u00e9vader et se rendre (\u2026).<\/em> \u00bb<br \/>\n<\/span><\/p>\n<p style=\"margin-left: 28pt;\"><span style=\"color: #c00000; font-family: Arial;\">Morte \u00e0 20 ans d&rsquo;une maladie du sang, Alicia Maria Claudia Gallienne a \u00e9crit des centaines de po\u00e8mes entre 1986 et 1990. \u00ab <em>Qu&rsquo;importe ce que je laisserai derri\u00e8re moi, pourvu que la mati\u00e8re se souvienne de moi, pourvu que les mots qui m&rsquo;habitent soient \u00e9crits quelque part et qu&rsquo;ils me survivent<\/em> \u00bb, \u00e9crivait-elle \u00e0 Sotogrande, dans la propri\u00e9t\u00e9 de sa famille maternelle en Espagne.<br \/>\n<\/span><\/p>\n<p style=\"margin-left: 28pt;\"><span style=\"color: #c00000; font-family: Arial;\">Les quatre lignes inscrites sur sa tombe, d\u00e9j\u00e0 \u00e9rod\u00e9es par le temps, sont longtemps rest\u00e9es la seule trace visible de son \u0153uvre. Quelques ann\u00e9es encore et les mots se fondront dans le grain de la pierre. Envol\u00e9s, comme la derni\u00e8re image d&rsquo;Alicia dans son cercueil, le visage serti dans la mantille blanche des mari\u00e9es s\u00e9villanes. <\/span><span style=\"color: #c00000; font-family: Arial;\">[\u2026]<br \/>\n<\/span><\/p>\n<p style=\"margin-left: 28pt;\"><span style=\"color: #c00000; font-family: Arial;\">Un apr\u00e8s-midi de janvier, trente ans apr\u00e8s la mise en bi\u00e8re, une longue femme brune s&rsquo;avance vers la tombe, se recueille un instant devant la jeune po\u00e8te disparue et l&rsquo;objet qu&rsquo;elle vient de d\u00e9poser doucement sur la pierre. Ce livre de la collection \u00ab Blanche \u00bb de Gallimard, L&rsquo;autre moiti\u00e9 du songe m&rsquo;appartient, par Alicia Gallienne, qui sort ce 6 f\u00e9vrier, tient du miracle.<br \/>\n<\/span><\/p>\n<p style=\"margin-left: 28pt;\"><span style=\"color: #c00000; font-family: Arial;\">Sans la longue femme brune, Sophie Nauleau, \u00e9crivaine et \u00e9ditrice, et sans le com\u00e9dien et r\u00e9alisateur Guillaume Gallienne, cousin d&rsquo;Alicia, ce pav\u00e9 de pr\u00e8s de 400 pages, ovni dans le petit monde de la po\u00e9sie, n&rsquo;aurait jamais \u00e9t\u00e9 imprim\u00e9. Et il n&rsquo;aurait pas connu un tirage de 4 000 exemplaires, un chiffre tr\u00e8s \u00e9lev\u00e9 pour de la po\u00e9sie, genre litt\u00e9raire loin de tous les classements de vente.\u00a0\u00bb<br \/>\n<\/span><\/p>\n<p><span style=\"color: #777777; font-family: Arial;\">Sophie Naulleau a \u00e9crit la pr\u00e9face du livre de po\u00e8mes.<br \/>\n<\/span><\/p>\n<p><span style=\"color: #777777; font-family: Arial;\">Guillaume Gallienne raconte\u00a0:<br \/>\n<\/span><\/p>\n<p style=\"margin-left: 28pt;\"><span style=\"color: #c00000; font-family: Arial;\">\u00ab\u00a0Dans la famille, \u00ab on lisait parfois en pleurant quelques-uns de ses po\u00e8mes et on disait \u00ab le coin d&rsquo;Alicia \u00bb pour d\u00e9signer le secr\u00e9taire qui renfermait ses tr\u00e9sors.\u00a0\u00bb<br \/>\n<\/span><\/p>\n<p><span style=\"color: #777777; font-family: Arial;\">L&rsquo;article se termine ainsi\u00a0:<br \/>\n<\/span><\/p>\n<p style=\"margin-left: 28pt;\"><span style=\"color: #c00000; font-family: Arial;\">\u00ab\u00a0Dans sa bulle aseptis\u00e9e, sur son \u00ab lit de cristal \u00bb, Alicia a \u00e9crit ses pens\u00e9es au feutre noir, avec des \u00e9toiles, des points d&rsquo;exclamation et d&rsquo;interrogation. \u00ab J&rsquo;ai toujours su ce qui m&rsquo;attendait en venant ici. \u00bb En d\u00e9cembre 1990, elle remercie son amant \u00ab (\u2026) Pour tous les moments o\u00f9 nous avons fait le bonheur \u00e0 deux ! \u00bb Les pages suivantes sont rest\u00e9es blanches.\u00a0\u00bb<br \/>\n<\/span><\/p>\n<p><span style=\"color: #777777; font-family: Arial;\">Aujourd&rsquo;hui, je voulais parler d&rsquo;Alicia Gallienne.<br \/>\n<\/span><\/p>\n<p><span style=\"color: #c00000; font-family: Arial;\">&lt;1345&gt;<\/span><\/p>\n","protected":false},"excerpt":{"rendered":"<p>\u00ab\u00a0L\u2019autre moiti\u00e9 du songe m\u2019appartient\u00a0\u00bb Alicia Gallienne Aujourd&rsquo;hui, je vais me laisser la libert\u00e9 d&rsquo;interrompre ma s\u00e9rie sur les mots et expressions nouvelles et les mots anciens qui sont revenus dans l&rsquo;actualit\u00e9. Parce qu&rsquo;aujourd&rsquo;hui je voudrais parler d&rsquo;Alicia. Le grand<\/p>\n","protected":false},"author":1,"featured_media":0,"comment_status":"open","ping_status":"closed","sticky":false,"template":"","format":"standard","meta":{"footnotes":""},"categories":[1],"tags":[172,39,8],"class_list":["post-8011","post","type-post","status-publish","format-standard","hentry","category-motdujour","tag-beaute","tag-jeunesse","tag-poesie"],"_links":{"self":[{"href":"https:\/\/lemotdujour.fr\/index.php?rest_route=\/wp\/v2\/posts\/8011","targetHints":{"allow":["GET"]}}],"collection":[{"href":"https:\/\/lemotdujour.fr\/index.php?rest_route=\/wp\/v2\/posts"}],"about":[{"href":"https:\/\/lemotdujour.fr\/index.php?rest_route=\/wp\/v2\/types\/post"}],"author":[{"embeddable":true,"href":"https:\/\/lemotdujour.fr\/index.php?rest_route=\/wp\/v2\/users\/1"}],"replies":[{"embeddable":true,"href":"https:\/\/lemotdujour.fr\/index.php?rest_route=%2Fwp%2Fv2%2Fcomments&post=8011"}],"version-history":[{"count":7,"href":"https:\/\/lemotdujour.fr\/index.php?rest_route=\/wp\/v2\/posts\/8011\/revisions"}],"predecessor-version":[{"id":8047,"href":"https:\/\/lemotdujour.fr\/index.php?rest_route=\/wp\/v2\/posts\/8011\/revisions\/8047"}],"wp:attachment":[{"href":"https:\/\/lemotdujour.fr\/index.php?rest_route=%2Fwp%2Fv2%2Fmedia&parent=8011"}],"wp:term":[{"taxonomy":"category","embeddable":true,"href":"https:\/\/lemotdujour.fr\/index.php?rest_route=%2Fwp%2Fv2%2Fcategories&post=8011"},{"taxonomy":"post_tag","embeddable":true,"href":"https:\/\/lemotdujour.fr\/index.php?rest_route=%2Fwp%2Fv2%2Ftags&post=8011"}],"curies":[{"name":"wp","href":"https:\/\/api.w.org\/{rel}","templated":true}]}}