{"id":800,"date":"2014-07-31T02:00:00","date_gmt":"2014-07-30T22:00:00","guid":{"rendered":"http:\/\/lemotdujour.fr\/?p=800"},"modified":"2017-05-08T13:22:49","modified_gmt":"2017-05-08T11:22:49","slug":"jeudi-31072014","status":"publish","type":"post","link":"https:\/\/lemotdujour.fr\/?p=800","title":{"rendered":"Jeudi 31\/07\/2014"},"content":{"rendered":"<div class=\"mdjDate\">Jeudi 31\/07\/2014<\/div>\n<div class=\"mdjTexte\">\u00abVert\u00bb<\/div>\n<div class=\"mdjAuteur\">Michel Pastoureau<br \/>Histoire d&rsquo;une couleur<\/div>\n<div class=\"mdjComplements\">Dans notre perception contemporaine le Vert est associ\u00e9 \u00e0 un mouvement politique l&rsquo;Ecologie, aux produits Bio plus g\u00e9n\u00e9ralement \u00e0 la nature.<\/div>\n<div class=\"mdjComplements\">Pour les habitants de Rh\u00f4ne-Alpes, les \u00ab\u00a0Verts\u00a0\u00bb c&rsquo;est le club rival de Lyon : l&rsquo;AS Saint Etienne.<\/div>\n<div class=\"mdjComplements\">Les historiens dans leur volont\u00e9 d&rsquo;explorer jusqu&rsquo;au plus petit recoin les fondements de nos civilisations s&rsquo;int\u00e9ressent \u00e0 la couleur.<\/div>\n<div class=\"mdjComplements\">Plus pr\u00e9cis\u00e9ment Michel Pastoureau qui a \u00e9crit plusieurs ouvrages sur les couleurs, il a commenc\u00e9 par le Noir, puis le Bleu et maintenant le vert.<\/div>\n<div class=\"mdjComplements\">J&rsquo;ai d\u00e9couvert ce travail d&rsquo;Historien \u00e0 travers une <a href=\"http:\/\/www.franceinter.fr\/emission-la-marche-de-l-histoire-le-vert-histoire-dune-couleur\">&lt;une \u00e9mission de France Inter : La marche de l&rsquo;Histoire qui avait invit\u00e9 Michel Pastoureau&gt;<\/a><\/div>\n<div class=\"mdjComplements\">Et on apprend des choses \u00e9tonnantes :<\/div>\n<div class=\"mdjComplements\">Ainsi, en 1789, le vert aurait pu figurer sur les embl\u00e8mes de la R\u00e9volution et donc l&rsquo;int\u00e9grer notre drapeau. Sauf que les hommes de 89 se sont aper\u00e7us que le vert \u00e9tait aussi associ\u00e9 \u00e0 la maison du comte d&rsquo;Artois, fieff\u00e9 r\u00e9actionnaire et futur Charles X !<\/div>\n<div class=\"mdjComplements\">Longtemps le vert est une couleur qui se r\u00e9v\u00e8le sp\u00e9cialement instable. Les teinturiers, d&rsquo;ailleurs, ont longtemps eu toutes les peines du monde \u00e0 le fixer.<\/div>\n<div class=\"mdjComplements\">Son ascension, longtemps incertaine et contrari\u00e9e, est manifeste aujourd&rsquo;hui. Il est bien port\u00e9 de l&rsquo;afficher mais comme une id\u00e9ologie, \u00e0 la fa\u00e7on du rouge d&rsquo;autrefois dont on attendait aussi qu&rsquo;il sauve le monde. Si l&rsquo;historien laisse de c\u00f4t\u00e9 le messianisme et qu&rsquo;il en reste au strict registre des couleurs, il constate cependant que le vert n&rsquo;est le pr\u00e9f\u00e9r\u00e9 que d&rsquo;une personne sur cinq ou six, bien loin derri\u00e8re le bleu !<\/div>\n<div class=\"mdjComplements\">Depuis qu&rsquo;on fait des enqu\u00eates sur les couleurs pr\u00e9f\u00e9r\u00e9es en Europe occidentale (la fin du XIX\u00e8me si\u00e8cle), le classement et la r\u00e9partition restent tr\u00e8s stables :<\/div>\n<div class=\"mdjComplements\">1\/ Le bleu partout en t\u00eate dans l&rsquo;Europe occidentale 45 \u00e0 50%<\/div>\n<div class=\"mdjComplements\">2\/ Le vert autour de 15 \u00e0 18%<\/div>\n<div class=\"mdjComplements\">3\/ Le rouge<\/div>\n<div class=\"mdjComplements\">4\/ Le noir<\/div>\n<div class=\"mdjComplements\">5\/ Le blanc<\/div>\n<div class=\"mdjComplements\">6\/ Le jaune<\/div>\n<div class=\"mdjComplements\">Voil\u00e0, celles et ceux qui aiment le jaune constituent une \u00e9lite, je veux dire une toute petite minorit\u00e9&#8230;<\/div>\n<div class=\"mdjComplements\">Le livre de Michel Pastoureau retrace la longue histoire sociale, artistique et symbolique du vert dans les soci\u00e9t\u00e9s europ\u00e9ennes, de la Gr\u00e8ce antique jusqu\u2019\u00e0 nos jours. Il souligne combien cette couleur qui a longtemps \u00e9t\u00e9 difficile \u00e0 fabriquer, et plus encore \u00e0 fixer, n\u2019est pas seulement celle de la v\u00e9g\u00e9tation, mais aussi et surtout celle du Destin. Chimiquement instable, le vert a symboliquement \u00e9t\u00e9 associ\u00e9 \u00e0 tout ce qui \u00e9tait instable: l\u2019enfance, l\u2019amour, la chance, le jeu, le hasard, l\u2019argent. Ce n\u2019est qu\u2019\u00e0 l\u2019\u00e9poque romantique qu\u2019il est d\u00e9finitivement devenu la couleur de la nature, puis celle de la sant\u00e9, de l\u2019hygi\u00e8ne.<\/div>\n<div class=\"mdjComplements\">Aujourd&rsquo;hui, c&rsquo;est plut\u00f4t une couleur positive : Ainsi donner le feu vert c&rsquo;est accepter qu&rsquo;une action continue. On lui a m\u00eame confi\u00e9 une mission de taille : sauver la plan\u00e8te ! C&rsquo;est devenu une id\u00e9ologie : l&rsquo;\u00e9cologie \u2013 apr\u00e8s le rouge, symbole du communisme.<\/div>\n<div class=\"mdjComplements\">Mais, pour certains le vert est cens\u00e9 porter malheur. Les com\u00e9diens refusent toujours de la porter sur sc\u00e8ne. Une vieille superstition : au Moyen Age, le vert-de-gris, pigment utilis\u00e9 par les peintres, \u00e9tait aussi un poison\u2026<\/div>\n<div class=\"mdjComplements\">Le vert, c&rsquo;est la couleur de Satan, du diable, des ennemis de la chr\u00e9tient\u00e9, des \u00eatres \u00e9tranges : f\u00e9es, sorci\u00e8res, lutins, g\u00e9nies des bois et des eaux. Les super-h\u00e9ros et les Martiens, grands et petits hommes verts de la science-fiction, s&rsquo;inscrivent dans cet h\u00e9ritage culturel, o\u00f9 le vert joue le r\u00f4le de l&rsquo;ailleurs, de l&rsquo;\u00e9tranget\u00e9, du fantastique.<\/div>\n<div class=\"mdjComplements\">Vert = bleu + jaune : Cette combinaison, apprise d\u00e8s l&rsquo;\u00e9cole maternelle, s&rsquo;est r\u00e9v\u00e9l\u00e9e tr\u00e8s tard. A longtemps persist\u00e9 un tabou, venu de la Bible, sur les m\u00e9langes : on ne fusionne pas deux mati\u00e8res pour en faire une troisi\u00e8me. Il existait surtout un r\u00e8glement professionnel tr\u00e8s strict chez les teinturiers, qui n&rsquo;avaient l&rsquo;autorisation de fabriquer que certaines couleurs : les cuves de bleu et de jaune ne se situaient pas au m\u00eame endroit dans la ville, et personne n&rsquo;aurait donc eu l&rsquo;id\u00e9e de les m\u00e9langer.<\/div>\n<div class=\"mdjComplements\">Il faut attendre la d\u00e9couverte du cercle chromatique par Newton, au XVIIe si\u00e8cle, pour qu&rsquo;on situe le vert \u00e0 mi-chemin entre bleu et jaune. C&rsquo;est tr\u00e8s r\u00e9cent \u00e0 l&rsquo;\u00e9chelle de l&rsquo;histoire. Le vert n&rsquo;est donc en rien le m\u00e9lange des symboles du bleu et du jaune, \u00e0 la diff\u00e9rence du roux, qui a longtemps associ\u00e9 les mauvais aspects du rouge et du jaune : col\u00e8re, p\u00e9ch\u00e9, luxure, d&rsquo;un c\u00f4t\u00e9, mensonge, trahison, robe de Judas, de l&rsquo;autre.<\/div>\n<div class=\"mdjComplements\">Du point de vue philosophique et anthropologique, la chance et la malchance vont ensemble, la roue de la fortune tourne. Par excellence, le vert est la couleur de l&rsquo;ind\u00e9cision, le visage du destin ; sa symbolique la plus forte, c&rsquo;est une partie en train de se jouer : pelouses des terrains de sport, tapis des joueurs de cartes, tables de ping-pong, tapis verts des conseils d&rsquo;administration o\u00f9 se d\u00e9cide l&rsquo;avenir d&rsquo;une entreprise. Le vert incarnait la chance, donc la fortune et l&rsquo;argent, bien avant l&rsquo;apparition du dollar : le billet vert&#8230;<\/div>\n<div class=\"mdjComplements\">\u00a0Au XIXe si\u00e8cle, avec les deux r\u00e9volutions industrielles, on sent qu&rsquo;on manque de verdure : la nature fait son entr\u00e9e dans la ville. Le mouvement commence en Angleterre \u00e0 l&rsquo;\u00e9poque victorienne : on construit des parcs et des jardins, espaces verts, all\u00e9es vertes, coul\u00e9es vertes, etc.<\/div>\n<div class=\"mdjComplements\">D&rsquo;anglais, le ph\u00e9nom\u00e8ne devient europ\u00e9en, puis am\u00e9ricain. On envoie les gens se mettre au vert \u00e0 la campagne \u2013 voyez encore aujourd&rsquo;hui, les classes vertes. Il y a un besoin de couleur verte pour les yeux et de chlorophylle pour les poumons.<\/div>\n<div class=\"mdjComplements\">C&rsquo;est aussi une couleur associ\u00e9 \u00e0 l\u2019Islam. C&rsquo;est d&rsquo;abord la couleur du proph\u00e8te et de ses descendants : Mahomet aimait cette couleur, portait au combat un turban et un \u00e9tendard verts. On \u00e9vitait de mettre du vert dans les beaux tapis pour ne pas fouler cette couleur sacr\u00e9e. En terre d&rsquo;Islam, le vert est tr\u00e8s valoris\u00e9, toujours positif, jamais pris en mauvaise part ; c&rsquo;est la couleur f\u00e9d\u00e9ratrice sur le plan politique et religieux.<\/div>\n<div class=\"mdjComplements\">Et aussi N\u00e9ron adorait le vert ; des t\u00e9moignages vantent sa collection d&rsquo;\u00e9meraudes ; il aime les modes orientales, barbares, donc s&rsquo;habille de vert, ce qui est extravagant pour un empereur romain. Dans les jeux du cirque, courses de chars, il soutient les curies vertes, alors que les empereurs en g\u00e9n\u00e9ral soutiennent les bleues. Ses biographes disent qu&rsquo;il \u00e9tait un grand amateur de poireaux, la nourriture des plus pauvres\u2026<\/div>\n<div class=\"mdjComplements\"><a href=\"http:\/\/www.telerama.fr\/idees\/le-vert-aux-origines-d-une-couleur-rebelle,104955.php\">&lt;J&rsquo;ai trouv\u00e9 la plus grande partie de cette \u00e9rudition dans un article tr\u00e8s int\u00e9ressant sur ce livre sur le site de TELERAMA&gt;<\/a><\/div>\n<div class=\"mdjComplements\">Maintenant vous pouvez trouver encore plus dans le livre : \u00ab\u00a0Vert. Histoire d&rsquo;une couleur, de Michel Pastoureau, \u00e9d. Seuil, 240 p., 39 \u20ac.\u00a0\u00bb<\/div>\n<div class=\"mdjComplements\">On dit aussi souvent que c&rsquo;est la couleur de l&rsquo;esp\u00e9rance. Esp\u00e9rance n\u00e9cessaire, en ce jour o\u00f9 il y a 100 ans, un Villain assassina Jaur\u00e8s.<\/div>\n","protected":false},"excerpt":{"rendered":"<p>Jeudi 31\/07\/2014 \u00abVert\u00bb Michel PastoureauHistoire d&rsquo;une couleur Dans notre perception contemporaine le Vert est associ\u00e9 \u00e0 un mouvement politique l&rsquo;Ecologie, aux produits Bio plus g\u00e9n\u00e9ralement \u00e0 la nature. Pour les habitants de Rh\u00f4ne-Alpes, les \u00ab\u00a0Verts\u00a0\u00bb c&rsquo;est le club rival de<\/p>\n","protected":false},"author":1,"featured_media":0,"comment_status":"closed","ping_status":"closed","sticky":false,"template":"","format":"standard","meta":{"footnotes":""},"categories":[1],"tags":[],"class_list":["post-800","post","type-post","status-publish","format-standard","hentry","category-motdujour"],"_links":{"self":[{"href":"https:\/\/lemotdujour.fr\/index.php?rest_route=\/wp\/v2\/posts\/800","targetHints":{"allow":["GET"]}}],"collection":[{"href":"https:\/\/lemotdujour.fr\/index.php?rest_route=\/wp\/v2\/posts"}],"about":[{"href":"https:\/\/lemotdujour.fr\/index.php?rest_route=\/wp\/v2\/types\/post"}],"author":[{"embeddable":true,"href":"https:\/\/lemotdujour.fr\/index.php?rest_route=\/wp\/v2\/users\/1"}],"replies":[{"embeddable":true,"href":"https:\/\/lemotdujour.fr\/index.php?rest_route=%2Fwp%2Fv2%2Fcomments&post=800"}],"version-history":[{"count":1,"href":"https:\/\/lemotdujour.fr\/index.php?rest_route=\/wp\/v2\/posts\/800\/revisions"}],"predecessor-version":[{"id":801,"href":"https:\/\/lemotdujour.fr\/index.php?rest_route=\/wp\/v2\/posts\/800\/revisions\/801"}],"wp:attachment":[{"href":"https:\/\/lemotdujour.fr\/index.php?rest_route=%2Fwp%2Fv2%2Fmedia&parent=800"}],"wp:term":[{"taxonomy":"category","embeddable":true,"href":"https:\/\/lemotdujour.fr\/index.php?rest_route=%2Fwp%2Fv2%2Fcategories&post=800"},{"taxonomy":"post_tag","embeddable":true,"href":"https:\/\/lemotdujour.fr\/index.php?rest_route=%2Fwp%2Fv2%2Ftags&post=800"}],"curies":[{"name":"wp","href":"https:\/\/api.w.org\/{rel}","templated":true}]}}