{"id":7994,"date":"2020-02-04T02:21:41","date_gmt":"2020-02-04T01:21:41","guid":{"rendered":"http:\/\/lemotdujour.fr\/?p=7994"},"modified":"2020-02-02T23:42:09","modified_gmt":"2020-02-02T22:42:09","slug":"mardi-4-fevrier-2020","status":"publish","type":"post","link":"https:\/\/lemotdujour.fr\/?p=7994","title":{"rendered":"Mardi 4 f\u00e9vrier 2020"},"content":{"rendered":"<div class=\"mdjTexte\">\u00ab\u00a0TikTok\u00a0\u00bb<\/div>\n<div class=\"mdjAuteur\">R\u00e9seau social, nouvelle application pr\u00e9f\u00e9r\u00e9e des adolescents<\/div>\n<p><span style=\"color: #777777; font-family: Arial;\">Lorsque j&rsquo;ai \u00e9voqu\u00e9, hier, la vid\u00e9o qui serait \u00e0 l&rsquo;origine de la popularisation de l&rsquo;expression \u00ab ok boomer \u00bb, j&rsquo;ai omis de dire que cette vid\u00e9o avait \u00e9t\u00e9 publi\u00e9e sur le r\u00e9seau social \u00ab <strong>TikTok<\/strong> \u00bb.<br \/>\n<\/span><\/p>\n<p><span style=\"color: #777777; font-family: Arial;\">La premi\u00e8re fois que j&rsquo;ai entendu parler de ce r\u00e9seau social, c&rsquo;\u00e9tait dans l&rsquo;\u00e9mission \u00ab\u00a0Esprit Public\u00a0\u00bb du &lt;<a href=\"https:\/\/www.franceculture.fr\/emissions\/lesprit-public\/vrai-faux-depart-des-usa-du-moyen-orient-reforme-des-retraites-happy-end-ou-fiasco-charlie-qui\"><span style=\"color: #0000ff;\">12\/01\/2020<\/span><\/a>&gt;. Je vivais donc jusqu&rsquo;au d\u00e9but de cette ann\u00e9e sans conna\u00eetre cette application qui semble \u00eatre tr\u00e8s pris\u00e9e par les adolescents.<br \/>\n<\/span><\/p>\n<p><span style=\"color: #777777; font-family: Arial;\">Cette \u00e9mission abordait le sujet des tensions entre les Etats-Unis et l&rsquo;Iran suite \u00e0 l&rsquo;assassinat de Ghassem Soleimani par les Etats-Unis.<br \/>\n<\/span><\/p>\n<p><span style=\"color: #777777; font-family: Arial;\">Emilie Aubry a introduit ce sujet ainsi\u00a0:<br \/>\n<\/span><\/p>\n<p style=\"margin-left: 28pt;\"><span style=\"color: #c00000; font-family: Arial;\">\u00ab\u00a0Si vous avez des ados connect\u00e9s chez vous peut-\u00eatre avez-vous comme moi v\u00e9cu ce moment o\u00f9 l&rsquo;enfant inquiet a surgi dans le salon pour vous demander : est-ce que c&rsquo;est vrai ce qu&rsquo;on dit sur les r\u00e9seaux sociaux ? C&rsquo;est le d\u00e9but de la 3<sup>\u00e8me<\/sup> guerre mondiale ? Aux sources de l&rsquo;angoisse : depuis l&rsquo;assassinat du g\u00e9n\u00e9ral iranien Ghassem Soleimani par les Etats-Unis. Sur TikTok, la nouvelle appli pr\u00e9f\u00e9r\u00e9e des ados, le #ww3 (World War 3) cumule plus de 1 milliard de vues. \u00a0\u00bb<br \/>\n<\/span><\/p>\n<p><span style=\"color: #777777; font-family: Arial;\">Le boomer que je suis \u00e9tait rest\u00e9 \u00e0<br \/>\n<\/span><\/p>\n<ul>\n<li><span style=\"color: #777777; font-family: Arial;\">\u00ab\u00a0<strong>Facebook<\/strong> \u00bb avec ses 2,2 milliards d&rsquo;utilisateurs actifs,<br \/>\n<\/span><\/li>\n<li><span style=\"color: #777777; font-family: Arial;\">\u00ab\u00a0<strong>Twitter\u00a0<\/strong>\u00bb la plateforme de microblogging, qui permet d&rsquo;envoyer \u00e0 des millions de personnes des tweets de 280 caract\u00e8res maximum pouvant \u00eatre illustr\u00e9s de photos, de vid\u00e9os, de liens et inventeur des #hashtags. Twitter revendique 326 millions d&rsquo;utilisateurs actifs mensuels dans le monde, dont Donald Trump mais aussi Barack Obama, Emmanuel Macron et m\u00eame Edgar Morin.<br \/>\n<\/span><\/li>\n<li><span style=\"color: #777777; font-family: Arial;\">\u00ab\u00a0<strong>YouTube<\/strong>\u00a0\u00bb, propri\u00e9t\u00e9 de Google, num\u00e9ro 1 dans le partage et le visionnage de vid\u00e9os ainsi que \u00ab\u00a0<strong>Dailymotion<\/strong>\u00a0\u00bb, le concurrent de YouTube et \u00ab\u00a0<strong>Vim\u00e9o<\/strong>\u00a0\u00bb r\u00e9seau plus confidentiel de partage de vid\u00e9os.<br \/>\n<\/span><\/li>\n<\/ul>\n<p><span style=\"color: #777777; font-family: Arial;\">Je connaissais aussi l&rsquo;existence des r\u00e9seaux sociaux professionnels \u00ab\u00a0<strong>Linkedin<\/strong>\u00a0\u00bb le r\u00e9seau social professionnel cr\u00e9\u00e9 en 2002 en Californie et qui revendique plusieurs centaines de millions de membres et son petit fr\u00e8re fran\u00e7ais \u00ab\u00a0<strong>Viadeo\u00a0<\/strong>\u00bb cr\u00e9\u00e9 en 2004 \u00e0 Paris et qui revendique 7,5 millions de membres en France.<br \/>\n<\/span><\/p>\n<p><span style=\"color: #777777; font-family: Arial;\">Enfin certains noms ne m&rsquo;\u00e9taient pas inconnus\u00a0: \u00ab\u00a0<strong>Instagram<\/strong>\u00a0\u00bb, \u00ab\u00a0<strong>Pinterest\u00a0<\/strong>\u00bb, \u00ab\u00a0<strong>Snapchat<\/strong>\u00a0\u00bb \u00ab\u00a0<strong>Periscope<\/strong>\u00a0\u00bb et \u00ab<strong>WhatsApp<\/strong>\u00a0\u00bb que j&rsquo;utilise depuis qu&rsquo;Annie \u00e9tait all\u00e9e \u00e0 New York rendre visite \u00e0 Alexis et Marie.<br \/>\n<\/span><\/p>\n<p><span style=\"color: #777777; font-family: Arial;\">Mais <strong>TikTok <\/strong>je n&rsquo;en ai jamais entendu parler avant ce dimanche 12 janvier dernier.<br \/>\n<\/span><\/p>\n<p><span style=\"color: #777777; font-family: Arial;\">Dans l&rsquo;\u00e9mission, j&rsquo;ai compris que TikTok \u00e9tait une application chinoise et qu&rsquo;elle \u00e9tait encore plus probl\u00e9matique que les autres. Il me paraissait donc int\u00e9ressant d&rsquo;en savoir un peu plus.<br \/>\n<\/span><\/p>\n<p><img loading=\"lazy\" decoding=\"async\" class=\"alignleft\" src=\"https:\/\/lemotdujour.fr\/wp-content\/uploads\/2020\/02\/020220_2218_Mardi4fvrie1.png\" alt=\"\" width=\"163\" height=\"184\" align=\"left\" \/><span style=\"color: #777777; font-family: Arial;\">Le premier r\u00e9flexe est de consulter &lt;<\/span><span style=\"font-family: Arial; color: #0000ff;\"><a style=\"color: #0000ff;\" href=\"https:\/\/fr.wikipedia.org\/wiki\/TikTok\">Wikipedia<\/a><\/span><span style=\"color: #777777; font-family: Arial;\">&gt;\u00a0:<br \/>\n<\/span><\/p>\n<p style=\"margin-left: 28pt;\"><span style=\"color: #c00000; font-family: Arial;\">\u00ab\u00a0<strong>TikTok<\/strong>, aussi appel\u00e9 <strong>Douyin,<\/strong> est une application mobile de partage de vid\u00e9o et de r\u00e9seautage social lanc\u00e9e en septembre 2016. Elle est d\u00e9velopp\u00e9e par l&rsquo;entreprise chinoise <strong>ByteDance<\/strong>. Son logo \u00e9voque une note musicale.\u00a0\u00bb<br \/>\n<\/span><\/p>\n<p style=\"margin-left: 28pt;\"><span style=\"color: #c00000; font-family: Arial;\">Lanc\u00e9e par <strong>Zhang Yiming<\/strong> en septembre 2016, l&rsquo;application s&rsquo;est tr\u00e8s vite d\u00e9velopp\u00e9e. TikTok est le principal service de ce type en Asie, et l&rsquo;application est consid\u00e9r\u00e9e comme celle ayant la plus forte croissance tous pays confondus. Elle est l&rsquo;application de partage de clips qui rassemble la plus grande communaut\u00e9. En juin 2018, TikTok atteint les 500 millions d&rsquo;utilisateurs actifs mensuellement. Au cours du premier trimestre de l&rsquo;ann\u00e9e 2018, elle est la premi\u00e8re application mobile en nombre de t\u00e9l\u00e9chargements (45,8 millions selon des estimations).\u00a0\u00bb<br \/>\n<\/span><\/p>\n<p><span style=\"color: #777777; font-family: Arial;\">Zhang Yiming qui est un ing\u00e9nieur chinois, avant TikTok, avait donc cr\u00e9\u00e9 en 2012 <span style=\"color: #0000ff;\">&lt;<a style=\"color: #0000ff;\" href=\"https:\/\/fr.wikipedia.org\/wiki\/ByteDance\">ByteDance<\/a><\/span>&gt; qui est sp\u00e9cialis\u00e9e en intelligence artificielle et bas\u00e9e \u00e0 P\u00e9kin. Son objectif est la conception d&rsquo;une \u00ab Super Intelligence \u00bb qui d\u00e9passerait les travaux occidentaux en mati\u00e8re d&rsquo;Intelligence Artificielle. En ao\u00fbt 2018, Bytedance op\u00e8re une lev\u00e9e de fonds de pr\u00e8s de 3 milliards de dollars ce qui en fait la startup la plus valoris\u00e9e au monde, \u00e0 75 milliards, devant Uber.<br \/>\n<\/span><\/p>\n<p><span style=\"color: #777777; font-family: Arial;\">Si vous voulez en savoir plus vous pouvez lire cet article\u00a0: <a href=\"https:\/\/siecledigital.fr\/2019\/05\/28\/bytedance-geant-derriere-tiktok\/\"><span style=\"color: #0000ff;\">&lt;Bytedance le g\u00e9ant derri\u00e8re tiktok&gt;<\/span><\/a><br \/>\n<\/span><\/p>\n<p><span style=\"color: #777777; font-family: Arial;\">Fin 2019, l&rsquo;application compte d\u00e9sormais plus d&rsquo;un milliard d&rsquo;utilisateurs et connait un succ\u00e8s chez les adolescents aussi bien \u00e0 l&rsquo;Ouest qu&rsquo;\u00e0 l&rsquo;Est<br \/>\n<\/span><\/p>\n<p><span style=\"color: #777777; font-family: Arial;\">Cette <span style=\"color: #0000ff;\"><a style=\"color: #0000ff;\" href=\"https:\/\/fr.statista.com\/infographie\/16946\/nombre-de-telechargements-application-tiktok\/\">page<\/a><\/span>, graphique \u00e0 l&rsquo;appui affirme que \u00ab\u00a0<span style=\"color: #c00000;\">TikTok est la nouvelle appli pr\u00e9f\u00e9r\u00e9e des ados<span style=\"color: #777777;\">\u00a0\u00bb<br \/>\n<\/span><\/span><\/span><\/p>\n<p><a href=\"https:\/\/www.lemonde.fr\/pixels\/article\/2018\/10\/05\/comprendre-tik-tok-l-application-preferee-des-ados-fans-de-play-back_5365205_4408996.html\"><span style=\"font-family: Arial;\"><span style=\"color: #0000ff;\">&lt;Cet article du Monde&gt;<\/span><\/span><\/a><span style=\"color: #777777; font-family: Arial;\"> que j&rsquo;ai survol\u00e9 semble expliquer assez pr\u00e9cis\u00e9ment ce que l&rsquo;on peut faire sur TikTok.<br \/>\n<\/span><\/p>\n<p><span style=\"color: #777777; font-family: Arial;\">Pour ma part ce qui m&rsquo;interpelle c&rsquo;est qu&rsquo;en f\u00e9vrier 2019, Tik Tok a \u00e9t\u00e9 condamn\u00e9 aux \u00c9tats-Unis \u00e0 une amende record de 5,7 millions de dollars par la Federal Trade Commission. La plateforme avait \u00e9t\u00e9 reconnue coupable d&rsquo;avoir ill\u00e9galement collect\u00e9e les donn\u00e9es d&rsquo;enfants de moins de 13 ans.<br \/>\n<\/span><\/p>\n<p><span style=\"color: #777777; font-family: Arial;\">La m\u00eame ann\u00e9e, l&rsquo;United States Navy de l&rsquo;arm\u00e9e am\u00e9ricaine ordonne \u00e0 ses soldats de d\u00e9sinstaller l&rsquo;application chinoise des smartphones militaires pour des raisons de cybers\u00e9curit\u00e9.<br \/>\n<\/span><\/p>\n<p><a href=\"https:\/\/www.presse-citron.net\/apres-etats-unis-tiktok-sous-le-coup-enquete-au-royaume-uni\/\"><span style=\"font-family: Arial;\"><span style=\"color: #0000ff;\">&lt;Ce site&gt;<\/span><\/span><\/a><span style=\"color: #777777; font-family: Arial;\"> nous apprend que le Royaume Uni a \u00e9galement engag\u00e9 une enqu\u00eate sur les agissements de TikTok et s&rsquo;inqui\u00e8te notamment de la faible protection des donn\u00e9es qui pourrait faciliter les agissements de pr\u00e9dateurs sexuels. Dans Wikipedia il est question de reproche d&rsquo;encourager le narcissisme et l&rsquo;hypersexualisation de ses utilisateurs, souvent tr\u00e8s jeunes.<br \/>\n<\/span><\/p>\n<p><span style=\"color: #777777; font-family: Arial;\">Le journal l&rsquo;Opinion a ainsi publi\u00e9 un article dont le titre est r\u00e9v\u00e9lateur\u00a0: \u00ab\u00a0<span style=\"color: #0000ff;\"><a style=\"color: #0000ff;\" href=\"https:\/\/www.lopinion.fr\/edition\/economie\/tiktok-l-appli-dont-jeunes-raffolentet-pedophiles-aussi-191038\">TikTok, l&rsquo;appli dont les jeunes raffolent&#8230;et les p\u00e9dophiles aussi\u00a0<\/a><\/span>\u00bb<br \/>\n<\/span><\/p>\n<p><span style=\"color: #777777; font-family: Arial;\">R\u00e9sumons, un entrepreneur chinois f\u00e9ru d&rsquo;intelligence artificielle met \u00e0 la disposition des adolescents chinois et du monde entier une application \u00ab\u00a0sympa\u00a0\u00bb de partage dans laquelle ces jeunes vont pouvoir s&rsquo;identifier, s&rsquo;exprimer, cr\u00e9er, r\u00e9v\u00e9ler ce qu&rsquo;ils aiment, d\u00e9voiler un peu leurs id\u00e9es et aussi leurs angoisses comme par exemple la crainte d&rsquo;une 3<sup>\u00e8me<\/sup> guerre mondiale. Cette application permet \u00e0 des pr\u00e9dateurs sexuels de trouver un nouvel espace de chasse. Parall\u00e8lement\u00a0; l&rsquo;intelligence artificielle chinoise peut collecter et analyser des milliards de donn\u00e9es offertes gratuitement par les adolescents du monde entier et notamment occidentaux.<br \/>\n<\/span><\/p>\n<p><span style=\"color: #777777; font-family: Arial;\">Il me semblait utile de citer \u00ab\u00a0TikTok\u00a0\u00bb dans les mots qui font l&rsquo;actualit\u00e9.<br \/>\n<\/span><\/p>\n<p><span style=\"color: #c00000; font-family: Arial;\">&lt;1342&gt;<\/span><\/p>\n","protected":false},"excerpt":{"rendered":"<p>\u00ab\u00a0TikTok\u00a0\u00bb R\u00e9seau social, nouvelle application pr\u00e9f\u00e9r\u00e9e des adolescents Lorsque j&rsquo;ai \u00e9voqu\u00e9, hier, la vid\u00e9o qui serait \u00e0 l&rsquo;origine de la popularisation de l&rsquo;expression \u00ab ok boomer \u00bb, j&rsquo;ai omis de dire que cette vid\u00e9o avait \u00e9t\u00e9 publi\u00e9e sur le r\u00e9seau<\/p>\n","protected":false},"author":1,"featured_media":0,"comment_status":"open","ping_status":"closed","sticky":false,"template":"","format":"standard","meta":{"footnotes":""},"categories":[1],"tags":[101,39,171],"class_list":["post-7994","post","type-post","status-publish","format-standard","hentry","category-motdujour","tag-intelligence-artificielle","tag-jeunesse","tag-reseaux-sociaux"],"_links":{"self":[{"href":"https:\/\/lemotdujour.fr\/index.php?rest_route=\/wp\/v2\/posts\/7994","targetHints":{"allow":["GET"]}}],"collection":[{"href":"https:\/\/lemotdujour.fr\/index.php?rest_route=\/wp\/v2\/posts"}],"about":[{"href":"https:\/\/lemotdujour.fr\/index.php?rest_route=\/wp\/v2\/types\/post"}],"author":[{"embeddable":true,"href":"https:\/\/lemotdujour.fr\/index.php?rest_route=\/wp\/v2\/users\/1"}],"replies":[{"embeddable":true,"href":"https:\/\/lemotdujour.fr\/index.php?rest_route=%2Fwp%2Fv2%2Fcomments&post=7994"}],"version-history":[{"count":10,"href":"https:\/\/lemotdujour.fr\/index.php?rest_route=\/wp\/v2\/posts\/7994\/revisions"}],"predecessor-version":[{"id":8007,"href":"https:\/\/lemotdujour.fr\/index.php?rest_route=\/wp\/v2\/posts\/7994\/revisions\/8007"}],"wp:attachment":[{"href":"https:\/\/lemotdujour.fr\/index.php?rest_route=%2Fwp%2Fv2%2Fmedia&parent=7994"}],"wp:term":[{"taxonomy":"category","embeddable":true,"href":"https:\/\/lemotdujour.fr\/index.php?rest_route=%2Fwp%2Fv2%2Fcategories&post=7994"},{"taxonomy":"post_tag","embeddable":true,"href":"https:\/\/lemotdujour.fr\/index.php?rest_route=%2Fwp%2Fv2%2Ftags&post=7994"}],"curies":[{"name":"wp","href":"https:\/\/api.w.org\/{rel}","templated":true}]}}