{"id":7989,"date":"2020-02-03T02:10:24","date_gmt":"2020-02-03T01:10:24","guid":{"rendered":"http:\/\/lemotdujour.fr\/?p=7989"},"modified":"2020-02-02T23:45:34","modified_gmt":"2020-02-02T22:45:34","slug":"lundi-3-fevrier-2020","status":"publish","type":"post","link":"https:\/\/lemotdujour.fr\/?p=7989","title":{"rendered":"Lundi 3 f\u00e9vrier 2020"},"content":{"rendered":"<div class=\"mdjTexte\">\u00ab&nbsp;OK boomer&nbsp;\u00bb<\/div>\n<div class=\"mdjAuteur\">Interjection visant \u00e0 faire taire un senior en train d\u2019exprimer son opinion<\/div>\n<p><span style=\"color: #777777; font-family: Arial;\">Cette fois nous sommes en pr\u00e9sence d&rsquo;une expression tr\u00e8s r\u00e9cente et qui gr\u00e2ce aux r\u00e9seaux sociaux et \u00e0 l&rsquo;internet s&rsquo;est r\u00e9pandue dans le monde comme une train\u00e9e de poudre.<br \/>\n<\/span><\/p>\n<p><span style=\"color: #777777; font-family: Arial;\">Pour qu&rsquo;elle puisse \u00eatre lanc\u00e9e il faut imaginer au moins deux personnes. S&rsquo;il y a du public en plus, c&rsquo;est mieux.<br \/>\n<\/span><\/p>\n<p><span style=\"color: #777777; font-family: Arial;\">Il faut une personne de mon \u00e2ge, plus pr\u00e9cis\u00e9ment n\u00e9 apr\u00e8s 1945 et gu\u00e8re au-del\u00e0 de 1960. Ces personnes qu&rsquo;on appelle \u00ab&nbsp;baby boomer&nbsp;\u00bb, parce que n\u00e9 en Occident pendant la p\u00e9riode du baby boom.<br \/>\n<\/span><\/p>\n<p><span style=\"color: #777777; font-family: Arial;\">En face, il faut une autre personne qui est n\u00e9e nettement apr\u00e8s cette p\u00e9riode.<br \/>\n<\/span><\/p>\n<p><span style=\"color: #777777; font-family: Arial;\">La sc\u00e8ne commence soit parce que \u00ab&nbsp;le vieux&nbsp;\u00bb exprime des id\u00e9es qu&rsquo;il pense tirer de son exp\u00e9rience, soit parce que le \u00ab&nbsp;jeune&nbsp;\u00bb exprime des id\u00e9es et que le \u00ab&nbsp;vieux&nbsp;\u00bb r\u00e9plique avec des arguments qu&rsquo;il croit justifi\u00e9s par son corpus intellectuel.<br \/>\n<\/span><\/p>\n<p><span style=\"color: #777777; font-family: Arial;\">Et la r\u00e9plique du jeune fuse&nbsp;:<br \/>\n<\/span><\/p>\n<p><span style=\"color: #777777; font-family: Arial;\"><strong>\u00ab&nbsp;Ok boomer&nbsp;!\u00bb.<br \/>\n<\/strong><\/span><\/p>\n<p><span style=\"color: #777777; font-family: Arial;\">Dans l&rsquo;esprit du jeune, cette r\u00e9plique doit avoir pour effet de clore la discussion \u00e0 peine entam\u00e9e.<br \/>\n<\/span><\/p>\n<p><span style=\"color: #777777; font-family: Arial;\">Voici <span style=\"color: #0000ff;\"><a style=\"color: #0000ff;\" href=\"https:\/\/www.youtube.com\/watch?v=OxJsPXrEqCI\">Chlo\u00e9 Swarbrick<\/a><\/span>, d\u00e9put\u00e9e n\u00e9o-z\u00e9landaise de 25 ans interrompue par un de ses coll\u00e8gues, plus \u00e2g\u00e9s, pendant qu&rsquo;elle s&rsquo;exprimait au Parlement n\u00e9o-z\u00e9landais. Elle lance l&rsquo;expression cinglante et continue son discours comme s&rsquo;il ne s&rsquo;\u00e9tait rien pass\u00e9.<br \/>\n<\/span><\/p>\n<p><span style=\"color: #777777; font-family: Arial;\">Sur une page de &lt;<span style=\"color: #0000ff;\"><a style=\"color: #0000ff;\" href=\"https:\/\/www.liberation.fr\/checknews\/2019\/11\/20\/l-expression-ok-boomer-vient-elle-de-l-alt-right-americaine_1764284\">Lib\u00e9ration<\/a><\/span>&gt; qui s&rsquo;interroge pour savoir si cette expression vient de l&rsquo;extr\u00eame droite am\u00e9ricaine et y r\u00e9pond par la n\u00e9gative, on apprend que The Guardian avait donn\u00e9 la parole \u00e0 la jeune d\u00e9put\u00e9e n\u00e9o-z\u00e9landaise qui avait utilis\u00e9 la formule avec beaucoup de succ\u00e8s m\u00e9diatique&nbsp;:<br \/>\n<\/span><\/p>\n<p style=\"margin-left: 28pt;\"><span style=\"color: #c00000; font-family: Arial;\">\u00abMa remarque \u00ab\u00a0OK boomer\u00a0\u00bb au Parlement \u00e9tait spontan\u00e9e, bien que symbolique de l&rsquo;\u00e9puisement collectif de plusieurs g\u00e9n\u00e9rations qui allaient h\u00e9riter de probl\u00e8mes qui s&rsquo;amplifient de plus en plus dans une p\u00e9riode de temps de plus en plus courte. Il s&rsquo;agissait d&rsquo;une r\u00e9ponse \u2013 comme il va de soi \u2013 \u00e0 un d\u00e9luge de chahut dans une Assembl\u00e9e parlementaire qui, \u00e0 l&rsquo;heure actuelle, d\u00e9tourne beaucoup trop de gens ordinaires de la politique.\u00bb<br \/>\n<\/span><\/p>\n<p><span style=\"color: #777777; font-family: Arial;\">On parle d&rsquo;un \u00ab&nbsp;<span style=\"color: #0000ff;\"><a style=\"color: #0000ff;\" href=\"https:\/\/fr.wikipedia.org\/wiki\/M%C3%A8me\">m\u00e8me<\/a><\/span>&nbsp;\u00bb. Wikipedia explique qu&rsquo;il s&rsquo;agit d&rsquo;\u00ab <strong>un \u00e9l\u00e9ment de langage reconnaissable et transmis par r\u00e9p\u00e9tition d&rsquo;un individu \u00e0 d&rsquo;autres<\/strong> \u00bb. Le terme anglais m\u00e8me a \u00e9t\u00e9 propos\u00e9 pour la premi\u00e8re fois par Richard Dawkins dans Le G\u00e8ne \u00e9go\u00efste (1976) et provient d&rsquo;une association entre g\u00e8ne et mimesis (du grec \u00ab imitation \u00bb). Dawkins construit \u00e9galement ce terme pour sa ressemblance avec le mot fran\u00e7ais \u00ab m\u00eame \u00bb (bien que ce dernier ait une \u00e9tymologie diff\u00e9rente).<br \/>\n<\/span><\/p>\n<p><img loading=\"lazy\" decoding=\"async\" class=\"alignleft\" src=\"https:\/\/lemotdujour.fr\/wp-content\/uploads\/2020\/02\/020220_1904_Lundi3fvrie1.png\" alt=\"\" width=\"387\" height=\"282\" align=\"left\"><span style=\"color: #777777; font-family: Arial;\">Le journaliste de Lib\u00e9ration &lt;<a href=\"https:\/\/www.liberation.fr\/france\/2019\/12\/27\/ok-boomer_1771236\"><span style=\"color: #0000ff;\">Luc Le Vaillant<\/span><\/a> &gt; traduit l&rsquo;expression de mani\u00e8re assez triviale&nbsp;: \u00ab<strong>ta gueule, vieux con<\/strong>&nbsp;!\u00bb.<br \/>\n<\/span><\/p>\n<p><span style=\"color: #777777; font-family: Arial;\">Dans ce &lt;<span style=\"color: #0000ff;\"><a style=\"color: #0000ff;\" href=\"https:\/\/www.franceculture.fr\/emissions\/l%3cBillet%20politique%20du%2020%20decembre%202019\">Billet politique du 20\/12\/2019<\/a><\/span>&gt; St\u00e9phane Robert est un peu plus diplomate&nbsp;:<br \/>\n<\/span><\/p>\n<p style=\"margin-left: 28pt;\"><span style=\"color: #c00000; font-family: Arial;\">\u00ab&nbsp;Il s&rsquo;agit d&rsquo;un \u00ab\u00a0m\u00e8me\u00a0\u00bb pour reprendre un anglicisme, autrement dit d&rsquo;une id\u00e9e, d&rsquo;un concept, qui se diffuse de fa\u00e7on virale sur les r\u00e9seaux sociaux, sur internet. Et qui est une mani\u00e8re polie qu&rsquo;a trouv\u00e9 la jeunesse de dire aux personnes d&rsquo;un certain \u00e2ge qui leur font la le\u00e7on (en l&rsquo;occurrence \u00e0 la g\u00e9n\u00e9ration vieillissante des \u00ab\u00a0baby boomers\u00a0\u00bb) qu&rsquo;elles feraient mieux de se taire.<br \/>\n<\/span><\/p>\n<p style=\"margin-left: 28pt;\"><span style=\"color: #c00000; font-family: Arial;\">Autrement dit, c&rsquo;est une insulte qui renvoie les vieux \u00e0 ce qu&rsquo;ils sont, des vieux, mais c&rsquo;est une insulte qui reste polie. ok boomer ! : \u00ab\u00a0vas-y, cause, tu peux causer, de toute fa\u00e7on, ce que tu dis, c&rsquo;est des \u00ab\u00a0trucs\u00a0\u00bb de vieux, \u00e7a ne m&rsquo;int\u00e9resse pas\u00a0\u00bb.<br \/>\n<\/span><\/p>\n<p style=\"margin-left: 28pt;\"><span style=\"color: #c00000; font-family: Arial;\">[\u2026]\u00a0\u00bbCause papy. De toute fa\u00e7on, tu es vieux, tu vas bient\u00f4t mourir (ou quelque chose dans ce go\u00fbt-l\u00e0)&#8230;\u00a0\u00bb[\u2026]<br \/>\n<\/span><\/p>\n<p style=\"margin-left: 28pt;\"><span style=\"color: #c00000; font-family: Arial;\">Elle t\u00e9moigne d&rsquo;une rupture g\u00e9n\u00e9rationnelle, \u00e9crivait il y a quelques mois le New York Times.<br \/>\n<\/span><\/p>\n<p style=\"margin-left: 28pt;\"><span style=\"color: #c00000; font-family: Arial;\">Plus encore peut-\u00eatre, elle marque une fracture et un basculement entre le monde d&rsquo;hier o\u00f9 l&rsquo;on imaginait que l&rsquo;humanit\u00e9 se dirigeait de fa\u00e7on continue et in\u00e9luctable vers le progr\u00e8s et le bien-\u00eatre, et le monde qui vient o\u00f9 les jeunes g\u00e9n\u00e9rations ont la certitude qu&rsquo;elles vivront demain moins bien qu&rsquo;hier.&nbsp;\u00bb<br \/>\n<\/span><\/p>\n<p><span style=\"color: #777777; font-family: Arial;\">Brice Couturier dans sa chronique le Tour du mondes id\u00e9es du 2 d\u00e9cembre 2019&nbsp;: &lt; \u00ab\u00a0<span style=\"color: #0000ff;\"><a style=\"color: #0000ff;\" href=\"%22OK,%20Boomer%22%20:%20les%2055\/75%20ans,%20\u00e0%20leur%20tour%20victime%20d'une%20r\u00e9volte%20g\u00e9n\u00e9rationnelle\">OK, Boomer\u00a0\u00bb : les 55\/75 ans, \u00e0 leur tour victime d&rsquo;une r\u00e9volte g\u00e9n\u00e9rationnelle<\/a><\/span>&gt; donne l&rsquo;origine de ce m\u00e8me&nbsp;:<br \/>\n<\/span><\/p>\n<p style=\"margin-left: 28pt;\"><span style=\"color: #c00000; font-family: Arial;\"> \u00ab&nbsp; Selon des sources qui paraissent mieux inform\u00e9es, comme Cosmo Landesman, dans The Spectator britannique, tout a commenc\u00e9 lorsqu&rsquo;un homme d&rsquo;\u00e2ge m\u00fbr a fait circuler sur un r\u00e9seau social, une vid\u00e9o dans laquelle il d\u00e9non\u00e7ait la jeune g\u00e9n\u00e9ration. Cette classe d&rsquo;\u00e2ge, disait-il, refuse de grandir ; elle souffre du syndrome de Peter Pan. Aussit\u00f4t, un des jeunes en question a post\u00e9 \u00ab OK, Boomer ! \u00bb. Et ce slogan est devenu viral. Il sert dor\u00e9navant [aux jeunes] \u00e0 accuser celle qui est n\u00e9e entre 1945 et 1965 de lui l\u00e9guer un h\u00e9ritage empoisonn\u00e9. &nbsp;\u00bb<br \/>\n<\/span><\/p>\n<p><span style=\"color: #777777; font-family: Arial;\">Et Brice Couturier continue \u00e0 citer Cosmo Landesman<br \/>\n<\/span><\/p>\n<p style=\"margin-left: 28pt;\"><span style=\"color: #c00000; font-family: Arial;\">\u00ab L&rsquo;antipathie \u00e9prouv\u00e9e par [les jeunes] envers les baby-boomers, est bas\u00e9e sur toutes les raisons pr\u00e9visibles : pour leur condescendance envers les jeunes, bien entendu, mais surtout pour avoir pr\u00e9cipit\u00e9 le changement climatique, amass\u00e9 des dettes publiques, augment\u00e9 le co\u00fbt des \u00e9tudes, pouss\u00e9 les cours de l&rsquo;immobilier \u00e0 la hausse\u2026 et \u00e9lu Donald Trump. \u00bb Mais ce que les jeunes reprochent surtout aux 55 ans-75 ans, c&rsquo;est de s&rsquo;accrocher au pouvoir, alors que tourne l&rsquo;horloge biologique.&nbsp;\u00bb<br \/>\n<\/span><\/p>\n<p><span style=\"color: #777777; font-family: Arial;\">Il cite aussi des baby-boomers qui donnent du grain \u00e0 moudre au d\u00e9veloppement de \u00ab&nbsp;ok boomer&nbsp;\u00bb<br \/>\n<\/span><\/p>\n<p style=\"margin-left: 28pt;\"><span style=\"color: #c00000; font-family: Arial;\">\u00ab&nbsp;C&rsquo;est bien fait pour nous, \u00e9crit Andrew Ferguson, lui-m\u00eame enfant du baby-boom, puisqu&rsquo;il est de la cuv\u00e9e 1956. Oui, car c&rsquo;est nous qui avons lanc\u00e9 l&rsquo;antagonisme inter-g\u00e9n\u00e9rationnel, en attaquant nos parents. Ils appartenaient, eux, \u00e0 la g\u00e9n\u00e9ration qu&rsquo;aux Etats-Unis, on qualifie \u00e0 pr\u00e9sent de \u00ab G\u00e9n\u00e9ration du silence \u00bb, parce qu&rsquo;ils ne se plaignaient pas, malgr\u00e9 les \u00e9preuves. Ils auraient eu pourtant bien des raisons de se moquer des illusions des baby-boomers.<br \/>\n<\/span><\/p>\n<p style=\"margin-left: 28pt;\"><span style=\"color: #c00000; font-family: Arial;\">Et Ferguson d&rsquo;en citer trois, assez cruelles en effet : le Viet-Cong est un mouvement r\u00e9formiste agrarien, les capotes ne valent pas l&rsquo;ennui de les mettre, Yoko Ono est une artiste\u2026<br \/>\n<\/span><\/p>\n<p style=\"margin-left: 28pt;\"><span style=\"color: #c00000; font-family: Arial;\">Cosmo Landesman, de son c\u00f4t\u00e9, se moque des baby-boomers qui, apr\u00e8s s&rsquo;\u00eatre bien amus\u00e9s durant leur jeunesse, s&rsquo;auto-flagellent \u00e0 pr\u00e9sent, pour tenter d&rsquo;obtenir l&rsquo;approbation des jeunes. Et il cite le livre de l&rsquo;ancien Secr\u00e9taire d&rsquo;Etat aux Universit\u00e9s du gouvernement Cameron, David Willetts. Celui-ci a en effet publi\u00e9 un livre intitul\u00e9 \u00ab&nbsp;The Pinch&nbsp;\u00bb, sous-titre : \u00ab&nbsp;<strong>comment les baby-boomers ont vol\u00e9 l&rsquo;avenir de leurs enfants&nbsp;\u00bb.<\/strong> Selon ce dernier, sa g\u00e9n\u00e9ration est largement b\u00e9n\u00e9ficiaire de l&rsquo;Etat-providence. Elle en retirerait approximativement 118\u202f% de ce qu&rsquo;elle y aurait investi ; la diff\u00e9rence \u00e9tant acquitt\u00e9e par ses descendants. Les baby-boomers ont \u00e9galement acquis et tentent de conserver une position h\u00e9g\u00e9monique sur le plan culturel. &nbsp;\u00bb<br \/>\n<\/span><\/p>\n<p><span style=\"color: #777777; font-family: Arial;\">Thibaut D\u00e9l\u00e9az pr\u00e9dit dans &lt;<span style=\"color: #0000ff;\"><a style=\"color: #0000ff;\" href=\"https:\/\/www.lepoint.fr\/societe\/ok-boomer-la-formule-generationnelle-qui-sera-le-refrain-de-2020--01-01-2020-2355618_23.php\">Le Point<\/a><\/span>&gt;&nbsp;: que <strong>\u00ab OK boomer \u00bb sera le refrain de 2020 <\/strong>et fait cette analyse<strong>&nbsp;: <\/strong><br \/>\n<\/span><\/p>\n<p style=\"margin-left: 28pt;\"><span style=\"color: #c00000; font-family: Arial;\">\u00ab&nbsp;Pour certains, cette expression symboliserait un m\u00e9pris des jeunes g\u00e9n\u00e9rations envers leurs a\u00een\u00e9s. La r\u00e9alit\u00e9 est un peu plus compliqu\u00e9e. [\u2026]<br \/>\n<\/span><\/p>\n<p style=\"margin-left: 28pt;\"><span style=\"color: #c00000; font-family: Arial;\"> \u00ab Personne ne conna\u00eet les causes du changement du climat mondial. Nous savons que notre Terre a connu des p\u00e9riodes de r\u00e9chauffement et de refroidissement, et cela peut d\u00e9pendre de processus dans l&rsquo;Univers. \u00bb Tels ces propos tenus par le pr\u00e9sident russe Vladimir Poutine mi-d\u00e9cembre, voil\u00e0 le genre de phrase qui peut valoir \u00e0 sa g\u00e9n\u00e9ration de se faire r\u00e9torquer par les plus jeunes \u00ab OK boomer \u00bb. Traduction : \u00ab OK, t&rsquo;es encore bloqu\u00e9 dans ton \u00e9poque, t&rsquo;as rien compris. \u00bb [\u2026]<br \/>\n<\/span><\/p>\n<p style=\"margin-left: 28pt;\"><span style=\"color: #c00000; font-family: Arial;\">Mais que cache cette expression ? La d\u00e9put\u00e9e LREM Audrey Dufeu Schubert s&rsquo;inqui\u00e8te dans Le Parisien d&rsquo;une formule qui donne \u00ab dans la censure de la parole des personnes \u00e2g\u00e9es \u00bb. \u00ab Cela participe \u00e0 l&rsquo;\u00e2gisme, qui est, en effet, une forme de racisme, du moins une discrimination. \u00bb [\u2026]<br \/>\n<\/span><\/p>\n<p style=\"margin-left: 28pt;\"><span style=\"color: #c00000; font-family: Arial;\">La r\u00e9alit\u00e9 est plus complexe que \u00e7a. Aux \u00c9tats-Unis, o\u00f9 est n\u00e9e l&rsquo;expression, les mill\u00e9niaux, \u00ab sont plus pauvres que les g\u00e9n\u00e9rations avant eux, et pourraient ne jamais les rattraper \u00bb, explique le Wall Street Journal. Avec \u00ab OK boomer \u00bb, les jeunes g\u00e9n\u00e9rations ne s&rsquo;adressent pas aux personnes \u00e2g\u00e9es dans leur ensemble, mais \u00e0 leurs a\u00een\u00e9s n\u00e9s apr\u00e8s-guerre, qui ont connu l&rsquo;\u00e2ge d&rsquo;or de la reprise \u00e9conomique, le plein-emploi ou ont pu utiliser et gaspiller les ressources de la plan\u00e8te sans compter, quand eux connaissent plus de ch\u00f4mage, des emplois pr\u00e9caires, ont travers\u00e9 la crise de 2008 et se retrouvent \u00e0 devoir g\u00e9rer la crise \u00e9cologique. [\u2026]<br \/>\n<\/span><\/p>\n<p style=\"margin-left: 28pt;\"><span style=\"color: #c00000; font-family: Arial;\">Le climat est d&rsquo;ailleurs, de loin, la premi\u00e8re raison d&rsquo;\u00eatre du mouvement \u00ab OK boomer \u00bb selon les \u00e9tudiants interrog\u00e9s par Student Pop. Viennent ensuite les salaires et aides, le gouvernement et le logement. \u00ab Il n&rsquo;y a pas tant un conflit de valeurs qu&rsquo;une demande des jeunes d&rsquo;avoir les m\u00eames chances dans la vie que leurs a\u00een\u00e9s, analyse sur France info le sociologue Camille Peugny. C&rsquo;est surtout une g\u00e9n\u00e9ration qui peine \u00e0 se faire entendre par la classe politique, alors qu&rsquo;elle est l&rsquo;avenir. \u00bb<br \/>\n<\/span><\/p>\n<p><span style=\"color: #777777; font-family: Arial;\">Sur le site \u00ab&nbsp;Mr Mondialisation&nbsp;\u00bb vous pourrez lire un article cons\u00e9quent publi\u00e9 en d\u00e9cembre 2019&nbsp;: <a href=\"https:\/\/mrmondialisation.org\/ok-boomer-un-terme-plus-profond-que-vous-imaginez\/\"><span style=\"color: #0000ff;\">&lt;\u00ab Ok Boomer \u00bb : un terme plus profond que vous imaginez\u2026<\/span><\/a>&gt;<br \/>\n<\/span><\/p>\n<p><span style=\"color: #777777; font-family: Arial;\">Bien que je sois un \u00ab&nbsp;baby boomer&nbsp;\u00bb je dois conc\u00e9der que je comprends l&rsquo;agacement des jeunes g\u00e9n\u00e9rations sur ces diff\u00e9rents points.<br \/>\n<\/span><\/p>\n<p><span style=\"color: #777777; font-family: Arial;\">Le monde r\u00eav\u00e9 des baby boomers est d&rsquo;ailleurs en train de se heurter \u00e0 l&rsquo;\u00e9volution des mentalit\u00e9s. Ainsi, un article du 17 d\u00e9cembre 2019 signale qu&rsquo;aux Etats-Unis, \u00ab<span style=\"color: #0000ff;\">&nbsp;<\/span><a href=\"https:\/\/www.lavieimmo.com\/immobilier-international\/aux-etats-unis-les-grandes-maisons-des-baby-boomers-ne-trouvent-plus-preneurs-47438.html\"><span style=\"color: #0000ff;\">les grandes maisons des baby-boomers ne trouvent plus preneurs.<\/span>&nbsp;<\/a>\u00bb&nbsp;:<br \/>\n<\/span><\/p>\n<p style=\"margin-left: 28pt;\"><span style=\"color: #c00000; font-family: Arial;\">\u00ab&nbsp;Si les baby-boomers sont friands de grandes maisons, avec plusieurs chambres et d&rsquo;un style un peu ancien, c&rsquo;est loin d&rsquo;\u00eatre le cas des millennials. Ce qui cr\u00e9e un vrai probl\u00e8me sur le march\u00e9 immobilier.<br \/>\n<\/span><\/p>\n<p style=\"margin-left: 28pt;\"><span style=\"color: #c00000; font-family: Arial;\">(D&rsquo;un c\u00f4t\u00e9, il y a la g\u00e9n\u00e9ration des baby-boomers, qui ont eu plusieurs enfants et r\u00eavaient d&rsquo;un pavillon au soleil. De l&rsquo;autre, il y a la g\u00e9n\u00e9ration Y ou celle des millennials, qui ont moins d&rsquo;enfants et privil\u00e9gient davantage les centres-villes des grandes villes. Deux visions de la vie bien diff\u00e9rentes et qui ont du mal \u00e0 s&rsquo;accorder. Ce qui a une cons\u00e9quence directe sur le march\u00e9 immobilier am\u00e9ricain, rel\u00e8ve <a href=\"https:\/\/www.businessinsider.fr\/us\/millennials-vs-baby-boomers-big-houses-real-estate-market-problems-2019-3\" target=\"_blank\" rel=\"noopener noreferrer\"><span style=\"color: blue; text-decoration: underline;\"><em>Business Insider<\/em><\/span><\/a>, citant notamment des informations du <a href=\"https:\/\/www.wsj.com\/articles\/a-growing-problem-in-real-estate-too-many-too-big-houses-11553181782\" target=\"_blank\" rel=\"noopener noreferrer\"><span style=\"color: blue; text-decoration: underline;\"><em>Wall Street Journal<\/em><\/span><\/a> diffus\u00e9es plus t\u00f4t cette ann\u00e9e.<br \/>\n<\/span><\/p>\n<p style=\"margin-left: 28pt;\"><span style=\"color: #c00000; font-family: Arial;\">En effet, les millennials n&rsquo;ach\u00e8tent pas les maisons des baby-boomers. Ces derni\u00e8res sont grandes, poss\u00e8dent plusieurs chambres, et beaucoup d&rsquo;entre elles sont situ\u00e9es dans les \u00c9tats de la Sunbelt (comme l&rsquo;Arizona, la Floride ou la Caroline du Nord ou du Sud. Les millennials veulent des maisons plus petites, plus modernes, d&rsquo;un style \u00e9pur\u00e9. Ils d\u00e9sirent des conceptions minimalistes, loin des styles m\u00e9diterran\u00e9ens ou toscans chers aux baby-boomers. Ils choisissent des maisons o\u00f9 ils n&rsquo;auront pas de travaux d&rsquo;entretien \u00e0 entreprendre. Et ils privil\u00e9gient les villes o\u00f9 ils peuvent tout faire \u00e0 pied plut\u00f4t que les villas en p\u00e9riph\u00e9rie o\u00f9 la voiture est indispensable pour faire les courses.<br \/>\n<\/span><\/p>\n<p style=\"margin-left: 28pt;\"><span style=\"color: #c00000; font-family: Arial;\">[\u2026] R\u00e9sultat, les maisons construites avant 2012 se vendent avec des d\u00e9cotes importantes. Parfois pr\u00e8s de 50%. Il arrive m\u00eame que des propri\u00e9taires finissent par vendre moins cher que ce qu&rsquo;ils avaient d\u00e9bours\u00e9 pour construire leur maison. Il y a tout simplement trop de maisons trop grandes, avec 5 ou 6 chambres, notamment dans les r\u00e9gions ensoleill\u00e9es. Et cela ne devrait pas s&rsquo;arranger. Les m\u00e9nages du baby-boom poss\u00e8dent actuellement pr\u00e8s de 32 millions de maisons et repr\u00e9sentent pr\u00e8s des deux cinqui\u00e8mes des propri\u00e9taires aux Etats-Unis, selon <a href=\"https:\/\/www.fanniemae.com\/resources\/file\/research\/pdf\/housing-insights-homeowner-exodus-071118.pdf\" target=\"_blank\" rel=\"noopener noreferrer\"><span style=\"color: #0000ff;\">un rapport publi\u00e9 en 2018<\/span><\/a> par Fannie mae, l&rsquo;un des principaux organismes de refinancement hypoth\u00e9caires du pays. Or, le vieillissement des baby-boomers devrait entra\u00eener un surplus de biens \u00e0 vendre sur le march\u00e9 au cours de la prochaine d\u00e9cennie, au moment o\u00f9 certains d&rsquo;entre eux vont revendre leur bien pour aller en maison de retraite ou payer leurs frais de sant\u00e9.&nbsp;\u00bb<br \/>\n<\/span><\/p>\n<p><span style=\"color: #777777; font-family: Arial;\">On voit donc que la fin de vie des baby boomers risque d&rsquo;\u00eatre compliqu\u00e9e aussi\u2026aux Etats-Unis.<br \/>\n<\/span><\/p>\n<p><span style=\"color: #c00000; font-family: Arial;\">&lt;1341&gt;<\/span><\/p>\n","protected":false},"excerpt":{"rendered":"<p>\u00ab&nbsp;OK boomer&nbsp;\u00bb Interjection visant \u00e0 faire taire un senior en train d\u2019exprimer son opinion Cette fois nous sommes en pr\u00e9sence d&rsquo;une expression tr\u00e8s r\u00e9cente et qui gr\u00e2ce aux r\u00e9seaux sociaux et \u00e0 l&rsquo;internet s&rsquo;est r\u00e9pandue dans le monde comme une<\/p>\n","protected":false},"author":1,"featured_media":0,"comment_status":"open","ping_status":"closed","sticky":false,"template":"","format":"standard","meta":{"footnotes":""},"categories":[1],"tags":[39,171,7],"class_list":["post-7989","post","type-post","status-publish","format-standard","hentry","category-motdujour","tag-jeunesse","tag-reseaux-sociaux","tag-societe"],"_links":{"self":[{"href":"https:\/\/lemotdujour.fr\/index.php?rest_route=\/wp\/v2\/posts\/7989","targetHints":{"allow":["GET"]}}],"collection":[{"href":"https:\/\/lemotdujour.fr\/index.php?rest_route=\/wp\/v2\/posts"}],"about":[{"href":"https:\/\/lemotdujour.fr\/index.php?rest_route=\/wp\/v2\/types\/post"}],"author":[{"embeddable":true,"href":"https:\/\/lemotdujour.fr\/index.php?rest_route=\/wp\/v2\/users\/1"}],"replies":[{"embeddable":true,"href":"https:\/\/lemotdujour.fr\/index.php?rest_route=%2Fwp%2Fv2%2Fcomments&post=7989"}],"version-history":[{"count":3,"href":"https:\/\/lemotdujour.fr\/index.php?rest_route=\/wp\/v2\/posts\/7989\/revisions"}],"predecessor-version":[{"id":8008,"href":"https:\/\/lemotdujour.fr\/index.php?rest_route=\/wp\/v2\/posts\/7989\/revisions\/8008"}],"wp:attachment":[{"href":"https:\/\/lemotdujour.fr\/index.php?rest_route=%2Fwp%2Fv2%2Fmedia&parent=7989"}],"wp:term":[{"taxonomy":"category","embeddable":true,"href":"https:\/\/lemotdujour.fr\/index.php?rest_route=%2Fwp%2Fv2%2Fcategories&post=7989"},{"taxonomy":"post_tag","embeddable":true,"href":"https:\/\/lemotdujour.fr\/index.php?rest_route=%2Fwp%2Fv2%2Ftags&post=7989"}],"curies":[{"name":"wp","href":"https:\/\/api.w.org\/{rel}","templated":true}]}}