{"id":798,"date":"2014-07-30T02:00:00","date_gmt":"2014-07-29T22:00:00","guid":{"rendered":"http:\/\/lemotdujour.fr\/?p=798"},"modified":"2017-05-31T19:47:16","modified_gmt":"2017-05-31T17:47:16","slug":"mercredi-30072014","status":"publish","type":"post","link":"https:\/\/lemotdujour.fr\/?p=798","title":{"rendered":"Mercredi 30\/07\/2014"},"content":{"rendered":"<div class=\"mdjDate\">Mercredi 30\/07\/2014<\/div>\n<div class=\"mdjTexte\">\u00ab\u00a0Pendant les vacances, je ne fais rien !&#8230; Rien !<br \/>\nJe ne vais rien faire \u00bb.<\/div>\n<div class=\"mdjAuteur\">Raymond Devos<\/div>\n<div class=\"mdjComplements\">Il me semble que c&rsquo;est un mot du jour appropri\u00e9 en temps de vacances !<\/div>\n<div class=\"mdjComplements\"><a href=\"http:\/\/www.dailymotion.com\/video\/xaytoc_raymond-devos-ou-et-quand_fun\">&lt;Voil\u00e0 le sketche sur Daily Motion&gt;<\/a><\/div>\n<div class=\"mdjComplements\">Ci-apr\u00e8s un extrait du sketche<\/div>\n<div class=\"mdjCiter\">J&rsquo;avais dit : &#8211; \u00ab\u00a0Pendant les vacances, je ne fais rien !&#8230; Rien ! Je ne vais rien faire \u00ab\u00a0.<\/div>\n<div class=\"mdjCiter\">Je ne savais pas o\u00f9 aller. Comme j&rsquo;avais entendu dire : &#8211; \u00ab\u00a0A quand les vacances ?&#8230; A quand les vacances ?&#8230;\u00a0\u00bb<\/div>\n<div class=\"mdjCiter\">Je me dis : &#8211; \u00a0\u00bb Bon !&#8230; Je vais aller \u00e0 Caen&#8230;\u00a0\u00bb.<\/div>\n<div class=\"mdjCiter\">Et puis Caen !&#8230; \u00e7a tombait bien, je n&rsquo;avais rien \u00e0 y faire. Je boucle la valise&#8230; je vais pour prendre le car&#8230;<\/div>\n<div class=\"mdjCiter\">Je demande \u00e0 l&#8217;employ\u00e9 :<\/div>\n<div class=\"mdjCiter\">&#8211; Pour Caen, quelle heure ?<\/div>\n<div class=\"mdjCiter\">&#8211; Pour o\u00f9 ?<\/div>\n<div class=\"mdjCiter\">&#8211; Pour Caen !<\/div>\n<div class=\"mdjCiter\">&#8211; Comment voulez-vous que je vous dise quand, si je ne sais pas o\u00f9?<\/div>\n<div class=\"mdjCiter\">&#8211; Comment ? Vous ne savez pas o\u00f9 est Caen ?<\/div>\n<div class=\"mdjCiter\">&#8211; Si vous ne me le dites pas !<\/div>\n<div class=\"mdjCiter\">&#8211; Mais je vous ai dit Caen !<\/div>\n<div class=\"mdjCiter\">&#8211; Oui !&#8230; mais vous ne m&rsquo;avez pas dit o\u00f9 !<\/div>\n<div class=\"mdjCiter\">&#8211; Monsieur&#8230; je vous demande une petite minute d&rsquo;attention !<\/div>\n<div class=\"mdjCiter\">Je voudrais que vous me donniez l&rsquo;heure des d\u00e9parts des cars qui partent pour Caen !<\/div>\n<div class=\"mdjCiter\">&#8211; !!!&#8230;<\/div>\n<div class=\"mdjCiter\">&#8211; Enfin !&#8230; Caen !&#8230; dans le Calvados !&#8230;<\/div>\n<div class=\"mdjCiter\">&#8211; C&rsquo;est vague !<\/div>\n<div class=\"mdjCiter\">-&#8230;En Normandie !&#8230; Ma parole ! Vous d\u00e9barquez !<\/div>\n<div class=\"mdjCiter\">&#8211; Ah !&#8230; l\u00e0 o\u00f9 a eu lieu le d\u00e9barquement !&#8230; En Normandie !<\/div>\n<div class=\"mdjCiter\">&#8211; A Caen&#8230; L\u00e0 !<\/div>\n<div class=\"mdjCiter\">&#8211; Prenez le car.<\/div>\n<div class=\"mdjCiter\">&#8211; Il part quand?<\/div>\n<div class=\"mdjCiter\">&#8211; Il part au quart.<\/div>\n<div class=\"mdjCiter\">&#8211; !!!&#8230; Mais (regardant sa montre)&#8230; le quart est pass\u00e9 !<\/div>\n<div class=\"mdjCiter\">&#8211; Ah ! Si le car est pass\u00e9, vous l&rsquo;avez rat\u00e9.<\/div>\n<div class=\"mdjCiter\">&#8211; !!!&#8230; Alors&#8230; et le prochain?<\/div>\n<div class=\"mdjCiter\">&#8211; Il part \u00e0 S\u00e8te.<\/div>\n<div class=\"mdjCiter\">&#8211; Mais il va \u00e0 Caen?<\/div>\n<div class=\"mdjCiter\">&#8211; Non il va \u00e0 S\u00e8te.<\/div>\n<div class=\"mdjCiter\">&#8211; Mais, moi, je ne veux pas aller \u00e0 S\u00e8te&#8230; Je veux aller \u00e0 Caen !<\/div>\n<div class=\"mdjCiter\">&#8211; D&rsquo;abord, qu&rsquo;est-ce que vous allez faire \u00e0 Caen ?<\/div>\n<div class=\"mdjCiter\">&#8211; Rien !&#8230; rien !&#8230; Je n&rsquo;ai rien \u00e0 y faire !<\/div>\n<div class=\"mdjCiter\">&#8211; Alors, si vous n&rsquo;avez rien \u00e0 faire \u00e0 Caen, allez \u00e0 S\u00e8te.<\/div>\n<div class=\"mdjCiter\">&#8211; !!!&#8230; Qu&rsquo;est-ce que vous voulez que j&rsquo;aille faire \u00e0 S\u00e8te ?<\/div>\n<div class=\"mdjCiter\">&#8211; Prendre le car !<\/div>\n<div class=\"mdjCiter\">&#8211; Pour o\u00f9 ?<\/div>\n<div class=\"mdjCiter\">&#8211; Pour Caen.<\/div>\n<div class=\"mdjCiter\">&#8211; Comment voulez-vous que je vous dise quand, si je ne sais pas o\u00f9 !&#8230;<\/div>\n<div class=\"mdjCiter\">&#8211; Comment !&#8230; Vous ne savez pas o\u00f9 est Caen ?<\/div>\n<div class=\"mdjCiter\">&#8211; Mais si, je sais o\u00f9 est Caen !&#8230; \u00c7a fait une demi-heure que je vous dis que c&rsquo;est dans le Calvados !&#8230;<\/div>\n<div class=\"mdjCiter\">Que c&rsquo;est l\u00e0 o\u00f9 je veux passer mes vacances, parce que je n&rsquo;ai rien \u00e0 y faire !<\/div>\n<div class=\"mdjCiter\">&#8211; Ne criez pas !&#8230; Ne criez pas !&#8230; On va s&rsquo;occuper de vous. Il a t\u00e9l\u00e9phon\u00e9 au d\u00e9p\u00f4t.<\/div>\n<div class=\"mdjCiter\">Mon vieux !&#8230; (Regardant sa montre) : A vingt-deux, le car \u00e9tait l\u00e0.<\/div>\n<div class=\"mdjCiter\">Les flics m&rsquo;ont embarqu\u00e9 \u00e0 sept&#8230;<\/div>\n<div class=\"mdjCiter\">Et je suis arriv\u00e9 au quart. O\u00f9 j&rsquo;ai pass\u00e9 la nuit !<\/div>\n<div class=\"mdjComplements\">Tant que nous aurons le rire nous resterons humains<\/div>\n","protected":false},"excerpt":{"rendered":"<p>Mercredi 30\/07\/2014 \u00ab\u00a0Pendant les vacances, je ne fais rien !&#8230; Rien ! Je ne vais rien faire \u00bb. Raymond Devos Il me semble que c&rsquo;est un mot du jour appropri\u00e9 en temps de vacances ! &lt;Voil\u00e0 le sketche sur Daily<\/p>\n","protected":false},"author":1,"featured_media":0,"comment_status":"closed","ping_status":"closed","sticky":false,"template":"","format":"standard","meta":{"footnotes":""},"categories":[1],"tags":[23,7],"class_list":["post-798","post","type-post","status-publish","format-standard","hentry","category-motdujour","tag-humour","tag-societe"],"_links":{"self":[{"href":"https:\/\/lemotdujour.fr\/index.php?rest_route=\/wp\/v2\/posts\/798","targetHints":{"allow":["GET"]}}],"collection":[{"href":"https:\/\/lemotdujour.fr\/index.php?rest_route=\/wp\/v2\/posts"}],"about":[{"href":"https:\/\/lemotdujour.fr\/index.php?rest_route=\/wp\/v2\/types\/post"}],"author":[{"embeddable":true,"href":"https:\/\/lemotdujour.fr\/index.php?rest_route=\/wp\/v2\/users\/1"}],"replies":[{"embeddable":true,"href":"https:\/\/lemotdujour.fr\/index.php?rest_route=%2Fwp%2Fv2%2Fcomments&post=798"}],"version-history":[{"count":3,"href":"https:\/\/lemotdujour.fr\/index.php?rest_route=\/wp\/v2\/posts\/798\/revisions"}],"predecessor-version":[{"id":2391,"href":"https:\/\/lemotdujour.fr\/index.php?rest_route=\/wp\/v2\/posts\/798\/revisions\/2391"}],"wp:attachment":[{"href":"https:\/\/lemotdujour.fr\/index.php?rest_route=%2Fwp%2Fv2%2Fmedia&parent=798"}],"wp:term":[{"taxonomy":"category","embeddable":true,"href":"https:\/\/lemotdujour.fr\/index.php?rest_route=%2Fwp%2Fv2%2Fcategories&post=798"},{"taxonomy":"post_tag","embeddable":true,"href":"https:\/\/lemotdujour.fr\/index.php?rest_route=%2Fwp%2Fv2%2Ftags&post=798"}],"curies":[{"name":"wp","href":"https:\/\/api.w.org\/{rel}","templated":true}]}}