{"id":7978,"date":"2020-01-31T00:16:29","date_gmt":"2020-01-30T23:16:29","guid":{"rendered":"http:\/\/lemotdujour.fr\/?p=7978"},"modified":"2020-01-31T00:31:13","modified_gmt":"2020-01-30T23:31:13","slug":"vendredi-31-janvier-2020","status":"publish","type":"post","link":"https:\/\/lemotdujour.fr\/?p=7978","title":{"rendered":"Vendredi 31 janvier 2020"},"content":{"rendered":"<div class=\"mdjTexte\">\u00ab\u00a0Le consentement\u00a0\u00bb<\/div>\n<div class=\"mdjAuteur\">Vanessa Springora<\/div>\n<p><span style=\"color: #777777; font-family: Arial;\"><strong>Le consentement<\/strong>\u00a0!<br \/>\n<\/span><\/p>\n<p><span style=\"color: #777777; font-family: Arial;\">J&rsquo;entends les protestations\u00a0: \u00ab\u00a0Alain ce mot n&rsquo;est pas nouveau\u00a0!\u00a0\u00bb<br \/>\n<\/span><\/p>\n<p><span style=\"color: #777777; font-family: Arial;\">Ce n&rsquo;est pas faux\u00a0!<br \/>\n<\/span><\/p>\n<p><span style=\"color: #777777; font-family: Arial;\">Le \u00ab consentement \u00bb est le substantif issu du verbe \u00ab consentir \u00bb qui lui-m\u00eame vient du latin <strong><em>consentire<\/em><\/strong> \u00ab \u00eatre d&rsquo;accord avec \u00bb.<br \/>\n<\/span><\/p>\n<p><span style=\"color: #777777; font-family: Arial;\">Le &lt;<span style=\"color: #0000ff;\"><a style=\"color: #0000ff;\" href=\"https:\/\/www.cnrtl.fr\/definition\/consentement\">dictionnaire<\/a><\/span>&gt; du CNRS fait remonter \u00e0 la deuxi\u00e8me moiti\u00e9 du XII\u00e8me si\u00e8cle l&rsquo;introduction du mot \u00ab\u00a0consentement\u00a0\u00bb dans la langue fran\u00e7aise. Il est donc vrai qu&rsquo;il ne date pas d&rsquo;hier.<br \/>\n<\/span><\/p>\n<p><span style=\"color: #777777; font-family: Arial;\">Il pr\u00e9sente cependant une br\u00fblante actualit\u00e9. Actualit\u00e9 li\u00e9e au livre \u00e9crit par\u00a0 <strong>Vanessa Springora <\/strong>: \u00ab\u00a0<span style=\"color: #0000ff;\"><a style=\"color: #0000ff;\" href=\"https:\/\/www.grasset.fr\/livres\/le-consentement-9782246822691\">Le consentement\u00a0<\/a><\/span>\u00bb et paru d\u00e9but janvier 2020.<br \/>\n<\/span><\/p>\n<p><img loading=\"lazy\" decoding=\"async\" class=\"alignleft\" src=\"https:\/\/lemotdujour.fr\/wp-content\/uploads\/2020\/01\/013020_2305_Vendredi31j1.jpg\" alt=\"\" width=\"266\" height=\"422\" align=\"left\" \/><span style=\"color: #777777; font-family: Arial;\">Mais selon moi, plus largement, c&rsquo;est la pleine conscience de la signification de ce mot dans le domaine des relations sexuelles qui donne son actualit\u00e9 \u00e0 ce mot et justifie que je l&rsquo;utilise en exergue.<br \/>\n<\/span><\/p>\n<p><span style=\"color: #777777; font-family: Arial;\">Le mouvement \u00ab<span style=\"color: #0000ff;\">\u00a0<a style=\"color: #0000ff;\" href=\"https:\/\/metoomvmt.org\/\">#metoo\u00a0<\/a><\/span>\u00bb \u00ab\u00a0moi aussi\u00a0\u00bb a pris son envol, en octobre 2017, apr\u00e8s la d\u00e9nonciation par des actrices du comportement pr\u00e9dateur sexuel du puissant producteur de cin\u00e9ma am\u00e9ricain Harvey Weinstein. C&rsquo;est l&rsquo;actrice am\u00e9ricaine Alyssa Milano qui a propos\u00e9 de partager les t\u00e9moignages de violences sexuelles et de la violence contre les femmes dans diff\u00e9rents milieux, sous le hashtag \u00ab\u00a0#MeToo\u00a0\u00bb. Il semble que ce \u00ab\u00a0mot de ralliement\u00a0\u00bb autour des violences sexuelles \u00e0 l&rsquo;encontre des femmes existait depuis 2007.<br \/>\n<\/span><\/p>\n<p><span style=\"color: #777777; font-family: Arial;\">La grande historienne de l&rsquo;Histoire des Femmes, Michelle Perrot qui vient de publier un ouvrage de 1000 pages que j&rsquo;ai offert \u00e0 Annie \u00a0: \u00ab\u00a0<a href=\"https:\/\/www.decitre.fr\/livres\/le-chemin-des-femmes-9782221240298.html\"><span style=\"color: #0000ff;\">Le chemin des femmes<\/span>\u00a0<\/a>\u00bb dit\u00a0:<br \/>\n<\/span><\/p>\n<p style=\"margin-left: 28pt;\"><span style=\"color: #c00000; font-family: Arial;\">\u00ab\u00a0#MeToo, puisque c&rsquo;est \u00e0 cela que vous faites allusion, je pense que c&rsquo;est un \u00e9v\u00e9nement. Une r\u00e9volution, je n&rsquo;irai pas jusque-l\u00e0, parce les r\u00e9volutions ne se font pas comme \u00e7a : les rapports entre hommes et femmes sont issus de si vieilles structures que l&rsquo;on ne les bouleverse pas si facilement. Mais c&rsquo;est un \u00e9v\u00e9nement. Dans \u00ab Me Too \u00bb les deux mots sont tr\u00e8s importants. \u00ab Me \u00bb, moi. Chacune des femmes concern\u00e9es se dit : \u00e7a m&rsquo;est arriv\u00e9 \u00e0 moi. \u00ab Too \u00bb, aussi. Les autres aussi. Je ne suis pas seule, ce qui m&rsquo;est arriv\u00e9 n&rsquo;est pas une histoire sur laquelle je ne dois rien dire parce que c&rsquo;est honteux et que je suis seule. Non, c&rsquo;est arriv\u00e9 \u00e0 beaucoup d&rsquo;autres que moi.<br \/>\n<\/span><\/p>\n<p><img loading=\"lazy\" decoding=\"async\" class=\"wp-image-7984 alignright\" src=\"https:\/\/lemotdujour.fr\/wp-content\/uploads\/2020\/01\/Notre-corps-nous-m\u00eames.jpg\" alt=\"\" width=\"229\" height=\"306\" srcset=\"https:\/\/lemotdujour.fr\/wp-content\/uploads\/2020\/01\/Notre-corps-nous-m\u00eames.jpg 374w, https:\/\/lemotdujour.fr\/wp-content\/uploads\/2020\/01\/Notre-corps-nous-m\u00eames-225x300.jpg 225w\" sizes=\"auto, (max-width: 229px) 100vw, 229px\" \/><\/p>\n<p style=\"margin-left: 28pt;\"><span style=\"color: #c00000; font-family: Arial;\">#MeToo, c&rsquo;est une histoire du corps des femmes. Le corps des femmes est au c\u0153ur du mouvement de lib\u00e9ration depuis les ann\u00e9es 1970. Une des devises de ce mouvement \u00e9tait : \u00ab notre corps, nous-m\u00eames.\u00bb C&rsquo;\u00e9tait le droit \u00e0 l&rsquo;avortement et \u00e0 la contraception, qui avait \u00e9t\u00e9 acquise par la loi de 1967. \u00a0\u00bb<br \/>\n<\/span><\/p>\n<p><span style=\"color: #777777; font-family: Arial;\">Vous lirez cela dans une interview sur le site de Mediapart\u00a0: \u00ab\u00a0<a href=\"https:\/\/blogs.mediapart.fr\/edition\/aux-lecteurs-emancipes\/article\/181218\/michelle-perrot-12-metoo-c-est-une-histoire-du-corps-des-femmes-0\"><span style=\"color: #0000ff;\">Le silence sur les femmes m&rsquo;est apparu incroyable\u00a0: plong\u00e9es dans l&rsquo;obscurit\u00e9<\/span>\u00a0<\/a>\u00bb<br \/>\n<\/span><\/p>\n<p><span style=\"color: #777777; font-family: Arial;\">Ce mouvement \u00ab\u00a0#MeToo\u00a0\u00bb s&rsquo;est d\u00e9velopp\u00e9 \u00e0 l&rsquo;\u00e9chelle internationale et a lib\u00e9r\u00e9 la parole des femmes.<br \/>\n<\/span><\/p>\n<p><span style=\"color: #777777; font-family: Arial;\">T\u00e9moignage apr\u00e8s t\u00e9moignage, livre apr\u00e8s livre nous d\u00e9couvrons l&rsquo;ampleur de ce d\u00e9sastre, de cette pr\u00e9dation dans tous les milieux, dans tous les domaines dans lesquels des hommes par leur pouvoir, par l&rsquo;argent, par le charisme, par leur emprise de type \u00ab\u00a0gourou\u00a0\u00bb de r\u00e9alisateur, d&rsquo;entra\u00eeneur, de chef d&rsquo;orchestre, de star m\u00e9diatique ont pris l&rsquo;habitude d&rsquo;abuser des femmes, parfois des hommes, souvent des enfants, en \u00e9cartant <strong>l&rsquo;imp\u00e9rieuse n\u00e9cessit\u00e9 du consentement<\/strong>.<br \/>\n<\/span><\/p>\n<p><span style=\"color: #777777; font-family: Arial;\">Le consentement est constitu\u00e9 par un accord donn\u00e9 de mani\u00e8re libre et dans lequel on s&rsquo;engage enti\u00e8rement \u00e0 accepter ou \u00e0 accomplir quelque chose.<br \/>\n<\/span><\/p>\n<p><span style=\"color: #777777; font-family: Arial;\">En mati\u00e8re de<span style=\"color: #0000ff;\"> <a style=\"color: #0000ff;\" href=\"https:\/\/fr.wikipedia.org\/wiki\/Consentement_%C3%A9clair%C3%A9\">sant\u00e9<\/a><\/span> on parle de \u00ab\u00a0<strong>consentement libre et \u00e9clair\u00e9<\/strong>\u00a0\u00bb.<br \/>\n<\/span><\/p>\n<p><span style=\"color: #777777; font-family: Arial;\">Le consentement doit \u00eatre <strong>libre<\/strong>, c&rsquo;est-\u00e0-dire en l&rsquo;absence de contrainte, et <strong>\u00e9clair\u00e9<\/strong>, c&rsquo;est-\u00e0-dire pr\u00e9c\u00e9d\u00e9 par une information.<br \/>\n<\/span><\/p>\n<p><span style=\"color: #777777; font-family: Arial;\">L&rsquo;importance du consentement est \u00e0 la base de notre soci\u00e9t\u00e9 lib\u00e9rale fond\u00e9e sur le contrat.<br \/>\n<\/span><\/p>\n<p><span style=\"color: #777777; font-family: Arial;\">Yuval Noah Harari dans son livre \u00abSapiens\u00a0\u00bb, pages 372 \u00e0 375, a racont\u00e9 le parcours inverse, au d\u00e9but du XVII\u00e8me si\u00e8cle, du d\u00e9clin de la puissance tyrannique de l&rsquo;Espagne et de la mont\u00e9e en puissance des Pays bas qui apr\u00e8s s&rsquo;\u00eatre lib\u00e9r\u00e9s de l&rsquo;h\u00e9g\u00e9monie de l&rsquo;Espagne ont d\u00e9velopp\u00e9 une soci\u00e9t\u00e9 lib\u00e9rale bas\u00e9e sur la confiance, le contrat et le consentement. J&rsquo;ai essay\u00e9 de r\u00e9sumer ce r\u00e9cit historique par le <a href=\"https:\/\/lemotdujour.fr\/?p=1348\"><span style=\"color: #0000ff;\">mot du jour 2 juin 2016<\/span><\/a><br \/>\n<\/span><\/p>\n<p><span style=\"color: #777777; font-family: Arial;\">Pour qu&rsquo;un contrat soit valable il faut \u00e9tablir le consentement de chaque partie au contrat. Et l&rsquo;autorit\u00e9 judiciaire ind\u00e9pendante est gardienne et juge des litiges sur les contrats et sur l&rsquo;\u00e9change des consentements.<br \/>\n<\/span><\/p>\n<p><span style=\"color: #777777; font-family: Arial;\">Le <strong>code civil<\/strong> fran\u00e7ais, qui consacre \u00e0 ces questions, les articles 1128 \u00e0 1144, ne d\u00e9finit pas positivement le <strong>consentement<\/strong> lui-m\u00eame.<br \/>\n<\/span><\/p>\n<p><span style=\"color: #777777; font-family: Arial;\">Mais l&rsquo;<a href=\"https:\/\/www.legifrance.gouv.fr\/affichCodeArticle.do?idArticle=LEGIARTI000032040901&amp;cidTexte=LEGITEXT000006070721&amp;dateTexte=20161001\"><span style=\"color: #0000ff;\">Article 1130 du Code Civil<\/span><\/a> d\u00e9crit le consentement en creux en donnant les cas dans lesquels le consentement est \u00e9cart\u00e9.\u00a0:<br \/>\n<\/span><\/p>\n<p style=\"margin-left: 28pt;\"><span style=\"color: #c00000; font-family: Arial;\">\u00ab\u00a0<strong>L&rsquo;erreur, le dol et la violence<\/strong> vicient le consentement lorsqu&rsquo;ils sont de telle nature que, sans eux, l&rsquo;une des parties n&rsquo;aurait pas contract\u00e9 ou aurait contract\u00e9 \u00e0 des conditions substantiellement diff\u00e9rentes.<br \/>\n<\/span><\/p>\n<p style=\"margin-left: 28pt;\"><span style=\"color: #c00000; font-family: Arial;\">Leur caract\u00e8re d\u00e9terminant s&rsquo;appr\u00e9cie eu \u00e9gard aux personnes et aux circonstances dans lesquelles le consentement a \u00e9t\u00e9 donn\u00e9. \u00a0\u00bb<br \/>\n<\/span><\/p>\n<p><span style=\"color: #777777; font-family: Arial;\">La violence ou l&rsquo;erreur, c&rsquo;est-\u00e0-dire la m\u00e9prise ou le malentendu sur l&rsquo;acte ou la chose auquel on donne son consentement est simple \u00e0 comprendre.<br \/>\n<\/span><\/p>\n<p><span style=\"color: #777777; font-family: Arial;\">Le dol est un plus compliqu\u00e9. Il correspond aussi \u00e0 une erreur d&rsquo;un des cocontractants, mais cette erreur a \u00e9t\u00e9 provoqu\u00e9e par une man\u0153uvre d&rsquo;un autre cocontractant dans le but de tromper ou d&rsquo;abuser son partenaire<br \/>\n<\/span><\/p>\n<p><a href=\"https:\/\/www.legifrance.gouv.fr\/affichCodeArticle.do?idArticle=LEGIARTI000032040911&amp;cidTexte=LEGITEXT000006070721&amp;dateTexte=20200130&amp;oldAction=rechCodeArticle&amp;fastReqId=1928622646&amp;nbResultRech=1\"><span style=\"font-family: Arial;\"><span style=\"color: #0000ff;\">L&rsquo;Article 1128<\/span><\/span><\/a><span style=\"color: #777777; font-family: Arial;\"> pr\u00e9cise qu&rsquo;il y a deux autres conditions \u00e0 la validit\u00e9 d&rsquo;un contrat\u00a0:<br \/>\n<\/span><\/p>\n<ul>\n<li><span style=\"color: #777777; font-family: Arial;\">La capacit\u00e9 de contracter ;<br \/>\n<\/span><\/li>\n<li><span style=\"color: #777777; font-family: Arial;\">Un contenu licite et certain.<br \/>\n<\/span><\/li>\n<\/ul>\n<p><span style=\"color: #777777; font-family: Arial;\">La capacit\u00e9 est une question difficile en mati\u00e8re sexuelle, elle conduit au sujet de la majorit\u00e9 sexuelle.<br \/>\n<\/span><\/p>\n<p><span style=\"color: #777777; font-family: Arial;\">Je m&rsquo;\u00e9tais indign\u00e9, en 2017, lors de deux mots du jour traitants d&rsquo;affaires diff\u00e9rentes\u00a0: \u00ab<span style=\"color: #0000ff;\">\u00a0<a style=\"color: #0000ff;\" href=\"https:\/\/lemotdujour.fr\/?p=3238\">Un enfant de 11 ans peut consentir \u00e0 une relation sexuelle avec un homme de 28 ans<span style=\"color: #808080;\">\u00a0<\/span><\/a><span style=\"color: #808080;\">\u00bb<\/span><\/span> et \u00ab\u00a0<span style=\"color: #0000ff;\"><a style=\"color: #0000ff;\" href=\"https:\/\/lemotdujour.fr\/?p=3492\">Un homme de 22 ans a une relation sexuelle avec une enfant de 11 ans. Elle tombe enceinte puis l&rsquo;enfant qui na\u00eet est plac\u00e9 dans une famille d&rsquo;accueil. Cet homme vient d&rsquo;\u00eatre acquitt\u00e9 par la cour d&rsquo;assises de Seine-et-Marne<\/a><\/span> \u00bb. Ces deux affaires correspondaient \u00e0 des positions de la Justice fran\u00e7aise. Dans le premier cas un avis du parquet, dans le second un jugement de cour d\u2019Assises.<br \/>\n<\/span><\/p>\n<p><span style=\"color: #777777; font-family: Arial;\"><strong>Vanessa Springora<\/strong>, avait un peu plus que 11 ans. Elle \u00e9tait \u00e9lev\u00e9e par une m\u00e8re divorc\u00e9e et lisait beaucoup. \u00c0 treize ans, dans un d\u00eener, elle rencontre Gabriel Matzneff., un \u00e9crivain, un \u00ab\u00a0fabriquant\u00a0\u00bb de livres tr\u00e8s introduit dans la soci\u00e9t\u00e9 litt\u00e9raire de Paris. D\u00e8s le premier regard, elle est happ\u00e9e par le charisme de cet homme de cinquante ans aux faux airs de bonze, par ses \u0153illades \u00e9namour\u00e9es et l&rsquo;attention qu&rsquo;il lui porte. Plus tard, elle re\u00e7oit une lettre o\u00f9 il lui d\u00e9clare son besoin \u00ab imp\u00e9rieux \u00bb de la revoir. Quand elle a quatorze ans, elle s&rsquo;offre \u00e0 lui corps et \u00e2me.<br \/>\n<\/span><\/p>\n<p><span style=\"color: #777777; font-family: Arial;\">L&rsquo;histoire est tr\u00e8s bien racont\u00e9e par Claude Askolovitch lors <a href=\"https:\/\/www.franceinter.fr\/emissions\/la-revue-de-presse\/la-revue-de-presse-24-decembre-2019\"><span style=\"color: #808080;\"><span style=\"color: #0000ff;\">de sa revue de presse de la veille de No\u00ebl\u00a0<\/span><\/span><\/a><span style=\"color: #0000ff;\">:<\/span><strong><br \/>\n<\/strong><\/span><\/p>\n<p style=\"margin-left: 28pt;\"><span style=\"color: #c00000; font-family: Arial;\">\u00ab\u00a0Le <strong>Consentement<\/strong>, aux \u00e9ditions Grasset, [\u2026] amorce ce qu&rsquo;on appellera tristement un scandale, quand il n&rsquo;est que bouleversant. C&rsquo;est le livre d&rsquo;une femme \u00ab\u00a0tr\u00e8s belle, \u00e0 la voix douce\u00a0\u00bb de langue classique lumineuse et juste, qui a le mot vrai et qui sait penser, dit Le Magazine Litt\u00e9raire, dans un superbe portrait parce qu&rsquo;il est digne d&rsquo;elle&#8230; Vanessa Springora, patronne des \u00e9ditions Julliard, qui conna\u00eet les hommes de lettres.<br \/>\n<\/span><\/p>\n<p style=\"margin-left: 28pt;\"><span style=\"color: #c00000; font-family: Arial;\">Et notamment un \u00e9crivain, aujourd&rsquo;hui vieillard en d\u00e9su\u00e9tude, mais qui il y a vingt ans, trente ans, \u00e9tait un dandy \u00ab\u00a0propre, mass\u00e9, le cr\u00e2ne \u00e9pil\u00e9, aimable\u00a0\u00bb que Bernard Pivot invita cinq fois \u00e0 Apostrophes. Gabriel Matzneff qui collectionnait les amants, les amantes de onze ans, de douze ans, de quatorze ans&#8230; Et parmi ses amantes, il y eut Vanessa, qu&rsquo;il connut en 1985, quand elle avait treize ans, une proie aux yeux bleus qui lisait Eug\u00e9nie Grandet et qui pla\u00e7ait les \u00e9crivains sur un pi\u00e9destal, et dont il s&#8217;empara, corps et \u00e2me, l&rsquo;ayant rassur\u00e9e de lait, de mots doux, de mousses au kiwi, et elle fut la chose de l&rsquo;ogre&#8230;<br \/>\n<\/span><\/p>\n<p style=\"margin-left: 28pt;\"><span style=\"color: #c00000; font-family: Arial;\">\u00ab\u00a0\u00c0 14 ans, \u00e0 la sortie du coll\u00e8ge, on n&rsquo;est pas suppos\u00e9e vivre \u00e0 l&rsquo;h\u00f4tel avec un homme de 50 ans, ni se retrouver dans son lit, sa verge dans la bouche \u00e0 l&rsquo;heure du go\u00fbter\u00a0\u00bb, \u00e9crit dans son livre Vanessa Springora. Je retrouve cette phrase dans Le Monde et dans L&rsquo;Express qui racontent une folie dans un autre si\u00e8cle. Quand Matzneff, sans rien cacher, \u00e9tait un homme adul\u00e9 de complaisance ; ce Gabriel qui se faisait passer pour un chef scout afin d&rsquo;\u00e9chapper \u00e0 un p\u00e8re dont il avait happ\u00e9 l&rsquo;enfant, \u00ab\u00a0un chaton de 12 ans, l&rsquo;un des gosses les plus voluptueux que j&rsquo;ai connus\u00a0\u00bb. En 1990, une romanci\u00e8re qu\u00e9b\u00e9coise, Denise Bombardier, avait os\u00e9 dire son d\u00e9go\u00fbt \u00e0 Matzneff sur le plateau d&rsquo;Apostrophes. Elle s&rsquo;\u00e9tait retrouv\u00e9e ostracis\u00e9e au cocktail apr\u00e8s l&rsquo;\u00e9mission, raconte-t-elle au journal Le Monde et puis insult\u00e9e, d\u00e9nigr\u00e9e par la fine fleur de la critique litt\u00e9raire. En 1977 quand Matzneff lan\u00e7ait une p\u00e9tition pour soutenir des gens qui s&rsquo;\u00e9taient amus\u00e9s avec des mineurs de douze et treize ans, le texte \u00e9tait publi\u00e9 dans Le Monde et sign\u00e9 Aragon, Sartre, Beauvoir, Roland Barthes, Francis Ponge, Andr\u00e9 Glucksmann, Bernard Kouchner, F\u00e9lix Guattari, Jack Lang&#8230; Imaginez.<br \/>\n<\/span><\/p>\n<p style=\"margin-left: 28pt;\"><span style=\"color: #c00000; font-family: Arial;\">L&rsquo;h\u00f4tel o\u00f9 Matzneff se repaissait de Vanessa \u00e9tait pay\u00e9 par Yves Saint-Laurent, lis-je dans L&rsquo;Express. Un jour, Vanessa y re\u00e7ut un appel t\u00e9l\u00e9phonique de Fran\u00e7ois Mitterrand, pr\u00e9sident de la R\u00e9publique, qui venait prendre des nouvelles de son \u00ab cher Gabriel \u00bb hospitalis\u00e9\u2026<br \/>\n<\/span><\/p>\n<p style=\"margin-left: 28pt;\"><span style=\"color: #c00000; font-family: Arial;\">Et c&rsquo;est donc, au-del\u00e0 de Vanessa Springora elle-m\u00eame, une aberration collective et s&rsquo;impose pour des hommes admirables un m\u00e9pris. \u00ab\u00a0Votre r\u00f4le est d&rsquo;accompagner Gabriel sur le chemin de la cr\u00e9ation et de vous plier \u00e0 ses caprices\u00a0\u00bb, ordonna Emil Cioran \u00e0 Vanessa Springora&#8230; Dans Le Monde o\u00f9 les amis de Matzneff se d\u00e9solent que les temps ont chang\u00e9, Fr\u00e9d\u00e9ric Beigbeder redoute que Gabriel se suicide, il en est d&rsquo;autres qui pourraient, se relisant, mourir de honte, s&rsquo;ils vivent encore ici-bas.\u00a0\u00bb<br \/>\n<\/span><\/p>\n<p><span style=\"color: #777777; font-family: Arial;\">J&rsquo;ai d\u00e9couvert <strong>Vanessa Springora <\/strong>lors de son passage dans <span style=\"color: #0000ff;\"><a style=\"color: #0000ff;\" href=\"https:\/\/www.franceculture.fr\/emissions\/linvite-des-matins\/affaire-matzneff-pedophilie-et-litterature-vanessa-springora-est-linvitee-des-matins\">les matins de France Culture du 3 janvier 2020<\/a>.<\/span><br \/>\n<\/span><\/p>\n<p><span style=\"color: #777777; font-family: Arial;\">Elle dit de Matzneff<br \/>\n<\/span><\/p>\n<p style=\"margin-left: 28pt;\"><span style=\"color: #c00000; font-family: Arial;\">\u00ab\u00a0Il \u00e9tait bien ce qu&rsquo;on apprend \u00e0 redouter d\u00e8s l&rsquo;enfance : un ogre\u00a0\u00bb.<br \/>\n<\/span><\/p>\n<p><span style=\"color: #777777; font-family: Arial;\">Et lors de l&rsquo;\u00e9mission\u00a0:<br \/>\n<\/span><\/p>\n<p style=\"margin-left: 28pt;\"><span style=\"color: #c00000; font-family: Arial;\">\u00ab\u00a0C&rsquo;\u00e9tait important pour moi de faire rentrer dans le champ litt\u00e9raire la voix d&rsquo;une jeune fille qui avait \u00e9t\u00e9 victime. C&rsquo;est une voix qu&rsquo;on n&rsquo;entend jamais en litt\u00e9rature. C&rsquo;est un pendant de Lolita de Nabokov. J&rsquo;ai longtemps tourn\u00e9 autour du sujet avant de parvenir \u00e0 l&rsquo;\u00e9crire de cette mani\u00e8re, \u00e0 la premi\u00e8re personne. J&rsquo;avais pens\u00e9 raconter l&rsquo;histoire de Lolita invers\u00e9e, du point de vue de la jeune fille.<br \/>\n<\/span><\/p>\n<p style=\"margin-left: 28pt;\"><span style=\"color: #c00000; font-family: Arial;\">[ l&rsquo;attribution du prix Renaudot \u00e0 Gabriel Matzneff en 2013 ] fait partie des provocations qui pour moi, \u00e0 titre personnel, \u00e9taient insupportables. Il y en a eu beaucoup d&rsquo;autres. [\u2026]<br \/>\n<\/span><\/p>\n<p style=\"margin-left: 28pt;\"><span style=\"color: #c00000; font-family: Arial;\">En 2015, il a \u00e9crit \u00e0 la personne avec qui je travaillais un nombre invraisemblable de mails pour essayer de rentrer en contact avec moi. Il m&rsquo;a toujours \u00e9crit partout o\u00f9 il a pu, essay\u00e9 d&rsquo;avoir mon adresse, il a toujours essay\u00e9 de maintenir son emprise. Il continue d&rsquo;ailleurs de le faire aujourd&rsquo;hui avec la r\u00e9ponse qu&rsquo;il a donn\u00e9e hier \u00e0 L&rsquo;Express. [Je ne m\u00e9rite pas l&rsquo;affreux portrait que (&#8230;) tu publies de moi. (&#8230;) Non, ce n&rsquo;est pas moi, ce n&rsquo;est pas ce que nous avons ensemble v\u00e9cu, et tu le sais\u00a0\u00bb].<br \/>\n<\/span><\/p>\n<p style=\"margin-left: 28pt;\"><span style=\"color: #c00000; font-family: Arial;\">[\u2026] La v\u00e9ritable raison [du livre] c&rsquo;est d&rsquo;\u00eatre devenue moi-m\u00eame m\u00e8re et d&rsquo;avoir autour de moi des adolescents et de comprendre enfin ce qui avait \u00e9t\u00e9 tr\u00e8s difficile pour moi, ce qu&rsquo;\u00e9tait cet \u00e2ge tr\u00e8s particulier, de grande vuln\u00e9rabilit\u00e9, de transition entre l&rsquo;enfance et l&rsquo;\u00e2ge adulte. C&rsquo;est un moment o\u00f9 on est une proie id\u00e9ale pour ce type de structure psychique auquel on a affaire avec cet homme. La particularit\u00e9 chez lui, c&rsquo;est d&rsquo;\u00eatre \u00e9crivain, et donc de redoubler son entreprise de pr\u00e9dation par une exploitation litt\u00e9raire.<br \/>\n<\/span><\/p>\n<p style=\"margin-left: 28pt;\"><span style=\"color: #c00000; font-family: Arial;\">[\u2026] Pour qu&rsquo;une histoire de ce type puisse se produire, il faut un certain nombre d&rsquo;\u00e9l\u00e9ments. Il y avait chez moi un manque paternel assez criant, une grande solitude, une m\u00e8re tr\u00e8s prise par son travail et qui m&rsquo;\u00e9levait seule, notamment dans ce milieu litt\u00e9raire. Il fallait aussi \u00eatre tr\u00e8s attir\u00e9e par la litt\u00e9rature, d&rsquo;avoir magnifi\u00e9 toute mon enfance la figure de l&rsquo;\u00e9crivain. Il avait cet ascendant d&rsquo;adulte et quelqu&rsquo;un qui avait l&rsquo;aura de l&rsquo;artiste. Pour moi qui \u00e9tait tr\u00e8s attir\u00e9e par cet univers, j&rsquo;avais d\u00e9j\u00e0 tr\u00e8s envie d&rsquo;\u00e9crire \u00e0 l&rsquo;\u00e9poque, c&rsquo;\u00e9tait une figure forc\u00e9ment fascinante. <\/span><span style=\"color: #c00000; font-family: Arial;\">[\u2026]<br \/>\n<\/span><\/p>\n<p style=\"margin-left: 28pt;\"><span style=\"color: #c00000; font-family: Arial;\">Il y a eu quelques alertes. Une personne a \u00e9crit une s\u00e9rie de lettres anonymes qui ont \u00e9t\u00e9 envoy\u00e9es \u00e0 la brigade des mineurs mais qui sont rest\u00e9es sans suite. Ma m\u00e8re avait employ\u00e9 le mot &lsquo;p\u00e9dophile&rsquo; \u00e0 son \u00e9gard d\u00e8s la premi\u00e8re fois, quand je lui ai annonc\u00e9 qu&rsquo;on s&rsquo;\u00e9tait \u00e9crit, qu&rsquo;il m&rsquo;avait donn\u00e9 rendez-vous. Je ne l&rsquo;ai pas prise au s\u00e9rieux parce que j&rsquo;\u00e9tais une adolescente un peu rebelle et que ce mot me paraissait ne pas correspondre \u00e0 ce que j&rsquo;\u00e9tais en train de vivre. J&rsquo;\u00e9tais dans cette p\u00e9riode de l&rsquo;adolescence o\u00f9 on a tendance \u00e0 se croire d\u00e9j\u00e0 adulte. Je ne me reconnaissais pas dans ce statut d&rsquo;enfant et le terme p\u00e9dophile \u00e9tait associ\u00e9 \u00e0 l&rsquo;enfance. Ce serait faux de dire qu&rsquo;il n&rsquo;y a pas eu d&rsquo;alerte, en revanche, il n&rsquo;y a eu aucune tentative pour mettre fin \u00e0 cette histoire. Ma m\u00e8re est vraiment dans le regret de ne pas avoir \u00e9t\u00e9 plus loin. Elle \u00e9tait dans un \u00e9tat d&rsquo;esprit qui ressemblait \u00e0 celui de la fin des ann\u00e9es 1970, qui \u00e9tait &lsquo;il est interdit d&rsquo;interdire&rsquo;.\u00a0\u00bb<br \/>\n<\/span><\/p>\n<p><span style=\"color: #777777; font-family: Arial;\">Cela pose, en effet, la question de la capacit\u00e9 d&rsquo;une jeune adolescente de consentir \u00e0 une telle relation.<br \/>\n<\/span><\/p>\n<p><span style=\"color: #777777; font-family: Arial;\">Mais, au-del\u00e0 de cette question de capacit\u00e9, par rapport \u00e0 ce que j&rsquo;expliquais sur le consentement il y a eu <strong>dol<\/strong> dans cette histoire qui a conduit la jeune fille dans l&rsquo;erreur. Elle raconte sa prise de conscience\u00a0:<br \/>\n<\/span><\/p>\n<p style=\"margin-left: 28pt;\"><span style=\"color: #c00000; font-family: Arial;\">\u00ab\u00a0Tout d&rsquo;un coup je me suis rendue compte (en le lisant) que eux et moi, ces tr\u00e8s jeunes enfants, dont il parle dans son journal, qu&rsquo;il va payer \u00e0 Manille pour avoir des relations avec eux, je me suis sentie tout \u00e0 fait solidaire d&rsquo;une certaine mani\u00e8re. J&rsquo;ai compris la manipulation dans laquelle j&rsquo;\u00e9tais tomb\u00e9e. J&rsquo;\u00e9tais face \u00e0 quelqu&rsquo;un qui \u00e9tait un pr\u00e9dateur et pas un amoureux des enfants, mais un chasseur. Cela a \u00e9t\u00e9 extr\u00eamement violent parce que c&rsquo;est le moment o\u00f9 j&rsquo;ai commenc\u00e9 \u00e0 lui demander des comptes. Il m&rsquo;avait interdit de lire ses livres, j&rsquo;ai fini par braver l&rsquo;interdit et \u00e0 partir de ce moment-l\u00e0 notre relation est devenue extr\u00eamement violente. J&rsquo;ai eu du mal \u00e0 m&rsquo;en d\u00e9p\u00eatrer.\u00a0\u00bb<br \/>\n<\/span><\/p>\n<p><img loading=\"lazy\" decoding=\"async\" class=\"alignleft\" src=\"https:\/\/lemotdujour.fr\/wp-content\/uploads\/2020\/01\/013020_2305_Vendredi31j2.jpg\" alt=\"\" width=\"244\" height=\"372\" align=\"left\" \/><span style=\"color: #777777; font-family: Arial;\">En seconde partie d&rsquo;\u00e9mission, Guillaume Erner a re\u00e7u le sociologue <strong>Pierre Verdrager<\/strong>, auteur notamment de \u00ab\u00a0L&rsquo;enfant interdit. Comment la p\u00e9dophilie est devenue scandaleuse\u00a0\u00bb aux \u00e9ditions Armand Colin.<br \/>\n<\/span><\/p>\n<p><span style=\"color: #777777; font-family: Arial;\">Celui-ci explique l&rsquo;\u00e9tat d&rsquo;esprit de cette \u00e9poque apr\u00e8s mai 1968. Il s&rsquo;agissait de promouvoir la libert\u00e9 sexuelle, il y avait le combat des homosexuels et on y associait sans trouver de probl\u00e8me moral \u00e0 cela, les relations sexuelles avec des enfants.<br \/>\n<\/span><\/p>\n<p><span style=\"color: #777777; font-family: Arial;\">Je vous renvoie vers cette page du site de France Culture &lt;<a href=\"https:\/\/www.franceculture.fr\/societe\/quand-des-intellectuels-francais-defendaient-la-pedophilie\"><span style=\"color: #0000ff;\">Quand des intellectuels fran\u00e7ais d\u00e9fendaient la p\u00e9dophilie<\/span><\/a>&gt;. Vous y lirez des choses effarantes pour notre regard d&rsquo;aujourd&rsquo;hui. Il faut lire les noms de ceux qui (tous des hommes me semblent-ils\u00a0!) qui d\u00e9fendaient la p\u00e9dophilie comme le relate Claude Askolovitch.<br \/>\n<\/span><\/p>\n<p><span style=\"color: #777777; font-family: Arial;\">Ainsi, le 4 avril 1978, l&rsquo;\u00e9mission \u00ab Dialogues \u00bb invite Michel Foucault, le romancier et membre fondateur du Front homosexuel d&rsquo;action r\u00e9volutionnaire (FHAR) Guy Hocquenghem et le juriste Jean Danet, tous trois signataires de la p\u00e9tition qui demande la d\u00e9criminalisation de la p\u00e9dophilie. Durant une heure et quart, en public dans le studio 107, ces intellectuels vont d\u00e9fendre l&rsquo;id\u00e9e que des p\u00e9dophiles sont incarc\u00e9r\u00e9s \u00e0 tort parce que les enfants qu&rsquo;ils ont abus\u00e9s \u00e9taient consentants. Toujours le sujet du consentement<br \/>\n<\/span><\/p>\n<p><span style=\"color: #777777; font-family: Arial;\">Il y eut une \u00e9poque o\u00f9 de grands esprits consid\u00e9raient que la d\u00e9fense de l&rsquo;homosexualit\u00e9 et de la p\u00e9dophilie constituaient un m\u00eame combat !<br \/>\n<\/span><\/p>\n<p><span style=\"color: #777777; font-family: Arial;\">Le livre de Vanessa Springora est un grand succ\u00e8s de librairie, mais les livres de Gabriel Matzneff ont aussi connu <a href=\"https:\/\/www.europe1.fr\/culture\/affaire-matzneff-le-succes-de-consentement-le-livre-de-vanessa-springora-3941441\"><span style=\"color: #0000ff;\">un rebond de ventes<\/span><\/a>. \u00c9trange soci\u00e9t\u00e9, dans laquelle on aime \u00e0 aller voir dans la maison de l&rsquo;ogre.<br \/>\n<\/span><\/p>\n<p><span style=\"color: #777777; font-family: Arial;\">Vanessa Springora a aussi \u00e9t\u00e9 invit\u00e9e par Laure Adler dans &lt;<a href=\"https:\/\/www.franceinter.fr\/emissions\/l-heure-bleue\/l-heure-bleue-08-janvier-2020\"><span style=\"color: #0000ff;\">L&rsquo;heure bleue<\/span><\/a>&gt; du 8 janvier 2020. Elle a tenu des propos qui m&rsquo;ont beaucoup touch\u00e9\u00a0(\u00e0 partir de 8:50):<br \/>\n<\/span><\/p>\n<p style=\"margin-left: 28pt;\"><span style=\"color: #c00000; font-family: Arial;\">\u00ab\u00a0Ma m\u00e8re me faisait la lecture des contes de f\u00e9es. [\u2026] Je crois toujours au prince charmant puisque j&rsquo;en ai rencontr\u00e9 un. Je crois que \u00e7a existe le prince charmant. Mais je crois que c&rsquo;est une erreur quand on est petite fille d&rsquo;y croire, il ne faut pas y croire, mais il faut le rencontrer sans l&rsquo;attendre. [Moi] je l&rsquo;ai cherch\u00e9 longtemps. J&rsquo;ai eu beaucoup de chance de le trouver.\u00a0\u00bb<br \/>\n<\/span><\/p>\n<p><span style=\"color: #777777; font-family: Arial;\">J&rsquo;ai \u00e9t\u00e9 touch\u00e9 parce que malgr\u00e9 la souillure du d\u00e9but, l&rsquo;exemple de Vanessa Springora prouve que le bonheur reste possible.<br \/>\n<\/span><\/p>\n<p><a href=\"https:\/\/www.franceinter.fr\/emissions\/l-invite-de-8h20-le-grand-entretien\/l-invite-de-8h20-le-grand-entretien-30-janvier-2020\"><span style=\"font-family: Arial;\"><span style=\"color: #0000ff;\">Ce jeudi matin, sur France Inter<\/span><\/span><\/a><span style=\"color: #777777; font-family: Arial;\">, j&rsquo;ai entendu le t\u00e9moignage de l&rsquo;ancienne championne de patinage artistique Sarah Abitbol qui a \u00e9t\u00e9 viol\u00e9e, dans le milieu sportif, par un de ses entraineurs. Elle aussi a trouv\u00e9 une belle relation amoureuse et sexuelle, selon ce qu&rsquo;elle a pu dire lors de son entretien. Son livre s&rsquo;appelle \u00ab<strong>Un si long silence<\/strong>\u00bb.<\/span><\/p>\n<p><span style=\"color: #777777; font-family: Arial;\">J&rsquo;ai trouv\u00e9 ce site canadien qui parle du &lt;<span style=\"color: #0000ff;\"><a style=\"color: #0000ff;\" href=\"https:\/\/www.educaloi.qc.ca\/capsules\/le-consentement-sexuel\">consentement sexuel<\/a><\/span>&gt;<\/span><\/p>\n<p><span style=\"color: #c00000; font-family: Arial;\">&lt;1340&gt;<\/span><\/p>\n","protected":false},"excerpt":{"rendered":"<p>\u00ab\u00a0Le consentement\u00a0\u00bb Vanessa Springora Le consentement\u00a0! J&rsquo;entends les protestations\u00a0: \u00ab\u00a0Alain ce mot n&rsquo;est pas nouveau\u00a0!\u00a0\u00bb Ce n&rsquo;est pas faux\u00a0! Le \u00ab consentement \u00bb est le substantif issu du verbe \u00ab consentir \u00bb qui lui-m\u00eame vient du latin consentire \u00ab \u00eatre<\/p>\n","protected":false},"author":1,"featured_media":0,"comment_status":"open","ping_status":"closed","sticky":false,"template":"","format":"standard","meta":{"footnotes":""},"categories":[1],"tags":[16,39,93],"class_list":["post-7978","post","type-post","status-publish","format-standard","hentry","category-motdujour","tag-droit","tag-jeunesse","tag-sexe"],"_links":{"self":[{"href":"https:\/\/lemotdujour.fr\/index.php?rest_route=\/wp\/v2\/posts\/7978","targetHints":{"allow":["GET"]}}],"collection":[{"href":"https:\/\/lemotdujour.fr\/index.php?rest_route=\/wp\/v2\/posts"}],"about":[{"href":"https:\/\/lemotdujour.fr\/index.php?rest_route=\/wp\/v2\/types\/post"}],"author":[{"embeddable":true,"href":"https:\/\/lemotdujour.fr\/index.php?rest_route=\/wp\/v2\/users\/1"}],"replies":[{"embeddable":true,"href":"https:\/\/lemotdujour.fr\/index.php?rest_route=%2Fwp%2Fv2%2Fcomments&post=7978"}],"version-history":[{"count":8,"href":"https:\/\/lemotdujour.fr\/index.php?rest_route=\/wp\/v2\/posts\/7978\/revisions"}],"predecessor-version":[{"id":7987,"href":"https:\/\/lemotdujour.fr\/index.php?rest_route=\/wp\/v2\/posts\/7978\/revisions\/7987"}],"wp:attachment":[{"href":"https:\/\/lemotdujour.fr\/index.php?rest_route=%2Fwp%2Fv2%2Fmedia&parent=7978"}],"wp:term":[{"taxonomy":"category","embeddable":true,"href":"https:\/\/lemotdujour.fr\/index.php?rest_route=%2Fwp%2Fv2%2Fcategories&post=7978"},{"taxonomy":"post_tag","embeddable":true,"href":"https:\/\/lemotdujour.fr\/index.php?rest_route=%2Fwp%2Fv2%2Ftags&post=7978"}],"curies":[{"name":"wp","href":"https:\/\/api.w.org\/{rel}","templated":true}]}}