{"id":7967,"date":"2020-01-30T02:00:01","date_gmt":"2020-01-30T01:00:01","guid":{"rendered":"http:\/\/lemotdujour.fr\/?p=7967"},"modified":"2020-01-30T07:24:52","modified_gmt":"2020-01-30T06:24:52","slug":"jeudi-30-janvier-2020","status":"publish","type":"post","link":"https:\/\/lemotdujour.fr\/?p=7967","title":{"rendered":"Jeudi 30 janvier 2020"},"content":{"rendered":"<div class=\"mdjTexte\">\u00ab\u00a0Flygskam\u00a0\u00bb<\/div>\n<div class=\"mdjAuteur\">Honte de prendre l\u2019avion<\/div>\n<p><span style=\"color: #777777; font-family: Arial;\">\u00ab\u00a0<strong>Flygskam<\/strong> \u00bb est un mot su\u00e9dois qui fusionne \u00ab <strong>skam<\/strong> \u00bb (la honte) et \u00ab <strong>flyg \u00bb (voler). <\/strong>C&rsquo;est donc la honte de voler ou de prendre l&rsquo;avion \u00e0 cause des cons\u00e9quences environnementales de ce mode de transport.<br \/>\n<\/span><\/p>\n<p><span style=\"color: #777777; font-family: Arial;\">C&rsquo;est un mot qui est n\u00e9 en Su\u00e8de mais a fait l&rsquo;objet d&rsquo;articles de journaux du monde entier en 2019. Il suffit de faire une recherche sur ce mot sur Internet pour en \u00eatre convaincu. C&rsquo;est typiquement un de ses \u00ab mots \u00bb qui a fait l&rsquo;actualit\u00e9.<br \/>\n<\/span><\/p>\n<p><span style=\"color: #777777; font-family: Arial;\">Il est vrai que le magazine \u00ab GEO \u00bb affirme qu'&lt;<span style=\"color: #0000ff;\"><a style=\"color: #0000ff;\" href=\"https:\/\/www.geo.fr\/environnement\/un-trajet-en-avion-est-1-500-fois-plus-polluant-quun-voyage-equivalant-en-tgv-195580\">un trajet en avion est 1 500 fois plus polluant qu&rsquo;un voyage \u00e9quivalent en TGV<\/a><\/span>&gt; et explique\u00a0:<br \/>\n<\/span><\/p>\n<p style=\"margin-left: 28pt;\"><span style=\"color: #c00000; font-family: Arial;\">\u00ab\u00a0L&rsquo;avion est aujourd&rsquo;hui le moyen de transport le plus polluant, bien plus que les voitures individuelles et le train. [&#8230;]<br \/>\n<\/span><\/p>\n<p style=\"margin-left: 28pt;\"><span style=\"color: #c00000; font-family: Arial;\">Par trajet, l&rsquo;avion \u00e9met en moyenne 125 fois plus de dioxyde de carbone qu&rsquo;une voiture individuelle, un chiffre qui monte \u00e0 1 500 pour les trains. En plus du CO2, l&rsquo;avion r\u00e9pand \u00e9galement de l&rsquo;ozone (O3), un gaz \u00e0 effet de serre, et des cirrus (nuages de la haute atmosph\u00e8re) qui ont un effet r\u00e9chauffant. [\u2026]<br \/>\n<\/span><\/p>\n<p style=\"margin-left: 28pt;\"><span style=\"color: #c00000; font-family: Arial;\">Aucune solution technologique n&rsquo;existe pour l&rsquo;instant pour limiter la pollution des avions. Sa version \u00e9lectrique permettrait de parcourir que de petites distances.\u00a0\u00bb<br \/>\n<\/span><\/p>\n<p><span style=\"color: #777777; font-family: Arial;\">Actuellement le transport routier mondial g\u00e9n\u00e8re plus de gaz \u00e0 effet de serre que l&rsquo;aviation, mais Wikipedia dans son article : &lt;<span style=\"color: #0000ff;\"><a style=\"color: #0000ff;\" href=\"https:\/\/fr.wikipedia.org\/wiki\/Impact_climatique_du_transport_a%C3%A9rien\"><strong>Impact climatique du transport a\u00e9rien<\/strong><\/a><\/span>&gt; pr\u00e9cise que les tendances actuelles vont faire augmenter de mani\u00e8re tr\u00e8s importante l&rsquo;impact de l&rsquo;aviation sur le r\u00e9chauffement climatique\u00a0:<br \/>\n<\/span><\/p>\n<p style=\"margin-left: 28pt;\"><span style=\"color: #c00000; font-family: Arial;\">\u00ab\u00a0Les r\u00e9acteurs d&rsquo;avion contribuent de mani\u00e8re importante \u00e0 l&rsquo;effet de serre. Cela est d\u00fb principalement au CO2 produit par la combustion du k\u00e9ros\u00e8ne, ainsi qu&rsquo;aux tra\u00een\u00e9es de condensation et aux nuages d&rsquo;altitude qu&rsquo;elles peuvent g\u00e9n\u00e9rer.<br \/>\n<\/span><\/p>\n<p style=\"margin-left: 28pt;\"><span style=\"color: #c00000; font-family: Arial;\">L&rsquo;impact climatique du transport a\u00e9rien, c&rsquo;est \u00e0 dire la contribution de l&rsquo;aviation commerciale au r\u00e9chauffement climatique, r\u00e9sulte principalement de la combustion de k\u00e9ros\u00e8ne dans les r\u00e9acteurs d&rsquo;avion. Celle-ci est responsable de l&rsquo;\u00e9mission de dioxyde de carbone (CO2), un gaz \u00e0 effet de serre qui s&rsquo;accumule dans l&rsquo;atmosph\u00e8re et dont les \u00e9missions repr\u00e9sentent de <strong>3 \u00e0 4 % des \u00e9missions mondiales <\/strong>[\u2026]<br \/>\n<\/span><\/p>\n<p style=\"margin-left: 28pt;\"><span style=\"color: #c00000; font-family: Arial;\">Pour consolider les effets sur le climat de l&rsquo;ensemble des \u00e9missions anthropiques, le GIEC utilise le for\u00e7age radiatif qui mesure les cons\u00e9quences des activit\u00e9s pass\u00e9es et pr\u00e9sentes sur la temp\u00e9rature globale. Il a estim\u00e9 que le for\u00e7age radiatif d\u00fb \u00e0 l&rsquo;aviation repr\u00e9sentait 4,9 % du for\u00e7age radiatif total de 1790 \u00e0 2005, environ trois fois plus que le seul impact du CO2. Avec la croissance rapide et continue du transport a\u00e9rien (de 6 \u00e0 7 % par an depuis 2015) et l&rsquo;incapacit\u00e9 du secteur \u00e0 la compenser au m\u00eame rythme par des am\u00e9liorations techniques ou op\u00e9rationnelles, <strong>son impact climatique ne cesse de cro\u00eetre<\/strong>. Selon des projections de la tendance actuelle, la part des \u00e9missions de CO2 de l&rsquo;aviation pourrait monter \u00e0 <strong>22 % des \u00e9missions mondiales de gaz \u00e0 effet de serre en 2050<\/strong>.\u00a0\u00bb<br \/>\n<\/span><\/p>\n<p><img decoding=\"async\" class=\"alignleft\" src=\"https:\/\/lemotdujour.fr\/wp-content\/uploads\/2020\/01\/012820_2254_Jeudi30janv1.jpg\" alt=\"\" align=\"left\" \/><span style=\"color: #777777; font-family: Arial;\">&lt;<a href=\"https:\/\/youmatter.world\/fr\/\"><span style=\"color: #0000ff;\">Youmatter<\/span><\/a>&gt; qui est un m\u00e9dia d&rsquo;information en ligne r\u00e9dig\u00e9 en langue fran\u00e7aise et anglaise et dont l&rsquo;objectif est d&rsquo;analyser et de d\u00e9crypter tous les grands ph\u00e9nom\u00e8nes qui agitent nos soci\u00e9t\u00e9s, afin de fournir aux citoyens de meilleures clefs de compr\u00e9hension et d&rsquo;action dans un monde en transition, nuance un peu ce propos dans un article qui me semble techniquement tr\u00e8s \u00e9labor\u00e9\u00a0: &lt;<a href=\"https:\/\/youmatter.world\/fr\/avion-pollution-voiture-comparaison\/\"><span style=\"color: #0000ff;\">Contrairement aux id\u00e9es re\u00e7ues, l&rsquo;avion ne pollue pas vraiment plus que la voiture<\/span>.&gt;<\/a><br \/>\n<\/span><\/p>\n<p><span style=\"color: #777777; font-family: Arial;\">Mais cet article affirme cependant\u00a0:<br \/>\n<\/span><\/p>\n<p style=\"margin-left: 28pt;\"><span style=\"color: #c00000; font-family: Arial;\">\u00ab\u00a0Malgr\u00e9 tout, il ne faut pas consid\u00e9rer que prendre l&rsquo;avion soit un acte anodin. L&rsquo;avion reste un mode de transport polluant et probl\u00e9matique. Certes, globalement le transport a\u00e9rien n&rsquo;est pas extr\u00eamement polluant (il repr\u00e9sente moins de 4-5% des \u00e9missions de CO2 mondiales, alors que le transport routier repr\u00e9sente 15% de ces \u00e9missions directes). Mais l&rsquo;avion reste parmi les modes de transports les plus polluants avec la voiture. [\u2026] Le probl\u00e8me du transport a\u00e9rien c&rsquo;est sa g\u00e9n\u00e9ralisation et sa banalisation : voyager sur de longues distance par avion devrait rester exceptionnel. Sur le plan environnemental, la croissance du transport a\u00e9rien n&rsquo;est donc pas en soi souhaitable.<br \/>\n<\/span><\/p>\n<p style=\"margin-left: 28pt;\"><span style=\"color: #c00000; font-family: Arial;\">Le probl\u00e8me c&rsquo;est que la croissance du secteur du transport a\u00e9rien li\u00e9e \u00e0 la mondialisation, plut\u00f4t que de remplacer des modes de transport polluants pr\u00e9-existant (comme la voiture), cr\u00e9e surtout de nouvelles opportunit\u00e9s de transport qui s&rsquo;ajoutent aux pollutions actuelles. On d\u00e9couvre ainsi de nouvelles destinations, plus lointaines, ce qui nous incite \u00e0 voyager plus et plus loin, et donc \u00e0 polluer plus. <strong>Il faut garder \u00e0 l&rsquo;esprit qu&rsquo;un vol Paris-New York en avion par exemple \u00e9met environ 1 tonne de CO2. Soit presque la totalit\u00e9 du \u00ab budget carbone \u00bb annuel auquel un fran\u00e7ais devrait se limiter s&rsquo;il voulait vraiment lutter contre le changement climatique (1.22 tonnes par an et par habitant).<\/strong> Dans l&rsquo;ensemble, r\u00e9duire ses besoins en transport (en avion, mais aussi et surtout en voiture) est donc la meilleure mani\u00e8re de r\u00e9duire son empreinte carbone. Conclusion : privil\u00e9giez le train !\u00a0\u00bb<br \/>\n<\/span><\/p>\n<p><span style=\"color: #777777; font-family: Arial;\">Les su\u00e9dois sont de tr\u00e8s grands consommateurs de voyages a\u00e9riens, et c&rsquo;est donc chez eux que le \u00a0<strong>Flygskam<\/strong>\u00a0est n\u00e9 et a prosp\u00e9r\u00e9. En effet, &lt;<a href=\"https:\/\/fr.wikipedia.org\/wiki\/Honte_de_prendre_l%27avion\"><span style=\"color: #0000ff;\">Wikipedia<\/span><\/a>&gt; nous apprend que ce sentiment [ de honte de prendre l&rsquo;avion] est nomm\u00e9 pour la premi\u00e8re fois en Su\u00e8de en 2018 dans la foul\u00e9e des gr\u00e8ves scolaires pour le climat initi\u00e9es par Greta Thunberg.<br \/>\n<\/span><\/p>\n<p><span style=\"color: #777777; font-family: Arial;\">Greta Thunberg, en janvier 2019 avait rejoint le Forum \u00e9conomique mondial (Davos en Suisse) en 32 heures de train, avant de d\u00e9noncer <strong>les 1 500 jets priv\u00e9s des dirigeants venus \u00e9voquer le r\u00e9chauffement climatique<\/strong>.<br \/>\n<\/span><\/p>\n<p><span style=\"color: #777777; font-family: Arial;\">Mais la jeune activiste n&rsquo;est pas seule en Su\u00e8de, deux autres Su\u00e9doises, Maja Rosen et Lotta Hammar, lancent une campagne de boycottage baptis\u00e9e \u00ab <strong>We stay on the ground 2019<\/strong> \u00bb (\u00ab Nous restons au sol en 2019 \u00bb), suivie par 15 000 de leurs compatriotes. En 2016, Magdalena Heuwieser lance un manifeste et un r\u00e9seau international \u00ab <strong>Stay grounded<\/strong> \u00bb pour en \u00ab finir avec l&rsquo;avion roi \u00bb.<br \/>\n<\/span><\/p>\n<p><span style=\"color: #777777; font-family: Arial;\">Le &lt;<span style=\"color: #0000ff;\"><a style=\"color: #0000ff;\" href=\"https:\/\/www.lefigaro.fr\/conso\/ces-francais-qui-ne-prennent-plus-l-avion-pour-preserver-la-planete-20190413\">Figaro Economie<\/a><\/span>&gt; affirme que ce ph\u00e9nom\u00e8ne a touch\u00e9 la France\u00a0:<br \/>\n<\/span><\/p>\n<p style=\"margin-left: 28pt;\"><span style=\"color: #c00000; font-family: Arial;\">\u00ab\u00a0Afin de pr\u00e9server l&rsquo;environnement, certains Fran\u00e7ais renoncent totalement \u00e0 prendre l&rsquo;avion, quitte \u00e0 abandonner leurs r\u00eaves de voyages \u00e0 l&rsquo;autre bout du monde. Ils privil\u00e9gient des destinations plus proches, accessibles en train.\u00a0\u00c0 l&rsquo;instar des Su\u00e9dois, certains Fran\u00e7ais renoncent \u00e0 prendre l&rsquo;avion pour pr\u00e9server l&rsquo;environnement.\u00bb<br \/>\n<\/span><\/p>\n<p><span style=\"color: #777777; font-family: Arial;\">C&rsquo;est dans cet article qu&rsquo;on peut lire que l&rsquo;<strong>AEE<\/strong> (Agence europ\u00e9enne pour l&rsquo;environnement) indique que les transports repr\u00e9sentent plus d&rsquo;un quart de la totalit\u00e9 des \u00e9missions de gaz \u00e0 effet de serre en Europe: les transports routiers y contribuent \u00e0 hauteur de 72%, l&rsquo;aviation pour 13,3% et le transport maritime pour 13,6%. Le transport ferroviaire repr\u00e9sente lui une part infime des \u00e9missions. Mais nous avons compris que le plus grave est que l&rsquo;aviation pr\u00e9sente un risque fort d&rsquo;augmenter consid\u00e9rablement sa part de responsabilit\u00e9.<br \/>\n<\/span><\/p>\n<p><span style=\"color: #777777; font-family: Arial;\">&lt;<a href=\"https:\/\/www.courrierinternational.com\/revue-de-presse\/tendance-honte-de-prendre-lavion-comment-le-flygskam-est-en-train-de-changer-nos\"><span style=\"color: #0000ff;\">Courrier International<\/span><\/a>&gt; a \u00e9galement consacr\u00e9 un article au \u00ab\u00a0flygskam\u00a0\u00bb et on peut y lire notamment\u00a0:<br \/>\n<\/span><\/p>\n<p style=\"margin-left: 28pt;\"><span style=\"color: #c00000; font-family: Arial;\">\u00ab <\/span><span style=\"color: #c00000; font-family: Arial;\">Sur plus de 6\u2009000 personnes sond\u00e9es par UBS aux \u00c9tats-Unis, en Allemagne, en France et au Royaume-Uni, 21 % assurent avoir d\u00e9j\u00e0 d\u00e9cid\u00e9 de r\u00e9duire leurs voyages en avion au cours de l&rsquo;ann\u00e9e \u00e9coul\u00e9e \u2013 soit une personne sur cinq. Si 16 % seulement des Britanniques interrog\u00e9s ont d\u00e9clar\u00e9 avoir renonc\u00e9 \u00e0 certains d\u00e9placements a\u00e9riens au cours des derniers mois, 24 % des voyageurs am\u00e9ricains indiquent avoir d\u00e9j\u00e0 chang\u00e9 leurs habitudes. Dans ce m\u00eame panel, une personne sur trois envisage de ne plus prendre l&rsquo;avion dans les ann\u00e9es \u00e0 venir.\u00a0\u00bb<br \/>\n<\/span><\/p>\n<p><span style=\"color: #777777; font-family: Arial;\">Et il cite \u00ab\u00a0<strong>The New York Times<\/strong>\u00a0\u00bb qui indique que les deux tiers des vols au d\u00e9part des \u00c9tats-Unis sont le fait de 12 % seulement des citoyens am\u00e9ricains, qui effectuent plus de six voyages aller-retour en avion chaque ann\u00e9e. Chacun de ces voyageurs \u00e9met en <strong>moyenne plus de trois tonnes de dioxyde de carbone par an<\/strong>, ce qui est consid\u00e9rable et largement sup\u00e9rieur, par ce seul canal, aux 1,22 tonnes qu&rsquo;il faudrait atteindre. Le quotidien new yorkais affirme que certaines entreprises se demandent d\u00e9sormais si tous ces voyages sont vraiment n\u00e9cessaires \u00e0 l&rsquo;\u00e8re du courrier \u00e9lectronique, de la messagerie collaborative et des t\u00e9l\u00e9conf\u00e9rences.<br \/>\n<\/span><\/p>\n<p><span style=\"color: #777777; font-family: Arial;\">Dans \u00ab\u00a0<strong>The Guardian<\/strong>\u00a0\u00bb, le journaliste John Vidal, lui-m\u00eame grand voyageur par go\u00fbt autant que par n\u00e9cessit\u00e9 professionnelle, dresse une liste des nouvelles initiatives prises pour encourager divers publics \u00e0 r\u00e9duire les trajets a\u00e9riens.<br \/>\n<\/span><\/p>\n<p><span style=\"color: #777777; font-family: Arial;\">Aux \u00c9tats-Unis, le site <strong>Flying Less<\/strong>, qui s&rsquo;adresse aux enseignants et aux chercheurs, a par exemple lanc\u00e9 une p\u00e9tition pour appeler les universit\u00e9s \u00e0 limiter le nombre des voyages professionnels en avion. Au Danemark, les journalistes du quotidien <strong>Politiken<\/strong> ont renonc\u00e9 aux vols int\u00e9rieurs et tentent de r\u00e9duire au minimum indispensable le nombre de vols internationaux. La rubrique Voyage du journal met d\u00e9sormais en avant des destinations accessibles par d&rsquo;autres moyens de transport \u2013 une d\u00e9marche dont The Guardian entend lui-m\u00eame s&rsquo;inspirer. En Su\u00e8de, une initiative intitul\u00e9e <strong>Flygfritt <\/strong>(\u00ab\u00a0Sans avion\u00a0\u00bb) veut f\u00e9d\u00e9rer 100 000 personnes pr\u00eates \u00e0 s&rsquo;engager \u00e0 ne pas prendre l&rsquo;avion en 2020.<br \/>\n<\/span><\/p>\n<p><span style=\"color: #777777; font-family: Arial;\">Et c&rsquo;est le quotidien \u00e9conomique &lt;<span style=\"color: #0000ff;\"><a style=\"color: #0000ff;\" href=\"https:\/\/www.lesechos.fr\/industrie-services\/tourisme-transport\/en-suede-la-honte-de-prendre-lavion-plombe-deja-le-trafic-aerien-1013012\">LES ECHOS<\/a><\/span>&gt; qui affirme que le \u00ab flygskam \u00bb plombe d\u00e9j\u00e0 le trafic a\u00e9rien en Su\u00e8de et que le train fait figure de grand gagnant\u00a0:<br \/>\n<\/span><\/p>\n<p style=\"margin-left: 28pt;\"><span style=\"color: #c00000; font-family: Arial;\">\u00ab\u00a0Les chiffres publi\u00e9s pour l&rsquo;ensemble des 38 a\u00e9roports du pays au premier trimestre 2019 par l&rsquo;Agence su\u00e9doise des transports ont ensuite confirm\u00e9 cette tendance : le nombre de passagers a diminu\u00e9 de pr\u00e8s de 4,4 % sur un an, dont &#8211; 5,6 % sur les vols int\u00e9rieurs. [\u2026] Faut-il y voir le point de d\u00e9part d&rsquo;un mouvement plus vaste sur le continent ? Pour le moment, les chiffres publi\u00e9s par la plupart des a\u00e9roports des pays voisins t\u00e9moignent toujours d&rsquo;une hausse continue du trafic passagers, \u00e0 l&rsquo;image du reste du monde. Mais au vu de l&rsquo;effervescence actuelle des mouvements pour le climat, \u00e0 Londres comme \u00e0 Paris , il n&rsquo;est pas \u00e0 exclure que la \u00ab honte de prendre l&rsquo;avion \u00bb puisse s&rsquo;\u00e9tendre \u00e0 d&rsquo;autres pays aussi rapidement qu&rsquo;en Su\u00e8de.\u00a0\u00bb<br \/>\n<\/span><\/p>\n<p><span style=\"color: #777777; font-family: Arial;\">Et c&rsquo;est le Figaro Economie qui pose la question\u00a0: \u00ab\u00a0Le trafic a\u00e9rien mondial peut-il \u00eatre menac\u00e9 par le \u00ab<a href=\"https:\/\/www.lefigaro.fr\/conjoncture\/le-trafic-aerien-mondial-peut-il-etre-menace-par-le-flygskam-20191017\"><span style=\"color: #0000ff;\">flygskam<\/span><\/a>\u00bb?\u00a0\u00bb<br \/>\n<\/span><\/p>\n<p style=\"margin-left: 28pt;\"><span style=\"color: #c00000; font-family: Arial;\">\u00ab\u00a0Ainsi, UBS inclut les consid\u00e9rations \u00e9cologiques et estime que sur les quinze prochaines ann\u00e9es, le nombre de vol dans l&rsquo;Union europ\u00e9enne augmentera d&rsquo;environ 1,5% par an en moyenne. Un chiffre deux fois plus faible que les pr\u00e9dictions d&rsquo;Airbus, qui tablait r\u00e9cemment sur une hausse de 3%. Au premier semestre de l&rsquo;ann\u00e9e, le trafic a\u00e9rien en Europe a d&rsquo;ailleurs plus faiblement augment\u00e9 que l&rsquo;ann\u00e9e derni\u00e8re, sur la m\u00eame p\u00e9riode, passant de 6,7% \u00e0 4,3%.<br \/>\n<\/span><\/p>\n<p style=\"margin-left: 28pt;\"><span style=\"color: #c00000; font-family: Arial;\">Aux \u00c9tats-Unis, la hausse de 2,1% pr\u00e9vue par Airbus a \u00e9galement \u00e9t\u00e9 abaiss\u00e9e par UBS, \u00e0 1,3%. Sur le continent am\u00e9ricain d&rsquo;ailleurs, pr\u00e8s d&rsquo;un sond\u00e9 sur quatre d\u00e9clare d&rsquo;ores et d\u00e9j\u00e0 avoir modifi\u00e9 ses habitudes.<br \/>\n<\/span><\/p>\n<p style=\"margin-left: 28pt;\"><span style=\"color: #c00000; font-family: Arial;\">Selon cette m\u00eame \u00e9tude, si une telle modification du paysage a\u00e9rien, devait se produire, cela modifierait tr\u00e8s nettement le march\u00e9. UBS estime que cela aboutirait pour Airbus \u00e0 un manque \u00e0 gagner colossal d&rsquo;environ 2,8 milliards d&rsquo;euros par an \u00e0 terme.\u00a0\u00bb<br \/>\n<\/span><\/p>\n<p><span style=\"color: #777777; font-family: Arial;\">Pour cause, dans sa derni\u00e8re \u00e9tude de march\u00e9, Airbus estimait que pour r\u00e9pondre \u00e0 l&rsquo;importante demande mondiale, 39.210 avions neufs devront \u00eatre construits en tout sur les 20 prochaines ann\u00e9es. Si le sondage d&rsquo;UBS porte les bons chiffres, alors Airbus, qui compte pour 57% du march\u00e9, aura \u00e0 revoir ses pr\u00e9dictions de construction d&rsquo;avions.<br \/>\n<\/span><\/p>\n<p><span style=\"color: #777777; font-family: Arial;\">La question est de savoir comment chacun de nous r\u00e9agit par rapport \u00e0 ce sujet\u00a0?<br \/>\n<\/span><\/p>\n<p><span style=\"color: #777777; font-family: Arial;\">Le mot du jour de mardi montrait l&rsquo;urgence de la situation.<br \/>\n<\/span><\/p>\n<p><span style=\"color: #777777; font-family: Arial;\">Alors je sais bien que les \u00e9ternels optimistes pr\u00e9disent que le g\u00e9nie humain va inventer les techniques qui permettront de continuer \u00e0 tout faire comme avant, tout en pr\u00e9servant la plan\u00e8te.<br \/>\n<\/span><\/p>\n<p><span style=\"color: #777777; font-family: Arial;\">Admettons que ce soit le plan A\u00a0!<br \/>\n<\/span><\/p>\n<p><span style=\"color: #777777; font-family: Arial;\">Mais avez-vous song\u00e9 au plan B ?<br \/>\n<\/span><\/p>\n<p><img decoding=\"async\" src=\"https:\/\/lemotdujour.fr\/wp-content\/uploads\/2020\/01\/012820_2254_Jeudi30janv2.jpg\" alt=\"\" \/><span style=\"color: #777777; font-family: Arial;\"><br \/>\n<\/span><\/p>\n<p><span style=\"color: #777777; font-family: Arial;\">En attendant, les <a href=\"https:\/\/www.novethic.fr\/actualite\/social\/consommation\/isr-rse\/suede-apres-le-flygskam-la-honte-de-prendre-l-avion-voici-le-kopskam-la-honte-de-consommer-147817.html\"><span style=\"color: #0000ff;\">pr\u00e9curseurs su\u00e9dois ont progress\u00e9<\/span><\/a> et ont invent\u00e9 apr\u00e8s \u00ab\u00a0<strong>le flygskam<\/strong> \u00bb, \u00ab\u00a0<strong>le K\u00f6pskam<\/strong>\u00a0\u00bb, la honte de consommer, un n\u00e9ologisme qui \u00e9merge peu \u00e0 peu dans la soci\u00e9t\u00e9 nordique et qui vise surtout l&rsquo;industrie de la mode, particuli\u00e8rement montr\u00e9e du doigt pour son impact sur l&rsquo;environnement.<br \/>\n<\/span><\/p>\n<p><span style=\"color: maroon; font-family: Arial;\">&lt;1339&gt;<\/span><\/p>\n","protected":false},"excerpt":{"rendered":"<p>\u00ab\u00a0Flygskam\u00a0\u00bb Honte de prendre l\u2019avion \u00ab\u00a0Flygskam \u00bb est un mot su\u00e9dois qui fusionne \u00ab skam \u00bb (la honte) et \u00ab flyg \u00bb (voler). C&rsquo;est donc la honte de voler ou de prendre l&rsquo;avion \u00e0 cause des cons\u00e9quences environnementales de ce<\/p>\n","protected":false},"author":1,"featured_media":0,"comment_status":"open","ping_status":"closed","sticky":false,"template":"","format":"standard","meta":{"footnotes":""},"categories":[1],"tags":[43,44,68],"class_list":["post-7967","post","type-post","status-publish","format-standard","hentry","category-motdujour","tag-ecologie","tag-rechauffement","tag-transport"],"_links":{"self":[{"href":"https:\/\/lemotdujour.fr\/index.php?rest_route=\/wp\/v2\/posts\/7967","targetHints":{"allow":["GET"]}}],"collection":[{"href":"https:\/\/lemotdujour.fr\/index.php?rest_route=\/wp\/v2\/posts"}],"about":[{"href":"https:\/\/lemotdujour.fr\/index.php?rest_route=\/wp\/v2\/types\/post"}],"author":[{"embeddable":true,"href":"https:\/\/lemotdujour.fr\/index.php?rest_route=\/wp\/v2\/users\/1"}],"replies":[{"embeddable":true,"href":"https:\/\/lemotdujour.fr\/index.php?rest_route=%2Fwp%2Fv2%2Fcomments&post=7967"}],"version-history":[{"count":6,"href":"https:\/\/lemotdujour.fr\/index.php?rest_route=\/wp\/v2\/posts\/7967\/revisions"}],"predecessor-version":[{"id":7975,"href":"https:\/\/lemotdujour.fr\/index.php?rest_route=\/wp\/v2\/posts\/7967\/revisions\/7975"}],"wp:attachment":[{"href":"https:\/\/lemotdujour.fr\/index.php?rest_route=%2Fwp%2Fv2%2Fmedia&parent=7967"}],"wp:term":[{"taxonomy":"category","embeddable":true,"href":"https:\/\/lemotdujour.fr\/index.php?rest_route=%2Fwp%2Fv2%2Fcategories&post=7967"},{"taxonomy":"post_tag","embeddable":true,"href":"https:\/\/lemotdujour.fr\/index.php?rest_route=%2Fwp%2Fv2%2Ftags&post=7967"}],"curies":[{"name":"wp","href":"https:\/\/api.w.org\/{rel}","templated":true}]}}