{"id":7961,"date":"2020-01-29T03:20:06","date_gmt":"2020-01-29T02:20:06","guid":{"rendered":"http:\/\/lemotdujour.fr\/?p=7961"},"modified":"2020-06-16T01:09:56","modified_gmt":"2020-06-15T23:09:56","slug":"mercredi-29-janvier-2020","status":"publish","type":"post","link":"https:\/\/lemotdujour.fr\/?p=7961","title":{"rendered":"Mercredi 29 janvier 2020"},"content":{"rendered":"<div class=\"mdjTexte\">\u00ab&nbsp;Violences polici\u00e8res&nbsp;\u00bb<\/div>\n<div class=\"mdjAuteur\">Expression que le gouvernement n\u2019accepte pas<\/div>\n<p><span style=\"color: #777777; font-family: Arial;\">Notre Pr\u00e9sident de la R\u00e9publique avait introduit cet \u00ab&nbsp;\u00e9l\u00e9ment de langage&nbsp;\u00bb lors d&rsquo;une r\u00e9union du grand d\u00e9bat national, <a href=\"https:\/\/www.francetvinfo.fr\/economie\/transports\/gilets-jaunes\/video-gilets-jaunes-macron-juge-inacceptable-dans-un-etat-de-droit-de-parler-de-violences-policieres_3222835.html\"><span style=\"color: #0000ff;\">le 7 mars 2019<\/span>&nbsp;<\/a>:<br \/>\n<\/span><\/p>\n<p style=\"margin-left: 28pt;\"><span style=\"color: #c00000; font-family: Arial;\">\u00ab Ne parlez pas de r\u00e9pression ou de violences polici\u00e8res, ces mots sont inacceptables dans un \u00c9tat de droit. \u00bb<br \/>\n<\/span><\/p>\n<p><span style=\"color: #777777; font-family: Arial;\">Il a dit par ailleurs qu&rsquo;il \u00ab\u00a0refusait \u00ab&nbsp;<span style=\"color: #c00000;\">l&rsquo;expression \u00ab\u00a0violences polici\u00e8res\u00a0\u00bb pour d\u00e9crire les blessures \u00ab\u00a0malheureusement\u00a0\u00bb subies par des participants au mouvement des \u00ab\u00a0gilets jaunes<span style=\"color: #777777;\">\u00ab\u00a0.&nbsp;\u00bb<br \/>\n<\/span><\/span><\/span><\/p>\n<p><span style=\"color: #777777; font-family: Arial;\">Bien entendu, tous les membres du gouvernement ont repris cette interdiction&nbsp;: ils refusent tous d&rsquo;\u00e9voquer des violences polici\u00e8res&nbsp;!<br \/>\n<\/span><\/p>\n<p><span style=\"color: #777777; font-family: Arial;\">Pour ma part, j&rsquo;ai eu du mal. J&rsquo;ai d&rsquo;abord observ\u00e9 que depuis la p\u00e9riode des attentats, les forces de l&rsquo;ordre ont eu \u00e0 subir une pression \u00e9norme qui s&rsquo;est&nbsp; concr\u00e9tis\u00e9e par des millions d&rsquo;heures suppl\u00e9mentaires et donc du repos en moins. <span style=\"color: #0000ff;\"><a style=\"color: #0000ff;\" href=\"https:\/\/www.lepoint.fr\/societe\/info-le-point-le-ministere-de-l-interieur-commence-a-payer-les-heures-supplementaires-17-10-2019-2341887_23.php\">Heures suppl\u00e9mentaires qui n&rsquo;ont pas \u00e9t\u00e9 pay\u00e9es pendant longtemps<\/a>.<\/span><br \/>\n<\/span><\/p>\n<p><span style=\"color: #777777; font-family: Arial;\">Et quand la col\u00e8re et l&rsquo;hyst\u00e9rie ont conduit certains gilets jaunes \u00e0 engager des affrontements tr\u00e8s violents avec la police, j&rsquo;ai pris la d\u00e9fense de la police. Je trouvais les attaques injustes et le mot du jour<a href=\"https:\/\/lemotdujour.fr\/?p=5884\"> <span style=\"color: #0000ff;\">du 10 d\u00e9cembre 2018<\/span><\/a> d\u00e9fendait l&rsquo;action de la police et leur donnait la parole&nbsp;:&nbsp;\u00ab&nbsp;<strong>C&rsquo;\u00e9tait de l&rsquo;ultraviolence. Ils avaient des envies de meurtre. Nous, notre but c&rsquo;est juste de rentrer en vie chez nous, pour retrouver nos familles<\/strong>. \u00bb<br \/>\n<\/span><\/p>\n<p><span style=\"color: #777777; font-family: Arial;\">Mais peu \u00e0 peu, il a fallu se rendre \u00e0 l&rsquo;\u00e9vidence, il existait en France des violences polici\u00e8res. Ce n&rsquo;\u00e9tait pas le fait de toutes les forces de l&rsquo;ordre, mais parmi elles, certains usaient de mani\u00e8re disproportionn\u00e9e de la force dont ils disposaient ou de mani\u00e8re&nbsp;&nbsp; inad\u00e9quate en utilisant mal les armes, voire usaient de violence gratuite. &lt;<span style=\"color: #0000ff;\"><a style=\"color: #0000ff;\" href=\"https:\/\/www.ladepeche.fr\/2020\/01\/11\/polemique-a-toulouse-un-policier-filme-en-train-de-faire-un-croche-pied-a-une-manifestante,8654913.php\">Comment d\u00e9crire autrement<\/a><\/span>&gt; le croche pied qu&rsquo;a fait un policier \u00e0 une manifestante et dont parle le journal \u00ab La D\u00e9p\u00eache \u00bb<br \/>\n<\/span><\/p>\n<p><span style=\"color: #777777; font-family: Arial;\">Et puis, il y a eu<span style=\"color: #0000ff;\"> <a style=\"color: #0000ff;\" href=\"https:\/\/www.liberation.fr\/france\/2020\/01\/07\/mort-d-un-livreur-a-paris-l-autopsie-fait-etat-d-une-fracture-du-larynx-la-famille-denonce-les-polic_1771895\">le d\u00e9c\u00e8s de C\u00e9dric Chouviat<\/a><\/span>, suite \u00e0 un contr\u00f4le routier. Cet homme qui a \u00e9t\u00e9 plaqu\u00e9 au sol par trois policiers est mort d&rsquo;une \u00ab<strong>manifestation asphyxique avec une fracture du larynx<\/strong>\u00bb. Il a certainement commis une infraction et n&rsquo;a probablement pas imm\u00e9diatement obtemp\u00e9r\u00e9 lors de son interpellation, mais cela ne peut pas, ne doit pas conduire \u00e0 la mort d&rsquo;un citoyen non arm\u00e9 lors d&rsquo;un contr\u00f4le routier.<br \/>\n<\/span><\/p>\n<p><a href=\"https:\/\/www.lemonde.fr\/m-le-mag\/article\/2019\/01\/26\/david-dufresne-la-vigie-des-violences-policieres_5414777_4500055.html\"><span style=\"font-family: Arial;\"><span style=\"color: #0000ff;\">&lt;Le journaliste David Dufresne&gt;<\/span><\/span><\/a><span style=\"color: #777777; font-family: Arial;\"> a entrepris un recensement des actes qui pouvaient poser la question de violences polici\u00e8res.<br \/>\n<\/span><\/p>\n<p><span style=\"color: #777777; font-family: Arial;\">\u00c9videmment, il faudrait pouvoir discuter de cela sereinement. C&rsquo;est pourquoi j&rsquo;ai trouv\u00e9 tr\u00e8s int\u00e9ressante cette \u00e9mission des &lt;<span style=\"color: #0000ff;\"><a style=\"color: #0000ff;\" href=\"https:\/\/www.franceculture.fr\/societe\/la-police-est-elle-plus-violente-quavant\">Id\u00e9es Claires<\/a><\/span>&gt; qui posait ouvertement la question&nbsp;: \u00ab&nbsp;<strong>La police fran\u00e7aise est-elle plus violente qu&rsquo;avant ? <\/strong>&nbsp;\u00bb<br \/>\n<\/span><\/p>\n<p><img decoding=\"async\" class=\"alignleft\" src=\"https:\/\/lemotdujour.fr\/wp-content\/uploads\/2020\/01\/012720_2207_Mercredi29j1.jpg\" alt=\"\" align=\"left\"><span style=\"color: #777777; font-family: Arial;\">Et pour y r\u00e9pondre le journaliste Nicolas Martin a interrog\u00e9 <strong>Sebastian Roch\u00e9<\/strong>, sociologue, directeur de recherche au CNRS et auteur de \u00ab&nbsp;<a href=\"https:\/\/www.grasset.fr\/livres\/de-la-police-en-democratie-9782246806141\"><span style=\"color: #0000ff;\">De la police en d\u00e9mocratie<\/span>&nbsp;<\/a>\u00bb<br \/>\n<\/span><\/p>\n<p><span style=\"color: #777777; font-family: Arial;\">Et voici ce que Sebastian Roch\u00e9 a r\u00e9pondu&nbsp;:<br \/>\n<\/span><\/p>\n<p style=\"margin-left: 28pt;\"><span style=\"color: #c00000; font-family: Arial;\">\u00ab&nbsp;Il y a moins de violences polici\u00e8res qu&rsquo;hier si on se reporte au d\u00e9but du XXe si\u00e8cle, mais sur ces derni\u00e8res ann\u00e9es il y a une augmentation des armes de type grenade et de type LBD qui ont caus\u00e9 des blessures irr\u00e9versibles dans des quantit\u00e9s pr\u00e9c\u00e9demment inconnues, inconnues en France, <strong>mais \u00e9galement inconnues dans les autres d\u00e9mocraties europ\u00e9ennes<\/strong>.&nbsp;\u00bb<br \/>\n<\/span><\/p>\n<p><span style=\"color: #777777; font-family: Arial;\">Quand je me regarde, je me d\u00e9sole ; quand je me compare, je me console, a-t-on coutume de dire.<br \/>\n<\/span><\/p>\n<p><span style=\"color: #777777; font-family: Arial;\">Il semble cependant que pour le cas que nous \u00e9voquons, la comparaison non seulement ne nous console pas, mais nous inqui\u00e8te.<br \/>\n<\/span><\/p>\n<p><span style=\"color: #777777; font-family: Arial;\">L&rsquo;\u00e9tonnant ministre de l&rsquo;int\u00e9rieur que notre jeune pr\u00e9sident a nomm\u00e9 pour remplacer le vieux maire de Lyon en contrat d&rsquo;int\u00e9rim \u00e0 Paris, vient d&rsquo;annoncer sur France 3, dimanche 26&nbsp;janvier, avec un peu d&#8217;emphase, <span style=\"color: #c00000;\">\u00ab&nbsp;Il faut prendre des d\u00e9cisions, et j&rsquo;en prends une imm\u00e9diatement.&nbsp;\u00bb,<span style=\"color: #777777;\"> l&rsquo;interdiction de la grenade GLI-F4.<br \/>\n<\/span><\/span><\/span><\/p>\n<p><span style=\"color: #777777; font-family: Arial;\">C&rsquo;est cette grenade qui avait caus\u00e9 la mort de R\u00e9mi Fraisse, le militant \u00e9cologiste, \u00e0 Sivens (Tarn),<br \/>\n<\/span><\/p>\n<p><a href=\"https:\/\/fr.wikipedia.org\/wiki\/Grenade_GLI-F4\"><span style=\"font-family: Arial;\"><span style=\"color: #0000ff;\">Cette arme qu&rsquo;aucun autre pays europ\u00e9en<\/span><\/span><\/a><span style=\"color: #777777; font-family: Arial;\"> n&rsquo;utilisait, n&rsquo;\u00e9tait plus fabriqu\u00e9 parce qu&rsquo;elle \u00e9tait dangereuse. Mais le minist\u00e8re de l&rsquo;int\u00e9rieur a d\u00e9cid\u00e9 de l&rsquo;utiliser jusqu&rsquo;\u00e0 l&rsquo;extinction des stocks&nbsp;! Si une arme est dangereuse et ne convient pas \u00e0 sa mission, on ne l&rsquo;utilise plus m\u00eame quand il reste du stock.<br \/>\n<\/span><\/p>\n<p><span style=\"color: #777777; font-family: Arial;\">J&rsquo;esp\u00e8re qu&rsquo;il restait encore des stocks, parce que sinon l&rsquo;annonce du ministre \u00e9tait non seulement emphatique mais aussi trompeuse.<br \/>\n<\/span><\/p>\n<p><span style=\"color: #777777; font-family: Arial;\">Sebastian Roch\u00e9 explique cependant que la professionnalisation, c&rsquo;est \u00e0 dire la cr\u00e9ation d&rsquo;unit\u00e9s sp\u00e9ciales au XX\u00e8me si\u00e8cle, du type CRS, a fait diminuer de mani\u00e8re importante la violence, par rapport \u00e0 la situation d&rsquo;avant. La situation d&rsquo;avant c&rsquo;\u00e9tait l&rsquo;arm\u00e9e qu&rsquo;on envoyait et qui tirait sur la foule. Ce fut le cas de la <span style=\"color: #0000ff;\"><a style=\"color: #0000ff;\" href=\"https:\/\/fr.wikipedia.org\/wiki\/Fusillade_de_Fourmies\"><strong>fusillade de Fourmies<\/strong><\/a><\/span> qui s&rsquo;est d\u00e9roul\u00e9 le 1<sup>er<\/sup> mai 1891 et a conduit \u00e0 un discours tr\u00e8s v\u00e9h\u00e9ment de Clemenceau contre l&rsquo;utilisation excessive de la Force. &lt;<span style=\"color: #0000ff;\"><a style=\"color: #0000ff;\" href=\"https:\/\/www.humanite.fr\/node\/304432\">L&rsquo;Humanit\u00e9<\/a><\/span>&gt; nous rappelle que quelques ann\u00e9es plus tard, en 1908, lorsque Clemenceau fut au pouvoir, il n&rsquo;h\u00e9sita pas non plus d&rsquo;envoyer l&rsquo;arm\u00e9e tirer sur les manifestants<br \/>\n<\/span><\/p>\n<p><span style=\"color: #777777; font-family: Arial;\">Quand on habite Lyon, on se doit de rappeler que l&rsquo;arm\u00e9e a tir\u00e9 le <a href=\"https:\/\/www.lyoncapitale.fr\/culture\/14-avril-1834-la-revolte-des-canuts-lyonnais-reprimee-dans-le-sang\/\"><span style=\"color: #0000ff;\">14 avril 1834<\/span><\/a> sur les canuts lyonnais.<br \/>\n<\/span><\/p>\n<p><span style=\"color: #777777; font-family: Arial;\">La police est donc moins violente qu&rsquo;en 1900 mais qu&rsquo;en est-il depuis 2000 ?<br \/>\n<\/span><\/p>\n<p style=\"margin-left: 28pt;\"><span style=\"color: #c00000; font-family: Arial;\">\u00ab&nbsp;Il est certain que c&rsquo;est depuis les ann\u00e9es 2 000 qu&rsquo;il y a eu un durcissement, notamment avec un \u00e9quipement comme les armes LBD qui sont pass\u00e9es de la police d&rsquo;intervention, par exemple, contre le terrorisme, \u00e0 la police dite anticriminalit\u00e9 avec un usage peu contr\u00f4l\u00e9 de ces armes puisque ce sont les agents eux-m\u00eames qui d\u00e9cident de leur emploi. Ils ne le font plus en r\u00e9ponse \u00e0 une instruction hi\u00e9rarchique et la g\u00e9n\u00e9ralisation de ces outils va entra\u00eener des d\u00e9g\u00e2ts, mais qui ne vont pas \u00eatre imm\u00e9diatement connus. Il va y avoir un certain nombre d&rsquo;associations qui vont se mobiliser contre l&rsquo;usage des LBD, qui vont se mobiliser par rapport au fait qu&rsquo;il y a des d\u00e9c\u00e8s au cours des op\u00e9rations de police, surtout dans les banlieues, surtout des personnes des minorit\u00e9s.\u00a0\u00bb<br \/>\n<\/span><\/p>\n<p style=\"margin-left: 28pt;\"><span style=\"color: #c00000; font-family: Arial;\">[Mais] Ce qui est nouveau avec le mouvement des \u00ab\u00a0gilets jaunes\u00a0\u00bb, c&rsquo;est que ce sont des personnes de la France p\u00e9riurbaine, voire rurale, en tous cas hors r\u00e9gion parisienne, et que ce sont des personnes fran\u00e7aises d&rsquo;origine fran\u00e7aise, blanches, qui vont \u00eatre massivement touch\u00e9es par les tirs.&nbsp;\u00bb<br \/>\n<\/span><\/p>\n<p><span style=\"color: #777777; font-family: Arial;\">Alors, ce que dit ici, Sebastien Roch\u00e9 est encore plus navrant que le reste, navrant pour la France.<br \/>\n<\/span><\/p>\n<p><span style=\"color: #777777; font-family: Arial;\">Il affirme que tant que la violence polici\u00e8re s&rsquo;exer\u00e7ait dans les banlieues, contre des personnes et des jeunes issues de l&rsquo;immigration, les m\u00e9dias ne s&rsquo;en inqui\u00e9taient pas trop.<br \/>\n<\/span><\/p>\n<p><span style=\"color: #777777; font-family: Arial;\">Mais depuis que cela touche \u00ab&nbsp;<a href=\"https:\/\/www.ina.fr\/video\/I09082508\"><span style=\"color: #0000ff;\">des fran\u00e7ais innocents<\/span>&nbsp;<\/a>\u00bb pour reprendre la lamentable formule de Raymond Barre, ce n&rsquo;est plus possible&nbsp;!<br \/>\n<\/span><\/p>\n<p><span style=\"color: #777777; font-family: Arial;\">Le mat\u00e9riel utilis\u00e9 pose probl\u00e8me&nbsp;:<br \/>\n<\/span><\/p>\n<p style=\"margin-left: 28pt;\"><span style=\"color: #c00000; font-family: Arial;\">\u00ab&nbsp;Le mat\u00e9riel qui est utilis\u00e9 en maintien de l&rsquo;ordre en France est singulier, puisqu&rsquo;il y a \u00e0 la fois diff\u00e9rents types de grenades qui sont lanc\u00e9es, normalement \u00e0 ras du sol mais on l&rsquo;a vu bien souvent ce mode d&#8217;emploi n&rsquo;est pas respect\u00e9, et les LBD. Et c&rsquo;est la combinaison de ces deux types d&rsquo;armes qui a occasionn\u00e9 les blessures irr\u00e9versibles sur la trentaine de personnes qui a \u00e9t\u00e9 mutil\u00e9e. Les blessures caus\u00e9es par les grenades de d\u00e9sencerclement par exemple, peuvent \u00eatre la perte d&rsquo;un \u0153il, ou si l&rsquo;on touche la grenade au moment o\u00f9 elle explose, l&rsquo;arrachage d&rsquo;un pied ou d&rsquo;une main. C&rsquo;est une singularit\u00e9 fran\u00e7aise d&rsquo;avoir ces deux types d&rsquo;armes, les d\u00e9mocraties nordiques interdisent l&rsquo;usage par la police pour le maintien de l&rsquo;ordre soit des grenades, soit des LBD, soit des deux. [\u2026]<br \/>\n<\/span><\/p>\n<p style=\"margin-left: 28pt;\"><span style=\"color: #c00000; font-family: Arial;\">La police fran\u00e7aise, apr\u00e8s le mouvement des \u00ab\u00a0gilets jaunes\u00a0\u00bb, va se situer effectivement dans le haut de la fourchette des violences non-mortelles, puisque ce sont essentiellement des mutilations que l&rsquo;on va compter. Par exemple, la police de Catalogne, apr\u00e8s avoir fait perdre les yeux \u00e0 cinq personnes, a d\u00e9cid\u00e9 d&rsquo;interrompre l&rsquo;usage des LBD. En France, apr\u00e8s plus d&rsquo;une vingtaine de personnes qui ont perdu la vue en tous cas d&rsquo;un \u0153il, le gouvernement n&rsquo;a pas pris de mesures comparables. Donc, la France n&rsquo;est pas un tr\u00e8s bon \u00e9l\u00e8ve en Europe.&nbsp;\u00bb<br \/>\n<\/span><\/p>\n<p><span style=\"color: #777777; font-family: Arial;\">Sebastien Roch\u00e9 refuse d&rsquo;affirmer que c&rsquo;est le gouvernement qui a incit\u00e9 certains policiers \u00e0 devenir violents. Il rel\u00e8ve cependant certaines formules malheureuses. Et un point qui me semble particuli\u00e8rement important, le manque de rigueur dans le port du num\u00e9ro d&rsquo;identification du policier, appel\u00e9 num\u00e9ro <strong>RIO<\/strong>&nbsp;:<br \/>\n<\/span><\/p>\n<p style=\"margin-left: 28pt;\"><span style=\"color: #c00000; font-family: Arial;\">\u00ab&nbsp;Il est difficile de prouver que le gouvernement a voulu que la police soit plus violente. Ce qu&rsquo;on peut dire c&rsquo;est que le gouvernement a pu indirectement inciter \u00e0 la commission de violence par certains policiers parce que tous n&rsquo;ont pas eu le m\u00eame comportement bien s\u00fbr, notamment parce que le ministre de l&rsquo;Int\u00e9rieur a d\u00e9sign\u00e9 de mani\u00e8re r\u00e9p\u00e9t\u00e9e les manifestants comme \u00e9tant \u00ab\u00a0hostiles\u00a0\u00bb, \u00ab\u00a0factieux\u00a0\u00bb et donc indirectement il a l\u00e9gitim\u00e9 l&rsquo;usage de la force \u00e0 leur encontre. <\/span><\/p>\n<p style=\"margin-left: 28pt;\"><span style=\"color: #c00000; font-family: Arial;\">La deuxi\u00e8me chose c&rsquo;est que le ministre de l&rsquo;Int\u00e9rieur n&rsquo;a pas fait en sorte que les r\u00e8glements soient appliqu\u00e9s et notamment la possibilit\u00e9 d&rsquo;identifier chaque agent par le port d&rsquo;un num\u00e9ro, le num\u00e9ro Rio (R\u00e9f\u00e9rentiel des identit\u00e9s et de l&rsquo;organisation). Dons si on n&rsquo;oblige pas les agents \u00e0 \u00eatre identifiables de facto on ne fait pas peser sur eux le risque d&rsquo;\u00eatre comptables de leurs actes.&nbsp;\u00bb<br \/>\n<\/span><\/p>\n<p><span style=\"color: #777777; font-family: Arial;\">Le discours du gouvernement a, un peu, \u00e9volu\u00e9. Emmanuel Macron <span style=\"color: #0000ff;\"><a style=\"color: #0000ff;\" href=\"https:\/\/www.youtube.com\/watch?v=bw_MeaIO6Gk\">s&rsquo;est exprim\u00e9&nbsp; le 14 janvier 2020<\/a><\/span>, \u00e0 Pau, en parlant de comportement \u00ab <span style=\"color: #c00000;\">pas acceptable<span style=\"color: #777777;\"> \u00bb de certains policiers et gendarmes. Et a ajout\u00e9 attendre d&rsquo;eux \u00ab <span style=\"color: #c00000;\">la plus grand d\u00e9ontologie <span style=\"color: #777777;\">\u00bb.<br \/>\n<\/span><\/span><\/span><\/span><\/span><\/p>\n<p><span style=\"color: #777777; font-family: Arial;\">Mais pour le grand juriste et avocat <a href=\"https:\/\/www.youtube.com\/watch?v=1fhuTxFMK5I\"><span style=\"color: #0000ff;\">Henri Leclerc<\/span><\/a>, pr\u00e9sident d&rsquo;honneur de la Ligue des droits de l&rsquo;Homme&nbsp;:<br \/>\n<\/span><\/p>\n<p style=\"margin-left: 28pt;\"><span style=\"color: #c00000; font-family: Arial;\">\u00ab&nbsp;Le probl\u00e8me est celui du commandement, de la hi\u00e9rarchie&nbsp;\u00bb.<br \/>\n<\/span><\/p>\n<p><span style=\"color: #777777; font-family: Arial;\">Il existe en effet un monde de vertu et de valeurs entre le Pr\u00e9fet <strong>Maurice Grimaud<\/strong> qui officiait en mai 1968, et dont le mot du jour du <a href=\"https:\/\/lemotdujour.fr\/?p=2159\"><span style=\"color: #0000ff;\">20 ao\u00fbt 2013<\/span><\/a> rappelait sa lettre aux policiers en pleine p\u00e9riode d&rsquo;\u00e9meutes&nbsp;: \u00ab<span style=\"color: #c00000;\">Je veux leur parler d&rsquo;un sujet que nous n&rsquo;avons pas le droit de passer sous silence : c&rsquo;est celui des exc\u00e8s dans l&#8217;emploi de la force.<span style=\"color: #777777;\">\u00bb et l&rsquo;actuel pr\u00e9fet de police de Paris Didier Lallement qui a \u00e9t\u00e9 nomm\u00e9 suite \u00e0 la r\u00e9vocation de son pr\u00e9d\u00e9cesseur qui n&rsquo;avait pas \u00e9t\u00e9 assez ferme et n&rsquo;avait pas su emp\u00eacher la d\u00e9gradation de l&rsquo;Arc de triomphe le 1<sup>er<\/sup> d\u00e9cembre 2018.<br \/>\n<\/span><\/span><\/span><\/p>\n<p><span style=\"color: #777777; font-family: Arial;\">Pour s&rsquo;en convaincre, cet <a href=\"https:\/\/www.liberation.fr\/france\/2019\/03\/23\/lallement-le-nouveau-prefet-qui-fait-flipper-les-flics_1716932\"><span style=\"color: #0000ff;\">&lt;article de Lib\u00e9ration&gt;<\/span><\/a> permet d&rsquo;\u00e9clairer la personnalit\u00e9 de celui qui est \u00e0 la t\u00eate de la police de Paris.<br \/>\n<\/span><\/p>\n<p><span style=\"color: #777777; font-family: Arial;\">Mais ce serait une simplification abusive de dire que tout le mal provient d&rsquo;un seul homme qu&rsquo;il suffirait de remplacer. Le mal semble plus profond. Il se trouve probablement aussi dans le manque de moyens humains et de formation des forces de l&rsquo;ordre qui doivent affronter des d\u00e9fis majeurs, garantir l&rsquo;ordre et la s\u00e9curit\u00e9 r\u00e9publicaine tout en conservant toujours la ma\u00eetrise de leurs nerfs et de leurs actions.<br \/>\n<\/span><\/p>\n<p><span style=\"color: maroon; font-family: Arial;\">&lt;1338&gt;<\/span><\/p>\n","protected":false},"excerpt":{"rendered":"<p>\u00ab&nbsp;Violences polici\u00e8res&nbsp;\u00bb Expression que le gouvernement n\u2019accepte pas Notre Pr\u00e9sident de la R\u00e9publique avait introduit cet \u00ab&nbsp;\u00e9l\u00e9ment de langage&nbsp;\u00bb lors d&rsquo;une r\u00e9union du grand d\u00e9bat national, le 7 mars 2019&nbsp;: \u00ab Ne parlez pas de r\u00e9pression ou de violences polici\u00e8res,<\/p>\n","protected":false},"author":1,"featured_media":0,"comment_status":"open","ping_status":"closed","sticky":false,"template":"","format":"standard","meta":{"footnotes":""},"categories":[1],"tags":[113,169,136],"class_list":["post-7961","post","type-post","status-publish","format-standard","hentry","category-motdujour","tag-droits-de-lhomme","tag-republique","tag-securite"],"_links":{"self":[{"href":"https:\/\/lemotdujour.fr\/index.php?rest_route=\/wp\/v2\/posts\/7961","targetHints":{"allow":["GET"]}}],"collection":[{"href":"https:\/\/lemotdujour.fr\/index.php?rest_route=\/wp\/v2\/posts"}],"about":[{"href":"https:\/\/lemotdujour.fr\/index.php?rest_route=\/wp\/v2\/types\/post"}],"author":[{"embeddable":true,"href":"https:\/\/lemotdujour.fr\/index.php?rest_route=\/wp\/v2\/users\/1"}],"replies":[{"embeddable":true,"href":"https:\/\/lemotdujour.fr\/index.php?rest_route=%2Fwp%2Fv2%2Fcomments&post=7961"}],"version-history":[{"count":5,"href":"https:\/\/lemotdujour.fr\/index.php?rest_route=\/wp\/v2\/posts\/7961\/revisions"}],"predecessor-version":[{"id":9286,"href":"https:\/\/lemotdujour.fr\/index.php?rest_route=\/wp\/v2\/posts\/7961\/revisions\/9286"}],"wp:attachment":[{"href":"https:\/\/lemotdujour.fr\/index.php?rest_route=%2Fwp%2Fv2%2Fmedia&parent=7961"}],"wp:term":[{"taxonomy":"category","embeddable":true,"href":"https:\/\/lemotdujour.fr\/index.php?rest_route=%2Fwp%2Fv2%2Fcategories&post=7961"},{"taxonomy":"post_tag","embeddable":true,"href":"https:\/\/lemotdujour.fr\/index.php?rest_route=%2Fwp%2Fv2%2Ftags&post=7961"}],"curies":[{"name":"wp","href":"https:\/\/api.w.org\/{rel}","templated":true}]}}