{"id":7947,"date":"2020-01-28T03:38:43","date_gmt":"2020-01-28T02:38:43","guid":{"rendered":"http:\/\/lemotdujour.fr\/?p=7947"},"modified":"2020-01-27T20:59:31","modified_gmt":"2020-01-27T19:59:31","slug":"mardi-28-janvier-2020","status":"publish","type":"post","link":"https:\/\/lemotdujour.fr\/?p=7947","title":{"rendered":"Mardi 28 janvier 2020"},"content":{"rendered":"<div class=\"mdjTexte\">\u00ab\u00a0M\u00e9ga-feux\u00a0\u00bb<\/div>\n<div class=\"mdjAuteur\">Ph\u00e9nom\u00e8ne r\u00e9cent qui touche les for\u00eats<\/div>\n<p><span style=\"color: #777777; font-family: Arial;\">Pendant ce d\u00e9but du mois de janvier, il est un mot qui a \u00e9t\u00e9 tr\u00e8s utilis\u00e9. Je ne l&rsquo;avais pas entendu avant : \u00ab <strong>m\u00e9ga-feux<\/strong>\u00a0\u00bb.<br \/>\n<\/span><\/p>\n<p><span style=\"color: #777777; font-family: Arial;\">Pendant le mois de janvier, ce mot a \u00e9t\u00e9 utilis\u00e9 pour ce qui se passait en Australie, depuis septembre 2019. En Australie, les observateurs ont donn\u00e9 un autre nom\u00a0: \u00ab\u00a0<strong>The monster<\/strong> \u00bb. Mais ce mot-l\u00e0 pr\u00e9sente une ambig\u00fcit\u00e9, car il a l&rsquo;air d&rsquo;annoncer que ce qui frappe l&rsquo;Australie est un seul gigantesque incendie. Et ce n&rsquo;est pas le cas. Il y en a\u00a0 plusieurs, Fabrice Argoun\u00e8s, que je cite plus loin, estimait qu&rsquo;il existait entre 300 \u00e0 500, foyer d&rsquo;incendies \u00e0 qui on pouvait donner le nom de \u00ab <strong>m\u00e9ga-feux<\/strong>\u00a0\u00bb, c&rsquo;est-\u00e0-dire un feu qui le plus souvent \u00e9chappe \u00e0 la capacit\u00e9 humaine de l&rsquo;\u00e9teindre. Il faut attendre que le feu cesse de lui-m\u00eame, ou qu&rsquo;un autre \u00e9v\u00e9nement naturel comme la pluie \u00e9teigne le feu.<\/span><\/p>\n<p><span style=\"color: #777777; font-family: Arial;\">L&rsquo;\u00e9mission \u00ab\u00a0<strong>La M\u00e9thode scientifique<\/strong> \u00bb du &lt;<span style=\"color: #0000ff;\"><a style=\"color: #0000ff;\" href=\"https:\/\/www.franceculture.fr\/emissions\/la-methode-scientifique\/la-methode-scientifique-emission-du-mercredi-22-janvier-2020\">22 janvier 2020<\/a><\/span>&gt; nous donne quelques pr\u00e9cisions sur ce concept\u00a0: Le terme \u00ab\u00a0<strong>megafire\u00a0<\/strong>\u00bb est apparu d&rsquo;abord en anglais, sous la plume de Jerry Williams, responsable du service am\u00e9ricain des for\u00eats. Il met en exergue le fait que les feux de for\u00eat ont acquis un comportement que les sp\u00e9cialistes et les riverains qui en sont victimes n&rsquo;avaient jamais observ\u00e9 dans le pass\u00e9.\u00a0<\/span><span style=\"font-family: Times New Roman; font-size: 12pt;\"><br \/>\n<\/span><span style=\"color: #777777; font-family: Arial;\">Les incendies qui ont ravag\u00e9 le sud-est de l&rsquo;Australie ont r\u00e9duit en cendres plus de 10 millions d&rsquo;hectares. On ne parle pas ici d&rsquo;incendies \u00ab\u00a0classiques\u00a0\u00bb, mais de m\u00e9gafeux, une notion encore incompl\u00e8tement d\u00e9finie par les scientifiques. La recherche s&rsquo;engage depuis des ann\u00e9es \u00e0 comprendre comment ces incendies d&rsquo;une ampleur sans pr\u00e9c\u00e9dent fonctionnent et interagissent avec le climat et les conditions m\u00e9t\u00e9orologiques. Avec le changement climatique en cours provoquant des canicules et des s\u00e9cheresses intensifi\u00e9es, ces m\u00e9gafeux vont devenir de plus en plus fr\u00e9quents.<br \/>\n<\/span><\/p>\n<p><img loading=\"lazy\" decoding=\"async\" class=\"alignleft\" src=\"https:\/\/lemotdujour.fr\/wp-content\/uploads\/2020\/01\/012620_2238_Mardi28janv1.jpg\" alt=\"\" width=\"319\" height=\"180\" align=\"left\" \/><span style=\"color: #777777; font-family: Arial;\">En Australie, comme un symbole, plusieurs vid\u00e9os ont montr\u00e9 l&rsquo;image path\u00e9tique de koalas aux milieux des flammes, ou des koalas qu\u00e9mandant de l&rsquo;eau aux humains et aussi des humains qui sauvaient cet animal si mignon et si propice \u00e0 d\u00e9clencher des vagues d&rsquo;\u00e9motion.<br \/>\n<\/span><\/p>\n<p><span style=\"color: #777777; font-family: Arial;\">Les koalas sont encore plus menac\u00e9s que les autres animaux, car ils n&rsquo;ont pas l&rsquo;habitude de fuir devant le feu.<br \/>\n<\/span><\/p>\n<p><a href=\"https:\/\/www.europe1.fr\/international\/australie-pourquoi-les-koalas-sont-si-fragiles-en-cas-dincendie-3940690\"><span style=\"font-family: Arial;\"><span style=\"color: #0000ff;\">Un v\u00e9t\u00e9rinaire<\/span><\/span><\/a><span style=\"color: #777777; font-family: Arial;\"><span style=\"color: #808080;\"> expl<\/span>ique\u00a0:<br \/>\n<\/span><\/p>\n<p style=\"margin-left: 28pt;\"><span style=\"color: #c00000; font-family: Arial;\">\u00ab\u00a0La particularit\u00e9 du koala, c&rsquo;est que c&rsquo;est un animal qui vit dans son garde-manger. Il se nourrit d&rsquo;eucalyptus et vit dans cet arbre-l\u00e0. Donc le koala va avoir comme r\u00e9flexe de survie de monter dans l&rsquo;arbre pour se cacher, et va br\u00fbler en m\u00eame temps que lui.\u00a0\u00bb<br \/>\n<\/span><\/p>\n<p><span style=\"color: #777777; font-family: Arial;\">En outre l&rsquo;eucalyptus est gorg\u00e9 d&rsquo;huile, une fois une certaine temp\u00e9rature atteinte, il va exploser et le koala avec.<br \/>\n<\/span><\/p>\n<p><span style=\"color: #777777; font-family: Arial;\">Ces m\u00e9ga-feux ne sont pas confin\u00e9s \u00e0 l&rsquo;Australie. L&rsquo;\u00e9t\u00e9 dernier, des feux ont \u00e9galement ravag\u00e9 la Sib\u00e9rie, l&rsquo;Arctique, le bassin du Congo, \u00ab\u00a0deuxi\u00e8me poumon vert mondial\u00a0\u00bb ou encore la for\u00eat amazonienne o\u00f9 entre janvier et septembre 2019, le nombre d&rsquo;incendies a augment\u00e9 de 41% par rapport \u00e0 l&rsquo;ann\u00e9e pr\u00e9c\u00e9dente.<br \/>\n<\/span><\/p>\n<p><span style=\"color: #777777; font-family: Arial;\">En Australie, qui est un pays habitu\u00e9 aux feux et qui dispose de pompiers tr\u00e8s aguerris, le nombre de victimes a \u00e9t\u00e9 en fin de compte relative faible en regard de la violence des incendies\u00a0: moins d&rsquo;une trentaine de morts. Le chiffre <span style=\"color: #0000ff;\"><a style=\"color: #0000ff;\" href=\"https:\/\/www.franceculture.fr\/environnement\/australie-deja-plus-dun-milliard-danimaux-morts-et-des-risques-pour-des-especes-uniques-au-monde\">d&rsquo;un milliard d&rsquo;animaux<\/a> <\/span>morts est souvent cit\u00e9, mais j&rsquo;ai entendu plusieurs commentateurs le mettre en doute, car il semble que les autorit\u00e9s sont incapables de mesurer l&rsquo;impact de ces catastrophes sur le monde animal. Il peut toutefois \u00eatre conclu que l&rsquo;impact est consid\u00e9rable.<br \/>\n<\/span><\/p>\n<p><span style=\"color: #777777; font-family: Arial;\">Dans un article du New York Times, on apprend qu&rsquo;en Nouvelle-Galles du Sud, un des \u00e9tats australiens les plus touch\u00e9s par les incendies, une librairie a chang\u00e9 son enseigne. On peut y lire ceci : \u00ab<strong>les romans de fiction post-apocalyptiques se trouvent d\u00e9sormais au rayon actualit\u00e9s.<\/strong>\u00bb.<br \/>\n<\/span><\/p>\n<p><span style=\"color: #777777; font-family: Arial;\">Les matins de France Culture pour essayer d&rsquo;analyser ces d\u00e9r\u00e8glements climatiques avaient invit\u00e9\u00a0: <strong>Fabrice Argoun\u00e8s<\/strong>, g\u00e9ographe et politiste, enseignant chercheur \u00e0 l&rsquo;Universit\u00e9 de Rouen, auteur du \u00ab\u00a0Dictionnaire de l&rsquo;Anthropoc\u00e8ne\u00a0\u00bb, <strong>Charlotte Epstein<\/strong>, professeure associ\u00e9e \u00e0 l&rsquo;Universit\u00e9 de Sydney, et <strong>Jo\u00eblle Zask<\/strong>, philosophe qui enseigne la philosophie \u00e0 l&rsquo;universit\u00e9 Aix-Marseille et a publi\u00e9 \u00ab <span style=\"color: #0000ff;\"><a style=\"color: #0000ff;\" href=\"https:\/\/livre.fnac.com\/a13510266\/Joelle-Zask-Quand-la-foret-brule\">Quand la for\u00eat br\u00fble<\/a><\/span> \u00bb.<br \/>\n<\/span><\/p>\n<p><span style=\"color: #777777; font-family: Arial;\">Cette \u00e9mission dont le d\u00e9but peut \u00eatre vu en vid\u00e9o &lt;<span style=\"color: #0000ff;\"><a style=\"color: #0000ff;\" href=\"https:\/\/www.dailymotion.com\/embed\/video\/x7qci2f\">ICI<\/a><\/span>&gt; est tr\u00e8s int\u00e9ressante, elle est \u00e9coutable en int\u00e9gralit\u00e9 audio &lt;<span style=\"color: #0000ff;\"><a style=\"color: #0000ff;\" href=\"https:\/\/www.franceculture.fr\/emissions\/linvite-des-matins\/australie-lere-des-mega-feux\">Ici<\/a><\/span>&gt;.<br \/>\n<\/span><\/p>\n<p><span style=\"color: #777777; font-family: Arial;\">Guillaume Erner introduisait l&rsquo;\u00e9mission de la mani\u00e8re suivante\u00a0:<br \/>\n<\/span><\/p>\n<p style=\"margin-left: 28pt;\"><span style=\"color: #c00000; font-family: Arial;\">\u00ab\u00a0Les catastrophes arrivent dans un pays traditionnellement peu vers\u00e9 sur la question \u00e9cologique o\u00f9 la remise en question de la d\u00e9pendance au charbon reste taboue. D\u00e9non\u00e7ant l&rsquo;inaction de son pays, l<strong>&lsquo;\u00e9crivain australien Richard Flanagan<\/strong> publiait le 3 janvier une tribune dans le New York Times alertant du \u00ab<strong>suicide climatique<\/strong> \u00bb qu&rsquo;\u00e9tait en train de commettre son pays.<br \/>\n<\/span><\/p>\n<p style=\"margin-left: 28pt;\"><span style=\"color: #c00000; font-family: Arial;\">Face \u00e0 l&rsquo;\u00e9preuve des m\u00e9ga-feux, une prise de conscience est-elle en train de s&rsquo;op\u00e9rer ? La catastrophe qui touche l&rsquo;Australie nous donne-t-elle un avant-go\u00fbt des d\u00e9r\u00e8glements \u00e0 venir dans le reste du monde ?\u00a0\u00bb<br \/>\n<\/span><\/p>\n<p><img decoding=\"async\" class=\"alignleft\" src=\"https:\/\/lemotdujour.fr\/wp-content\/uploads\/2020\/01\/012620_2238_Mardi28janv2.jpg\" alt=\"\" align=\"left\" \/><span style=\"color: #777777; font-family: Arial;\">Joelle Zask a aussi particip\u00e9 \u00e0 un article dans la revue &lt;<a href=\"https:\/\/reporterre.net\/Mega-feux-Nous-ne-vivons-pas-seulement-dans-l-Anthropocene-mais-dans-le-Pyrocene\"><span style=\"color: #0000ff;\">Reporterre<\/span><\/a>&gt;<br \/>\n<\/span><\/p>\n<p style=\"margin-left: 28pt;\"><span style=\"color: #c00000; font-family: Arial;\">\u00ab\u00a0Ces incendies vont au-del\u00e0 m\u00eame de tout ce que j&rsquo;avais pu imaginer et d\u00e9crire dans mon livre. C&rsquo;est d&rsquo;une gravit\u00e9 extr\u00eame. Le d\u00e9sastre est devant nous : plus les zones br\u00fbl\u00e9es s&rsquo;\u00e9tendent et plus les feux deviennent intenses, moins la r\u00e9versibilit\u00e9 de la situation semble envisageable. [\u2026] Le feu d\u00e9truit non pas la plan\u00e8te, mais les conditions d&rsquo;existence des \u00eatres humains et de nombreux animaux sur Terre.<br \/>\n<\/span><\/p>\n<p style=\"margin-left: 28pt;\"><span style=\"color: #c00000; font-family: Arial;\">Un autre aspect me r\u00e9volte : l&rsquo;attitude n\u00e9gationniste du Premier ministre Scott Morrison. Le gouvernement, qui a longtemps \u00e9t\u00e9 climato-sceptique, refuse d&rsquo;arr\u00eater la production de charbon. Ces feux ne sont pourtant pas un ph\u00e9nom\u00e8ne naturel. Le croire est criminel.<br \/>\n<\/span><\/p>\n<p style=\"margin-left: 28pt;\"><span style=\"color: #c00000; font-family: Arial;\">[L&rsquo;activit\u00e9 humaine est en cause] Ces incendies sont nourris par le r\u00e9chauffement climatique. L&rsquo;augmentation des temp\u00e9ratures fait baisser le taux d&rsquo;humidit\u00e9, la v\u00e9g\u00e9tation s\u00e8che et devient extr\u00eamement inflammable. Les for\u00eats sont aussi de plus en plus attaqu\u00e9es par des insectes ravageurs et des pathologies qui croissent avec la chaleur. En Californie, une r\u00e9gion qui a connu aussi de nombreux incendies ces derni\u00e8res ann\u00e9es, un arbre sur dix est victime d&rsquo;agents pathog\u00e8nes, de virus ou de champignons. Les for\u00eats sont malades, les \u00e9cosyst\u00e8mes fragilis\u00e9s et donc plus vuln\u00e9rables \u00e0 des incendies. Avec la s\u00e9cheresse et le r\u00e9chauffement climatique, la saison des feux s&rsquo;allonge.\u00a0\u00bb<br \/>\n<\/span><\/p>\n<p><span style=\"color: #777777; font-family: Arial;\">Jo\u00eblle Zask dit une chose que j&rsquo;ai lu sur d&rsquo;autres site de mani\u00e8re assez coh\u00e9rente.<br \/>\n<\/span><\/p>\n<p><span style=\"color: #777777; font-family: Arial;\"><strong>Le d\u00e9r\u00e8glement climatique ne cr\u00e9e pas les feux mais les rend plus intense, plus hors de contr\u00f4le, il a donc un impact \u00e9norme sur le ph\u00e9nom\u00e8ne des m\u00e9ga-feux.<br \/>\n<\/strong><\/span><\/p>\n<p><span style=\"color: #777777; font-family: Arial;\">Nous sommes en face d&rsquo;un ph\u00e9nom\u00e8ne qui s&rsquo;aggrave\u00a0:<br \/>\n<\/span><\/p>\n<p style=\"margin-left: 28pt;\"><span style=\"color: #c00000; font-family: Arial;\">\u00ab\u00a0Cela fait plus de dix ans que le ph\u00e9nom\u00e8ne des feux s&rsquo;est aggrav\u00e9 et que les incendies sont devenus hors norme. C&rsquo;est notre perception qui a chang\u00e9 r\u00e9cemment. On a commenc\u00e9 \u00e0 en parler, \u00e0 les voir, \u00e0 les conscientiser. On revient de loin. Quand j&rsquo;ai commenc\u00e9 la r\u00e9daction de mon livre [Quand la for\u00eat br\u00fble], il y a trois ans, la vulgate disait que les incendies \u00e9taient bons pour la for\u00eat, qu&rsquo;ils la r\u00e9g\u00e9n\u00e9raient.<br \/>\n<\/span><\/p>\n<p style=\"margin-left: 28pt;\"><span style=\"color: #c00000; font-family: Arial;\">Les positions ont \u00e9volu\u00e9 depuis que les feux sont rentr\u00e9s dans les villes, quand les habitants de Singapour ont commenc\u00e9 \u00e0 suffoquer \u00e0 cause des incendies en Indon\u00e9sie ou que les gens de Sao Paulo \u00e9touffaient du fait de l&rsquo;Amazonie en feu. En Australie, c&rsquo;est parce que le brasier mena\u00e7ait Melbourne et Sydney que les m\u00e9dias et les politiques ont commenc\u00e9 \u00e0 s&#8217;emparer de la question. On ne peut plus en faire abstraction, l&rsquo;incendie vient d\u00e9fier notre soci\u00e9t\u00e9 urbaine, frapper \u00e0 ses portes. Ses fum\u00e9es entra\u00eenent de nombreuses maladies respiratoires et condamnent des dizaines de milliers de personnes \u00e0 une mort pr\u00e9matur\u00e9e. Canberra, en Australie, est d\u00e9sormais la ville la plus pollu\u00e9e du monde, avec un taux de pollution de l&rsquo;air plus de 20 fois sup\u00e9rieur au maximum autoris\u00e9. Les gens s&#8217;empoisonnent. D\u00e9sormais, on le sait. Avant le territoire des indig\u00e8nes ou des ruraux br\u00fblait en silence, sans susciter l&rsquo;indignation. \u00c7a prouve que pour se mobiliser contre le r\u00e9chauffement climatique, il faut le vivre dans sa chair, ses tripes. C&rsquo;est ce que d\u00e9couvrent aujourd&rsquo;hui des populations urbaines partout sur la plan\u00e8te.\u00a0\u00bb<br \/>\n<\/span><\/p>\n<p><span style=\"color: #777777; font-family: Arial;\">Selon Jo\u00eblle Zask, la France ne sera pas \u00e9pargn\u00e9e dans l&rsquo;avenir\u00a0:<br \/>\n<\/span><\/p>\n<p style=\"margin-left: 28pt;\"><span style=\"color: #c00000; font-family: Arial;\">\u00ab\u00a0Certains sc\u00e9narios de la Nasa envisagent un embrassement des terres \u00e9merg\u00e9es. Quand on regarde le planisph\u00e8re des feux, on se rend compte que leurs foyers se rapprochent de plus en plus les uns des autres. On estime qu&rsquo;en 2050, 50 % des municipalit\u00e9s fran\u00e7aises seront expos\u00e9es aux m\u00e9ga feux.\u00a0\u00bb<br \/>\n<\/span><\/p>\n<p><a href=\"https:\/\/www.liberation.fr\/debats\/2020\/01\/22\/australie-europe-mediterranee-france-meme-combat-climatique_1774523\"><span style=\"font-family: Arial;\"><span style=\"color: #0000ff;\">Bruno Fady<\/span><\/span><\/a><span style=\"color: #777777; font-family: Arial;\">, directeur de recherche \u00e0 l&rsquo;INRAE \u00e9met les m\u00eames craintes :<br \/>\n<\/span><\/p>\n<p style=\"margin-left: 28pt;\"><span style=\"color: #c00000; font-family: Arial;\">\u00ab\u00a0Ce qui se passe en Australie se passera dans le bassin m\u00e9diterran\u00e9en et en Europe, dans les d\u00e9cennies \u00e0 venir, si nos soci\u00e9t\u00e9s continuent \u00e0 ne pas fournir les efforts n\u00e9cessaires pour suivre les r\u00e9solutions de l&rsquo;accord de Paris sur le climat de 2015.\u00a0\u00bb<br \/>\n<\/span><\/p>\n<p><span style=\"color: #777777; font-family: Arial;\">L&rsquo;industrialisation est aussi une cause de ces incendies\u00a0:<br \/>\n<\/span><\/p>\n<p style=\"margin-left: 28pt;\"><span style=\"color: #c00000; font-family: Arial;\">\u00ab\u00a0J&rsquo;ai \u00e9t\u00e9 frapp\u00e9e par les feux de for\u00eat, totalement in\u00e9dits, en Su\u00e8de, \u00e0 la fin de l&rsquo;\u00e9t\u00e9 2017. C&rsquo;\u00e9tait sid\u00e9rant parce que l&rsquo;on ne s&rsquo;attendait pas \u00e0 ce que des for\u00eats bor\u00e9ales et m\u00eame arctiques br\u00fblent. Ces incendies ont r\u00e9v\u00e9l\u00e9 le fait que la Su\u00e8de poss\u00e9dait une for\u00eat \u00e0 70 % industrielle. Des plantations de pins, des monocultures uniformes qui appauvrissent les sols et affament les rennes qui manquent de lichens. Les m\u00e9ga feux se sont rapidement propag\u00e9s du fait de l&rsquo;extr\u00eame densit\u00e9 de ces pins et de la vuln\u00e9rabilit\u00e9 de ces for\u00eats industrielles. On voit la m\u00eame chose se d\u00e9velopper en Espagne ou au Portugal avec les plantations d&rsquo;eucalyptus particuli\u00e8rement inflammables.\u00a0\u00bb<br \/>\n<\/span><\/p>\n<p><span style=\"color: #777777; font-family: Arial;\">Pour Jo\u00eblle Zask la solution se trouve dans une \u00e9volution de nos id\u00e9ologies et de notre r\u00e9cit\u00a0:<br \/>\n<\/span><\/p>\n<p style=\"margin-left: 28pt;\"><span style=\"color: #c00000; font-family: Arial;\">\u00ab\u00a0Il faut \u00e9videmment lutter contre les causes du r\u00e9chauffement climatique mais aussi remettre en cause les croyances qui irriguent la pens\u00e9e occidentale : l&rsquo;id\u00e9ologie qui voudrait soumettre la nature, la dominer, mais \u00e9galement le pr\u00e9servationnisme &#8211; c&rsquo;est-\u00e0-dire l&rsquo;id\u00e9e selon laquelle les \u00e9quilibres naturels et la pr\u00e9sence humaine sont incompatibles, que la nature fait bien les choses, qu&rsquo;il faut s&rsquo;en retirer, la prot\u00e9ger en la sanctuarisant et en la mettant sous cloche. Au contraire, je pense qu&rsquo;il faut pr\u00f4ner une sorte de coop\u00e9ration et de partenariat, d\u00e9velopper un mod\u00e8le de soin de la for\u00eat o\u00f9 cette derni\u00e8re ne serait pas uniquement vue sous l&rsquo;angle de l&rsquo;extractivisme.<br \/>\n<\/span><\/p>\n<p style=\"margin-left: 28pt;\"><span style=\"color: #c00000; font-family: Arial;\">Concr\u00e8tement, cela veut dire revenir \u00e0 des pratiques men\u00e9es par des peuples indig\u00e8nes mais aussi par les paysans traditionnels. Monter la garde, d\u00e9broussailler, habiter le territoire, faire des feux de surface pendant la saison des pluies. Devenir l&rsquo;auxiliaire de la nature. Faire avec elle plut\u00f4t que contre. S&rsquo;opposer \u00e0 la nature, c&rsquo;est la d\u00e9truire mais c&rsquo;est aussi d\u00e9truire nos chances de vie sur la Terre.\u00a0\u00bb<br \/>\n<\/span><\/p>\n<p><span style=\"color: #777777; font-family: Arial;\">Certains pensent justement que le savoir des peuples aborig\u00e8nes pourra aider \u00e0 combattre ces d\u00e9r\u00e8glements\u00a0: &lt;<a href=\"http:\/\/www.slate.fr\/story\/186341\/connaissances-ancestrales-aborigenes-australie-survivre-mega-incendies\"><span style=\"color: #0000ff;\">Le savoir des Aborig\u00e8nes d&rsquo;Australie pour survivre aux futurs m\u00e9ga-feux<\/span><\/a><span style=\"color: #0000ff;\">&gt;.<\/span><br \/>\n<\/span><\/p>\n<p><span style=\"color: #777777; font-family: Arial;\">Ce n&rsquo;est pas indiff\u00e9rent que ces catastrophes arrivent dans un pays riche et climato-sceptique comme l&rsquo;Australie.<br \/>\n<\/span><\/p>\n<p><span style=\"color: #777777; font-family: Arial;\">Le site<span style=\"color: #0000ff;\"> <a style=\"color: #0000ff;\" href=\"https:\/\/www.conspiracywatch.info\/incendies-en-australie-une-offensive-climatosceptique-amplifiee-par-la-complosphere.html\">Conspiracy Watch<\/a><\/span> rapporte en outre tous les mensonges que les autorit\u00e9s australiennes et le groupe de m\u00e9dia australien Murdoch ont propag\u00e9s pour essayer de nier le lien entre l&rsquo;intensit\u00e9 des feux et le r\u00e9chauffement climatique auquel l&rsquo;Australie apporte une part \u00e9norme.<br \/>\n<\/span><\/p>\n<p><span style=\"color: #777777; font-family: Arial;\">L&rsquo;Australie paye ainsi un \u00e9norme tribut au d\u00e9sastre \u00e9cologique, mais son \u00e9conomie est enti\u00e8rement tourn\u00e9e vers les \u00e9nergies fossiles. Dans un pacte faustien, il ne veut pas abandonner ce qui fait sa richesse mais qui va entra\u00eener sa perte. Il est envisageable qu&rsquo;\u00e0 terme l&rsquo;Australie ne soit plus habitable.<br \/>\n<\/span><\/p>\n<p><span style=\"color: #777777; font-family: Arial;\">Sur <a href=\"https:\/\/www.novethic.fr\/actualite\/infographies\/isr-rse\/infographie-mega-feux-en-australie-chronique-d-un-suicide-climatique-148127.html\"><span style=\"color: #0000ff;\">&lt;ce site&gt;<\/span><\/a> on apprend que\u00a0:<br \/>\n<\/span><\/p>\n<p style=\"margin-left: 28pt;\"><span style=\"color: #c00000; font-family: Arial;\">\u00ab\u00a0Au niveau de l&rsquo;OCDE, l&rsquo;Australie est le premier pays \u00e9metteur de CO2 par habitant, devant le Canada et les \u00c9tats-Unis. Il faut dire que l&rsquo;\u00eele-continent est riche en minerais. Elle d\u00e9tient les principales r\u00e9serves mondiales en or, en nickel ou encore en zinc dont l&rsquo;extraction n\u00e9cessite beaucoup d&rsquo;\u00e9nergie. Or, le mix \u00e9nerg\u00e9tique national est \u00e0 93 % compos\u00e9 d&rsquo;\u00e9nergies fossiles, et \u00e0 75 % d\u00e9pendant du charbon.<br \/>\n<\/span><\/p>\n<p style=\"margin-left: 28pt;\"><span style=\"color: #c00000; font-family: Arial;\">Mais pour les gouvernements successifs, difficile de renoncer \u00e0 une telle manne financi\u00e8re. En pleine crise, le Premier ministre australien a ainsi continu\u00e9 \u00e0 d\u00e9fendre cette industrie. Ce qui pousse l&rsquo;\u00e9crivain australien Richard Flanagan \u00e0 parler de \u00ab\u00a0suicide climatique\u00a0\u00bb dans une r\u00e9cente tribune parue dans le New York Times. \u00ab\u00a0Les gouvernements conservateurs qui se sont succ\u00e9d\u00e9 depuis 1996 se sont battus pour renverser les accords internationaux sur le changement climatique au nom de la d\u00e9fense de l&rsquo;industrie fossile nationale\u00a0\u00bb, fustige-t-il.<br \/>\n<\/span><\/p>\n<p style=\"margin-left: 28pt;\"><span style=\"color: #c00000; font-family: Arial;\">Tony Abbott, premier ministre australien de 2013 \u00e0 2015, climatosceptique av\u00e9r\u00e9, avait enterr\u00e9 la taxe carbone aussit\u00f4t \u00e9lu. Scott Morrison, l&rsquo;actuel Premier ministre, a martel\u00e9 qu&rsquo;il serait irresponsable de tourner le dos au charbon, alors que le pays \u00e9tait ravag\u00e9 par les flammes. En 2017, alors ministre de l&rsquo;\u00c9conomie, il avait frapp\u00e9 les esprits en faisant circuler un morceau de charbon dans l&rsquo;assembl\u00e9e parlementaire, invitant \u00e0 \u00ab\u00a0ne pas en avoir peur\u00a0\u00bb. Le pays a \u00e9galement renonc\u00e9 \u00e0 inscrire dans la loi les objectifs de r\u00e9duction d&rsquo;\u00e9missions pris en amont de l&rsquo;Accord de Paris.\u00a0\u00bb<br \/>\n<\/span><\/p>\n<p><span style=\"color: #777777; font-family: Arial;\">Le Monde explique dans une vid\u00e9o de 5 minutes &lt;<a href=\"https:\/\/www.youtube.com\/watch?v=5-QdJmUbxWw\"><span style=\"color: #0000ff;\">Pourquoi l&rsquo;Australie br\u00fbl<\/span><\/a><\/span><span style=\"font-family: Arial;\"><a href=\"https:\/\/www.youtube.com\/watch?v=5-QdJmUbxWw\"><span style=\"color: #0000ff;\">e<\/span><\/a><\/span><span style=\"color: #777777; font-family: Arial;\"><span style=\"color: #0000ff;\">&gt;<\/span>.<br \/>\n<\/span><\/p>\n<p><span style=\"color: #777777; font-family: Arial;\">Il faudrait comme l&rsquo;avait annonc\u00e9 Hollande, sans le r\u00e9aliser, que \u00ab\u00a0le changement soit maintenant\u00a0\u00bb, car il semble de plus en plus clair que \u00ab\u00a0la catastrophe soit d\u00e9j\u00e0 maintenant\u00a0!\u00a0\u00bb<br \/>\n<\/span><\/p>\n<p><span style=\"color: maroon; font-family: Arial;\">&lt;1337&gt;<\/span><\/p>\n","protected":false},"excerpt":{"rendered":"<p>\u00ab\u00a0M\u00e9ga-feux\u00a0\u00bb Ph\u00e9nom\u00e8ne r\u00e9cent qui touche les for\u00eats Pendant ce d\u00e9but du mois de janvier, il est un mot qui a \u00e9t\u00e9 tr\u00e8s utilis\u00e9. Je ne l&rsquo;avais pas entendu avant : \u00ab m\u00e9ga-feux\u00a0\u00bb. Pendant le mois de janvier, ce mot a<\/p>\n","protected":false},"author":1,"featured_media":0,"comment_status":"open","ping_status":"closed","sticky":false,"template":"","format":"standard","meta":{"footnotes":""},"categories":[1],"tags":[168,43,48,44],"class_list":["post-7947","post","type-post","status-publish","format-standard","hentry","category-motdujour","tag-australie","tag-ecologie","tag-nature","tag-rechauffement"],"_links":{"self":[{"href":"https:\/\/lemotdujour.fr\/index.php?rest_route=\/wp\/v2\/posts\/7947","targetHints":{"allow":["GET"]}}],"collection":[{"href":"https:\/\/lemotdujour.fr\/index.php?rest_route=\/wp\/v2\/posts"}],"about":[{"href":"https:\/\/lemotdujour.fr\/index.php?rest_route=\/wp\/v2\/types\/post"}],"author":[{"embeddable":true,"href":"https:\/\/lemotdujour.fr\/index.php?rest_route=\/wp\/v2\/users\/1"}],"replies":[{"embeddable":true,"href":"https:\/\/lemotdujour.fr\/index.php?rest_route=%2Fwp%2Fv2%2Fcomments&post=7947"}],"version-history":[{"count":9,"href":"https:\/\/lemotdujour.fr\/index.php?rest_route=\/wp\/v2\/posts\/7947\/revisions"}],"predecessor-version":[{"id":7959,"href":"https:\/\/lemotdujour.fr\/index.php?rest_route=\/wp\/v2\/posts\/7947\/revisions\/7959"}],"wp:attachment":[{"href":"https:\/\/lemotdujour.fr\/index.php?rest_route=%2Fwp%2Fv2%2Fmedia&parent=7947"}],"wp:term":[{"taxonomy":"category","embeddable":true,"href":"https:\/\/lemotdujour.fr\/index.php?rest_route=%2Fwp%2Fv2%2Fcategories&post=7947"},{"taxonomy":"post_tag","embeddable":true,"href":"https:\/\/lemotdujour.fr\/index.php?rest_route=%2Fwp%2Fv2%2Ftags&post=7947"}],"curies":[{"name":"wp","href":"https:\/\/api.w.org\/{rel}","templated":true}]}}