{"id":794,"date":"2014-07-28T02:00:00","date_gmt":"2014-07-27T22:00:00","guid":{"rendered":"http:\/\/lemotdujour.fr\/?p=794"},"modified":"2017-05-08T13:22:46","modified_gmt":"2017-05-08T11:22:46","slug":"lundi-28072014","status":"publish","type":"post","link":"https:\/\/lemotdujour.fr\/?p=794","title":{"rendered":"Lundi 28\/07\/2014"},"content":{"rendered":"<div class=\"mdjDate\">Lundi 28\/07\/2014<\/div>\n<div class=\"mdjTexte\"> \u00ab La guerre, c&rsquo;est le massacre de gens qui ne se connaissent pas, au profit de gens qui se connaissent et ne se massacrent pas \u00bb<\/div>\n<div class=\"mdjAuteur\">Paul Val\u00e9ry<\/div>\n<div class=\"mdjComplements\">L&rsquo;art de la citation est difficile, cette phrase est \u00e0 peu pr\u00e8s partout attribu\u00e9e \u00e0 Paul Valery.<\/div>\n<div class=\"mdjComplements\">D&rsquo;autres ont dit des choses proches.<\/div>\n<div class=\"mdjComplements\">Un internaute qui a cherch\u00e9 \u00e0 trouver la source exacte a eu cette r\u00e9ponse : \u00a0\u00bb les 88 citations de Paul Val\u00e9ry ont \u00e9t\u00e9 publi\u00e9es chez Gallimard sous le titre \u00ab\u00a0cahiers\u00a0\u00bb. Celle que vous \u00e9noncez s&rsquo;y trouve.\u00a0\u00bb<\/div>\n<div class=\"mdjComplements\">Je n&rsquo;ai pas encore v\u00e9rifi\u00e9 personnellement, mais cette citation refl\u00e8te si bien la r\u00e9alit\u00e9.<\/div>\n<div class=\"mdjComplements\">Pour m\u00e9moire c&rsquo;est le 28 Juillet 2014 que commence la guerre parce que l&rsquo;Autriche-Hongrie d\u00e9clare la guerre \u00e0 la Serbie. L&rsquo;Allemagne, la France, la Russie ne sont pas encore en guerre.<\/div>\n<div class=\"mdjComplements\">Ce n&rsquo;est pas encore la guerre mondiale, plut\u00f4t la continuation de la guerre des balkans qui a d\u00e9but\u00e9 le 17 octobre 1912. Elle opposait l&rsquo;Empire ottoman \u00e0 la ligue balkanique constitu\u00e9e de la Serbie, la Bulgarie, la Gr\u00e8ce et le Mont\u00e9n\u00e9gro. Les arm\u00e9es de la ligue comportent beaucoup plus d&rsquo;hommes que les forces turques, ce qui fait rapidement basculer l&rsquo;issue du conflit. De nombreux territoires sont imput\u00e9s \u00e0 l&rsquo;Empire ottoman et partag\u00e9s entre les membres de la ligue. Un Etat nouveau et ind\u00e9pendant appara\u00eet : l&rsquo;Albanie.<\/div>\n<div class=\"mdjComplements\">Et le 29 juin 1913, il y a une seconde \u00e9tape o\u00f9 la Bulgarie va attaquer ses anciens alli\u00e9s. La Bulgarie sera vaincue et perdra une grande partie de son territoire.<\/div>\n<div class=\"mdjComplements\">Ces guerres accentueront les tensions internationales et participeront \u00e0 l&rsquo;engrenage qui m\u00e8nera \u00e0 la guerre de 14-18.<\/div>\n<div class=\"mdjComplements\">Lors du discours de Jaur\u00e8s \u00e0 Lyon, c&rsquo;est \u00e0 cette guerre des Balkans qu&rsquo;il fait r\u00e9f\u00e9rence pour pr\u00e9voir le carnage de 14-18 : \u00ab\u00a0ce ne serait plus, comme dans les Balkans, une arm\u00e9e de trois cent mille hommes, etc&#8230;.\u00a0\u00bb<\/div>\n<div class=\"mdjComplements\">Et&#8230; apr\u00e8s la guerre 14-18, il va y avoir continuation de la guerre qui sera la Guerre d&rsquo;ind\u00e9pendance turque qui commence grosso modo en mai 1919, opposera la Turquie de Mustafa Kemal aux Arm\u00e9niens aux Kurdes et aux Grecs qui s&rsquo;ach\u00e8vera en 1922 et am\u00e8nera par le trait\u00e9 de Lausanne (1923) tr\u00e8s favorable \u00e0 la Turquie.<\/div>\n<div class=\"mdjComplements\">Et c&rsquo;est ainsi que vous trouverez dans certains pays des Balkans et en Gr\u00e8ce des monuments aux morts qui \u00e9voquent la guerre de 1912 \u00e0 1922.<\/div>\n<div class=\"mdjComplements\">Concernant la guerre 14-18, Christopher Clark, un historien anglais a \u00e9crit un Livre : Les somnambules \u00c9t\u00e9 1914 : comment l&rsquo;Europe a march\u00e9 vers la guerre (Flammarion, 668 pages, 25 euros, 2013)<\/div>\n<div class=\"mdjComplements\">Il prend le contrepied des th\u00e8ses conventionnelles sur les origines du conflit. Ainsi disculpe-t-il tr\u00e8s largement l&rsquo;Allemagne et l&#8217;empereur Guillaume II, fantasque, immature mais sans r\u00e9elle autorit\u00e9 sur ses ministres. Il met en \u00e9vidence par contre l&rsquo;\u00e9crasante responsabilit\u00e9 des Serbes et du tsar Nicolas II ainsi que l&rsquo;irresponsabilit\u00e9 des dirigeants fran\u00e7ais, qui n&rsquo;ont pas su mod\u00e9rer les Russes, et la l\u00e9g\u00e8ret\u00e9 des Britanniques, engag\u00e9s dans une alliance o\u00f9 ils n&rsquo;avaient pas leur place.<\/div>\n<div class=\"mdjComplements\">Au demeurant, il ressort de son analyse qu&rsquo;aucun de ces dirigeants de la Belle \u00c9poque n&rsquo;a sciemment voulu la guerre&#8230; m\u00eame si la plupart la souhaitaient au fond d&rsquo;eux-m\u00eames, dans leur inconscient, pour se d\u00e9faire de leurs peurs et se d\u00e9gager de leurs impasses g\u00e9opolitiques. Tels des somnambules qui marchent sans savoir o\u00f9 ils vont, tous se sont laiss\u00e9s pi\u00e9ger par leurs petites ambitions et c&rsquo;est de la rencontre malheureuse de celles-ci qu&rsquo;est n\u00e9e la conflagration.<\/div>\n<div class=\"mdjComplements\"><a href=\"http:\/\/www.franceculture.fr\/emission-la-fabrique-de-l-histoire-14-centenaire-de-la-grande-guerre-14-2014-06-23\">&lt;Comme souvent, je n&rsquo;ai pas lu le livre que je cite, mais j&rsquo;ai entendu dans l&rsquo;\u00e9mission de France Culture : La Fabrique de l&rsquo;Histoire, Christopher Clark pr\u00e9senter son point de vue&gt;<\/a><\/div>\n<div class=\"mdjComplements\">D&rsquo;autres historiens <a href=\"http:\/\/www.rfi.fr\/emission\/20140713-1-guerre-1914-consequences-systeme-international\/\">&lt;comme Serge Sur&gt;<\/a> ne sont pas d&rsquo;accord avec cette th\u00e8se. Serge Sur accepte l&rsquo;id\u00e9e que la causalit\u00e9 du conflit soit difficile \u00e0 d\u00e9terminer mais en ce qui concerne la responsabilit\u00e9 il dit simplement sont responsables ceux qui ont d\u00e9clar\u00e9 la guerre or c&rsquo;est l&rsquo;Autriche Hongrie qui a d\u00e9clar\u00e9 la guerre \u00e0 la Serbie et l&rsquo;Allemagne \u00e0 la Russie. Et c&rsquo;est le fait que l&rsquo;Allemagne a os\u00e9 attaquer la Belgique qui a conduit les anglais \u00e0 entrer dans le conflit.<\/div>\n<div class=\"mdjComplements\">J&rsquo;ai aussi trouv\u00e9 d&rsquo;autres citations, qui ne seront donc pas \u00ab\u00a0mot du jour\u00a0\u00bb dans le m\u00eame esprit que celle de Paul Val\u00e9ry<\/div>\n<div class=\"mdjComplements\">\u00a0\u00ab On croit mourir pour la patrie ; on meurt pour des industriels. Anatole France &#8211; L&rsquo;Humanit\u00e9, 18 juillet 1922. \u00bb<\/div>\n<div class=\"mdjComplements\">\u00ab\u00a0Quand les riches se font la guerre, ce sont les pauvres qui meurent. \u00ab\u00a0<\/div>\n<div class=\"mdjComplements\">Le Diable et le Bon Dieu (1951) Jean-Paul Sartre<\/div>\n<div class=\"mdjComplements\">Et puis venu de l&rsquo;Antiquit\u00e9 et de l&rsquo;Historien H\u00e9rodote (mort vers 420 AV JC) :<\/div>\n<div class=\"mdjComplements\">\u00ab\u00a0En temps de paix, les fils ensevelissent leurs p\u00e8res ; en temps de guerre, les p\u00e8res ensevelissent leurs fils.\u00a0\u00bb<\/div>\n<div class=\"mdjComplements\">Parfois on a l&rsquo;impression que nos dirigeants actuels sont aussi des somnambules qui ne savent pas o\u00f9 ils m\u00e8nent leurs pays et le monde.<\/div>\n","protected":false},"excerpt":{"rendered":"<p>Lundi 28\/07\/2014 \u00ab La guerre, c&rsquo;est le massacre de gens qui ne se connaissent pas, au profit de gens qui se connaissent et ne se massacrent pas \u00bb Paul Val\u00e9ry L&rsquo;art de la citation est difficile, cette phrase est \u00e0<\/p>\n","protected":false},"author":1,"featured_media":0,"comment_status":"closed","ping_status":"closed","sticky":false,"template":"","format":"standard","meta":{"footnotes":""},"categories":[1],"tags":[],"class_list":["post-794","post","type-post","status-publish","format-standard","hentry","category-motdujour"],"_links":{"self":[{"href":"https:\/\/lemotdujour.fr\/index.php?rest_route=\/wp\/v2\/posts\/794","targetHints":{"allow":["GET"]}}],"collection":[{"href":"https:\/\/lemotdujour.fr\/index.php?rest_route=\/wp\/v2\/posts"}],"about":[{"href":"https:\/\/lemotdujour.fr\/index.php?rest_route=\/wp\/v2\/types\/post"}],"author":[{"embeddable":true,"href":"https:\/\/lemotdujour.fr\/index.php?rest_route=\/wp\/v2\/users\/1"}],"replies":[{"embeddable":true,"href":"https:\/\/lemotdujour.fr\/index.php?rest_route=%2Fwp%2Fv2%2Fcomments&post=794"}],"version-history":[{"count":1,"href":"https:\/\/lemotdujour.fr\/index.php?rest_route=\/wp\/v2\/posts\/794\/revisions"}],"predecessor-version":[{"id":795,"href":"https:\/\/lemotdujour.fr\/index.php?rest_route=\/wp\/v2\/posts\/794\/revisions\/795"}],"wp:attachment":[{"href":"https:\/\/lemotdujour.fr\/index.php?rest_route=%2Fwp%2Fv2%2Fmedia&parent=794"}],"wp:term":[{"taxonomy":"category","embeddable":true,"href":"https:\/\/lemotdujour.fr\/index.php?rest_route=%2Fwp%2Fv2%2Fcategories&post=794"},{"taxonomy":"post_tag","embeddable":true,"href":"https:\/\/lemotdujour.fr\/index.php?rest_route=%2Fwp%2Fv2%2Ftags&post=794"}],"curies":[{"name":"wp","href":"https:\/\/api.w.org\/{rel}","templated":true}]}}