{"id":7939,"date":"2020-01-27T00:52:39","date_gmt":"2020-01-26T23:52:39","guid":{"rendered":"http:\/\/lemotdujour.fr\/?p=7939"},"modified":"2020-01-26T21:17:46","modified_gmt":"2020-01-26T20:17:46","slug":"lundi-27-janvier-2020","status":"publish","type":"post","link":"https:\/\/lemotdujour.fr\/?p=7939","title":{"rendered":"Lundi 27 janvier 2020"},"content":{"rendered":"<div class=\"mdjTexte\">\u00ab Il nous reste les mots \u00bb<\/div>\n<div class=\"mdjAuteur\">Georges Salines et Azdyne Amimour<\/div>\n<p><span style=\"color: #777777; font-family: Arial;\">Lorsque mon fils Alexis travaillait et r\u00e9sidait \u00e0 Lyon, nous avions pris l&rsquo;habitude de nous retrouver, une fois par semaine, \u00e0 l&rsquo;heure du d\u00e9jeuner pour nous voir en t\u00eate \u00e0 t\u00eate et dialoguer, c&rsquo;est-\u00e0-dire nous f\u00e9conder mutuellement l&rsquo;intelligence. Un jour Alexis m&rsquo;a dit : \u00ab Si on y r\u00e9fl\u00e9chit, les humains ont fait le choix de communiquer essentiellement par le langage et les mots. Ce n&rsquo;\u00e9tait peut-\u00eatre pas la meilleure solution. \u00bb<br \/>\n<\/span><\/p>\n<p><img loading=\"lazy\" decoding=\"async\" class=\"alignleft\" src=\"https:\/\/lemotdujour.fr\/wp-content\/uploads\/2020\/01\/012420_2343_Lundi27janv1.jpg\" alt=\"\" width=\"242\" height=\"386\" align=\"left\" \/><span style=\"color: #777777; font-family: Arial;\">Les scientifiques ne savent pas encore tr\u00e8s bien comment communiquent entre eux les poulpes. Mais l&rsquo;hypoth\u00e8se qu&rsquo;ils communiquent \u00e0 partir de leur syst\u00e8me nerveux qui est compl\u00e8tement distribu\u00e9 sur tout leur corps est possible. Franz de Waal posait cette question provocante : \u00ab <a href=\"https:\/\/lemotdujour.fr\/?p=2640\"><span style=\"color: #0000ff;\">Est-ce que l&rsquo;homme est plus intelligent que le poulpe ? On ne sait pas<\/span><\/a><span style=\"color: #0000ff;\">\u00a0<\/span>\u00bb.<br \/>\n<\/span><\/p>\n<p><span style=\"color: #777777; font-family: Arial;\">Daniel Barenbo\u00efm a \u00e9crit qu&rsquo;il en apprenait plus sur la personnalit\u00e9 et l&rsquo;intimit\u00e9 d&rsquo;un humain en jouant de la musique avec lui pendant dix minutes plut\u00f4t qu&rsquo;en lui parlant pendant des heures.<br \/>\n<\/span><\/p>\n<p><span style=\"color: #777777; font-family: Arial;\">Quand on s&rsquo;enlace avec tendresse et ouverture, il y aussi communication qui d\u00e9passe les mots.<br \/>\n<\/span><\/p>\n<p><span style=\"color: #777777; font-family: Arial;\">Mais pour exprimer la complexit\u00e9, nous autres humains utilisons les mots.<br \/>\n<\/span><\/p>\n<p><span style=\"color: #777777; font-family: Arial;\">C&rsquo;est l&rsquo;objet m\u00eame du mot du jour.<br \/>\n<\/span><\/p>\n<p><span style=\"color: #777777; font-family: Arial;\">Le 1<sup>er<\/sup> septembre 2014, apr\u00e8s un autre silence d&rsquo;un mois j&rsquo;avais fait appel \u00e0 Victor Hugo et au 8\u00e8me po\u00e8me du livre Un des contemplations : \u00ab<span style=\"color: #0000ff;\"> <a style=\"color: #0000ff;\" href=\"https:\/\/lemotdujour.fr\/?p=2902\">Les mots sont les passants myst\u00e9rieux de l&rsquo;\u00e2me<\/a><\/span> \u00bb.<br \/>\n<\/span><\/p>\n<p><span style=\"color: #777777; font-family: Arial;\">Mais quand on analyse ce qui se passe, de la difficult\u00e9 \u00e0 exprimer et encore plus \u00e0 entendre le message que peut former les mots, on peut \u00eatre d\u00e9courag\u00e9.<br \/>\n<\/span><\/p>\n<p><span style=\"color: #777777; font-family: Arial;\">Parce qu&rsquo;un mot ne suffit pas, il faut une phrase, puis une autre qui pr\u00e9cise ou nuance la premi\u00e8re. Puis d&rsquo;autres qui vont encore apporter des pr\u00e9cisions et des nuances. Celui qui \u00e9coute a souvent envie d&rsquo;intervenir d\u00e8s la premi\u00e8re phrase ou la seconde, enfin tr\u00e8s vite ne laissant pas celui qui parle, d\u00e9velopper la complexit\u00e9 de sa r\u00e9flexion.<br \/>\n<\/span><\/p>\n<p><span style=\"color: #777777; font-family: Arial;\">Sur les plateaux de la t\u00e9l\u00e9vision, on demande toujours de s&rsquo;exprimer en quelques mots.<br \/>\n<\/span><\/p>\n<p><span style=\"color: #777777; font-family: Arial;\">On privil\u00e9gie le \u00ab\u00a0bon mot\u00a0\u00bb, \u00ab\u00a0la phrase choc\u00a0\u00bb que les anglicistes appellent les punchlines.<br \/>\n<\/span><\/p>\n<p><span style=\"color: #777777; font-family: Arial;\">Faisons l&rsquo;hypoth\u00e8se que vous poss\u00e9diez, sur un sujet particulier, une r\u00e9flexion complexe dans votre cerveau et que vous vouliez la transmettre \u00e0 votre interlocuteur.<br \/>\n<\/span><\/p>\n<p><span style=\"color: #777777; font-family: Arial;\">Ce qui serait id\u00e9al c&rsquo;est que vous puissiez transmettre, en une fraction de seconde, l&rsquo;int\u00e9gralit\u00e9 de cette r\u00e9flexion dans le cerveau de l&rsquo;autre, par une sorte de t\u00e9l\u00e9 transmission et que l&rsquo;autre puisse la recevoir en une seule fois, dans sa globalit\u00e9 et la comprendre imm\u00e9diatement.<br \/>\n<\/span><\/p>\n<p><span style=\"color: #777777; font-family: Arial;\">Mais ce n&rsquo;est pas possible, pas encore, disent peut \u00eatre les transhumanistes.<br \/>\n<\/span><\/p>\n<p><span style=\"color: #777777; font-family: Arial;\">Il nous reste, pour l&rsquo;instant les mots. Alors il faut accepter de prendre le temps, pour que mot apr\u00e8s mot la communication confiante et d\u00e9taill\u00e9e puisse s&rsquo;\u00e9panouir et se partager.<br \/>\n<\/span><\/p>\n<p><span style=\"color: #777777; font-family: Arial;\">C&rsquo;est ce qu&rsquo;ont fait <strong>Georges Salines<\/strong>, le p\u00e8re de Lola qui a perdu la vie, \u00e0 28 ans, au Bataclan le 13 novembre 2015 et <strong>Azdyne Amimour, <\/strong>le p\u00e8re de Samy qui a aussi perdu la vie, \u00e0 28 ans, le m\u00eame jour, dans le m\u00eame lieu mais qui \u00e9tait, lui, un des trois terroristes qui a donn\u00e9 la mort avant de la recevoir.<br \/>\n<\/span><\/p>\n<p><span style=\"color: #777777; font-family: Arial;\">\u00ab<span style=\"color: #0000ff;\">\u00a0<\/span><a href=\"https:\/\/www.lisez.com\/livre-grand-format\/il-nous-reste-les-mots\/9782221243206\"><span style=\"color: #0000ff;\"><strong>Il nous reste les mots<\/strong><\/span>\u00a0<\/a>\u00bb est le titre du livre qu&rsquo;ils ont commenc\u00e9 \u00e0 \u00e9crire ensemble apr\u00e8s avoir dialogu\u00e9 plus d&rsquo;un an. Ils ont utilis\u00e9 ces outils imparfaits, insuffisants, pauvres que sont les mots pour \u00e9changer leur chagrin, leur d\u00e9sarroi, leurs blessures mais aussi trouver la force pour continuer \u00e0 croire \u00e0 la vie, au bonheur, \u00e0 l&rsquo;humanisme.<br \/>\n<\/span><\/p>\n<p><span style=\"color: #777777; font-family: Arial;\">Georges Saline est m\u00e9decin, il a bien s\u00fbr \u00e9t\u00e9 d\u00e9vast\u00e9 par l&rsquo;assassinat de sa fille, mais n&rsquo;a pas voulu rester fig\u00e9 dans sa douleur, sa col\u00e8re. Il a rapidement particip\u00e9 \u00e0 la cr\u00e9ation d&rsquo;une association\u00a0: \u00ab <span style=\"color: #0000ff;\"><a style=\"color: #0000ff;\" href=\"http:\/\/13onze15.org\/\">13 onze 15\u2009: fraternit\u00e9 et v\u00e9rit\u00e9<\/a><\/span> \u00bb dont il est devenu Pr\u00e9sident. Il voulait comprendre et faire de la pr\u00e9vention, comme le rapporte cet article de &lt;<span style=\"color: #0000ff;\"><a style=\"color: #0000ff;\" href=\"https:\/\/www.la-croix.com\/Georges-Salines-pere-deuil-homme-engage-2016-04-08-1200752102\">La Croix<\/a><\/span>&gt;.<br \/>\n<\/span><\/p>\n<p><span style=\"color: #777777; font-family: Arial;\">Il est devenu ainsi une personnalit\u00e9 publique qui s&rsquo;exprimait dans les m\u00e9dias. C&rsquo;est ainsi que l&rsquo;a connu Azdyne Amimour qui a pris l&rsquo;initiative de lui \u00e9crire en f\u00e9vrier 2017, pour le rencontrer.<br \/>\n<\/span><\/p>\n<p><span style=\"color: #777777; font-family: Arial;\">C&rsquo;est ainsi qu&rsquo;ils se voient pour la premi\u00e8re fois dans un caf\u00e9 de\u00a0la place de la Bastille, \u00e0 Paris.<br \/>\n<\/span><\/p>\n<p><span style=\"color: #777777; font-family: Arial;\">Un <a href=\"https:\/\/www.francetvinfo.fr\/faits-divers\/terrorisme\/attaques-du-13-novembre-a-paris\/victimes-des-attentats-a-paris\/il-nous-reste-les-mots-le-dialogue-bouleversant-entre-le-pere-d-une-victime-et-celui-d-un-terroriste-du-bataclan_3777233.html\"><span style=\"color: #0000ff;\">journaliste<\/span><\/a> commente et leur donne la parole\u00a0:<br \/>\n<\/span><\/p>\n<p style=\"margin-left: 28pt;\"><span style=\"color: #c00000; font-family: Arial;\">\u00ab\u00a0Les deux p\u00e8res, \u00e9videmment, appr\u00e9hendent cette impensable rencontre. \u00ab\u00a0Au d\u00e9part, j&rsquo;\u00e9tais inquiet, je ne savais pas comment il allait prendre la chose, se rappelle Azdyne Amimour. D\u00e8s les premiers mots, j&rsquo;ai lu sur son visage ses traits de caract\u00e8re et donc il m&rsquo;avait mis \u00e0 l&rsquo;aise.\u00a0\u00bb\u00a0 Lors de cette premi\u00e8re rencontre, le\u00a0p\u00e8re du terroriste\u00a0montre une photo de son fils \u00e0 l&rsquo;\u00e2ge de 12 ans. \u00ab\u00a0On voit la photo d&rsquo;un petit gar\u00e7on propre sur lui, mignon, auquel on a envie de faire une bise, d\u00e9crit Georges Salines. Ce que \u00e7a m&rsquo;a apport\u00e9, c&rsquo;est d&rsquo;essayer d&rsquo;\u00eatre capable de ne pas r\u00e9duire cette vie \u00e0 son acte final. Personne ne peut \u00eatre r\u00e9duit \u00e0 ce qu&rsquo;il a fait de pire dans sa vie. Je sais que je suis sorti de cet entretien totalement boulevers\u00e9.\u00a0\u00bb<br \/>\n<\/span><\/p>\n<p><span style=\"color: #777777; font-family: Arial;\">La premi\u00e8re question du p\u00e8re de Lola au p\u00e8re de Samy a \u00e9t\u00e9 de demander pourquoi il voulait le rencontrer.<br \/>\n<\/span><\/p>\n<p style=\"margin-left: 28pt;\"><span style=\"color: #c00000; font-family: Arial;\">\u00ab\u00a0L&rsquo;homme d&rsquo;origine alg\u00e9rienne lui r\u00e9pond :\u00a0\u00ab\u00a0Parce que je me sens aussi victime par rapport \u00e0 mon fils.\u00a0\u00bb\u00a0Une r\u00e9ponse qui ne choque pas Georges Salines.\u00a0\u00ab\u00a0J&rsquo;avais publi\u00e9 un livre qui s&rsquo;appelle L&rsquo;indicible de A \u00e0 Z o\u00f9 j&rsquo;avais dit que les familles de jihadistes sont aussi des victimes, se souvient le p\u00e8re de Lola. Je le savais pour avoir rencontr\u00e9 des m\u00e8res qui avaient perdu leur enfant en Syrie et j&rsquo;avais pu toucher du doigt leur d\u00e9tresse. \u00c0 vrai dire, je pense que les terroristes, qui sont totalement coupables et \u00e0 qui je ne pardonne rien, sont aussi des victimes de leur propre folie. Ils ont perdu leur vie en poursuivant une chim\u00e8re\u00a0\u00bb<br \/>\n<\/span><\/p>\n<p><span style=\"color: #777777; font-family: Arial;\">Le p\u00e8re de l&rsquo;enfant devenu terroriste exprime ses terribles questions\u00a0:<br \/>\n<\/span><\/p>\n<p style=\"margin-left: 28pt;\"><span style=\"color: #c00000; font-family: Arial;\">\u00ab\u00a0Je sais que j&rsquo;ai failli quelque part mais je n&rsquo;arrive pas \u00e0 trouver. Le &lsquo;pourquoi ?&rsquo;, \u00e7a me hante, jusqu&rsquo;\u00e0 pr\u00e9sent.\u00a0\u00bb<br \/>\n<\/span><\/p>\n<p><span style=\"color: #777777; font-family: Arial;\">&lt;<a href=\"https:\/\/www.liberation.fr\/depeches\/2020\/01\/16\/il-nous-reste-les-mots-dialogue-entre-les-peres-d-un-tueur-et-d-une-victime-du-bataclan_1773423\"><span style=\"color: #0000ff;\">Lib\u00e9ration<\/span><\/a>&gt; pr\u00e9sente la famille du jeune tueur\u00a0:<br \/>\n<\/span><\/p>\n<p style=\"margin-left: 28pt;\"><span style=\"color: #c00000; font-family: Arial;\">A Drancy (Seine-Saint-Denis) chez les Amimour, Samy, cadet de la fratrie, est un adolescent influen\u00e7able et taiseux. Ses parents s&rsquo;inqui\u00e8tent souvent pour lui.<br \/>\n<\/span><\/p>\n<p style=\"margin-left: 28pt;\"><span style=\"color: #c00000; font-family: Arial;\">Dans la famille, l&rsquo;islam n&rsquo;est pas central, le p\u00e8re se d\u00e9finit comme \u00abcroyant mais pas pratiquant\u00bb. Pour lui, Samy a \u00abd\u00e9raill\u00e9\u00bb; il a voulu partir en Afghanistan et au Y\u00e9men, pour finir par rejoindre le groupe \u00c9tat islamique en Syrie en septembre 2013.<br \/>\n<\/span><\/p>\n<p><span style=\"color: #777777; font-family: Arial;\">La question du pardon est difficile\u00a0:<br \/>\n<\/span><\/p>\n<p style=\"margin-left: 28pt;\"><span style=\"color: #c00000; font-family: Arial;\">\u00ab\u00a0Quand le p\u00e8re de Samy demande \u00abpardon pour son fils\u00bb, le p\u00e8re de Lola balaie la question: M. Amimour \u00abn&rsquo;a pas de pardon \u00e0 demander, il n&rsquo;est coupable de rien, et moi je ne peux pas accorder de pardon parce qu&rsquo;il n&rsquo;y a plus personne pour me le demander\u00bb.<br \/>\n<\/span><\/p>\n<p style=\"margin-left: 28pt;\"><span style=\"color: #c00000; font-family: Arial;\">\u00abVous \u00e9tiez \u00e0 mille lieues de l&rsquo;intol\u00e9rance, du sectarisme et de la violence, (&#8230;) tu n&rsquo;es pas responsable des m\u00e9faits de ton fils (\u2026) Le d\u00e9terminisme \u00e0 ses limites\u00bb, r\u00e9pond le p\u00e8re de Lola.\u00a0\u00bb<br \/>\n<\/span><\/p>\n<p><span style=\"color: #777777; font-family: Arial;\">&lt;<a href=\"https:\/\/www.ouest-france.fr\/attentats-paris\/il-nous-reste-les-mots-dialogue-entre-les-peres-d-un-tueur-et-d-une-victime-du-bataclan-6702209\"><span style=\"color: #0000ff;\">Ouest France<\/span><\/a>&gt; pr\u00e9sente les doutes de Georges Salines apr\u00e8s la lettre d&rsquo;Azdyne Amimour\u00a0:<br \/>\n<\/span><\/p>\n<p style=\"margin-left: 28pt;\"><span style=\"color: #c00000; font-family: Arial;\">\u00ab\u00a0D&rsquo;abord \u00ab\u00a0perplexe\u00a0\u00bb, le p\u00e8re de Lola, alors pr\u00e9sident de l&rsquo;association de victimes \u00ab 13onze15 : Fraternit\u00e9 et v\u00e9rit\u00e9 \u00bb, accepte. \u00ab\u00a0J&rsquo;avais d\u00e9j\u00e0 parl\u00e9 avec des m\u00e8res de jeunes partis en Syrie, dit-il. Mais l\u00e0, c&rsquo;\u00e9tait un autre engagement : le fils d&rsquo;Azdyne \u00e9tait potentiellement le meurtrier de ma fille.\u00a0\u00bb<br \/>\n<\/span><\/p>\n<p><span style=\"color: #777777; font-family: Arial;\">Mais ils concluent\u00a0:<br \/>\n<\/span><\/p>\n<p style=\"margin-left: 28pt;\"><span style=\"color: #c00000; font-family: Arial;\">\u00ab\u00a0Ce dialogue, estiment finalement les auteurs, repr\u00e9sentait une extraordinaire opportunit\u00e9 de montrer qu&rsquo;il nous \u00e9tait possible de parler. <strong>Si un tel \u00e9change avait lieu entre nous, alors nous pouvions abattre les murs de m\u00e9fiance, d&rsquo;incompr\u00e9hension, et parfois de haine, qui divisent nos soci\u00e9t\u00e9s.\u00a0<\/strong>\u00bb<br \/>\n<\/span><\/p>\n<p><span style=\"color: #777777; font-family: Arial;\">Vous pouvez aussi visionner cette \u00e9mission de <span style=\"color: #0000ff;\"><a style=\"color: #0000ff;\" href=\"https:\/\/www.france24.com\/fr\/europe\/20200113-attentat-du-13-novembre-dialogue-in%C3%A9dit-entre-le-p%C3%A8re-d-une-victime-et-celui-d-un-jihadiste\">France 24<\/a><\/span> dans laquelle, ils ont tous les deux particip\u00e9.<br \/>\n<\/span><\/p>\n<p><span style=\"color: #777777; font-family: Arial;\">Il a fallu du temps pour que ces mots \u00e9chang\u00e9s puissent permettre de se faire confiance, de se comprendre et d&rsquo;avancer.<br \/>\n<\/span><\/p>\n<p><span style=\"color: #777777; font-family: Arial;\">Puisqu&rsquo;il nous reste les mots, je vais, dans les prochains jours, \u00e9voquer des mots et des expressions qui ont \u00e9t\u00e9 invent\u00e9s r\u00e9cemment ou ont \u00e9t\u00e9 tr\u00e8s utilis\u00e9s dans l&rsquo;actualit\u00e9. Je tenterai de les \u00e9clairer par d&rsquo;autres mots, pour continuer d&rsquo;essayer maladroitement, p\u00e9niblement et modestement de mieux comprendre le monde.<br \/>\n<\/span><\/p>\n<p><span style=\"color: maroon; font-family: Arial;\">&lt;1336&gt;<\/span><\/p>\n","protected":false},"excerpt":{"rendered":"<p>\u00ab Il nous reste les mots \u00bb Georges Salines et Azdyne Amimour Lorsque mon fils Alexis travaillait et r\u00e9sidait \u00e0 Lyon, nous avions pris l&rsquo;habitude de nous retrouver, une fois par semaine, \u00e0 l&rsquo;heure du d\u00e9jeuner pour nous voir en<\/p>\n","protected":false},"author":1,"featured_media":0,"comment_status":"open","ping_status":"closed","sticky":false,"template":"","format":"standard","meta":{"footnotes":""},"categories":[1],"tags":[54,9,72],"class_list":["post-7939","post","type-post","status-publish","format-standard","hentry","category-motdujour","tag-humanisme","tag-litterature","tag-terrorisme"],"_links":{"self":[{"href":"https:\/\/lemotdujour.fr\/index.php?rest_route=\/wp\/v2\/posts\/7939","targetHints":{"allow":["GET"]}}],"collection":[{"href":"https:\/\/lemotdujour.fr\/index.php?rest_route=\/wp\/v2\/posts"}],"about":[{"href":"https:\/\/lemotdujour.fr\/index.php?rest_route=\/wp\/v2\/types\/post"}],"author":[{"embeddable":true,"href":"https:\/\/lemotdujour.fr\/index.php?rest_route=\/wp\/v2\/users\/1"}],"replies":[{"embeddable":true,"href":"https:\/\/lemotdujour.fr\/index.php?rest_route=%2Fwp%2Fv2%2Fcomments&post=7939"}],"version-history":[{"count":5,"href":"https:\/\/lemotdujour.fr\/index.php?rest_route=\/wp\/v2\/posts\/7939\/revisions"}],"predecessor-version":[{"id":7944,"href":"https:\/\/lemotdujour.fr\/index.php?rest_route=\/wp\/v2\/posts\/7939\/revisions\/7944"}],"wp:attachment":[{"href":"https:\/\/lemotdujour.fr\/index.php?rest_route=%2Fwp%2Fv2%2Fmedia&parent=7939"}],"wp:term":[{"taxonomy":"category","embeddable":true,"href":"https:\/\/lemotdujour.fr\/index.php?rest_route=%2Fwp%2Fv2%2Fcategories&post=7939"},{"taxonomy":"post_tag","embeddable":true,"href":"https:\/\/lemotdujour.fr\/index.php?rest_route=%2Fwp%2Fv2%2Ftags&post=7939"}],"curies":[{"name":"wp","href":"https:\/\/api.w.org\/{rel}","templated":true}]}}