{"id":792,"date":"2014-07-25T02:00:00","date_gmt":"2014-07-24T22:00:00","guid":{"rendered":"http:\/\/lemotdujour.fr\/?p=792"},"modified":"2017-05-08T13:22:45","modified_gmt":"2017-05-08T11:22:45","slug":"vendredi-25072014","status":"publish","type":"post","link":"https:\/\/lemotdujour.fr\/?p=792","title":{"rendered":"Vendredi 25\/07\/2014"},"content":{"rendered":"<div class=\"mdjDate\">Vendredi 25\/07\/2014<\/div>\n<div class=\"mdjTexte\">\u00abQuel massacre, quelles ruines, quelle barbarie !\u00bb<\/div>\n<div class=\"mdjAuteur\">Jean Jaur\u00e8s, 25 Juillet 1914<\/div>\n<div class=\"mdjComplements\">C&rsquo;est \u00e0 Lyon, dans le quartier de Vaise que Jean Jaur\u00e8s a prononc\u00e9 son dernier discours en France le 25 juillet 1914, une semaine avant son assassinat le 31 juillet, qui pr\u00e9c\u00e9da de 2 jours le d\u00e9but de la guerre de 14-18.<\/div>\n<div class=\"mdjComplements\"><a href=\"http:\/\/www.lyon.fr\/actualite\/patrimoine\/jean-jaures-1914-2014.html\">&lt;Lyon comm\u00e9more le centenaire de ce discours&gt;<\/a><\/div>\n<div class=\"mdjComplements\">Venu soutenir \u00e0 Vaise, pr\u00e8s de Lyon, le candidat socialiste pour une \u00e9lection l\u00e9gislative, il met en garde contre les erreurs qui pourraient conduire \u00e0 une guerre qu&rsquo;il d\u00e9crit comme une immense boucherie.<\/div>\n<div class=\"mdjComplements\">Alors que la plupart des hommes politiques de cette \u00e9poque s&rsquo;enthousiasment \u00e0 l&rsquo;id\u00e9e de se battre et bien s\u00fbr vaincre l&rsquo;Allemagne et en plus rapidement : \u00ab\u00a0On sera de retour \u00e0 No\u00ebl\u00a0\u00bb, sa lucidit\u00e9 devant ce qui va arriver \u00e0 l&rsquo;Europe est extraordinaire.<\/div>\n<div class=\"mdjComplements\">Par exemple voici ce qu&rsquo;il dit lors de ce discours :<\/div>\n<div class=\"mdjCiter\">\u00ab\u00a0[&#8230;] j&rsquo;esp\u00e8re encore malgr\u00e9 tout qu&rsquo;en raison m\u00eame de l&rsquo;\u00e9normit\u00e9 du d\u00e9sastre dont nous sommes menac\u00e9s, \u00e0 la derni\u00e8re minute, les gouvernements se ressaisiront et que nous n&rsquo;aurons pas \u00e0 fr\u00e9mir d&rsquo;horreur \u00e0 la pens\u00e9e du cataclysme qu&rsquo;entra\u00eenerait aujourd&rsquo;hui pour les hommes une guerre europ\u00e9enne.<\/div>\n<div class=\"mdjCiter\">Vous avez vu la guerre des Balkans ; une arm\u00e9e presque enti\u00e8re a succomb\u00e9 soit sur le champ de bataille, soit dans les lits d&rsquo;h\u00f4pitaux, une arm\u00e9e est partie \u00e0 un chiffre de trois cent mille hommes, elle laisse dans la terre des champs de bataille, dans les foss\u00e9s des chemins ou dans les lits d&rsquo;h\u00f4pitaux infect\u00e9s par le typhus cent mille hommes sur trois cent mille.<\/div>\n<div class=\"mdjCiter\">Songez \u00e0 ce que serait le d\u00e9sastre pour l&rsquo;Europe : ce ne serait plus, comme dans les Balkans, une arm\u00e9e de trois cent mille hommes, mais quatre, cinq et six arm\u00e9es de deux millions d&rsquo;hommes. Quel massacre, quelles ruines, quelle barbarie ! Et voil\u00e0 pourquoi, quand la nu\u00e9e de l&rsquo;orage est d\u00e9j\u00e0 sur nous, voil\u00e0 pourquoi je veux esp\u00e9rer encore que le crime ne sera pas consomm\u00e9. Citoyens, si la temp\u00eate \u00e9clatait, tous, nous socialistes, nous aurons le souci de nous sauver le plus t\u00f4t possible du crime que les dirigeants auront commis et en attendant, s&rsquo;il nous reste quelque chose, s&rsquo;il nous reste quelques heures, nous redoublerons d&rsquo;efforts pour pr\u00e9venir la catastrophe. D\u00e9j\u00e0, dans le Vorwaerts, nos camarades socialistes d&rsquo;Allemagne s&rsquo;\u00e9l\u00e8vent avec indignation contre la note de l&rsquo;Autriche et je crois que notre bureau socialiste international est convoqu\u00e9.\u00a0\u00bb<\/div>\n<div class=\"mdjComplements\"> <a href=\"https:\/\/www.marxists.org\/francais\/general\/jaures\/works\/1914\/07\/jaures_19140725.htm\">&lt;Ici de plus large extraits de ce discours&gt;<\/a><\/div>\n<div class=\"mdjComplements\">H\u00e9las l&rsquo;espoir de Jaur\u00e8s, sera d\u00e9\u00e7u quelques heures apr\u00e8s sa mort les socialistes allemands et fran\u00e7ais rejoindront l&rsquo;union nationale, chacun de leur c\u00f4t\u00e9 et se combattront f\u00e9rocement.<\/div>\n<div class=\"mdjComplements\"><a href=\"http:\/\/dormirajamais.org\/jaures-1\/\">&lt;Et ici le tout dernier discours de Jaur\u00e8s, le 29 juillet 1914, mais hors de France \u00e0 Bruxelles&gt;<\/a><\/div>\n<div class=\"mdjComplements\">Il faut savoir que Jaur\u00e8s n&rsquo;\u00e9tait pas un pacifiste au sens commun de ce nom. Il avait ainsi \u00e9crit \u00ab\u00a0l&rsquo;arm\u00e9e nouvelle\u00a0\u00bb en 1911.<\/div>\n<div class=\"mdjComplements\">Il n&rsquo;\u00e9tait pas contre toutes les guerres, il \u00e9tait contre cette guerre qui se pr\u00e9parait parce qu&rsquo;il avait l&rsquo;intuition du carnage que ce serait.<\/div>\n<div class=\"mdjComplements\"><a href=\"http:\/\/www.franceculture.fr\/emission-la-fabrique-de-l-histoire-jaures-14-2014-03-24\">&lt;France Culture a consacr\u00e9 plusieurs \u00e9missions \u00e0 Jean Jaur\u00e8s&gt;<\/a><\/div>\n<div class=\"mdjComplements\">Dans la premi\u00e8re du lien que je donne, on entend <strong>Rolande Tremp\u00e9<\/strong>, historienne sp\u00e9cialiste du mouvement ouvrier, qui a \u00e9t\u00e9 la premi\u00e8re \u00e0 soutenir une th\u00e8se sur les mineurs de Carmaux. Et dans ce cadre elle s&rsquo;int\u00e9resse particuli\u00e8rement \u00e0 Jaur\u00e8s. Elle d\u00e9crit Jaur\u00e8s. C&rsquo;\u00e9tait un philosophe, un homme qui savait manier les id\u00e9es, transporter le verbe. C&rsquo;\u00e9tait un formidable intellectuel qui savait dialoguer avec les ouvriers qu&rsquo;il allait voir simplement et souvent. (Pour la petite histoire Rolande Tremp\u00e9 est n\u00e9e en 1916).<\/div>\n<div class=\"mdjComplements\">J&rsquo;ajouterai que c&rsquo;\u00e9tait un visionnaire. Un peu le contraire des hommes politiques d&rsquo;aujourd&rsquo;hui<\/div>\n<div class=\"mdjComplements\">Que le ciel vous tienne en joie, la France a aussi donn\u00e9 naissance \u00e0 des personnes comme Jaur\u00e8s<\/div>\n","protected":false},"excerpt":{"rendered":"<p>Vendredi 25\/07\/2014 \u00abQuel massacre, quelles ruines, quelle barbarie !\u00bb Jean Jaur\u00e8s, 25 Juillet 1914 C&rsquo;est \u00e0 Lyon, dans le quartier de Vaise que Jean Jaur\u00e8s a prononc\u00e9 son dernier discours en France le 25 juillet 1914, une semaine avant son<\/p>\n","protected":false},"author":1,"featured_media":0,"comment_status":"closed","ping_status":"closed","sticky":false,"template":"","format":"standard","meta":{"footnotes":""},"categories":[1],"tags":[],"class_list":["post-792","post","type-post","status-publish","format-standard","hentry","category-motdujour"],"_links":{"self":[{"href":"https:\/\/lemotdujour.fr\/index.php?rest_route=\/wp\/v2\/posts\/792","targetHints":{"allow":["GET"]}}],"collection":[{"href":"https:\/\/lemotdujour.fr\/index.php?rest_route=\/wp\/v2\/posts"}],"about":[{"href":"https:\/\/lemotdujour.fr\/index.php?rest_route=\/wp\/v2\/types\/post"}],"author":[{"embeddable":true,"href":"https:\/\/lemotdujour.fr\/index.php?rest_route=\/wp\/v2\/users\/1"}],"replies":[{"embeddable":true,"href":"https:\/\/lemotdujour.fr\/index.php?rest_route=%2Fwp%2Fv2%2Fcomments&post=792"}],"version-history":[{"count":1,"href":"https:\/\/lemotdujour.fr\/index.php?rest_route=\/wp\/v2\/posts\/792\/revisions"}],"predecessor-version":[{"id":793,"href":"https:\/\/lemotdujour.fr\/index.php?rest_route=\/wp\/v2\/posts\/792\/revisions\/793"}],"wp:attachment":[{"href":"https:\/\/lemotdujour.fr\/index.php?rest_route=%2Fwp%2Fv2%2Fmedia&parent=792"}],"wp:term":[{"taxonomy":"category","embeddable":true,"href":"https:\/\/lemotdujour.fr\/index.php?rest_route=%2Fwp%2Fv2%2Fcategories&post=792"},{"taxonomy":"post_tag","embeddable":true,"href":"https:\/\/lemotdujour.fr\/index.php?rest_route=%2Fwp%2Fv2%2Ftags&post=792"}],"curies":[{"name":"wp","href":"https:\/\/api.w.org\/{rel}","templated":true}]}}