{"id":786,"date":"2014-07-22T02:00:00","date_gmt":"2014-07-21T22:00:00","guid":{"rendered":"http:\/\/lemotdujour.fr\/?p=786"},"modified":"2017-05-08T13:22:44","modified_gmt":"2017-05-08T11:22:44","slug":"mardi-22072014","status":"publish","type":"post","link":"https:\/\/lemotdujour.fr\/?p=786","title":{"rendered":"Mardi 22\/07\/2014"},"content":{"rendered":"<div class=\"mdjDate\">Mardi 22\/07\/2014<\/div>\n<div class=\"mdjTexte\">\u00abDites-nous qui donne naissance aux irresponsables ? [&#8230;]<br \/>Tout le monde sait comment on fait les b\u00e9b\u00e9s<br \/>Mais personne sait comment on fait des papas\u00bb<\/div>\n<div class=\"mdjAuteur\">Stromae Papaoutai<\/div>\n<div class=\"mdjComplements\">Des destinataires de ce mot du jour connaissent bien mieux que moi ce chanteur belge venu enchanter (t\u00e9moignage de C\u00e9cile) les Nuits de Fourvi\u00e8re de Lyon, le 12 Juin 2014<\/div>\n<div class=\"mdjComplements\">Je crois que nous pouvons tous fan, pas fan ou n\u00e9ophyte partager ces paroles.<\/div>\n<div class=\"mdjComplements\">Nous vivons, en France, dans un monde o\u00f9 des gens en sortant d&rsquo;une boite de nuit <a href=\"http:\/\/www.midilibre.fr\/2014\/07\/21\/rugbymen-agresses-a-millau-deux-temoins-se-confient-a-midi-libre,1027700.php\">&lt;sont agress\u00e9s \u00e0 la machette&gt;<\/a><\/div>\n<div class=\"mdjComplements\">O\u00f9 parmi des gens qui veulent manifester pacifiquement pour dire leur d\u00e9saccord avec l&rsquo;usage de la violence \u00e0 Gaza <a href=\"http:\/\/www.lefigaro.fr\/actualite-france\/2014\/07\/20\/01016-20140720ARTFIG00158-barbes-sarcelles-la-contagion-de-la-violence.php\">&lt;Des jeunes attaquent une \u00e9picerie casher&gt;<\/a><\/div>\n<div class=\"mdjComplements\">Parmi cette population de jeunes border line, cherchant ses rep\u00e8res et basculant dans l&rsquo;extr\u00e9misme ou simplement la d\u00e9linquance, dans combien de cas l&rsquo;absence ou la non pr\u00e9sence des p\u00e8res est primordiale ?<\/div>\n<div class=\"mdjComplements\">Quelquefois la m\u00e8re est absente aussi, mais malgr\u00e9 les \u00e9volutions, dans notre soci\u00e9t\u00e9 globalement les m\u00e8res continuent \u00e0 \u00eatre plus pr\u00e9sentes et \u00e0 se pr\u00e9occuper davantage du devenir de leurs enfants.<\/div>\n<div class=\"mdjComplements\">Alors cette question : sait on comment on fait les papas est plus que pertinente, fondamentale.<\/div>\n<div class=\"mdjComplements\">Pour celles et ceux qui ne connaissant rien de Stromae ( comme moi !) :<\/div>\n<div class=\"mdjComplements\">Stromae, \u00ab maestro \u00bb en verlan, de son vrai nom Paul Van Haver, n\u00e9 le 12 mars 1985 \u00e0 Bruxelles, est un auteur-compositeur-interpr\u00e8te et producteur belge de hip-hop, de musique \u00e9lectronique et de chanson fran\u00e7aise.<\/div>\n<div class=\"mdjComplements\">Stromae est n\u00e9 en Belgique de p\u00e8re rwandais et de m\u00e8re flamande. Au mois d&rsquo;avril 1994, alors que la guerre fait rage au Rwanda, un appel leur annonce le d\u00e9c\u00e8s de son p\u00e8re et l&rsquo;h\u00e9catombe qui d\u00e9cime presque toute sa famille \u00e9largie au cours du g\u00e9nocide au Rwanda. Sa m\u00e8re \u00e9l\u00e8ve seule \u00e0 Bruxelles, puis en p\u00e9riph\u00e9rie, une fratrie de quatre fils et une fille. \u00c0 l&rsquo;\u00e2ge de onze ans, Stromae commence \u00e0 s&rsquo;int\u00e9resser \u00e0 la musique et s&rsquo;inscrit \u00e0 l&rsquo;Acad\u00e9mie musicale de Jette pour prendre des cours de solf\u00e8ge et de batterie. Sa m\u00e8re l&rsquo;envoie \u00e0 l&rsquo;internat j\u00e9suite de Godinne. <a href=\"http:\/\/fr.wikipedia.org\/wiki\/Stromae\">&lt;La suite sur Wikip\u00e9dia&gt;<\/a><\/div>\n<div class=\"mdjComplements\"><strong>Parole de Papaoutai<\/strong>:<\/div>\n<table>\n<tr>\n<td>\n<div class=\"mdjCiter\">Dites-moi d&rsquo;o\u00f9 il vient<\/div>\n<div class=\"mdjCiter\">Enfin je saurais o\u00f9 je vais<\/div>\n<div class=\"mdjCiter\">Maman dit que lorsqu&rsquo;on cherche bien<\/div>\n<div class=\"mdjCiter\">On finit toujours par trouver<\/div>\n<div class=\"mdjCiter\">Elle dit qu&rsquo;il n&rsquo;est jamais tr\u00e8s loin<\/div>\n<div class=\"mdjCiter\">Qu&rsquo;il part tr\u00e8s souvent travailler<\/div>\n<div class=\"mdjCiter\">Maman dit \u00ab\u00a0travailler c&rsquo;est bien\u00a0\u00bb<\/div>\n<div class=\"mdjCiter\">Bien mieux qu&rsquo;\u00eatre mal accompagn\u00e9<\/div>\n<\/td>\n<td>\n<div class=\"mdjCiter\">Pas vrai ?<\/div>\n<div class=\"mdjCiter\">O\u00f9 est ton papa ?<\/div>\n<div class=\"mdjCiter\">Dis-moi o\u00f9 est ton papa ?<\/div>\n<div class=\"mdjCiter\">Sans m\u00eame devoir lui parler<\/div>\n<div class=\"mdjCiter\">Il sait ce qu&rsquo;il ne va pas<\/div>\n<div class=\"mdjCiter\">Ah sacr\u00e9 papa<\/div>\n<div class=\"mdjCiter\">Dis-moi o\u00f9 es-tu cach\u00e9 ?<\/div>\n<\/td>\n<\/tr>\n<tr>\n<td>\n<div class=\"mdjCiter\">\u00c7a doit, faire au moins mille fois que j&rsquo;ai<\/div>\n<div class=\"mdjCiter\">Compt\u00e9 mes doigts<\/div>\n<div class=\"mdjCiter\">O\u00f9 t&rsquo;es, papa o\u00f9 t&rsquo;es ? etc. [Refrain]<\/div>\n<div class=\"mdjCiter\">Quoi, qu&rsquo;on y croit ou pas<\/div>\n<div class=\"mdjCiter\">Y aura bien un jour o\u00f9 on y croira plus<\/div>\n<div class=\"mdjCiter\">Un jour ou l&rsquo;autre on sera tous papa<\/div>\n<div class=\"mdjCiter\">Et d&rsquo;un jour \u00e0 l&rsquo;autre on aura disparu<\/div>\n<div class=\"mdjCiter\">Serons-nous d\u00e9testables ?<\/div>\n<div class=\"mdjCiter\">Serons-nous admirables ?<\/div>\n<div class=\"mdjCiter\">Des g\u00e9niteurs ou des g\u00e9nies ?<\/div>\n<div class=\"mdjCiter\">Dites-nous qui donne naissance aux irresponsables ?<\/div>\n<div class=\"mdjCiter\">Ah dites-nous qui, tient,<\/div>\n<div class=\"mdjCiter\">Tout le monde sait comment on fait les b\u00e9b\u00e9s<\/div>\n<div class=\"mdjCiter\">Mais personne sait comment on fait des papas<\/div>\n<div class=\"mdjCiter\">Monsieur Je-sais-tout en aurait h\u00e9rit\u00e9, c&rsquo;est \u00e7a<\/div>\n<div class=\"mdjCiter\">Faut l&rsquo;sucer d&rsquo;son pouce ou quoi ?<\/div>\n<div class=\"mdjCiter\">Dites-nous o\u00f9 c&rsquo;est cach\u00e9, \u00e7a doit<\/div>\n<div class=\"mdjCiter\">Faire au moins mille fois qu&rsquo;on a, bouff\u00e9 nos doigts<\/div>\n<div class=\"mdjCiter\">[Refrain]<\/div>\n<\/td>\n<td>\n<div class=\"mdjCiter\">O\u00f9 est ton papa ?<\/div>\n<div class=\"mdjCiter\">Dis-moi o\u00f9 est ton papa ?<\/div>\n<div class=\"mdjCiter\">Sans m\u00eame devoir lui parler<\/div>\n<div class=\"mdjCiter\">Il sait ce qui ne va pas<\/div>\n<div class=\"mdjCiter\">Ah sacr\u00e9 papa<\/div>\n<div class=\"mdjCiter\">Dis-moi o\u00f9 es-tu cach\u00e9 ?<\/div>\n<div class=\"mdjCiter\">\u00c7a doit, faire au moins mille fois que j&rsquo;ai<\/div>\n<div class=\"mdjCiter\">Compt\u00e9 mes doigts<\/div>\n<div class=\"mdjCiter\">O\u00f9 est ton papa ?<\/div>\n<div class=\"mdjCiter\">Dis-moi o\u00f9 est ton papa ?<\/div>\n<div class=\"mdjCiter\">Sans m\u00eame devoir lui parler<\/div>\n<div class=\"mdjCiter\">Il sait ce qui ne va pas<\/div>\n<div class=\"mdjCiter\">Ah sacr\u00e9 papa<\/div>\n<div class=\"mdjCiter\">Dis-moi o\u00f9 es-tu cach\u00e9 ?<\/div>\n<div class=\"mdjCiter\">\u00c7a doit, faire au moins mille fois que j&rsquo;ai<\/div>\n<div class=\"mdjCiter\">Compt\u00e9 mes doigts<\/div>\n<div class=\"mdjCiter\">[Refrain]<\/div>\n<div class=\"mdjCiter\">Stromae<\/div>\n<\/td>\n<\/tr>\n<\/table>\n<p><a href=\"http:\/\/www.dailymotion.com\/video\/x10okz5_stromae-papaoutai-clip-officiel_music\">&lt; Voici le clip sur Dailymotion &gt;<\/a><\/p>\n","protected":false},"excerpt":{"rendered":"<p>Mardi 22\/07\/2014 \u00abDites-nous qui donne naissance aux irresponsables ? [&#8230;]Tout le monde sait comment on fait les b\u00e9b\u00e9sMais personne sait comment on fait des papas\u00bb Stromae Papaoutai Des destinataires de ce mot du jour connaissent bien mieux que moi ce<\/p>\n","protected":false},"author":1,"featured_media":0,"comment_status":"closed","ping_status":"closed","sticky":false,"template":"","format":"standard","meta":{"footnotes":""},"categories":[1],"tags":[],"class_list":["post-786","post","type-post","status-publish","format-standard","hentry","category-motdujour"],"_links":{"self":[{"href":"https:\/\/lemotdujour.fr\/index.php?rest_route=\/wp\/v2\/posts\/786","targetHints":{"allow":["GET"]}}],"collection":[{"href":"https:\/\/lemotdujour.fr\/index.php?rest_route=\/wp\/v2\/posts"}],"about":[{"href":"https:\/\/lemotdujour.fr\/index.php?rest_route=\/wp\/v2\/types\/post"}],"author":[{"embeddable":true,"href":"https:\/\/lemotdujour.fr\/index.php?rest_route=\/wp\/v2\/users\/1"}],"replies":[{"embeddable":true,"href":"https:\/\/lemotdujour.fr\/index.php?rest_route=%2Fwp%2Fv2%2Fcomments&post=786"}],"version-history":[{"count":1,"href":"https:\/\/lemotdujour.fr\/index.php?rest_route=\/wp\/v2\/posts\/786\/revisions"}],"predecessor-version":[{"id":787,"href":"https:\/\/lemotdujour.fr\/index.php?rest_route=\/wp\/v2\/posts\/786\/revisions\/787"}],"wp:attachment":[{"href":"https:\/\/lemotdujour.fr\/index.php?rest_route=%2Fwp%2Fv2%2Fmedia&parent=786"}],"wp:term":[{"taxonomy":"category","embeddable":true,"href":"https:\/\/lemotdujour.fr\/index.php?rest_route=%2Fwp%2Fv2%2Fcategories&post=786"},{"taxonomy":"post_tag","embeddable":true,"href":"https:\/\/lemotdujour.fr\/index.php?rest_route=%2Fwp%2Fv2%2Ftags&post=786"}],"curies":[{"name":"wp","href":"https:\/\/api.w.org\/{rel}","templated":true}]}}