{"id":784,"date":"2014-07-21T02:00:00","date_gmt":"2014-07-20T22:00:00","guid":{"rendered":"http:\/\/lemotdujour.fr\/?p=784"},"modified":"2017-05-08T13:22:43","modified_gmt":"2017-05-08T11:22:43","slug":"lundi-21072014","status":"publish","type":"post","link":"https:\/\/lemotdujour.fr\/?p=784","title":{"rendered":"Lundi 21\/07\/2014"},"content":{"rendered":"<div class=\"mdjDate\">Lundi 21\/07\/2014<\/div>\n<div class=\"mdjTexte\">\u00ab\u00a0Mon peuple habitera dans un lieu de paix&#8230;\u00a0\u00bb.<\/div>\n<div class=\"mdjAuteur\">Livre d&rsquo;Isa\u00efe Chapitre 32 verset 18<\/div>\n<div class=\"mdjComplements\">Dans ce d\u00e9chainement de violence \u00e0 Gaza auquel nous assistons de mani\u00e8re impuissante, il existe en Isra\u00ebl un village dont parle l&rsquo;Hebdomadaire \u00ab\u00a0Le Point\u00a0\u00bb.<\/div>\n<div class=\"mdjComplements\">Le nom de ce village est Neve Shalom-Wahat al-Salam<\/div>\n<div class=\"mdjComplements\">Ce village coop\u00e9ratif, dont le nom signifie en h\u00e9breu et en arabe \u00ab\u00a0oasis de paix\u00a0\u00bb, regroupe depuis 1977 \u00e0 la fois des familles juives et des familles arabes palestiniennes (musulmanes ou catholiques).<\/div>\n<div class=\"mdjComplements\">Fond\u00e9 en 1970 par le fr\u00e8re dominicain Bruno Hussar, juif d&rsquo;origine et de nationalit\u00e9 isra\u00e9lienne, il offre depuis l&rsquo;exemple d&rsquo;une cohabitation \u00e9quilibr\u00e9e et sans accrocs entre deux peuples pr\u00e9tendument irr\u00e9conciliables.<\/div>\n<div class=\"mdjComplements\"><a href=\"http:\/\/fr.wikipedia.org\/wiki\/Neve_Shalom_-_Wahat_as_Salam\">&lt;L&rsquo;article de Wikipedia qui lui est consacr\u00e9&gt;<\/a> dit qu&rsquo;il tire son nom du <a href=\"http:\/\/fr.wikipedia.org\/wiki\/Livre_d%27Isa%C3%AFe\">Livre d&rsquo;Isa\u00efe<\/a> (32, 18) o\u00f9 il est dit \u00ab\u00a0Mon peuple habitera dans un lieu de paix&#8230;\u00a0\u00bb qui est le mot du jour d&rsquo;aujourd&rsquo;hui.<\/div>\n<div class=\"mdjComplements\">Si on y ajoute le verset pr\u00e9c\u00e9dent : on obtient de ce livre, \u00e9crit environ 8 si\u00e8cles avant notre \u00e8re, cette parole de sagesse :<\/div>\n<div class=\"mdjComplements\">\u00abEt le produit de la justice sera la paix, et le fruit de la justice le repos et la s\u00e9curit\u00e9 pour jamais.<\/div>\n<div class=\"mdjComplements\">Mon peuple habitera dans un s\u00e9jour de paix, dans des habitations s\u00fbres, dans des demeures tranquilles.\u00bb<\/div>\n<div class=\"mdjComplements\">De ces deux peuples sur une m\u00eame terre, la guerre ne r\u00e9soudra rien. La paix ne pourra \u00eatre que le fruit de la justice et de la s\u00e9curit\u00e9, pour chacun des deux peuples.<\/div>\n<div class=\"mdjComplements\">Selon \u00ab\u00a0Le Point\u00a0\u00bb le village de Neve Shalom-Wahat al-Salam (<a href=\"http:\/\/wasns.org\/-oasis-de-paix-\">NSWAS<\/a>) est unique en son genre. Situ\u00e9 entre J\u00e9rusalem et Tel-Aviv, non loin de la fronti\u00e8re cisjordanienne, il constitue une enclave pacifiste dans une r\u00e9gion marqu\u00e9e par l&rsquo;\u00e9ternel conflit isra\u00e9lo-palestinien.<\/div>\n<div class=\"mdjComplements\">L&rsquo;ancien membre des Pink Floyd Roger Waters y avait d\u00e9localis\u00e9 son concert du 22 juin 2006 initialement pr\u00e9vu \u00e0 Tel-Aviv, attirant du m\u00eame coup plus de 40 000 personnes ce soir-l\u00e0 ! Et l&rsquo;auteur-compositeur de d\u00e9clarer : \u00ab\u00a0J&rsquo;ai fait changer le lieu du concert, qui aura lieu \u00e0 Neve Shalom-Wahat al-Salam en signe de solidarit\u00e9 avec les voix de la raison, palestiniennes ou isra\u00e9liennes, qui cherchent une voie non violente pour une paix juste.\u00a0\u00bb<\/div>\n<div class=\"mdjComplements\">Une cinquantaine de foyers, soit plus de 200 personnes, composent ce village, et des travaux d&rsquo;extension sont en cours pour accueillir 34 nouvelles familles. Deux voire trois autres extensions sont d&rsquo;ores et d\u00e9j\u00e0 \u00e0 l&rsquo;\u00e9tude. L&rsquo;activit\u00e9 principale de NSWAS r\u00e9side dans le travail \u00e9ducatif pour la paix, l&rsquo;\u00e9galit\u00e9 et la compr\u00e9hension entre les deux peuples. De fait, plusieurs institutions sont tourn\u00e9es vers cet objectif. D&rsquo;abord, une cr\u00e8che, un jardin d&rsquo;enfants et une \u00e9cole primaire, dot\u00e9s d&rsquo;un syst\u00e8me \u00e9ducatif la\u00efque, bilingue et biculturel. Dans ce dernier \u00e9tablissement, les enfants juifs et palestiniens suivent pendant six ans une \u00e9ducation commune. Ensuite, une \u00ab\u00a0\u00e9cole pour la paix\u00a0\u00bb, par le biais de conf\u00e9rences et de s\u00e9minaires, forme les jeunes ainsi que les adultes \u00e0 la m\u00e9diation de conflits ou \u00e0 la connaissance approfondie de la culture de l&rsquo;autre, par exemple. Ses enseignants interviennent en outre dans des universit\u00e9s isra\u00e9liennes et comptent lancer prochainement un master de \u00ab\u00a0r\u00e9solution des conflits\u00a0\u00bb avec l&rsquo;universit\u00e9 du Massachusetts de Boston. Enfin, le village accueille un centre spirituel pluraliste, le Doumia-Sakinah, o\u00f9 les r\u00e9sidents et les visiteurs des diff\u00e9rentes confessions, juive, musulmane mais aussi chr\u00e9tienne, viennent se rencontrer. Des activit\u00e9s y sont ainsi organis\u00e9es : dialogue, \u00e9tude ou encore m\u00e9ditation.<\/div>\n<div class=\"mdjComplements\">Les habitants \u00ab\u00a0veulent d\u00e9montrer ainsi la possibilit\u00e9 de coexister en d\u00e9veloppant une communaut\u00e9 sociale, culturelle et politique, fond\u00e9e sur l&rsquo;acceptation mutuelle, le respect et la coop\u00e9ration dans la vie quotidienne &#8211; chaque personne demeurant fid\u00e8le \u00e0 sa propre identit\u00e9 nationale, culturelle et religieuse\u00a0\u00bb. \u00ab\u00a0La vie quotidienne de la communaut\u00e9 est organis\u00e9e sur des bases d\u00e9mocratiques. Un secr\u00e9taire et un secr\u00e9tariat sont \u00e9lus chaque ann\u00e9e et tous les membres participent aux assembl\u00e9es r\u00e9guli\u00e8res o\u00f9 les questions concernant la communaut\u00e9 sont discut\u00e9es et d\u00e9cid\u00e9es. NSWAS est ind\u00e9pendant de toute autorit\u00e9 ext\u00e9rieure et n&rsquo;est affili\u00e9 \u00e0 aucun parti politique.\u00a0\u00bb<\/div>\n<div class=\"mdjComplements\">L&rsquo;objectif affich\u00e9 du village n&rsquo;est pas la fusion mais la cohabitation des deux peuples et des deux cultures.<\/div>\n<div class=\"mdjComplements\"><a href=\"http:\/\/www.lepoint.fr\/monde\/neve-shalom-wahat-al-salam-oasis-de-paix-dans-un-desert-de-violence-19-07-2014-1847409_24.php\">&lt;Voici l&rsquo;article du Point parlant de ce village&gt;<\/a><\/div>\n<div class=\"mdjComplements\">Et le <a href=\"http:\/\/wasns.org\/-oasis-de-paix-\">&lt;Le site du village oasis de paix&gt;<\/a><\/div>\n<div class=\"mdjComplements\">Et enfin pour ceux qui veulent aller voir le Livre d&rsquo;Isa\u00efe <a href=\"http:\/\/bible.catholique.org\/livre-d-isaie\/4640-chapitre-32\">&lt;En voici une traduction&gt;<\/a><\/div>\n<div class=\"mdjComplements\">La paix sera le fruit de la Justice et de la S\u00e9curit\u00e9<\/div>\n","protected":false},"excerpt":{"rendered":"<p>Lundi 21\/07\/2014 \u00ab\u00a0Mon peuple habitera dans un lieu de paix&#8230;\u00a0\u00bb. Livre d&rsquo;Isa\u00efe Chapitre 32 verset 18 Dans ce d\u00e9chainement de violence \u00e0 Gaza auquel nous assistons de mani\u00e8re impuissante, il existe en Isra\u00ebl un village dont parle l&rsquo;Hebdomadaire \u00ab\u00a0Le Point\u00a0\u00bb.<\/p>\n","protected":false},"author":1,"featured_media":0,"comment_status":"closed","ping_status":"closed","sticky":false,"template":"","format":"standard","meta":{"footnotes":""},"categories":[1],"tags":[],"class_list":["post-784","post","type-post","status-publish","format-standard","hentry","category-motdujour"],"_links":{"self":[{"href":"https:\/\/lemotdujour.fr\/index.php?rest_route=\/wp\/v2\/posts\/784","targetHints":{"allow":["GET"]}}],"collection":[{"href":"https:\/\/lemotdujour.fr\/index.php?rest_route=\/wp\/v2\/posts"}],"about":[{"href":"https:\/\/lemotdujour.fr\/index.php?rest_route=\/wp\/v2\/types\/post"}],"author":[{"embeddable":true,"href":"https:\/\/lemotdujour.fr\/index.php?rest_route=\/wp\/v2\/users\/1"}],"replies":[{"embeddable":true,"href":"https:\/\/lemotdujour.fr\/index.php?rest_route=%2Fwp%2Fv2%2Fcomments&post=784"}],"version-history":[{"count":1,"href":"https:\/\/lemotdujour.fr\/index.php?rest_route=\/wp\/v2\/posts\/784\/revisions"}],"predecessor-version":[{"id":785,"href":"https:\/\/lemotdujour.fr\/index.php?rest_route=\/wp\/v2\/posts\/784\/revisions\/785"}],"wp:attachment":[{"href":"https:\/\/lemotdujour.fr\/index.php?rest_route=%2Fwp%2Fv2%2Fmedia&parent=784"}],"wp:term":[{"taxonomy":"category","embeddable":true,"href":"https:\/\/lemotdujour.fr\/index.php?rest_route=%2Fwp%2Fv2%2Fcategories&post=784"},{"taxonomy":"post_tag","embeddable":true,"href":"https:\/\/lemotdujour.fr\/index.php?rest_route=%2Fwp%2Fv2%2Ftags&post=784"}],"curies":[{"name":"wp","href":"https:\/\/api.w.org\/{rel}","templated":true}]}}