{"id":7811,"date":"2019-12-30T02:19:20","date_gmt":"2019-12-30T01:19:20","guid":{"rendered":"http:\/\/lemotdujour.fr\/?p=7811"},"modified":"2020-03-18T21:09:55","modified_gmt":"2020-03-18T20:09:55","slug":"lundi-30-decembre-2019","status":"publish","type":"post","link":"https:\/\/lemotdujour.fr\/?p=7811","title":{"rendered":"Lundi 30 d\u00e9cembre 2019"},"content":{"rendered":"<div class=\"mdjTexte\">\u00abPause\u00bb<\/div>\n<div class=\"mdjAuteur\">Mot du jour en hibernation<\/div>\n<p><span style=\"color: #777777; font-family: Arial;\">Comme annonc\u00e9 vendredi, le mot du jour est en cong\u00e9.<br \/>\n<\/span><\/p>\n<p><img loading=\"lazy\" decoding=\"async\" class=\"alignleft\" src=\"https:\/\/lemotdujour.fr\/wp-content\/uploads\/2019\/12\/122619_1918_Lundi30dcem1.jpg\" alt=\"\" width=\"368\" height=\"253\" \/><span style=\"color: #777777; font-family: Arial;\">Il est possible que le prochain mot du jour soit publi\u00e9 le 27 janvier 2020. Mais entretemps j&rsquo;ai retravaill\u00e9 un certain nombre de mots du jour de la s\u00e9rie de Michel Serres. <\/span><\/p>\n<p><span style=\"color: #777777; font-family: Arial;\">R\u00e9cemment, lors d&rsquo;une rencontre au restaurant avec R\u00e9my, ce dernier m&rsquo;avait rapport\u00e9 qu&rsquo;en l&rsquo;absence de nouveau mot du jour, il avait eu le souhait de relire les mots du jour consacr\u00e9s \u00e0 Michel Serres et dont j&rsquo;avais fait une s\u00e9rie. <\/span><\/p>\n<p><span style=\"color: #777777; font-family: Arial;\">Et il m&rsquo;a r\u00e9v\u00e9l\u00e9 son d\u00e9sappointement de ne pas trouver le lien ad hoc sur la page des s\u00e9ries. Ceci ne peut pas se faire automatiquement mais demande du travail. Mais voil\u00e0 qui est fait, vous la trouverez d\u00e9sormais sur la page s\u00e9rie. Et aussi en suivant <span style=\"color: #0000ff;\"><a style=\"color: #0000ff;\" href=\"https:\/\/lemotdujour.fr\/?page_id=7839\">&lt;ce lien&gt;<\/a><\/span><br \/>\n<\/span><\/p>\n<p><a href=\"https:\/\/lemotdujour.fr\/?page_id=7839\"><img loading=\"lazy\" decoding=\"async\" class=\"alignnone size-full wp-image-7933\" src=\"https:\/\/lemotdujour.fr\/wp-content\/uploads\/2020\/01\/012320_2334_LundiXXdcem1.jpg\" alt=\"\" width=\"797\" height=\"399\" srcset=\"https:\/\/lemotdujour.fr\/wp-content\/uploads\/2020\/01\/012320_2334_LundiXXdcem1.jpg 797w, https:\/\/lemotdujour.fr\/wp-content\/uploads\/2020\/01\/012320_2334_LundiXXdcem1-300x150.jpg 300w, https:\/\/lemotdujour.fr\/wp-content\/uploads\/2020\/01\/012320_2334_LundiXXdcem1-768x384.jpg 768w\" sizes=\"auto, (max-width: 797px) 100vw, 797px\" \/><\/a><\/p>\n<p><span style=\"color: maroon; font-family: Arial;\">&lt;Mot du jour sans num\u00e9ro&gt;<\/span><\/p>\n","protected":false},"excerpt":{"rendered":"<p>\u00abPause\u00bb Mot du jour en hibernation Comme annonc\u00e9 vendredi, le mot du jour est en cong\u00e9. Il est possible que le prochain mot du jour soit publi\u00e9 le 27 janvier 2020. Mais entretemps j&rsquo;ai retravaill\u00e9 un certain nombre de mots<\/p>\n","protected":false},"author":1,"featured_media":0,"comment_status":"closed","ping_status":"closed","sticky":false,"template":"","format":"standard","meta":{"footnotes":""},"categories":[1],"tags":[96],"class_list":["post-7811","post","type-post","status-publish","format-standard","hentry","category-motdujour","tag-pause"],"_links":{"self":[{"href":"https:\/\/lemotdujour.fr\/index.php?rest_route=\/wp\/v2\/posts\/7811","targetHints":{"allow":["GET"]}}],"collection":[{"href":"https:\/\/lemotdujour.fr\/index.php?rest_route=\/wp\/v2\/posts"}],"about":[{"href":"https:\/\/lemotdujour.fr\/index.php?rest_route=\/wp\/v2\/types\/post"}],"author":[{"embeddable":true,"href":"https:\/\/lemotdujour.fr\/index.php?rest_route=\/wp\/v2\/users\/1"}],"replies":[{"embeddable":true,"href":"https:\/\/lemotdujour.fr\/index.php?rest_route=%2Fwp%2Fv2%2Fcomments&post=7811"}],"version-history":[{"count":8,"href":"https:\/\/lemotdujour.fr\/index.php?rest_route=\/wp\/v2\/posts\/7811\/revisions"}],"predecessor-version":[{"id":7937,"href":"https:\/\/lemotdujour.fr\/index.php?rest_route=\/wp\/v2\/posts\/7811\/revisions\/7937"}],"wp:attachment":[{"href":"https:\/\/lemotdujour.fr\/index.php?rest_route=%2Fwp%2Fv2%2Fmedia&parent=7811"}],"wp:term":[{"taxonomy":"category","embeddable":true,"href":"https:\/\/lemotdujour.fr\/index.php?rest_route=%2Fwp%2Fv2%2Fcategories&post=7811"},{"taxonomy":"post_tag","embeddable":true,"href":"https:\/\/lemotdujour.fr\/index.php?rest_route=%2Fwp%2Fv2%2Ftags&post=7811"}],"curies":[{"name":"wp","href":"https:\/\/api.w.org\/{rel}","templated":true}]}}