{"id":7797,"date":"2019-12-27T05:24:57","date_gmt":"2019-12-27T04:24:57","guid":{"rendered":"http:\/\/lemotdujour.fr\/?p=7797"},"modified":"2019-12-27T10:09:00","modified_gmt":"2019-12-27T09:09:00","slug":"vendredi-27-decembre-2019","status":"publish","type":"post","link":"https:\/\/lemotdujour.fr\/?p=7797","title":{"rendered":"Vendredi 27 d\u00e9cembre 2019"},"content":{"rendered":"<div class=\"mdjTexte\">\u00abLe monde n&rsquo;a plus besoin de battants, de gens qui r\u00e9ussissent, il a besoin de r\u00eaveurs, de personnes capables de reconstruire et de prendre soin\u2026 et surtout, surtout, on a tous besoin aujourd&rsquo;hui, plus que jamais, de gens heureux.\u00bb<\/div>\n<div class=\"mdjAuteur\">Pedro Correa<\/div>\n<p><span style=\"color: #777777; font-family: Arial;\">Le mot du jour a coutume de se mettre en pause \u00e0 la fin de l&rsquo;ann\u00e9e. On parle de la tr\u00eave des confiseurs.<br \/>\n<\/span><\/p>\n<p><span style=\"color: #777777; font-family: Arial;\">L&rsquo;ann\u00e9e derni\u00e8re j&rsquo;ai commenc\u00e9 \u00ab une tradition \u00bb d&rsquo;une pause d&rsquo;un mois. Plus qu&rsquo;une tr\u00eave de confiseurs, il s&rsquo;agit plut\u00f4t d&rsquo;une hibernation.<br \/>\n<\/span><\/p>\n<p><span style=\"color: #777777; font-family: Arial;\">Le mot du jour va donc se mettre en cong\u00e9 et reviendra, lundi 27 janvier 2020, jour anniversaire de la naissance de Wolfgang Amadeus Mozart n\u00e9 le 27 janvier 1756<br \/>\n<\/span><\/p>\n<p><span style=\"color: #777777; font-family: Arial;\">Et, c&rsquo;est une histoire belge que je voudrais partager pour ce dernier mot du jour de l&rsquo;ann\u00e9e.<br \/>\n<\/span><\/p>\n<p><span style=\"color: #777777; font-family: Arial;\">Pedro Correa est un artiste photographe professionnel. Mais ses \u00e9tudes l&rsquo;avaient conduit d&rsquo;abord \u00e0 un dipl\u00f4me d&rsquo;ing\u00e9nieur civil qu&rsquo;il avait d\u00e9croch\u00e9 dans l&rsquo;\u00e9cole d&rsquo;ing\u00e9nieur de l&rsquo;UCL, c&rsquo;est-\u00e0-dire \u00ab<span style=\"color: #0000ff;\">\u00a0<a style=\"color: #0000ff;\" href=\"https:\/\/www.cathobel.be\/2019\/12\/18\/un-surprenant-discours\/\">l&rsquo;Universit\u00e9 Catholique de Louvain<\/a>.<\/span>\u00a0\u00bb<br \/>\n<\/span><\/p>\n<p><span style=\"color: #777777; font-family: Arial;\">Il explique son parcours <a href=\"https:\/\/1819.brussels\/blog\/pedro-correa-le-parcours-de-lingenieur-cadre-devenu-artiste-independant\"><span style=\"color: #0000ff;\">&lt;sur ce site bruxellois&gt;<\/span><\/a><br \/>\n<\/span><\/p>\n<p><span style=\"color: #777777; font-family: Arial;\">Et son universit\u00e9 d&rsquo;origine a eu l&rsquo;id\u00e9e de l&rsquo;inviter \u00e0 faire un discours \u00e0 la c\u00e9r\u00e9monie de remise de dipl\u00f4mes d&rsquo;ing\u00e9nieur de cette ann\u00e9e, c&rsquo;est-\u00e0-dire devant celles et ceux qui ont suivi les m\u00eames \u00e9tudes que lui, quelques ann\u00e9es apr\u00e8s lui.<br \/>\n<\/span><\/p>\n<p><span style=\"color: #777777; font-family: Arial;\">Et il a tenu un discours que ce &lt;<a href=\"https:\/\/www.cathobel.be\/2019\/12\/18\/un-surprenant-discours\/\"><span style=\"color: #0000ff;\">site catholique belge<\/span><\/a>&gt; appelle \u00ab<strong>Un surprenant discours\u00a0<\/strong>\u00bb. Ce discours il l&rsquo;a tenu devant les nouveaux ing\u00e9nieurs, leurs parents, leurs professeurs et d&rsquo;autres anciens \u00e9l\u00e8ves<br \/>\n<\/span><\/p>\n<p><span style=\"color: #777777; font-family: Arial;\">L&rsquo;universit\u00e9 lui avait donn\u00e9 carte blanche et il avait donc toute libert\u00e9 d&rsquo;aborder tous les sujets qu&rsquo;il souhaitait.<br \/>\n<\/span><\/p>\n<p><span style=\"color: #777777; font-family: Arial;\">C&rsquo;est pourquoi il a commenc\u00e9 \u00e0 remercier pour cette initiative\u00a0:<br \/>\n<\/span><\/p>\n<p style=\"margin-left: 28pt;\"><span style=\"color: #c00000; font-family: Arial;\">\u00a0\u00ab Je voulais aussi f\u00e9liciter l&rsquo;AILouvain, (<em> Association des dipl\u00f4m\u00e9s de l&rsquo;Ecole Polytechnique de Louvain<\/em>) d&rsquo;avoir fait preuve de courage, non seulement en m&rsquo;invitant dans ce panel (ce qui est d\u00e9j\u00e0 assez courageux) mais surtout en mettant au centre de ses interventions et de leur programme de conf\u00e9rences des termes comme \u00ab le sens \u00bb, \u00ab le bonheur \u00bb \u00ab et la joie au travail \u00bb, au-del\u00e0 de ceux sur lesquels on insistait uniquement lors des discours que j&rsquo;avais \u00e0 votre \u00e2ge en ing\u00e9nieur, et qui \u00e9taient plut\u00f4t \u00e0 l&rsquo;\u00e9poque \u00ab le sacrifice \u00bb, \u00ab le s\u00e9rieux \u00bb, \u00ab la comp\u00e9titivit\u00e9 \u00bb ou \u00ab l&rsquo;excellence \u00bb. Merci donc vraiment \u00e0 l&rsquo;UCL pour cet \u00e9lan de vent frais \u00bb.<br \/>\n<\/span><\/p>\n<p><span style=\"color: #777777; font-family: Arial;\">Avec beaucoup d&rsquo;humour pr\u00e9paratoire \u00e0 ce qui va suivre, il pr\u00e9vient\u00a0:<br \/>\n<\/span><\/p>\n<p style=\"margin-left: 28pt;\"><span style=\"color: #c00000; font-family: Arial;\">\u00ab\u00a0Faire un Doctorat en Sciences Appliqu\u00e9es pour finir artiste photographe, je pense que cela doit figurer dans le top 3 des cauchemars des parents ici pr\u00e9sents\u2026\u00a0\u00bb<br \/>\n<\/span><\/p>\n<p><span style=\"color: #777777; font-family: Arial;\">Puis il \u00e9voque la figure qu&rsquo;il nomme \u00ab\u00a0son idole\u00a0\u00bb, <span style=\"color: #0000ff;\"><a style=\"color: #0000ff;\" href=\"https:\/\/www.youtube.com\/watch?v=Bx9S8gvNKkA\"><strong>Philippe Bihouix<\/strong><\/a>.<\/span><br \/>\n<\/span><\/p>\n<p><img decoding=\"async\" class=\"alignleft\" src=\"https:\/\/lemotdujour.fr\/wp-content\/uploads\/2019\/12\/122519_2324_Vendredi27d1.jpg\" alt=\"\" align=\"left\" \/><span style=\"color: #777777; font-family: Arial;\">Philippe Bihouix est un ing\u00e9nieur fran\u00e7ais qui \u00e9crit des livres qui vantent les \u00ab\u00a0<strong>Low-Tech<\/strong>\u00a0\u00bb par opposition au \u00ab\u00a0High Tech\u00a0\u00bb.<br \/>\n<\/span><\/p>\n<p><span style=\"color: #777777; font-family: Arial;\">Bien s\u00fbr, comme toute personne raisonnable il est pr\u00e9occup\u00e9 par le d\u00e9fi climatique et \u00e9cologique qui se dresse devant nous. Il a la conviction que les hautes technologies, comme le num\u00e9rique ou la robotique, ne peuvent \u00eatre la solution magique pour lutter contre la crise climatique en raison de leur impact sur notre environnement et nos ressources.<br \/>\n<\/span><\/p>\n<p><span style=\"color: #777777; font-family: Arial;\">Il ne croit pas \u00e0 la croissance verte et \u00e0 la civilisation des \u00e9nergies renouvelables, des r\u00e9seaux intelligents, de l&rsquo;\u00e9conomie circulaire, des nano-bio-technologies et des imprimantes 3D<br \/>\n<\/span><\/p>\n<p><span style=\"color: #777777; font-family: Arial;\">Il a ainsi \u00e9crit un livre que cite Pedro Correa\u00a0: \u00ab\u00a0<a href=\"http:\/\/www.seuil.com\/ouvrage\/l-age-des-low-tech-philippe-bihouix\/9782021160727\"><span style=\"color: #0000ff;\">L&rsquo;\u00e2ge des Low Tech<\/span>\u00a0<\/a>\u00bb<br \/>\n<\/span><\/p>\n<p><span style=\"color: #777777; font-family: Arial;\">Il d\u00e9crit la civilisation du high tech comme plus consommatrice de ressources rares, plus difficiles \u00e0 recycler, trop complexe et menant \u00e0 une impasse. C&rsquo;est pourquoi il propose de prendre le contre-pied de la course en avant technologique en se tournant vers les low tech, les \u00ab basses technologies \u00bb. Il ne s&rsquo;agit pas de revenir \u00e0 la bougie, mais de conserver un niveau de confort et de civilisation agr\u00e9ables tout en \u00e9vitant les chocs des p\u00e9nuries \u00e0 venir.<br \/>\n<\/span><\/p>\n<p><span style=\"color: #777777; font-family: Arial;\">Mais revenons au discours de Pedro Correa devant les jeunes ing\u00e9nieurs.<br \/>\n<\/span><\/p>\n<p><span style=\"color: #777777; font-family: Arial;\">Vous trouverez une grande partie de ce discours sur le site du <a href=\"https:\/\/www.lalibre.be\/debats\/opinions\/discours-aux-jeunes-generations-5df39e70d8ad58130dd5ab45\"><span style=\"color: #0000ff;\">journal la Libre Belgique<\/span><\/a><span style=\"color: #0000ff;\">.<\/span><\/span><span style=\"color: #777777; font-family: Arial;\"><br \/>\n<\/span><\/p>\n<p><span style=\"color: #777777; font-family: Arial;\">J&rsquo;ai choisi comme exergue la derni\u00e8re phrase, mais je souligne dans le texte les autres phrases avec lesquelles j&rsquo;ai h\u00e9sit\u00e9.<br \/>\n<\/span><\/p>\n<p><span style=\"color: #777777; font-family: Arial;\">Il ne faut pas recevoir tout ce discours comme parole d&rsquo;\u00e9vangile, mais le prendre comme un regard d\u00e9cal\u00e9 qui pose des questions fondamentales et appelle \u00e0 s&rsquo;interroger sur le sens, l&rsquo;essentiel et le chemin\u00a0:<br \/>\n<\/span><\/p>\n<p style=\"margin-left: 28pt;\"><span style=\"color: #c00000; font-family: Arial;\">\u00ab\u00a0Mais si je ne vais pas vous donner de conseils, c&rsquo;est surtout parce que je me rends compte que nous, les plus vieux, n&rsquo;avons rien \u00e0 vous apprendre, et que bien au contraire, nous ferions mieux de plus vous \u00e9couter. Quand je vois les valeurs de consommation, d&rsquo;accumulation, d&rsquo;\u00e9gocentrisme, de comp\u00e9tition et de croissance continue, sur lesquelles les deux g\u00e9n\u00e9rations pr\u00e9c\u00e9dentes ont b\u00e2ti le syst\u00e8me dans lequel on surnage pour l&rsquo;instant, et quand je vois les \u00e9lans de solidarit\u00e9, d&#8217;empathie, de collaboration, et de qu\u00eate de sens qui brillent au fond des yeux des jeunes aujourd&rsquo;hui\u2026 je me dis que vous \u00eates celles et ceux qui peuvent inverser la tendance vers une soci\u00e9t\u00e9 plus heureuse et plus juste\u2026 et que vous avez d\u00e9j\u00e0 tout en vous.<br \/>\n<\/span><\/p>\n<p style=\"margin-left: 28pt;\"><span style=\"color: #c00000; font-family: Arial;\">Je vais par contre commencer par une statistique que je vais poser l\u00e0, expr\u00e8s pour vous faire un peu peur. C&rsquo;est une donn\u00e9e que l&rsquo;on entend tr\u00e8s rarement, et qui repr\u00e9sente \u00e0 mes yeux le canari dans la mine qui devrait nous alerter que quelque chose va mal\u200a: depuis 5 ans, la Belgique d\u00e9pense plus de budget national en malades de longue dur\u00e9e (essentiellement des d\u00e9pressions et des burn-out), qu&rsquo;en charges li\u00e9es au ch\u00f4mage. Cela veut donc dire que contrairement \u00e0 ce que l&rsquo;on nous mart\u00e8le chaque jour \u00e0 propos du ch\u00f4mage, en sortant d&rsquo;ici, <span style=\"text-decoration: underline;\"><strong>vous avez plus de risques de tomber malade ou de devenir d\u00e9pressifs \u00e0 cause de votre emploi, que de ne pas en trouver<\/strong><\/span>.\u00a0\u00bb<br \/>\n<\/span><\/p>\n<p><span style=\"color: #777777; font-family: Arial;\">Ce constat assez d\u00e9routant et d\u00e9rangeant est aussi d\u00e9velopp\u00e9 sur le &lt;<a href=\"https:\/\/www.rtbf.be\/info\/belgique\/detail_explosion-du-burn-out-des-travailleurs-qui-se-sentent-traites-comme-des-pions?id=10390677&amp;fbclid=IwAR01509Ul82wALqqcaWpFOZb04peGK3JQKQmJ3xzrws7jAia-X5_kWHYaXQ\"><span style=\"color: #0000ff;\">site de la RTBF<\/span><\/a>&gt;. Il s&rsquo;agit de la Belgique, le taux de ch\u00f4mage y \u00e9tait en juin 2019 de 5,7%, en France nous sommes juste en dessous de 9%. Je pense cependant que si le co\u00fbt du ch\u00f4mage en France est nettement plus \u00e9lev\u00e9, le constat par rapport \u00e0 la sant\u00e9 psychologique au travail est probablement tr\u00e8s proche de la Belgique.<br \/>\n<\/span><\/p>\n<p><span style=\"color: #777777; font-family: Arial;\">Il ajoute\u00a0:<br \/>\n<\/span><\/p>\n<p style=\"margin-left: 28pt;\"><span style=\"color: #c00000; font-family: Arial;\">\u00ab\u00a0Passionn\u00e9 de d\u00e9veloppement personnel, je me suis pench\u00e9 sur les causes de cette donn\u00e9e, et ce r\u00e9sultat n&rsquo;est finalement pas si \u00e9tonnant. Toutes les \u00e9tudes scientifiques en neurosciences et en psychologie du bonheur sont unanimes\u200a: placer des termes anxiog\u00e8nes comme le \u00ab\u00a0s\u00e9rieux\u00a0\u00bb, l'\u00a0\u00bbexcellence\u00a0\u00bb, la \u00ab\u00a0comp\u00e9titivit\u00e9\u00a0\u00bb ou le \u00ab\u00a0sacrifice\u00a0\u00bb au centre de notre vie, sans en placer d&rsquo;autres, essentiels, comme \u00ab\u00a0la joie\u00a0\u00bb, \u00ab\u00a0le sens\u00a0\u00bb ou \u00ab\u00a0la collaboration\u00a0\u00bb, c&rsquo;est prouv\u00e9, cela ne peut que mener \u00e0 la tristesse, \u00e0 la fatigue, et au final, \u00e0 la maladie\u2026 au burn-out.[\u2026]<br \/>\n<\/span><\/p>\n<p style=\"margin-left: 28pt;\"><span style=\"color: #c00000; font-family: Arial;\">Certains vous feront miroiter des contrats avec d&rsquo;\u00e9normes voitures \u00e0 la cl\u00e9, et ils vous assureront que c&rsquo;est la preuve ultime de la r\u00e9ussite. De mon c\u00f4t\u00e9, je ne peux que vous parler avec le gage de mon propre bonheur lorsque je me l\u00e8ve chaque matin pour faire mon travail, que <span style=\"text-decoration: underline;\"><strong>je reste absorb\u00e9 pendant des heures sans voir le temps passer \u00e0 capturer des instants de beaut\u00e9 \u00e9ph\u00e9m\u00e8re<\/strong><\/span>, et le bonheur de mes enfants avec qui je passe de longues apr\u00e8s-midi.<br \/>\n<\/span><\/p>\n<p style=\"margin-left: 28pt;\"><span style=\"color: #c00000; font-family: Arial;\">Je ne peux donc que vous partager mon exp\u00e9rience, qui a tout d&rsquo;abord \u00e9t\u00e9 de me rendre compte que <span style=\"text-decoration: underline;\"><strong>le bonheur, \u00e7a se travaille<\/strong><\/span>. Le bonheur ne nous tombe pas du ciel en regardant notre vie s&rsquo;\u00e9couler sur des rails construits par d&rsquo;autres, des rails qui vont on-ne-sait-o\u00f9, plut\u00f4t que de mettre en pratique nos propres envies.[\u2026]<br \/>\n<\/span><\/p>\n<p style=\"margin-left: 28pt;\"><span style=\"color: #c00000; font-family: Arial;\"><span style=\"text-decoration: underline;\"><strong>Mon chemin a commenc\u00e9 par cette condition, indispensable je pense, d&rsquo;\u00e9couter mes propres envies, d&rsquo;\u00e9couter ma voix int\u00e9rieure<\/strong><\/span>. Cette voix int\u00e9rieure n&rsquo;a rien de mystique, c&rsquo;est juste la propre voix de chacun, cette voix authentique qui n&rsquo;a de compte \u00e0 rendre \u00e0 personne, c&rsquo;est une voix du c\u0153ur, celle qui vous prend aux tripes. Elle est tr\u00e8s difficile \u00e0 entendre parce que depuis tout jeune, nous avons entass\u00e9 d&rsquo;autres voix par-dessus\u200a: la voix des parents, des professeurs, des pubs. [\u2026]<br \/>\n<\/span><\/p>\n<p style=\"margin-left: 28pt;\"><span style=\"color: #c00000; font-family: Arial;\">Nous avons tous en nous la voix qui sait ce qui est mieux pour nous. Il faut juste du travail sur soi pour l&rsquo;entendre et la reconna\u00eetre.\u00a0\u00bb<br \/>\n<\/span><\/p>\n<p><span style=\"color: #777777; font-family: Arial;\">Et il dit combien notre conditionnement peut nous emp\u00eacher d&rsquo;\u00e9couter et d&rsquo;entendre cette voix int\u00e9rieure. Et pour donner un exemple, ll d\u00e9crit le malaise d&rsquo;un salari\u00e9 dans le contexte suivant\u00a0:<br \/>\n<\/span><\/p>\n<p style=\"margin-left: 28pt;\"><span style=\"color: #c00000; font-family: Arial;\">\u00ab C&rsquo;est super dur d&rsquo;\u00e9couter cette voix sans se dire que c&rsquo;est du n&rsquo;importe quoi, sans se dire oh l\u00e0 l\u00e0 mais qu&rsquo;est ce qui me prend, j&rsquo;invente des trucs. Mais il est tr\u00e8s bien r\u00e9mun\u00e9r\u00e9 ce super job qui optimise ce software d&rsquo;\u00e9vasion fiscale pour une multinationale qui empoisonne l&rsquo;eau potable de milliers de personnes \u00e0 l&rsquo;autre bout du monde. Je ne comprends vraiment pas pourquoi mon estomac se noue et que j&rsquo;ai des sueurs froides \u00e0 chaque fois que j&rsquo;arrive au bureau, c&rsquo;est absurde. Et puis si on ne fait rien, l&rsquo;estomac reste nou\u00e9 comme \u00e7a, jour apr\u00e8s jour pendant des mois. Et puis, bizarrement on tombe malade. \u00bb<br \/>\n<\/span><\/p>\n<p><span style=\"color: #777777; font-family: Arial;\">Il donne ensuite une cl\u00e9 de son parcours personnel qui passe par le d\u00e9c\u00e8s brutal de son p\u00e8re \u00e0 un \u00e2ge auquel on s&rsquo;attend d\u00e9sormais \u00e0 vivre encore de longues ann\u00e9es.<br \/>\n<\/span><\/p>\n<p style=\"margin-left: 28pt;\"><span style=\"color: #c00000; font-family: Arial;\">\u00ab\u00a0Pour moi, cela a \u00e9t\u00e9 plus rapide\u200a: j&rsquo;ai pris un raccourci et j&rsquo;ai pu \u00e9viter des ann\u00e9es d&rsquo;\u00e9coute attentive pour arriver \u00e0 l&rsquo;entendre. C&rsquo;est un raccourci, certes, mais que je ne souhaite \u00e0 personne\u200a: c&rsquo;\u00e9tait de voir mourir mon p\u00e8re, soudainement. Il avait 56 ans, j&rsquo;en avais 29. Il \u00e9tait fort comme un roc un jour, et parti le lendemain. Nous savons tous que nous sommes mortels, mais la nuance est \u00e9norme entre savoir que nous sommes mortels et savoir que nous allons mourir, et que \u00e7a peut arriver du jour au lendemain.<br \/>\n<\/span><\/p>\n<p style=\"margin-left: 28pt;\"><span style=\"color: #c00000; font-family: Arial;\">\u00c0 ce moment-l\u00e0, ma voix int\u00e9rieure a pris un m\u00e9gaphone et a perc\u00e9 toutes les autres voix, pour me demander chaque jour tr\u00e8s clairement\u200a: \u00ab<span style=\"text-decoration: underline;\"><strong>maintenant que tu sais que tu pourrais mourir demain, aurais-tu chang\u00e9 quelque chose \u00e0 cette derni\u00e8re journ\u00e9e que tu viens de passer\u200a? \u00bb<br \/>\n<\/strong><\/span><\/span><\/p>\n<p style=\"margin-left: 28pt;\"><span style=\"color: #c00000; font-family: Arial;\">Et c&rsquo;est impossible de vivre comme avant lorsque l&rsquo;on se pose cette question \u00e0 la fin de chaque journ\u00e9e. Cette prise de conscience a \u00e9t\u00e9 douloureuse au d\u00e9but. De l\u00e0 sont n\u00e9s d&rsquo;abord de petits changements, des compromis, puis des plus grands, et puis petit \u00e0 petit, cette voix est devenue un guide sur le chemin vers le bonheur.<br \/>\n<\/span><\/p>\n<p style=\"margin-left: 28pt;\"><span style=\"color: #c00000; font-family: Arial;\">Pour \u00eatre heureux, il m&rsquo;a fallu aussi trouver du sens. Je pense qu&rsquo;il faut que notre vie \u00e0 tous (et donc notre m\u00e9tier, o\u00f9 nous passons 8h par jour) ait du sens \u00e0 nos yeux. <span style=\"text-decoration: underline;\"><strong>Car notre voix int\u00e9rieure sait que nous sommes tous sur le m\u00eame bateau, et le bonheur ne pourra donc \u00eatre atteint que si nos actions ont un impact r\u00e9el sur ce bateau.<br \/>\n<\/strong><\/span><\/span><\/p>\n<p style=\"margin-left: 28pt;\"><span style=\"color: #c00000; font-family: Arial;\">Et pour finir, il nous faut aussi du courage, parce qu&rsquo;en plus d&rsquo;entendre et de reconna\u00eetre votre voix, il faudra aussi avoir le courage de l&rsquo;\u00e9couter, car elle ne va pas toujours dire des choses \u00e9videntes \u00e0 mettre en place, ni des choses qui vont plaire \u00e0 votre entourage.<br \/>\n<\/span><\/p>\n<p style=\"margin-left: 28pt;\"><span style=\"color: #c00000; font-family: Arial;\">On m&rsquo;a souvent dit\u200a: \u00ab\u00a0Mais quel courage\u200a! \u00c7a ne doit pas \u00eatre facile de vivre en tant qu&rsquo;artiste\u200a!\u00a0\u00bb. Ce \u00e0 quoi je r\u00e9pondais\u200a: \u00ab <span style=\"text-decoration: underline;\"><strong>Parce que vous croyez que c&rsquo;est facile, pour un artiste, de vivre en tant que banquier\u200a ? <\/strong><\/span>\u00bb.<br \/>\n<\/span><\/p>\n<p style=\"margin-left: 28pt;\"><span style=\"color: #c00000; font-family: Arial;\">Je vais terminer. Et vous l&rsquo;avez compris, j&rsquo;ai menti, je vous ai quand m\u00eame donn\u00e9 un conseil tout au long de ce discours\u200a: celui de ne pas m&rsquo;\u00e9couter. Vous \u00eates des adultes, vous avez votre dipl\u00f4me, la vie est \u00e0 vous. Alors n&rsquo;\u00e9coutez plus ceux issus de ce monde p\u00e9rim\u00e9, de ce constat d&rsquo;\u00e9chec que nous vivons. Ne m&rsquo;\u00e9coutez plus moi, n&rsquo;\u00e9coutez plus les parents, n&rsquo;\u00e9coutez plus les professeurs, n&rsquo;\u00e9coutez plus les pubs ni les m\u00e9dias, et \u00e9coutez-vous, \u00e9coutez-vous en tout premier.<br \/>\n<\/span><\/p>\n<p style=\"margin-left: 28pt;\"><span style=\"color: #c00000; font-family: Arial;\">Le monde n&rsquo;a plus besoin de battants, de gens qui r\u00e9ussissent, il a besoin de r\u00eaveurs, de personnes capables de reconstruire et de prendre soin\u2026 et surtout, surtout, on a tous besoin aujourd&rsquo;hui, plus que jamais, de gens heureux.\u00a0\u00bb<br \/>\n<\/span><\/p>\n<p><span style=\"color: #777777; font-family: Arial;\">Paul Eluard \u00e9crivait d\u00e9j\u00e0 :\u00a0\u00ab\u00a0<strong>Il ne faut pas de tout pour faire un monde. Il faut du bonheur et rien d&rsquo;autre<\/strong>\u00a0\u00bb<br \/>\n<\/span><\/p>\n<p><span style=\"color: #777777; font-family: Arial;\">Il existe des vid\u00e9os de ce discours. Il faut l&rsquo;\u00e9couter parce qu&rsquo;il est dr\u00f4le aussi et que cela fait passer le message autrement\u00a0: &lt;<span style=\"color: #0000ff;\"><a style=\"color: #0000ff;\" href=\"https:\/\/www.youtube.com\/watch?v=uAE22c19EjU\">ICI<\/a><\/span>&gt;<br \/>\n<\/span><\/p>\n<p><span style=\"color: #777777; font-family: Arial;\">C&rsquo;est tr\u00e8s beau, cela donne des d\u00e9sirs d&rsquo;utopie dont nous avons besoin. Ce n&rsquo;est pas un discours programme.<br \/>\n<\/span><\/p>\n<p><span style=\"color: #777777; font-family: Arial;\">Il peut \u00eatre nuanc\u00e9 et critiqu\u00e9 comme par cet autre ing\u00e9nieur\u00a0: <strong>\u00ab\u00a0 <\/strong><a href=\"https:\/\/www.lalibre.be\/debats\/opinions\/discours-aux-jeunes-diplomes-de-l-ucl-pourquoi-je-ne-suis-pas-d-accord-avec-pedro-correa-5dfba820f20d5a0c461b4368\"><span style=\"color: #0000ff;\">pourquoi je ne suis pas d&rsquo;accord avec Pedro Correa<\/span><strong><span style=\"color: #0000ff;\">\u00a0<\/span>\u00bb<br \/>\n<\/strong><\/a><\/span><span style=\"color: #777777; font-family: Arial;\">Mais je pense que sur des questions de sens, d&rsquo;\u00e9thique et de priorit\u00e9 de vie il dit des choses essentielles.<br \/>\n<\/span><\/p>\n<p><a href=\"https:\/\/www.lalibre.be\/debats\/opinions\/discours-aux-jeunes-diplomes-de-l-ucl-pourquoi-je-ne-suis-pas-d-accord-avec-pedro-correa-5dfba820f20d5a0c461b4368\"><span style=\"color: #777777; font-family: Arial;\">Le mot du jour du <\/span><\/a><span style=\"color: #0000ff;\"><a style=\"color: #0000ff;\" href=\"https:\/\/lemotdujour.fr\/?p=556\">7 janvier 2014 <\/a><\/span> citait John Lennon\u00a0:<\/p>\n<p style=\"margin-left: 28pt;\"><span style=\"color: #c00000; font-family: Arial;\">\u00ab\u00a0Quand je suis all\u00e9 \u00e0 l&rsquo;\u00e9cole, ils m&rsquo;ont demand\u00e9 ce que je voulais \u00eatre quand je serais grand.<br \/>\nJ&rsquo;ai r\u00e9pondu \u00ab\u00a0heureux\u00a0\u00bb.<br \/>\nIls m&rsquo;ont dit que je n&rsquo;avais pas compris la question,<br \/>\nj&rsquo;ai r\u00e9pondu qu&rsquo;ils n&rsquo;avaient pas compris la vie.\u00a0\u00bb<br \/>\n<\/span><\/p>\n<p><span style=\"color: maroon; font-family: Arial;\">&lt;1335&gt;<\/span><\/p>\n","protected":false},"excerpt":{"rendered":"<p>\u00abLe monde n&rsquo;a plus besoin de battants, de gens qui r\u00e9ussissent, il a besoin de r\u00eaveurs, de personnes capables de reconstruire et de prendre soin\u2026 et surtout, surtout, on a tous besoin aujourd&rsquo;hui, plus que jamais, de gens heureux.\u00bb Pedro<\/p>\n","protected":false},"author":1,"featured_media":0,"comment_status":"open","ping_status":"closed","sticky":false,"template":"","format":"standard","meta":{"footnotes":""},"categories":[1],"tags":[54,6],"class_list":["post-7797","post","type-post","status-publish","format-standard","hentry","category-motdujour","tag-humanisme","tag-philosophie"],"_links":{"self":[{"href":"https:\/\/lemotdujour.fr\/index.php?rest_route=\/wp\/v2\/posts\/7797","targetHints":{"allow":["GET"]}}],"collection":[{"href":"https:\/\/lemotdujour.fr\/index.php?rest_route=\/wp\/v2\/posts"}],"about":[{"href":"https:\/\/lemotdujour.fr\/index.php?rest_route=\/wp\/v2\/types\/post"}],"author":[{"embeddable":true,"href":"https:\/\/lemotdujour.fr\/index.php?rest_route=\/wp\/v2\/users\/1"}],"replies":[{"embeddable":true,"href":"https:\/\/lemotdujour.fr\/index.php?rest_route=%2Fwp%2Fv2%2Fcomments&post=7797"}],"version-history":[{"count":7,"href":"https:\/\/lemotdujour.fr\/index.php?rest_route=\/wp\/v2\/posts\/7797\/revisions"}],"predecessor-version":[{"id":7819,"href":"https:\/\/lemotdujour.fr\/index.php?rest_route=\/wp\/v2\/posts\/7797\/revisions\/7819"}],"wp:attachment":[{"href":"https:\/\/lemotdujour.fr\/index.php?rest_route=%2Fwp%2Fv2%2Fmedia&parent=7797"}],"wp:term":[{"taxonomy":"category","embeddable":true,"href":"https:\/\/lemotdujour.fr\/index.php?rest_route=%2Fwp%2Fv2%2Fcategories&post=7797"},{"taxonomy":"post_tag","embeddable":true,"href":"https:\/\/lemotdujour.fr\/index.php?rest_route=%2Fwp%2Fv2%2Ftags&post=7797"}],"curies":[{"name":"wp","href":"https:\/\/api.w.org\/{rel}","templated":true}]}}