{"id":778,"date":"2014-07-16T02:00:00","date_gmt":"2014-07-15T22:00:00","guid":{"rendered":"http:\/\/lemotdujour.fr\/?p=778"},"modified":"2017-05-08T13:22:42","modified_gmt":"2017-05-08T11:22:42","slug":"mercredi-16072014","status":"publish","type":"post","link":"https:\/\/lemotdujour.fr\/?p=778","title":{"rendered":"Mercredi 16\/07\/2014"},"content":{"rendered":"<div class=\"mdjDate\">Mercredi 16\/07\/2014<\/div>\n<div class=\"mdjTexte\">\u00abTout ce qui est techniquement possible<br \/>n&rsquo;est pas humainement souhaitable\u00bb<\/div>\n<div class=\"mdjAuteur\">Jean Leonetti \u00a0d\u00e9put\u00e9 des Alpes-Maritimes \u00e0 l&rsquo;origine de la loi de 2005 relatives aux droits des malades et \u00e0 la fin de vie.<\/div>\n<div class=\"mdjComplements\">Eric Kariger, m\u00e9decin en charge de Vincent Lambert au CHU de Reims, avait \u00e9t\u00e9 invit\u00e9 de France Info au lendemain de la d\u00e9cision de la Cour europ\u00e9enne des droits de l&rsquo;Homme de le maintenir en vie, malgr\u00e9 l&rsquo;avis du Conseil d&rsquo;Etat.<\/div>\n<div class=\"mdjComplements\">Depuis il a d\u00e9missionn\u00e9 de son poste, <a href=\"http:\/\/www.lunion.presse.fr\/accueil\/vincent-lambert-le-dr-kariger-decide-de-partir-ia0b0n372985\"> il \u00e9tait l&rsquo;objet de menace de mort.<\/a><\/div>\n<div class=\"mdjComplements\">Lors de cette \u00e9mission il avait exprim\u00e9 son souhait que les choses juridiques aillent vite.<\/div>\n<div class=\"mdjComplements\">Le m\u00e9decin souhaitait \u00e9galement revenir sur la d\u00e9cision du Conseil d&rsquo;Etat, la plus haute juridiction administrative fran\u00e7aise, qui elle a reconnu \u00ab\u00a0la totale l\u00e9galit\u00e9 de la proc\u00e9dure que nous avons men\u00e9, qui vient confirmer aussi douloureusement que cela puisse \u00eatre que la situation de notre patient est bien qualifi\u00e9e d&rsquo;obstination d\u00e9raisonnable\u00a0\u00bb. \u00ab\u00a0Cet avis fait aussi avancer les choses\u00a0\u00bb, explique-t-il. Cette affaire \u00ab\u00a0nous rappelle que la loi Leonetti est une loi probablement la plus \u00e9quilibr\u00e9e des pays europ\u00e9ens, et suffisante\u00a0\u00bb.<\/div>\n<div class=\"mdjComplements\">Concernant le recours devant la Cour europ\u00e9enne, il s&rsquo;interroge : c&rsquo;est \u00ab\u00a0peut-\u00eatre le recours de trop, dans une soci\u00e9t\u00e9 qui a oubli\u00e9 que la mort n&rsquo;est pas un drame, qu&rsquo;elle fait partie de la vie, que nous y passerons tous, que respecter la mort c&rsquo;est respecter la vie\u00a0\u00bb.<\/div>\n<div class=\"mdjComplements\">Et il a cit\u00e9 cette parole de sagesse de Jean Leonetti : \u00ab\u00a0Tout ce qui est techniquement possible n&rsquo;est pas humainement souhaitable\u00a0\u00bb<\/div>\n<div class=\"mdjComplements\"><a href=\"http:\/\/www.franceinfo.fr\/emission\/le-grand-temoin\/2013-2014\/medecin-de-vincent-lambert-un-temps-supplementaire-insoutenable-06-25-2014-09-48\">&lt;Le grand t\u00e9moin du 25 Juin : le m\u00e9decin de Vincent Lambert&gt;<\/a><\/div>\n<div class=\"mdjComplements\">Jean L\u00e9onetti a aussi \u00e9t\u00e9 quelque jour avant<a href=\"http:\/\/www.franceinfo.fr\/emission\/le-grand-temoin\/2013-2014\/le-grand-temoin-du-20-06-2014-06-20-2014-08-50\"> &lt;Le grand t\u00e9moin du 20 06 2014&gt;<\/a><\/div>\n","protected":false},"excerpt":{"rendered":"<p>Mercredi 16\/07\/2014 \u00abTout ce qui est techniquement possiblen&rsquo;est pas humainement souhaitable\u00bb Jean Leonetti \u00a0d\u00e9put\u00e9 des Alpes-Maritimes \u00e0 l&rsquo;origine de la loi de 2005 relatives aux droits des malades et \u00e0 la fin de vie. Eric Kariger, m\u00e9decin en charge de<\/p>\n","protected":false},"author":1,"featured_media":0,"comment_status":"closed","ping_status":"closed","sticky":false,"template":"","format":"standard","meta":{"footnotes":""},"categories":[1],"tags":[],"class_list":["post-778","post","type-post","status-publish","format-standard","hentry","category-motdujour"],"_links":{"self":[{"href":"https:\/\/lemotdujour.fr\/index.php?rest_route=\/wp\/v2\/posts\/778","targetHints":{"allow":["GET"]}}],"collection":[{"href":"https:\/\/lemotdujour.fr\/index.php?rest_route=\/wp\/v2\/posts"}],"about":[{"href":"https:\/\/lemotdujour.fr\/index.php?rest_route=\/wp\/v2\/types\/post"}],"author":[{"embeddable":true,"href":"https:\/\/lemotdujour.fr\/index.php?rest_route=\/wp\/v2\/users\/1"}],"replies":[{"embeddable":true,"href":"https:\/\/lemotdujour.fr\/index.php?rest_route=%2Fwp%2Fv2%2Fcomments&post=778"}],"version-history":[{"count":1,"href":"https:\/\/lemotdujour.fr\/index.php?rest_route=\/wp\/v2\/posts\/778\/revisions"}],"predecessor-version":[{"id":779,"href":"https:\/\/lemotdujour.fr\/index.php?rest_route=\/wp\/v2\/posts\/778\/revisions\/779"}],"wp:attachment":[{"href":"https:\/\/lemotdujour.fr\/index.php?rest_route=%2Fwp%2Fv2%2Fmedia&parent=778"}],"wp:term":[{"taxonomy":"category","embeddable":true,"href":"https:\/\/lemotdujour.fr\/index.php?rest_route=%2Fwp%2Fv2%2Fcategories&post=778"},{"taxonomy":"post_tag","embeddable":true,"href":"https:\/\/lemotdujour.fr\/index.php?rest_route=%2Fwp%2Fv2%2Ftags&post=778"}],"curies":[{"name":"wp","href":"https:\/\/api.w.org\/{rel}","templated":true}]}}