{"id":7762,"date":"2019-12-24T02:59:43","date_gmt":"2019-12-24T01:59:43","guid":{"rendered":"http:\/\/lemotdujour.fr\/?p=7762"},"modified":"2019-12-26T00:39:13","modified_gmt":"2019-12-25T23:39:13","slug":"mardi-24-decembre-2019","status":"publish","type":"post","link":"https:\/\/lemotdujour.fr\/?p=7762","title":{"rendered":"Mardi 24 d\u00e9cembre 2019"},"content":{"rendered":"<div class=\"mdjTexte\">\u00abSpritz\u00bb<\/div>\n<div class=\"mdjAuteur\">G\u00e2teaux de no\u00ebl alsaciens n\u00b06<\/div>\n<p><span style=\"color: #777777; font-family: Arial;\">Cette fois nous sommes sur les fondamentaux, le \u00ab&nbsp;<strong>Spritz<\/strong>&nbsp;\u00bb est le g\u00e2teau de No\u00ebl alsacien par excellence.<br \/>\n<\/span><\/p>\n<p><span style=\"color: #777777; font-family: Arial;\">Dans le livre de Thierry Kapler (page 23) ils appellent cela \u00ab&nbsp;Spr<strong>e<\/strong>tz bredele\u00bb&nbsp;traduit en fran\u00e7ais par \u00ab&nbsp;sabl\u00e9s aux amandes&nbsp;\u00bb.<br \/>\n<\/span><\/p>\n<p><span style=\"color: #777777; font-family: Arial;\">Ce n&rsquo;est pas notre terminologie, nous appelons ces g\u00e2teaux \u00ab&nbsp;<strong>Spritz<\/strong> \u00bb et puis c&rsquo;est tout !<br \/>\n<\/span><\/p>\n<p><span style=\"color: #777777; font-family: Arial;\">Annie les fait selon la recette donn\u00e9e par Fran\u00e7oise et \u00e9crite ci-dessous, cette fois en fran\u00e7ais.<br \/>\n<\/span><\/p>\n<p><img decoding=\"async\" class=\"alignnone\" src=\"https:\/\/lemotdujour.fr\/wp-content\/uploads\/2019\/12\/122319_2032_Mardi24dcem1.jpg\" alt=\"\"><\/p>\n<p><span style=\"color: #777777; font-family: Arial;\">Par rapport \u00e0 ce qui est \u00e9crit ci-dessus, il faut faire des choix.<br \/>\n<\/span><\/p>\n<p><span style=\"color: #777777; font-family: Arial;\">Donc nous prenons les ingr\u00e9dients suivants&nbsp;:<br \/>\n<\/span><\/p>\n<ol>\n<li><span style=\"color: #777777; font-family: Arial;\">250 g beurre<br \/>\n<\/span><\/li>\n<li><span style=\"color: #777777; font-family: Arial;\">250 g sucre semoule<br \/>\n<\/span><\/li>\n<li><span style=\"color: #777777; font-family: Arial;\">2 paquets de sucre vanill\u00e9<br \/>\n<\/span><\/li>\n<li><span style=\"color: #777777; font-family: Arial;\">2 \u0152ufs entiers<br \/>\n<\/span><\/li>\n<li><span style=\"color: #777777; font-family: Arial;\">125 g d&rsquo;amandes moulues<br \/>\n<\/span><\/li>\n<li><span style=\"color: #777777; font-family: Arial;\">500 g farine<br \/>\n<\/span><\/li>\n<\/ol>\n<p><span style=\"color: #777777; font-family: Arial;\">Les \u00ab\u00a0Spritz\u00a0\u00bb ne n\u00e9cessitent pas de peser les \u0153ufs.<\/span><\/p>\n<p><span style=\"color: #777777; font-family: Arial;\">Pour bien faire ces g\u00e2teaux il vaut mieux disposer d&rsquo;une machine \u00e0 hacher la viande de vieille tradition \u00e0 laquelle on doit adapter un embout sp\u00e9cial g\u00e2teau.<br \/>\n<\/span><\/p>\n<p><img loading=\"lazy\" decoding=\"async\" class=\"alignright\" src=\"https:\/\/lemotdujour.fr\/wp-content\/uploads\/2019\/12\/122319_2032_Mardi24dcem2.jpg\" alt=\"\" width=\"371\" height=\"355\" align=\"right\"><span style=\"color: #777777; font-family: Arial;\">Une photo valant mieux qu&rsquo;un long discours, voici cet appareil venu tout droit de la cuisine de nos grand-m\u00e8res. Vous pouvez acheter cet appareil sur ce &lt;<a href=\"https:\/\/bredele.boutique\/69-hachoir-manuel-patisserie.html\"><span style=\"color: #0000ff;\">site<\/span><\/a>&gt; sp\u00e9cialis\u00e9 en bredele.<br \/>\n<\/span><\/p>\n<p><span style=\"color: #777777; font-family: Arial;\">Il faut r\u00e9aliser la p\u00e2te avec le robot m\u00e9nager ou un batteur traditionnel.<br \/>\n<\/span><\/p>\n<p><span style=\"color: #777777; font-family: Arial;\">On tourne d&rsquo;abord en cr\u00e8me le beurre, le sucre et le sucre vanill\u00e9<br \/>\n<\/span><\/p>\n<p><span style=\"color: #777777; font-family: Arial;\">Puis on ajoute les 2 \u0153ufs entiers.<br \/>\n<\/span><\/p>\n<p><span style=\"color: #777777; font-family: Arial;\">Et enfin, peu \u00e0 peu la farine et les amandes moulues.<br \/>\n<\/span><\/p>\n<p><img loading=\"lazy\" decoding=\"async\" class=\"alignleft\" src=\"https:\/\/lemotdujour.fr\/wp-content\/uploads\/2019\/12\/122319_2032_Mardi24dcem3.jpg\" alt=\"\" width=\"334\" height=\"250\" align=\"left\"><span style=\"color: #777777; font-family: Arial;\"><br \/>\n<\/span><\/p>\n<p><span style=\"color: #777777; font-family: Arial;\">Cette p\u00e2te est lisse et molle.<br \/>\n<\/span><\/p>\n<p><span style=\"color: #777777; font-family: Arial;\">Il faut la mettre en boule, la couvrir et la laisser reposer au r\u00e9frig\u00e9rateur afin de la rendre plus ferme.<br \/>\n<\/span><\/p>\n<p><span style=\"color: #777777; font-family: Arial;\">Et il faut la sortir au fur \u00e0 mesure et imm\u00e9diatement la faire passer par l&rsquo;appareil dans lequel elle va se ramollir rapidement.<br \/>\n<\/span><\/p>\n<p><img loading=\"lazy\" decoding=\"async\" class=\"alignleft\" src=\"https:\/\/lemotdujour.fr\/wp-content\/uploads\/2019\/12\/122319_2032_Mardi24dcem4.jpg\" alt=\"\" width=\"400\" height=\"301\" align=\"left\"><span style=\"color: #777777; font-family: Arial;\">On tourne donc avec la manivelle pour faire sortir la p\u00e2te par l&#8217;embout qu&rsquo;on a choisi et on guide le g\u00e2teau d\u00e9licatement avec la main. Puis quand la taille qui nous convient est atteinte, on coupe avec la main en la soulevant et on repose le g\u00e2teau sur la t\u00f4le couverte de papier sulfuris\u00e9 qu&rsquo;on a eu soin de d\u00e9poser au pied de l&rsquo;appareil.<br \/>\n<\/span><\/p>\n<p><span style=\"color: #777777; font-family: Arial;\">Si on ne dispose pas de l&rsquo;appareil, il est possible de s&rsquo;en passer.<br \/>\n<\/span><\/p>\n<p><span style=\"color: #777777; font-family: Arial;\">Dans ce cas, on fait des boudins ou des rectangles et puis on les cis\u00e8le \u00e0 l&rsquo;aide d&rsquo;une fourchette.<br \/>\n<\/span><\/p>\n<p><span style=\"color: #777777; font-family: Arial;\">Puis on enfourne.<br \/>\n<\/span><\/p>\n<p><span style=\"color: #777777; font-family: Arial;\">La cuisson se fait \u00e0 <strong>160\u00b0C<br \/>\n<\/strong><\/span><\/p>\n<p><span style=\"color: #777777; font-family: Arial;\">Annie \u00e9crit pour le temps<strong>&nbsp;: 15 minutes <\/strong>+ ou &#8211; 2 minutes<strong>.<br \/>\n<\/strong><\/span><\/p>\n<p><span style=\"color: #777777; font-family: Arial;\">Le conseil imp\u00e9ratif c&rsquo;est que le g\u00e2teau reste blanc au dessus, il ne doit pas brunir, sinon ce n&rsquo;est pas un g\u00e2teau alsacien.<br \/>\n<\/span><\/p>\n<p><span style=\"color: #777777; font-family: Arial;\">Le r\u00e9sultat ressemble \u00e0 cela.<br \/>\n<\/span><\/p>\n<p><img decoding=\"async\" src=\"https:\/\/lemotdujour.fr\/wp-content\/uploads\/2019\/12\/122319_2032_Mardi24dcem5.jpg\" alt=\"\"><span style=\"color: #777777; font-family: Arial;\"><br \/>\n<\/span><\/p>\n<p><span style=\"color: #777777; font-family: Arial;\">Dans cette recette, il est tout \u00e0 fait possible de remplacer les amandes par des noisettes, si ces derni\u00e8res ont votre pr\u00e9f\u00e9rence.<br \/>\n<\/span><\/p>\n<p><span style=\"color: #777777; font-family: Arial;\">Vous lirez sur le cahier de Fran\u00e7oise qu&rsquo;il existe une variante qui exclut amandes ou noisettes et remplace les 2 \u0153ufs entiers par 5 jaune d&rsquo;\u0153ufs.<br \/>\n<\/span><\/p>\n<p><span style=\"color: #777777; font-family: Arial;\">Du point de vue de l&rsquo;\u0153uf alsacien norm\u00e9 vous constaterez que c&rsquo;est le m\u00eame poids&nbsp;:<br \/>\n<\/span><\/p>\n<ul>\n<li><span style=\"color: #777777; font-family: Arial;\">2 \u0153ufs entiers&nbsp;: 2x50g =100g<br \/>\n<\/span><\/li>\n<li><span style=\"color: #777777; font-family: Arial;\">5 jaunes d&rsquo;\u0153uf&nbsp;: 5x20g=100g<br \/>\n<\/span><\/li>\n<\/ul>\n<p><span style=\"color: #777777; font-family: Arial;\">Nous n&rsquo;avons jamais fait cette variante qui nous prive du go\u00fbt des amandes ou des noisettes. <\/span><\/p>\n<p><span style=\"color: #777777; font-family: Arial;\">Joyeux No\u00ebl \u00e0 tous. En alsacien : \u00ab&nbsp;<strong>gleckika W\u00efanachta<\/strong> \u00bb. Vous trouverez sur &lt;<span style=\"color: #0000ff;\"><a style=\"color: #0000ff;\" href=\"https:\/\/www.freelang.com\/expressions\/noel.php\">ce site<\/a><\/span>&gt; la traduction de \u00abjoyeux no\u00ebl\u00bb en 135 langues.<br \/>\n<\/span><\/p>\n<p><span style=\"color: maroon; font-family: Arial;\">&lt;1333&gt;<\/span><\/p>\n","protected":false},"excerpt":{"rendered":"<p>\u00abSpritz\u00bb G\u00e2teaux de no\u00ebl alsaciens n\u00b06 Cette fois nous sommes sur les fondamentaux, le \u00ab&nbsp;Spritz&nbsp;\u00bb est le g\u00e2teau de No\u00ebl alsacien par excellence. Dans le livre de Thierry Kapler (page 23) ils appellent cela \u00ab&nbsp;Spretz bredele\u00bb&nbsp;traduit en fran\u00e7ais par \u00ab&nbsp;sabl\u00e9s<\/p>\n","protected":false},"author":1,"featured_media":0,"comment_status":"open","ping_status":"closed","sticky":false,"template":"","format":"standard","meta":{"footnotes":""},"categories":[1],"tags":[161,66,160],"class_list":["post-7762","post","type-post","status-publish","format-standard","hentry","category-motdujour","tag-alsace","tag-recettes","tag-tradition"],"_links":{"self":[{"href":"https:\/\/lemotdujour.fr\/index.php?rest_route=\/wp\/v2\/posts\/7762","targetHints":{"allow":["GET"]}}],"collection":[{"href":"https:\/\/lemotdujour.fr\/index.php?rest_route=\/wp\/v2\/posts"}],"about":[{"href":"https:\/\/lemotdujour.fr\/index.php?rest_route=\/wp\/v2\/types\/post"}],"author":[{"embeddable":true,"href":"https:\/\/lemotdujour.fr\/index.php?rest_route=\/wp\/v2\/users\/1"}],"replies":[{"embeddable":true,"href":"https:\/\/lemotdujour.fr\/index.php?rest_route=%2Fwp%2Fv2%2Fcomments&post=7762"}],"version-history":[{"count":8,"href":"https:\/\/lemotdujour.fr\/index.php?rest_route=\/wp\/v2\/posts\/7762\/revisions"}],"predecessor-version":[{"id":7801,"href":"https:\/\/lemotdujour.fr\/index.php?rest_route=\/wp\/v2\/posts\/7762\/revisions\/7801"}],"wp:attachment":[{"href":"https:\/\/lemotdujour.fr\/index.php?rest_route=%2Fwp%2Fv2%2Fmedia&parent=7762"}],"wp:term":[{"taxonomy":"category","embeddable":true,"href":"https:\/\/lemotdujour.fr\/index.php?rest_route=%2Fwp%2Fv2%2Fcategories&post=7762"},{"taxonomy":"post_tag","embeddable":true,"href":"https:\/\/lemotdujour.fr\/index.php?rest_route=%2Fwp%2Fv2%2Ftags&post=7762"}],"curies":[{"name":"wp","href":"https:\/\/api.w.org\/{rel}","templated":true}]}}