{"id":7737,"date":"2019-12-23T02:39:15","date_gmt":"2019-12-23T01:39:15","guid":{"rendered":"http:\/\/lemotdujour.fr\/?p=7737"},"modified":"2019-12-22T23:26:08","modified_gmt":"2019-12-22T22:26:08","slug":"lundi-23-decembre-2019","status":"publish","type":"post","link":"https:\/\/lemotdujour.fr\/?p=7737","title":{"rendered":"Lundi 23 d\u00e9cembre 2019"},"content":{"rendered":"<div class=\"mdjTexte\">\u00ab\u00a0Haselnuss Blattle\u00a0\u00bb<\/div>\n<div class=\"mdjAuteur\">G\u00e2teaux de no\u00ebl alsaciens n\u00b05 (aux noisettes)<\/div>\n<p><span style=\"color: #777777; font-family: Arial;\">Ce g\u00e2teau, je ne le fais que depuis 3 ans. Il se trouve dans le livre de recettes dont j&rsquo;ai parl\u00e9 lundi dernier, page 73.<br \/>\n<\/span><\/p>\n<p><span style=\"color: #777777; font-family: Arial;\">Le nom fran\u00e7ais donn\u00e9 est \u00ab\u00a0<strong>Losanges aux noisettes<\/strong>\u00a0\u00bb<br \/>\n<\/span><\/p>\n<p><span style=\"color: #777777; font-family: Arial;\">Ma fille Natacha dit de ce g\u00e2teau : \u00abc&rsquo;est une tuerie !\u00bb.<br \/>\n<\/span><span style=\"color: #777777; font-family: Arial;\">Pour arriver \u00e0 cet \u00ab extr\u00e9misme \u00bb il faut beaucoup aimer les noisettes.<br \/>\n<\/span><span style=\"color: #777777; font-family: Arial;\">Puisqu&rsquo;il n&rsquo;y a que des noisettes dans ce g\u00e2teau avec du sucre et des \u0153ufs.<br \/>\n<\/span><\/p>\n<p><span style=\"color: #777777;\"><span style=\"font-family: Arial;\">Il n&rsquo;y a toujours pas de beurre mais il y a\u00a0:<\/span><span style=\"font-family: Times New Roman;\"><br \/>\n<\/span><\/span><\/p>\n<ol style=\"margin-left: 54pt;\">\n<li><span style=\"color: #777777; font-family: Arial;\">250 g de de sucre semoule<br \/>\n<\/span><\/li>\n<li><span style=\"color: #777777; font-family: Arial;\">250 g de noisettes moulues<br \/>\n<\/span><\/li>\n<li><span style=\"color: #777777; font-family: Arial;\">2 \u0153ufs entiers<br \/>\n<\/span><\/li>\n<li><span style=\"color: #777777; font-family: Arial;\">125 g de sucre glace<br \/>\n<\/span><\/li>\n<\/ol>\n<p><span style=\"color: #777777; font-family: Arial;\">Concernant l&rsquo;\u00e9quilibre des ingr\u00e9dients, ce g\u00e2teau ne pr\u00e9sente pas de fragilit\u00e9, il n&rsquo;est donc pas n\u00e9cessaire dans ce cas de peser les \u0153ufs.<br \/>\n<\/span><\/p>\n<p><span style=\"color: #777777; font-family: Arial;\">Il faut moudre les noisettes.<br \/>\n<\/span><span style=\"color: #777777; font-family: Arial;\">Puis s\u00e9parer un des \u0153ufs en blanc et en jaune.<br \/>\n<\/span><span style=\"color: #777777; font-family: Arial;\">Puis on m\u00e9lange les noisettes moulues, le sucre semoule, le second \u0153uf qui est rest\u00e9 entier et le jaune d&rsquo;\u0153uf du premier. Et on bat ce m\u00e9lange pour obtenir une p\u00e2te ferme.<br \/>\n<\/span><\/p>\n<p><img loading=\"lazy\" decoding=\"async\" class=\"alignleft\" src=\"https:\/\/lemotdujour.fr\/wp-content\/uploads\/2019\/12\/122219_2135_Lundi23dcem1.jpg\" alt=\"\" width=\"595\" height=\"246\" align=\"left\" \/><\/p>\n<p><span style=\"color: #777777; font-family: Arial;\">Il faut donc \u00e9taler cette p\u00e2te \u00e0 l&rsquo;aide d&rsquo;un rouleau \u00e0 p\u00e2tisserie<br \/>\n<\/span><\/p>\n<p><span style=\"color: #777777; font-family: Arial;\">La recette officielle pr\u00e9cise en une abaisse de 4 millim\u00e8tres d&rsquo;\u00e9paisseur.<br \/>\n<\/span><\/p>\n<p><span style=\"color: #777777; font-family: Arial;\">C&rsquo;est une des difficult\u00e9s de cette recette. Comme cette p\u00e2te est collante, lorsque vous passez le rouleau \u00e0 p\u00e2tisserie, une partie de la p\u00e2te va s&rsquo;accrocher au rouleau et rendre l&rsquo;op\u00e9ration de plus en plus compliqu\u00e9e.<br \/>\n<\/span><\/p>\n<p><span style=\"color: #777777; font-family: Arial;\">La recette officielle conseille d&rsquo;utiliser du sucre glace pour \u00e9viter que la p\u00e2te se colle au rouleau. Je trouve qu&rsquo;il y a d\u00e9j\u00e0 assez de sucre comme cela.<br \/>\n<\/span><\/p>\n<p><span style=\"color: #777777; font-family: Arial;\">On peut aussi utiliser de la farine.<br \/>\n<\/span><\/p>\n<p><span style=\"color: #777777; font-family: Arial;\">Mais je crois que la solution la plus intelligente est de poser du papier sulfuris\u00e9 sur la p\u00e2te et de passer le rouleau \u00e0 p\u00e2tisserie par-dessus le papier.<br \/>\n<\/span><\/p>\n<p><img decoding=\"async\" class=\"aligncenter\" src=\"https:\/\/lemotdujour.fr\/wp-content\/uploads\/2019\/12\/122219_2135_Lundi23dcem2.jpg\" alt=\"\" align=\"left\" \/><span style=\"color: #777777; font-family: Arial;\">L&rsquo;\u00e9tape suivante consiste \u00e0 battre le blanc d&rsquo;\u0153uf restant avec le sucre glace en neige tr\u00e8s ferme.<br \/>\n<\/span><\/p>\n<p><span style=\"color: #777777; font-family: Arial;\">Puis, \u00e0 l&rsquo;aide d&rsquo;une spatule, il faut couvrir la p\u00e2te \u00e9tal\u00e9e avec la pr\u00e9paration de blancs en neige.<br \/>\n<\/span><\/p>\n<p><span style=\"color: #777777; font-family: Arial;\">Ensuite on d\u00e9coupe la p\u00e2te en bande, la recette dit de 3 cm de large. Je fais moins. Puis on d\u00e9coupe ces m\u00eames bandes en petits losanges.<br \/>\n<\/span><\/p>\n<p><img decoding=\"async\" src=\"https:\/\/lemotdujour.fr\/wp-content\/uploads\/2019\/12\/122219_2135_Lundi23dcem3.jpg\" alt=\"\" \/><\/p>\n<p><img decoding=\"async\" class=\"alignleft\" src=\"https:\/\/lemotdujour.fr\/wp-content\/uploads\/2019\/12\/122219_2135_Lundi23dcem4.jpg\" alt=\"\" align=\"left\" \/><span style=\"color: #777777; font-family: Arial;\">Il faut ensuite d\u00e9poser d\u00e9licatement chaque pi\u00e8ce sur une t\u00f4le recouverte de papier sulfuris\u00e9.<br \/>\n<\/span><\/p>\n<p><span style=\"color: #777777; font-family: Arial;\">La cuisson est : <\/span><span style=\"color: #777777; font-family: Arial;\"><strong>125\u00b0<\/strong> C, p<\/span><span style=\"color: #777777; font-family: Arial;\">endant <strong>25 minutes<\/strong>.<br \/>\n<\/span><\/p>\n<p><span style=\"color: #777777; font-family: Arial;\">Et voici le r\u00e9sultat\u00a0:<br \/>\n<\/span><\/p>\n<p><img decoding=\"async\" src=\"https:\/\/lemotdujour.fr\/wp-content\/uploads\/2019\/12\/122219_2135_Lundi23dcem5.jpg\" alt=\"\" \/><\/p>\n<p><span style=\"color: maroon; font-family: Arial;\">&lt;1332&gt;<\/span><\/p>\n","protected":false},"excerpt":{"rendered":"<p>\u00ab\u00a0Haselnuss Blattle\u00a0\u00bb G\u00e2teaux de no\u00ebl alsaciens n\u00b05 (aux noisettes) Ce g\u00e2teau, je ne le fais que depuis 3 ans. Il se trouve dans le livre de recettes dont j&rsquo;ai parl\u00e9 lundi dernier, page 73. Le nom fran\u00e7ais donn\u00e9 est \u00ab\u00a0Losanges<\/p>\n","protected":false},"author":1,"featured_media":0,"comment_status":"open","ping_status":"closed","sticky":false,"template":"","format":"standard","meta":{"footnotes":""},"categories":[1],"tags":[161,66,160],"class_list":["post-7737","post","type-post","status-publish","format-standard","hentry","category-motdujour","tag-alsace","tag-recettes","tag-tradition"],"_links":{"self":[{"href":"https:\/\/lemotdujour.fr\/index.php?rest_route=\/wp\/v2\/posts\/7737","targetHints":{"allow":["GET"]}}],"collection":[{"href":"https:\/\/lemotdujour.fr\/index.php?rest_route=\/wp\/v2\/posts"}],"about":[{"href":"https:\/\/lemotdujour.fr\/index.php?rest_route=\/wp\/v2\/types\/post"}],"author":[{"embeddable":true,"href":"https:\/\/lemotdujour.fr\/index.php?rest_route=\/wp\/v2\/users\/1"}],"replies":[{"embeddable":true,"href":"https:\/\/lemotdujour.fr\/index.php?rest_route=%2Fwp%2Fv2%2Fcomments&post=7737"}],"version-history":[{"count":8,"href":"https:\/\/lemotdujour.fr\/index.php?rest_route=\/wp\/v2\/posts\/7737\/revisions"}],"predecessor-version":[{"id":7756,"href":"https:\/\/lemotdujour.fr\/index.php?rest_route=\/wp\/v2\/posts\/7737\/revisions\/7756"}],"wp:attachment":[{"href":"https:\/\/lemotdujour.fr\/index.php?rest_route=%2Fwp%2Fv2%2Fmedia&parent=7737"}],"wp:term":[{"taxonomy":"category","embeddable":true,"href":"https:\/\/lemotdujour.fr\/index.php?rest_route=%2Fwp%2Fv2%2Fcategories&post=7737"},{"taxonomy":"post_tag","embeddable":true,"href":"https:\/\/lemotdujour.fr\/index.php?rest_route=%2Fwp%2Fv2%2Ftags&post=7737"}],"curies":[{"name":"wp","href":"https:\/\/api.w.org\/{rel}","templated":true}]}}