{"id":772,"date":"2014-07-10T02:00:00","date_gmt":"2014-07-09T22:00:00","guid":{"rendered":"http:\/\/lemotdujour.fr\/?p=772"},"modified":"2017-05-31T20:49:10","modified_gmt":"2017-05-31T18:49:10","slug":"jeudi-10072014","status":"publish","type":"post","link":"https:\/\/lemotdujour.fr\/?p=772","title":{"rendered":"Jeudi 10\/07\/2014"},"content":{"rendered":"<div class=\"mdjDate\">Jeudi 10\/07\/2014<\/div>\n<div class=\"mdjTexte\">\u00abLa notion de limite fait partie de moi<br \/>\nalors que j\u2019avais l\u2019impression d\u2019\u00eatre sans limite.&gt;<\/div>\n<div class=\"mdjAuteur\">Christian Streiff<\/div>\n<div class=\"mdjComplements\">Christian Streiff \u00e9tait le patron de Peugeot Citro\u00ebn. Il travaillait comme un forcen\u00e9.<\/div>\n<div class=\"mdjComplements\">Mais pour lui, tout a failli s&rsquo;arr\u00eater le 22 mai 2008. Ce Jeudi matin-l\u00e0, \u00e9reint\u00e9, le patron de Peugeot et Citro\u00ebn s&rsquo;accorde une pause entre deux r\u00e9unions. Une sieste de dix minutes, comme il en fait depuis quelque temps pour \u00e9vacuer la pression. Avenue de la Grande-Arm\u00e9e, au si\u00e8ge parisien du groupe, il s&rsquo;enferme dans son bureau du neuvi\u00e8me \u00e9tage et demande que personne ne le d\u00e9range.<\/div>\n<div class=\"mdjComplements\">Mais la pause s&rsquo;\u00e9ternise. Quand sa secr\u00e9taire entrouvre la porte, elle le d\u00e9couvre gisant sur la moquette, naus\u00e9eux. Il respire mal. L&rsquo;infirmi\u00e8re d&rsquo;entreprise veut l&rsquo;envoyer \u00e0 l&rsquo;h\u00f4pital. Il r\u00e9siste : ce n&rsquo;est qu&rsquo;un petit malaise, non ? \u00ab\u00a0Non, cette fois-ci, vous nous laissez faire\u00a0\u00bb, r\u00e9plique son chauffeur, accouru lui aussi. Pied au plancher de la Peugeot de fonction, il emm\u00e8ne son patron \u00e0 la Piti\u00e9-Salp\u00eatri\u00e8re. Diagnostic : un accident vasculaire c\u00e9r\u00e9bral. S\u00e9v\u00e8re. Voil\u00e0 le PDG du CAC 40 entre la vie et la mort.<\/div>\n<div class=\"mdjComplements\">Pr\u00e8s de cinq ans plus tard, Christian Streiff est un autre homme.<\/div>\n<div class=\"mdjComplements\"><a href=\"http:\/\/www.franceinfo.fr\/emission\/le-grand-temoin\/2013-2014\/le-grand-temoin-du-26-06-2014-06-26-2014-08-50\">Il \u00e9tait l'&lt;Invit\u00e9 de l&rsquo;\u00e9mission le grand t\u00e9moin du 26-06-2014&gt;<\/a> o\u00f9 il raconte sa nouvelle vie et d\u00e9taille le livre qu&rsquo;il a \u00e9crit pour raconter son AVC et sa tr\u00e8s lente remont\u00e9e vers une vie normale. Le fonctionnement de sa m\u00e9moire notamment est touch\u00e9<\/div>\n<div class=\"mdjComplements\">Dans J\u2019\u00e9tais un homme press\u00e9, aux \u00e9ditions du Cherche-Midi, Christian Streiff fait le r\u00e9cit des trois ans qu&rsquo;il va lui falloir pour se d\u00e9livrer de son handicap et construire sa vie d'\u00a0\u00bbapr\u00e8s\u00a0\u00bb. Oblig\u00e9 de quitter le r\u00f4le du capitaine d&rsquo;industrie, il continuera malgr\u00e9 tout \u00e0 se projeter dans l&rsquo;avenir, \u00e0 tout faire pour renouer avec ses projets et trouver un sens diff\u00e9rent \u00e0 son existence.<\/div>\n<div class=\"mdjComplements\">Ce livre, articul\u00e9 autour de la perte d&rsquo;une partie de soi, raconte son retour vers des passions simples qui avaient \u00e9t\u00e9 progressivement chass\u00e9es de sa course d'\u00a0\u00bbhomme press\u00e9\u00a0\u00bb, ainsi que la reconqu\u00eate de sa m\u00e9moire.<\/div>\n<div class=\"mdjComplements\">Ni tout \u00e0 fait le m\u00eame, ni tout \u00e0 fait un autre, Christian Streiff a retrouv\u00e9 la souvenance des mots et recommence une carri\u00e8re dans l&rsquo;industrie, mais il prot\u00e8ge d\u00e9sormais un temps pour ces autres facettes de lui-m\u00eame que l&rsquo;AVC lui a donn\u00e9 la chance de reconqu\u00e9rir.<\/div>\n<div class=\"mdjComplements\">Avant son AVC, il n\u2019envisageait pas de prendre son temps. \u00ab\u00a0Je courais de 5h jusqu\u2019\u00e0 22h ou 23h. Aujourd\u2019hui, je prends le temps de vivre, de retrouver ma famille, mes enfants, de lire, de me promener.\u00a0\u00bb<\/div>\n<div class=\"mdjComplements\">Christian Streiff conna\u00eet aujourd\u2019hui ses limites. \u00ab\u00a0La notion de limite fait partie de moi alors que j\u2019avais l\u2019impression d\u2019\u00eatre sans limite. Chaque fois que je d\u00e9marre quelque chose je p\u00e8se l\u2019effort que cela va signifier.\u00a0\u00bb<\/div>\n<div class=\"mdjComplements\">Christian Streiff est aujourd\u2019hui vice-pr\u00e9sident de Safran. \u00ab\u00a0Je pense prendre les probl\u00e8mes beaucoup plus sereinement et beaucoup plus efficacement.\u00a0\u00bb<\/div>\n<div class=\"mdjComplements\">Faire de nos \u00e9preuves une force, voil\u00e0 le secret<\/div>\n<div class=\"mdjComplements\"><span style=\"color: #800000;\">&lt;323&gt;<\/span><\/div>\n","protected":false},"excerpt":{"rendered":"<p>Jeudi 10\/07\/2014 \u00abLa notion de limite fait partie de moi alors que j\u2019avais l\u2019impression d\u2019\u00eatre sans limite.&gt; Christian Streiff Christian Streiff \u00e9tait le patron de Peugeot Citro\u00ebn. Il travaillait comme un forcen\u00e9. Mais pour lui, tout a failli s&rsquo;arr\u00eater le<\/p>\n","protected":false},"author":1,"featured_media":0,"comment_status":"closed","ping_status":"closed","sticky":false,"template":"","format":"standard","meta":{"footnotes":""},"categories":[1],"tags":[6,14,13],"class_list":["post-772","post","type-post","status-publish","format-standard","hentry","category-motdujour","tag-philosophie","tag-recit","tag-sante"],"_links":{"self":[{"href":"https:\/\/lemotdujour.fr\/index.php?rest_route=\/wp\/v2\/posts\/772","targetHints":{"allow":["GET"]}}],"collection":[{"href":"https:\/\/lemotdujour.fr\/index.php?rest_route=\/wp\/v2\/posts"}],"about":[{"href":"https:\/\/lemotdujour.fr\/index.php?rest_route=\/wp\/v2\/types\/post"}],"author":[{"embeddable":true,"href":"https:\/\/lemotdujour.fr\/index.php?rest_route=\/wp\/v2\/users\/1"}],"replies":[{"embeddable":true,"href":"https:\/\/lemotdujour.fr\/index.php?rest_route=%2Fwp%2Fv2%2Fcomments&post=772"}],"version-history":[{"count":2,"href":"https:\/\/lemotdujour.fr\/index.php?rest_route=\/wp\/v2\/posts\/772\/revisions"}],"predecessor-version":[{"id":2396,"href":"https:\/\/lemotdujour.fr\/index.php?rest_route=\/wp\/v2\/posts\/772\/revisions\/2396"}],"wp:attachment":[{"href":"https:\/\/lemotdujour.fr\/index.php?rest_route=%2Fwp%2Fv2%2Fmedia&parent=772"}],"wp:term":[{"taxonomy":"category","embeddable":true,"href":"https:\/\/lemotdujour.fr\/index.php?rest_route=%2Fwp%2Fv2%2Fcategories&post=772"},{"taxonomy":"post_tag","embeddable":true,"href":"https:\/\/lemotdujour.fr\/index.php?rest_route=%2Fwp%2Fv2%2Ftags&post=772"}],"curies":[{"name":"wp","href":"https:\/\/api.w.org\/{rel}","templated":true}]}}