{"id":768,"date":"2014-07-08T02:00:00","date_gmt":"2014-07-07T22:00:00","guid":{"rendered":"http:\/\/lemotdujour.fr\/?p=768"},"modified":"2017-05-08T13:22:30","modified_gmt":"2017-05-08T11:22:30","slug":"mardi-08072014","status":"publish","type":"post","link":"https:\/\/lemotdujour.fr\/?p=768","title":{"rendered":"Mardi 08\/07\/2014"},"content":{"rendered":"<div class=\"mdjDate\">Mardi 08\/07\/2014<\/div>\n<div class=\"mdjTexte\">\u00abNous sommes dans un moment de r\u00e9formisme affol\u00e9\u00bb<\/div>\n<div class=\"mdjAuteur\">Laurence Lemouzy, r\u00e9dactrice en chef de la revue \u00ab Pouvoirs Locaux \u00bb et directrice scientifique de l&rsquo;institut de la gouvernance territoriale<\/div>\n<div class=\"mdjComplements\">C&rsquo;est ainsi que Laurence Lemouzy d\u00e9crit la r\u00e9forme territoriale actuellement pr\u00e9par\u00e9e par le gouvernement <a href=\"http:\/\/www.franceculture.fr\/emission-du-grain-a-moudre-reforme-territoriale-qui-detiendra-le-pouvoir-demain-2014-06-18\">&lt;Dans une \u00e9mission &lsquo;le Grain \u00e0 moudre du 18\/06\/2014 tr\u00e8s critique \u00e0 l&rsquo;\u00e9gard de cette r\u00e9forme&gt;<\/a><\/div>\n<div class=\"mdjComplements\">Elle pr\u00e9sente notamment deux r\u00e9flexions qui me paraissent pleines de bon sens :<\/div>\n<div class=\"mdjComplements\">Une r\u00e9forme de cette envergure a vocation \u00e0 \u00eatre annonc\u00e9e lors de la campagne \u00e9lectorale pr\u00e9sidentielle, de sorte que celui qui est \u00e9lu peut se pr\u00e9valoir du suffrage universel pour r\u00e9aliser cette \u00e9volution.<\/div>\n<div class=\"mdjComplements\">Une telle r\u00e9forme territoriale ne peut pas \u00eatre d\u00e9connect\u00e9e d&rsquo;une r\u00e9forme de l&rsquo;Etat qui doit \u00eatre r\u00e9alis\u00e9e en parall\u00e8le et en coh\u00e9rence avec l&rsquo;autre.<\/div>\n","protected":false},"excerpt":{"rendered":"<p>Mardi 08\/07\/2014 \u00abNous sommes dans un moment de r\u00e9formisme affol\u00e9\u00bb Laurence Lemouzy, r\u00e9dactrice en chef de la revue \u00ab Pouvoirs Locaux \u00bb et directrice scientifique de l&rsquo;institut de la gouvernance territoriale C&rsquo;est ainsi que Laurence Lemouzy d\u00e9crit la r\u00e9forme territoriale<\/p>\n","protected":false},"author":1,"featured_media":0,"comment_status":"closed","ping_status":"closed","sticky":false,"template":"","format":"standard","meta":{"footnotes":""},"categories":[1],"tags":[],"class_list":["post-768","post","type-post","status-publish","format-standard","hentry","category-motdujour"],"_links":{"self":[{"href":"https:\/\/lemotdujour.fr\/index.php?rest_route=\/wp\/v2\/posts\/768","targetHints":{"allow":["GET"]}}],"collection":[{"href":"https:\/\/lemotdujour.fr\/index.php?rest_route=\/wp\/v2\/posts"}],"about":[{"href":"https:\/\/lemotdujour.fr\/index.php?rest_route=\/wp\/v2\/types\/post"}],"author":[{"embeddable":true,"href":"https:\/\/lemotdujour.fr\/index.php?rest_route=\/wp\/v2\/users\/1"}],"replies":[{"embeddable":true,"href":"https:\/\/lemotdujour.fr\/index.php?rest_route=%2Fwp%2Fv2%2Fcomments&post=768"}],"version-history":[{"count":1,"href":"https:\/\/lemotdujour.fr\/index.php?rest_route=\/wp\/v2\/posts\/768\/revisions"}],"predecessor-version":[{"id":769,"href":"https:\/\/lemotdujour.fr\/index.php?rest_route=\/wp\/v2\/posts\/768\/revisions\/769"}],"wp:attachment":[{"href":"https:\/\/lemotdujour.fr\/index.php?rest_route=%2Fwp%2Fv2%2Fmedia&parent=768"}],"wp:term":[{"taxonomy":"category","embeddable":true,"href":"https:\/\/lemotdujour.fr\/index.php?rest_route=%2Fwp%2Fv2%2Fcategories&post=768"},{"taxonomy":"post_tag","embeddable":true,"href":"https:\/\/lemotdujour.fr\/index.php?rest_route=%2Fwp%2Fv2%2Ftags&post=768"}],"curies":[{"name":"wp","href":"https:\/\/api.w.org\/{rel}","templated":true}]}}