{"id":7678,"date":"2019-12-20T00:14:12","date_gmt":"2019-12-19T23:14:12","guid":{"rendered":"http:\/\/lemotdujour.fr\/?p=7678"},"modified":"2019-12-22T23:16:58","modified_gmt":"2019-12-22T22:16:58","slug":"vendredi-20-decembre-2019","status":"publish","type":"post","link":"https:\/\/lemotdujour.fr\/?p=7678","title":{"rendered":"Vendredi 20 d\u00e9cembre 2019"},"content":{"rendered":"<div class=\"mdjTexte\">\u00ab Pain d\u2019\u00e9pice de Nuremberg  \u00bb<\/div>\n<div class=\"mdjAuteur\">G\u00e2teaux de no\u00ebl alsaciens n\u00b04<\/div>\n\n\n<p>Cette recette est particuli\u00e8re pour Annie et moi car c&rsquo;est notre amie Fran\u00e7oise qui nous l&rsquo;a apprise. <\/p>\n\n\n\n<p>Elle nous a aussi permis de scanner son cahier dans lequel elle avait minutieusement \u00e9crit tous ses secrets.<\/p>\n\n\n\n<div class=\"wp-block-image\"><figure class=\"aligncenter\"><img loading=\"lazy\" decoding=\"async\" width=\"984\" height=\"501\" src=\"https:\/\/lemotdujour.fr\/wp-content\/uploads\/2019\/12\/121919_2307_Vendredi20d1.jpg\" alt=\"\" class=\"wp-image-7670\" srcset=\"https:\/\/lemotdujour.fr\/wp-content\/uploads\/2019\/12\/121919_2307_Vendredi20d1.jpg 984w, https:\/\/lemotdujour.fr\/wp-content\/uploads\/2019\/12\/121919_2307_Vendredi20d1-300x153.jpg 300w, https:\/\/lemotdujour.fr\/wp-content\/uploads\/2019\/12\/121919_2307_Vendredi20d1-768x391.jpg 768w\" sizes=\"auto, (max-width: 984px) 100vw, 984px\" \/><\/figure><\/div>\n\n\n\n<p>Ce sont aussi de nos souvenirs que notre vie d&rsquo;aujourd&rsquo;hui se nourrit.<br><\/p>\n\n\n\n<p>Vous constaterez que la recette est \u00e9crite en allemand. Il s&rsquo;agit donc du \u00ab&nbsp;<strong>N\u00fcrnberger Lebkuchen<\/strong>&nbsp;\u00bb<br><\/p>\n\n\n\n<p>Si les trois g\u00e2teaux des jours pr\u00e9c\u00e9dents relevaient de ma sp\u00e9cialit\u00e9, celui-ci a toujours \u00e9t\u00e9 fait par Annie. C\u2019est un g\u00e2teau facile \u00e0 faire, qui parfume la cuisine et donne un r\u00e9sultat g\u00e9n\u00e9reux. Tr\u00e8s gratifiant, Annie conseille de commencer le festival des g\u00e2teaux de No\u00ebl par celui-ci.<br><\/p>\n\n\n\n<p>En ce qui concerne le nombre d&rsquo;ingr\u00e9dients, nous montons en gamme, il y en a douze, mais pas de beurre <\/p>\n\n\n\n<ol class=\"wp-block-list\"><li>250 g de farine<\/li><li>225 g de sucre  <\/li><li>1 paquet de sucre vanill\u00e9 (7,5 g<\/li><li>1 cuill\u00e8re \u00e0 caf\u00e9 de levure chimique (bien pleine)<\/li><li>4 \u0153ufs (pas n\u00e9cessaire de les peser pr\u00e9cise Annie<\/li><li> 225 g amandes moulues (\u00e9mond\u00e9es ou non)<\/li><li>90 g de fruits confits coup\u00e9s (orange, citron,\u2026<\/li><li>1 zeste de citron<\/li><li>1 cuill\u00e8re \u00e0 caf\u00e9 de canelle<\/li><li>1 cuill\u00e8re \u00e0 caf\u00e9 de piment dou<\/li><li> 1 pinc\u00e9e de cardamone et de clou de girofle moulu <\/li><li>du sucre glace pour la d\u00e9coration <\/li><\/ol>\n\n\n\n<div class=\"wp-block-image\"><figure class=\"alignright is-resized\"><img loading=\"lazy\" decoding=\"async\" src=\"https:\/\/lemotdujour.fr\/wp-content\/uploads\/2019\/12\/121919_2307_Vendredi20d2.jpg\" alt=\"\" class=\"wp-image-7671\" width=\"279\" height=\"266\" srcset=\"https:\/\/lemotdujour.fr\/wp-content\/uploads\/2019\/12\/121919_2307_Vendredi20d2.jpg 402w, https:\/\/lemotdujour.fr\/wp-content\/uploads\/2019\/12\/121919_2307_Vendredi20d2-300x286.jpg 300w\" sizes=\"auto, (max-width: 279px) 100vw, 279px\" \/><\/figure><\/div>\n\n\n\n<p>On commence par m\u00e9langer les \u0153ufs, le sucre et le sucre vanill\u00e9.<br>Puis on ajoute la farine et la levure.Et apr\u00e8s, on met peu \u00e0 peu le reste, c&rsquo;est-\u00e0-dire&nbsp;:<\/p>\n\n\n\n<ul class=\"wp-block-list\"><li>Les amandes moulues<\/li><li>les fruits confits et coup\u00e9s (orange, citron,\u2026)<\/li><li>le zeste de citron<\/li><li>la cuill\u00e8re \u00e0 caf\u00e9 de canelle<\/li><li>la cuill\u00e8re \u00e0 caf\u00e9 de piment doux<\/li><li>les pinc\u00e9es de cardamone et de clou de girofle <\/li><\/ul>\n\n\n\n<div class=\"wp-block-media-text alignwide\" style=\"grid-template-columns:62% auto\"><figure class=\"wp-block-media-text__media\"><img loading=\"lazy\" decoding=\"async\" width=\"402\" height=\"267\" src=\"https:\/\/lemotdujour.fr\/wp-content\/uploads\/2019\/12\/121919_2307_Vendredi20d3.jpg\" alt=\"\" class=\"wp-image-7672\" srcset=\"https:\/\/lemotdujour.fr\/wp-content\/uploads\/2019\/12\/121919_2307_Vendredi20d3.jpg 402w, https:\/\/lemotdujour.fr\/wp-content\/uploads\/2019\/12\/121919_2307_Vendredi20d3-300x199.jpg 300w\" sizes=\"auto, (max-width: 402px) 100vw, 402px\" \/><\/figure><div class=\"wp-block-media-text__content\">\n<p>Cette p\u00e2te est collante.  Il faut l&rsquo;\u00e9taler sur une t\u00f4le, comme toujours, couverte de papier sulfuris\u00e9. <\/p>\n\n\n\n<p><\/p>\n<\/div><\/div>\n\n\n\n<div class=\"wp-block-image\"><figure class=\"alignright is-resized\"><img loading=\"lazy\" decoding=\"async\" src=\"https:\/\/lemotdujour.fr\/wp-content\/uploads\/2019\/12\/121919_2307_Vendredi20d4.jpg\" alt=\"\" class=\"wp-image-7673\" width=\"277\" height=\"219\" srcset=\"https:\/\/lemotdujour.fr\/wp-content\/uploads\/2019\/12\/121919_2307_Vendredi20d4.jpg 493w, https:\/\/lemotdujour.fr\/wp-content\/uploads\/2019\/12\/121919_2307_Vendredi20d4-300x237.jpg 300w\" sizes=\"auto, (max-width: 277px) 100vw, 277px\" \/><\/figure><\/div>\n\n\n\n<p>Cette op\u00e9ration peut \u00eatre r\u00e9alis\u00e9e \u00e0 l&rsquo;aide d&rsquo;une spatule ou d&rsquo;un couteau.<\/p>\n\n\n\n<p>Quand la p\u00e2te est \u00e9tal\u00e9e, on l&rsquo;enfourne imm\u00e9diatement.<br><br><\/p>\n\n\n\n<p>Les consignes d&rsquo;Annie&nbsp;: <br>Temp\u00e9rature&nbsp;: <strong>160\u00b0C<\/strong> pendant <strong>15 minutes \u00e0 20 minutes<\/strong>.<br>Il faut regarder et sortir le g\u00e2teau quand il est pr\u00eat. On peut le v\u00e9rifier en plongeant un couteau dans la p\u00e2te.<\/p>\n\n\n\n<div class=\"wp-block-media-text alignwide has-media-on-the-right\" style=\"grid-template-columns:auto 52%\"><figure class=\"wp-block-media-text__media\"><img loading=\"lazy\" decoding=\"async\" width=\"509\" height=\"317\" src=\"https:\/\/lemotdujour.fr\/wp-content\/uploads\/2019\/12\/121919_2307_Vendredi20d5.jpg\" alt=\"\" class=\"wp-image-7674\" srcset=\"https:\/\/lemotdujour.fr\/wp-content\/uploads\/2019\/12\/121919_2307_Vendredi20d5.jpg 509w, https:\/\/lemotdujour.fr\/wp-content\/uploads\/2019\/12\/121919_2307_Vendredi20d5-300x187.jpg 300w\" sizes=\"auto, (max-width: 509px) 100vw, 509px\" \/><\/figure><div class=\"wp-block-media-text__content\">\n<p>A la sortie du four il ressemble  \u00e0 cela. <br>Puis on fait une pr\u00e9paration de gla\u00e7age comme pour les rhum bredele mais sans rhum. <\/p>\n<\/div><\/div>\n\n\n\n<div class=\"wp-block-media-text alignwide\" style=\"grid-template-columns:43% auto\"><figure class=\"wp-block-media-text__media\"><img loading=\"lazy\" decoding=\"async\" width=\"380\" height=\"405\" src=\"https:\/\/lemotdujour.fr\/wp-content\/uploads\/2019\/12\/121919_2307_Vendredi20d6.jpg\" alt=\"\" class=\"wp-image-7675\" srcset=\"https:\/\/lemotdujour.fr\/wp-content\/uploads\/2019\/12\/121919_2307_Vendredi20d6.jpg 380w, https:\/\/lemotdujour.fr\/wp-content\/uploads\/2019\/12\/121919_2307_Vendredi20d6-281x300.jpg 281w\" sizes=\"auto, (max-width: 380px) 100vw, 380px\" \/><\/figure><div class=\"wp-block-media-text__content\">\n<p>On va utiliser plus prosa\u00efquement de l&rsquo;eau chaude avec laquelle on mouille le sucre glace pour faire la cr\u00e8me.<br><br>On badigeonne le g\u00e2teau refroidi.<\/p>\n<\/div><\/div>\n\n\n\n<div class=\"wp-block-media-text alignwide has-media-on-the-right\" style=\"grid-template-columns:auto 64%\"><figure class=\"wp-block-media-text__media\"><img loading=\"lazy\" decoding=\"async\" width=\"434\" height=\"396\" src=\"https:\/\/lemotdujour.fr\/wp-content\/uploads\/2019\/12\/121919_2307_Vendredi20d7.jpg\" alt=\"\" class=\"wp-image-7676\" srcset=\"https:\/\/lemotdujour.fr\/wp-content\/uploads\/2019\/12\/121919_2307_Vendredi20d7.jpg 434w, https:\/\/lemotdujour.fr\/wp-content\/uploads\/2019\/12\/121919_2307_Vendredi20d7-300x274.jpg 300w\" sizes=\"auto, (max-width: 434px) 100vw, 434px\" \/><\/figure><div class=\"wp-block-media-text__content\">\n<p> On laisse s\u00e9cher. <\/p>\n\n\n\n<p>Puis on coupe en petits carr\u00e9s <\/p>\n<\/div><\/div>\n\n\n\n<p>Et voici le r\u00e9sultat <\/p>\n\n\n\n<figure class=\"wp-block-image is-resized\"><img loading=\"lazy\" decoding=\"async\" src=\"https:\/\/lemotdujour.fr\/wp-content\/uploads\/2019\/12\/121919_2307_Vendredi20d8.jpg\" alt=\"\" class=\"wp-image-7677\" width=\"583\" height=\"502\" srcset=\"https:\/\/lemotdujour.fr\/wp-content\/uploads\/2019\/12\/121919_2307_Vendredi20d8.jpg 490w, https:\/\/lemotdujour.fr\/wp-content\/uploads\/2019\/12\/121919_2307_Vendredi20d8-300x258.jpg 300w\" sizes=\"auto, (max-width: 583px) 100vw, 583px\" \/><\/figure>\n\n\n\n<p style=\"color:#790748\" class=\"has-text-color\">&lt;1331&gt;<\/p>\n","protected":false},"excerpt":{"rendered":"<p>\u00ab Pain d\u2019\u00e9pice de Nuremberg \u00bb G\u00e2teaux de no\u00ebl alsaciens n\u00b04 Cette recette est particuli\u00e8re pour Annie et moi car c&rsquo;est notre amie Fran\u00e7oise qui nous l&rsquo;a apprise. Elle nous a aussi permis de scanner son cahier dans lequel elle<\/p>\n","protected":false},"author":1,"featured_media":0,"comment_status":"open","ping_status":"closed","sticky":false,"template":"","format":"standard","meta":{"footnotes":""},"categories":[1],"tags":[161,66,160],"class_list":["post-7678","post","type-post","status-publish","format-standard","hentry","category-motdujour","tag-alsace","tag-recettes","tag-tradition"],"_links":{"self":[{"href":"https:\/\/lemotdujour.fr\/index.php?rest_route=\/wp\/v2\/posts\/7678","targetHints":{"allow":["GET"]}}],"collection":[{"href":"https:\/\/lemotdujour.fr\/index.php?rest_route=\/wp\/v2\/posts"}],"about":[{"href":"https:\/\/lemotdujour.fr\/index.php?rest_route=\/wp\/v2\/types\/post"}],"author":[{"embeddable":true,"href":"https:\/\/lemotdujour.fr\/index.php?rest_route=\/wp\/v2\/users\/1"}],"replies":[{"embeddable":true,"href":"https:\/\/lemotdujour.fr\/index.php?rest_route=%2Fwp%2Fv2%2Fcomments&post=7678"}],"version-history":[{"count":20,"href":"https:\/\/lemotdujour.fr\/index.php?rest_route=\/wp\/v2\/posts\/7678\/revisions"}],"predecessor-version":[{"id":7750,"href":"https:\/\/lemotdujour.fr\/index.php?rest_route=\/wp\/v2\/posts\/7678\/revisions\/7750"}],"wp:attachment":[{"href":"https:\/\/lemotdujour.fr\/index.php?rest_route=%2Fwp%2Fv2%2Fmedia&parent=7678"}],"wp:term":[{"taxonomy":"category","embeddable":true,"href":"https:\/\/lemotdujour.fr\/index.php?rest_route=%2Fwp%2Fv2%2Fcategories&post=7678"},{"taxonomy":"post_tag","embeddable":true,"href":"https:\/\/lemotdujour.fr\/index.php?rest_route=%2Fwp%2Fv2%2Ftags&post=7678"}],"curies":[{"name":"wp","href":"https:\/\/api.w.org\/{rel}","templated":true}]}}