{"id":7663,"date":"2019-12-19T00:38:11","date_gmt":"2019-12-18T23:38:11","guid":{"rendered":"http:\/\/lemotdujour.fr\/?p=7663"},"modified":"2019-12-19T08:27:20","modified_gmt":"2019-12-19T07:27:20","slug":"jeudi-19-decembre-2019","status":"publish","type":"post","link":"https:\/\/lemotdujour.fr\/?p=7663","title":{"rendered":"Jeudi 19 d\u00e9cembre 2019"},"content":{"rendered":"<div class=\"mdjTexte\">\u00ab\u00a0Rhum bredele\u00a0\u00a0\u00bb<\/div>\n<div class=\"mdjAuteur\">G\u00e2teaux de no\u00ebl alsaciens n\u00b03<\/div>\n<p><span style=\"color: #777777; font-family: Arial;\">Ce g\u00e2teau n&rsquo;est pas un g\u00e2teau de mon enfance.<br \/>\n<\/span><\/p>\n<p><span style=\"color: #777777; font-family: Arial;\">Il pr\u00e9sente l&rsquo;immense avantage qu&rsquo;apr\u00e8s avoir fait les macarons aux amandes, vous disposez de jaunes d&rsquo;\u0153ufs inutilis\u00e9s. <\/span><span style=\"color: #777777; font-family: Arial;\">Ces g\u00e2teaux vont permettre de les utiliser. Et j&rsquo;ai trouv\u00e9 cette recette dans le livre que nous a offert Fran\u00e7oise et dont j&rsquo;ai parl\u00e9 lundi.<br \/>\n<\/span><\/p>\n<p><span style=\"color: #777777; font-family: Arial;\">Cette fois il y a du beurre et du sucre et\u2026 du rhum. <\/span><span style=\"color: #777777; font-family: Arial;\">Je suppose que c&rsquo;est l&rsquo;association de ces 3 ingr\u00e9dients qui font tout le succ\u00e8s de ces g\u00e2teaux.<br \/>\n<\/span><\/p>\n<p><span style=\"color: #777777; font-family: Arial;\">Cette fois il y a beaucoup d&rsquo;ingr\u00e9dients\u00a0: <strong>huit<\/strong>.<br \/>\n<\/span><\/p>\n<p><span style=\"color: #777777; font-family: Arial;\">La recette, page 79 du livre, annonce\u00a0:<br \/>\n<\/span><\/p>\n<ol>\n<li><span style=\"color: #777777; font-family: Arial;\">175g de farine<br \/>\n<\/span><\/li>\n<li><span style=\"color: #777777; font-family: Arial;\">125g de sucre fin<br \/>\n<\/span><\/li>\n<li><span style=\"color: #777777; font-family: Arial;\">100g de beurre<br \/>\n<\/span><\/li>\n<li><span style=\"color: #777777; font-family: Arial;\">3 jaunes d&rsquo;\u0153ufs<br \/>\n<\/span><\/li>\n<li><span style=\"color: #777777; font-family: Arial;\">\u00bd cuill\u00e8re \u00e0 caf\u00e9 rase de levure chimique<br \/>\n<\/span><\/li>\n<li><span style=\"color: #777777; font-family: Arial;\">50g de raisins de secs (sultanines)<br \/>\n<\/span><\/li>\n<li><span style=\"color: #777777; font-family: Arial;\">150g de sucre glace<br \/>\n<\/span><\/li>\n<li><span style=\"color: #777777; font-family: Arial;\">4 cuill\u00e8res \u00e0 soupe de rhum<br \/>\n<\/span><\/li>\n<\/ol>\n<p><span style=\"color: #777777; font-family: Arial; text-decoration: underline;\">Quelques remarques pr\u00e9liminaires\u00a0:<br \/>\n<\/span><\/p>\n<p><span style=\"color: #777777; font-family: Arial;\">A mon sens cette recette, bien qu&rsquo;il y ait beaucoup d&rsquo;ingr\u00e9dients, me semble plus simple \u00e0 r\u00e9aliser que les deux premiers g\u00e2teaux. Je veux dire qu&rsquo;il est plus rare de rater sa r\u00e9alisation.<br \/>\n<\/span><\/p>\n<ul>\n<li><span style=\"color: #777777; font-family: Arial;\">Le point le plus d\u00e9licat me semble \u00eatre la pr\u00e9paration du gla\u00e7age pour napper les g\u00e2teaux. A ce stade, la mesure de 150 g de sucre glace et de 4 cuill\u00e8res \u00e0 soupe de rhum ne me semble pas la bonne la mani\u00e8re d&rsquo;aborder le sujet, il faut \u00eatre plus pragmatique. Nous y reviendrons.<br \/>\n<\/span><\/li>\n<li><span style=\"color: #777777; font-family: Arial;\">Vous constatez que dans cette recette, il est question de 3 jaunes d&rsquo;\u0153ufs alors que vous disposez de 6 jaunes d&rsquo;\u0153uf apr\u00e8s avoir fait les macarons. Rien ne vous emp\u00eache de doubler les mesures de cette recette. L&rsquo;apport de beurre, de sucre et de rhum me semble cependant inciter \u00e0 une certaine mod\u00e9ration, m\u00eame si vous \u00eates en tr\u00e8s bonne sant\u00e9.<br \/>\n<\/span><\/li>\n<li><span style=\"color: #777777; font-family: Arial;\">L&rsquo;indication de la recette officielle\u00a0: <strong>\u00ab\u00a0\u00bd cuill\u00e8re \u00e0 caf\u00e9 rase de levure chimique<\/strong>\u00a0\u00bb me semble obscure. Une cuill\u00e8re rase je vois ce que c&rsquo;est, une demi cuill\u00e8re aussi, mais une demi cuill\u00e8re rase me semble un concept flou. Je prends une demi-cuill\u00e8re.<br \/>\n<\/span><\/li>\n<li><span style=\"color: #777777; font-family: Arial;\">Vous pouvez peser les jaunes d&rsquo;\u0153ufs qui doivent donc dans ces proportions peser 60g. Toutefois pour cette recette, l&rsquo;\u00e9quilibre des ingr\u00e9dients n&rsquo;est pas fragile comme pour les anis et les macarons.<br \/>\n<\/span><\/li>\n<li><span style=\"color: #777777; font-family: Arial;\">Il m&rsquo;est arriv\u00e9 et j&rsquo;ai trouv\u00e9 le r\u00e9sultat probant de remplacer une partie des 50g de raisins par des cranberrys secs, disons 10g.<br \/>\n<\/span><\/li>\n<li><span style=\"color: #777777; font-family: Arial;\">Enfin depuis l&rsquo;ann\u00e9e derni\u00e8re j&rsquo;ai remplac\u00e9 dans la recette 10g de sucre et 40g de farine par 50 g de noisettes en poudre. Cela ajoute un go\u00fbt plus subtil.<br \/>\n<\/span><\/li>\n<\/ul>\n<p><span style=\"color: #777777; font-family: Arial;\">J&rsquo;ai fait une derni\u00e8re innovation, mais j&rsquo;en parlerai plus tard.<br \/>\n<\/span><\/p>\n<p><span style=\"color: #777777; font-family: Arial;\">La premi\u00e8re \u00e9tape consiste \u00e0 battre le beurre en mousse avec le sucre fin jusqu&rsquo;\u00e0 blanchir la masse.<br \/>\n<\/span><\/p>\n<p><span style=\"color: #777777; font-family: Arial;\">Il faut \u00e9videmment que le beurre soit \u00e0 temp\u00e9rature ambiante et soit sorti du r\u00e9frig\u00e9rateur au moins depuis deux heures.<br \/>\n<\/span><\/p>\n<p><span style=\"color: #777777; font-family: Arial;\">S&rsquo;il le faut et avec beaucoup de prudence et \u00e0 temp\u00e9rature tr\u00e8s douce, il est possible de faire fondre une petite partie du beurre dans une casserole.<br \/>\n<\/span><\/p>\n<p><span style=\"color: #777777; font-family: Arial;\">Puis il faut ajouter un \u00e0 un les jaunes d&rsquo;\u0153ufs.<br \/>\n<\/span><\/p>\n<p><span style=\"color: #777777; font-family: Arial;\">Puis la farine\u00a0; la levure chimique et les raisins secs.<br \/>\n<\/span><\/p>\n<p><span style=\"color: #777777; font-family: Arial;\"><img loading=\"lazy\" decoding=\"async\" class=\"size-full wp-image-7658 alignleft\" src=\"https:\/\/lemotdujour.fr\/wp-content\/uploads\/2019\/12\/121819_2326_Jeudi19dcem1.jpg\" alt=\"\" width=\"336\" height=\"325\" srcset=\"https:\/\/lemotdujour.fr\/wp-content\/uploads\/2019\/12\/121819_2326_Jeudi19dcem1.jpg 336w, https:\/\/lemotdujour.fr\/wp-content\/uploads\/2019\/12\/121819_2326_Jeudi19dcem1-300x290.jpg 300w\" sizes=\"auto, (max-width: 336px) 100vw, 336px\" \/>Cela donne une p\u00e2te assez solide et compacte.<br \/>\n<\/span><\/p>\n<p><span style=\"color: #777777; font-family: Arial;\">La derni\u00e8re innovation consiste \u00e0 mettre une cuill\u00e8re \u00e0 caf\u00e9 de rhum sur les raisins secs, avant de les ins\u00e9rer dans la p\u00e2te.<br \/>\n<\/span><\/p>\n<p><img decoding=\"async\" class=\"alignright\" src=\"https:\/\/lemotdujour.fr\/wp-content\/uploads\/2019\/12\/121819_2326_Jeudi19dcem2.jpg\" alt=\"\" align=\"left\" \/><span style=\"color: #777777; font-family: Arial;\">Trop de beurre nuit au beurre et surtout \u00e0 la sant\u00e9, donc encore une fois vous ne beurrez pas la t\u00f4le mais vous la recouvrez de papier sulfuris\u00e9.<br \/>\n<\/span><\/p>\n<p><span style=\"color: #777777; font-family: Arial;\">Contrairement aux anis et au conseil du livre je ne trouve pas op\u00e9rant d&rsquo;utiliser deux cuill\u00e8res \u00e0 caf\u00e9 pour d\u00e9poser la p\u00e2te sur la t\u00f4le.<br \/>\n<\/span><\/p>\n<p><span style=\"color: #777777; font-family: Arial;\">Je trouve beaucoup plus simple de faire ce travail \u00e0 main nue et en confectionnant des petites boules avec les doigts.<br \/>\n<\/span><\/p>\n<p><span style=\"color: #777777; font-family: Arial;\">Au four cette p\u00e2te va s&rsquo;\u00e9taler pour donner des palets.<br \/>\n<\/span><\/p>\n<p><span style=\"color: #777777; font-family: Arial;\">Apr\u00e8s cela on peut enfourner.<br \/>\n<\/span><\/p>\n<p><img loading=\"lazy\" decoding=\"async\" class=\"alignleft\" src=\"https:\/\/lemotdujour.fr\/wp-content\/uploads\/2019\/12\/121819_2326_Jeudi19dcem3.jpg\" alt=\"\" width=\"317\" height=\"238\" align=\"left\" \/><span style=\"color: #777777; font-family: Arial;\">Dans notre four c&rsquo;est <strong>125\u00b0C<\/strong> pour <strong>15 minutes<\/strong>.<br \/>\n<\/span><\/p>\n<p><span style=\"color: #777777; font-family: Arial;\">Je rappelle que pour les g\u00e2teaux on <strong>n&rsquo;<\/strong>utilise <strong>pas<\/strong> la chaleur tournante du four.<\/span><\/p>\n<p><span style=\"color: #777777; font-family: Arial;\">Il faut les laisser refroidir au moins une heure avant de les glacer.<br \/>\n<\/span><\/p>\n<p><img loading=\"lazy\" decoding=\"async\" class=\"alignright\" src=\"https:\/\/lemotdujour.fr\/wp-content\/uploads\/2019\/12\/121819_2326_Jeudi19dcem4.jpg\" alt=\"\" width=\"265\" height=\"265\" align=\"left\" \/><span style=\"color: #777777; font-family: Arial;\">Pour le gla\u00e7age, je pr\u00e9conise de ne pas suivre la recette de mani\u00e8re rigide. Moi je mets un fond de sucre glace dans un ramequin que je mouille peu \u00e0 peu de rhum, tout en le remuant avec le pinceau qui va me permettre d&rsquo;\u00e9taler le gla\u00e7age sur le g\u00e2teau.<br \/>\n<\/span><\/p>\n<p><span style=\"color: #777777; font-family: Arial;\">Et je m&rsquo;arr\u00eate de mouiller, \u00e0 partir du moment o\u00f9 j&rsquo;obtiens une pr\u00e9paration propice \u00e0 \u00eatre utilis\u00e9e.<br \/>\n<\/span><\/p>\n<p><span style=\"color: #777777; font-family: Arial;\">Et je recommence la mixture, lorsque j&rsquo;ai totalement \u00e9tal\u00e9 la premi\u00e8re pr\u00e9paration.<br \/>\n<\/span><\/p>\n<p><span style=\"color: #777777; font-family: Arial;\">Si vous voulez aller trop vite vous allez successivement rajouter du rhum ou du sucre glace pour obtenir la bonne texture. Et au bout du bout, vous aurez une pr\u00e9paration bien trop importante pour vos besoins. En outre, vous aurez g\u00e2ch\u00e9 du rhum et du sucre glace.<br \/>\n<\/span><\/p>\n<p><img loading=\"lazy\" decoding=\"async\" class=\"alignleft\" src=\"https:\/\/lemotdujour.fr\/wp-content\/uploads\/2019\/12\/121819_2326_Jeudi19dcem5.jpg\" alt=\"\" width=\"396\" height=\"317\" align=\"left\" \/><span style=\"color: #777777; font-family: Arial;\">Apr\u00e8s le gla\u00e7age vous obtenez des g\u00e2teaux qu&rsquo;il faut encore laisser reposer avant de pouvoir les manger une fois que le gla\u00e7age aura fait son effet.<br \/>\n<\/span><\/p>\n<p><span style=\"color: #777777; font-family: Arial;\">A consommer donc avec mod\u00e9ration\u2026<br \/>\n<\/span><\/p>\n<p><span style=\"color: #c00000; font-family: Arial;\">&lt;1330&gt;<br \/>\n<\/span><\/p>\n<p><span style=\"color: #777777; font-family: Arial;\">\u00a0<\/span><\/p>\n","protected":false},"excerpt":{"rendered":"<p>\u00ab\u00a0Rhum bredele\u00a0\u00a0\u00bb G\u00e2teaux de no\u00ebl alsaciens n\u00b03 Ce g\u00e2teau n&rsquo;est pas un g\u00e2teau de mon enfance. Il pr\u00e9sente l&rsquo;immense avantage qu&rsquo;apr\u00e8s avoir fait les macarons aux amandes, vous disposez de jaunes d&rsquo;\u0153ufs inutilis\u00e9s. Ces g\u00e2teaux vont permettre de les utiliser.<\/p>\n","protected":false},"author":1,"featured_media":0,"comment_status":"open","ping_status":"closed","sticky":false,"template":"","format":"standard","meta":{"footnotes":""},"categories":[1],"tags":[161,66,160],"class_list":["post-7663","post","type-post","status-publish","format-standard","hentry","category-motdujour","tag-alsace","tag-recettes","tag-tradition"],"_links":{"self":[{"href":"https:\/\/lemotdujour.fr\/index.php?rest_route=\/wp\/v2\/posts\/7663","targetHints":{"allow":["GET"]}}],"collection":[{"href":"https:\/\/lemotdujour.fr\/index.php?rest_route=\/wp\/v2\/posts"}],"about":[{"href":"https:\/\/lemotdujour.fr\/index.php?rest_route=\/wp\/v2\/types\/post"}],"author":[{"embeddable":true,"href":"https:\/\/lemotdujour.fr\/index.php?rest_route=\/wp\/v2\/users\/1"}],"replies":[{"embeddable":true,"href":"https:\/\/lemotdujour.fr\/index.php?rest_route=%2Fwp%2Fv2%2Fcomments&post=7663"}],"version-history":[{"count":5,"href":"https:\/\/lemotdujour.fr\/index.php?rest_route=\/wp\/v2\/posts\/7663\/revisions"}],"predecessor-version":[{"id":7669,"href":"https:\/\/lemotdujour.fr\/index.php?rest_route=\/wp\/v2\/posts\/7663\/revisions\/7669"}],"wp:attachment":[{"href":"https:\/\/lemotdujour.fr\/index.php?rest_route=%2Fwp%2Fv2%2Fmedia&parent=7663"}],"wp:term":[{"taxonomy":"category","embeddable":true,"href":"https:\/\/lemotdujour.fr\/index.php?rest_route=%2Fwp%2Fv2%2Fcategories&post=7663"},{"taxonomy":"post_tag","embeddable":true,"href":"https:\/\/lemotdujour.fr\/index.php?rest_route=%2Fwp%2Fv2%2Ftags&post=7663"}],"curies":[{"name":"wp","href":"https:\/\/api.w.org\/{rel}","templated":true}]}}