{"id":764,"date":"2014-07-04T02:00:00","date_gmt":"2014-07-03T22:00:00","guid":{"rendered":"http:\/\/lemotdujour.fr\/?p=764"},"modified":"2017-05-31T20:51:16","modified_gmt":"2017-05-31T18:51:16","slug":"vendredi-04072014","status":"publish","type":"post","link":"https:\/\/lemotdujour.fr\/?p=764","title":{"rendered":"Vendredi 04\/07\/2014"},"content":{"rendered":"<div class=\"mdjDate\">Vendredi 04\/07\/2014<\/div>\n<div class=\"mdjTexte\">\u00abVous serez intelligent le jour o\u00f9 vous aurez compris<br \/>\nce que signifie vraiment le mot d\u00e9magogie.\u00bb<\/div>\n<div class=\"mdjAuteur\">Monsieur Comtesse, Mon professeur de fran\u00e7ais de Troisi\u00e8me.<\/div>\n<div class=\"mdjComplements\">Je me souviens de cette parole que j&rsquo;ai entendue il y plus de 40 ans.<\/div>\n<div class=\"mdjComplements\">Et depuis, je m&rsquo;efforce de rester vigilant.<\/div>\n<div class=\"mdjComplements\">Le d\u00e9magogue gouverne et dirige tr\u00e8s mal.<\/div>\n<div class=\"mdjComplements\">Mais h\u00e9las, le plus souvent, ce sont les d\u00e9magogues qui sont \u00e9lus.<\/div>\n<div class=\"mdjComplements\">Normalement avec les r\u00e9seaux sociaux, l&rsquo;extraordinaire m\u00e9moire de nos syst\u00e8mes d\u00e9mat\u00e9rialis\u00e9s qui gardent toutes les professions de foi, tous les discours, toutes les promesses. Nous devrions globalement toujours pouvoir d\u00e9masquer les d\u00e9magogues.<\/div>\n<div class=\"mdjComplements\">Avec cette m\u00e9moire qui est \u00e0 notre disposition il est simple \u00e0 reconna\u00eetre : un d\u00e9magogue ne fait pas ce qu&rsquo;il dit, ne dit pas ce qu&rsquo;il fait et promet ce qu&rsquo;il sait ne pas pouvoir tenir.<\/div>\n<div class=\"mdjComplements\">J&rsquo;ai la dr\u00f4le d&rsquo;impression que malgr\u00e9 tous ces outils nous continuons globalement \u00e0 nous laisser abuser.<\/div>\n<div class=\"mdjComplements\">Que le Ciel vous tienne en joie et nous permette tous de progresser et de devenir plus intelligent au sens o\u00f9 l&rsquo;entendait mon professeur qui est soit tr\u00e8s vieux, soit plus de ce monde.<\/div>\n<div class=\"mdjComplements\"><span style=\"color: #800000;\">&lt;319&gt;<\/span><\/div>\n","protected":false},"excerpt":{"rendered":"<p>Vendredi 04\/07\/2014 \u00abVous serez intelligent le jour o\u00f9 vous aurez compris ce que signifie vraiment le mot d\u00e9magogie.\u00bb Monsieur Comtesse, Mon professeur de fran\u00e7ais de Troisi\u00e8me. Je me souviens de cette parole que j&rsquo;ai entendue il y plus de 40<\/p>\n","protected":false},"author":1,"featured_media":0,"comment_status":"closed","ping_status":"closed","sticky":false,"template":"","format":"standard","meta":{"footnotes":""},"categories":[1],"tags":[19,6,3],"class_list":["post-764","post","type-post","status-publish","format-standard","hentry","category-motdujour","tag-personnel","tag-philosophie","tag-politique"],"_links":{"self":[{"href":"https:\/\/lemotdujour.fr\/index.php?rest_route=\/wp\/v2\/posts\/764","targetHints":{"allow":["GET"]}}],"collection":[{"href":"https:\/\/lemotdujour.fr\/index.php?rest_route=\/wp\/v2\/posts"}],"about":[{"href":"https:\/\/lemotdujour.fr\/index.php?rest_route=\/wp\/v2\/types\/post"}],"author":[{"embeddable":true,"href":"https:\/\/lemotdujour.fr\/index.php?rest_route=\/wp\/v2\/users\/1"}],"replies":[{"embeddable":true,"href":"https:\/\/lemotdujour.fr\/index.php?rest_route=%2Fwp%2Fv2%2Fcomments&post=764"}],"version-history":[{"count":3,"href":"https:\/\/lemotdujour.fr\/index.php?rest_route=\/wp\/v2\/posts\/764\/revisions"}],"predecessor-version":[{"id":2398,"href":"https:\/\/lemotdujour.fr\/index.php?rest_route=\/wp\/v2\/posts\/764\/revisions\/2398"}],"wp:attachment":[{"href":"https:\/\/lemotdujour.fr\/index.php?rest_route=%2Fwp%2Fv2%2Fmedia&parent=764"}],"wp:term":[{"taxonomy":"category","embeddable":true,"href":"https:\/\/lemotdujour.fr\/index.php?rest_route=%2Fwp%2Fv2%2Fcategories&post=764"},{"taxonomy":"post_tag","embeddable":true,"href":"https:\/\/lemotdujour.fr\/index.php?rest_route=%2Fwp%2Fv2%2Ftags&post=764"}],"curies":[{"name":"wp","href":"https:\/\/api.w.org\/{rel}","templated":true}]}}