{"id":7637,"date":"2019-12-18T00:12:24","date_gmt":"2019-12-17T23:12:24","guid":{"rendered":"http:\/\/lemotdujour.fr\/?p=7637"},"modified":"2019-12-20T12:11:34","modified_gmt":"2019-12-20T11:11:34","slug":"mercredi-18-decembre-2019","status":"publish","type":"post","link":"https:\/\/lemotdujour.fr\/?p=7637","title":{"rendered":"Mercredi 18 d\u00e9cembre 2019"},"content":{"rendered":"<div class=\"mdjTexte\">\u00ab&nbsp;&nbsp;Les macarons aux amandes&nbsp;\u00bb<\/div>\n<div class=\"mdjAuteur\">G\u00e2teaux de no\u00ebl alsaciens n\u00b02<\/div>\n<p><span style=\"color: #777777; font-family: Arial;\">Comme pour les \u00ab&nbsp;Anis Bredele&nbsp;\u00bb les macarons aux amandes ou si on veut rester dans l&rsquo;ambiance alsacienne \u00ab&nbsp;<strong>die Mandel Makrone<\/strong> \u00bb sont li\u00e9s \u00e0 mon enfance car ceux que faisait ma m\u00e8re \u00e9taient succulents et mon objectif de pouvoir approcher cette perfection s&rsquo;est r\u00e9v\u00e9l\u00e9 encore plus difficile.<br \/>\n<\/span><\/p>\n<p><span style=\"color: #777777; font-family: Arial;\">Hier, il y avait 4 ingr\u00e9dients. Pour les macarons, il n&rsquo;y a plus que 3 ingr\u00e9dients et toujours pas de beurre\u2026<\/span><\/p>\n<ol style=\"margin-left: 39pt;\">\n<li><span style=\"color: #777777; font-family: Arial;\">6 blancs d&rsquo;\u0153ufs<br \/>\n<\/span><\/li>\n<li><span style=\"color: #777777; font-family: Arial;\">250g de sucre fin<br \/>\n<\/span><\/li>\n<li><span style=\"color: #777777; font-family: Arial;\">350g d&rsquo;amandes<br \/>\n<\/span><\/li>\n<\/ol>\n<p><span style=\"color: #777777; font-family: Arial;\">Nous avons maintenant l&rsquo;exp\u00e9rience d&rsquo;une premi\u00e8re recette de g\u00e2teaux alsaciens, la deuxi\u00e8me pourra \u00eatre un peu plus rapide et insister sur les points particuliers.<br \/>\n<\/span><\/p>\n<p><img loading=\"lazy\" decoding=\"async\" class=\"alignleft\" src=\"https:\/\/lemotdujour.fr\/wp-content\/uploads\/2019\/12\/121719_2258_Mercredi18d1-1.jpg\" alt=\"\" width=\"284\" height=\"217\" align=\"left\"><span style=\"color: #777777; font-family: Arial;\">Si on veut r\u00e9sumer ce g\u00e2teau, c&rsquo;est assez simple&nbsp;:<br \/>\n<\/span><\/p>\n<p><span style=\"color: #777777; font-family: Arial;\">C&rsquo;est une meringue \u00e0 laquelle on ajoute de la poudre d&rsquo;amandes.<br \/>\n<\/span><\/p>\n<p><span style=\"color: #777777; font-family: Arial;\">La premi\u00e8re chose est donc de s\u00e9parer les blancs des jaunes.<br \/>\n<\/span><\/p>\n<p><span style=\"color: #777777; font-family: Arial;\">Nous trouvons l&rsquo;utilisation d&rsquo;un petit ustensile particuli\u00e8rement commode pour proc\u00e9der \u00e0 cette op\u00e9ration.<br \/>\n<\/span><\/p>\n<p><span style=\"color: #777777; font-family: Arial;\">Nous disposons donc \u00e0 la fin de 6 blancs d&rsquo;\u0153uf.<br \/>\n<\/span><\/p>\n<p><span style=\"color: #777777; font-family: Arial;\">Si vous avez bien suivi, vous saurez que nous allons les peser.<br \/>\n<\/span><\/p>\n<p><span style=\"color: #777777; font-family: Arial;\">Il faut donc une pr\u00e9cision suppl\u00e9mentaire&nbsp;:<br \/>\n<\/span><\/p>\n<p><span style=\"color: #777777; font-family: Arial;\">Un \u0153uf c&rsquo;est 50 g, <strong>un blanc d&rsquo;\u0153uf c&rsquo;est 30 g<\/strong> et un jaune d&rsquo;\u0153uf 20g.<br \/>\n<\/span><\/p>\n<p><span style=\"color: #777777; font-family: Arial;\">6 blancs d&rsquo;\u0153uf devraient donc peser 180g. Cette ann\u00e9e quand j&rsquo;ai pes\u00e9 les 6 blancs d&rsquo;\u0153uf j&rsquo;ai obtenu 235g.<br \/>\n<\/span><\/p>\n<p><span style=\"color: #777777; font-family: Arial;\">Nous ne sommes pas dans la configuration rapport\u00e9e hier pour les anis (308 pour 300 soit un surplus de 3%). <\/span><span style=\"color: #777777; font-family: Arial;\">Cette fois, nous avons un surplus de 55g, ce qui repr\u00e9sente 31% de plus par rapport \u00e0 la mesure attendue, coh\u00e9rente avec les mesures de sucre et d&rsquo;amandes.<br \/>\n<\/span><\/p>\n<p><span style=\"color: #777777; font-family: Arial;\">Il est tr\u00e8s clair que si vous ne mettez pas en \u0153uvre, dans un tel cas, les mesures correctives gr\u00e2ce \u00e0 une habile r\u00e8gle de trois, d\u00e9velopp\u00e9e hier, le r\u00e9sultat que vous allez obtenir sera d&rsquo;une platitude d\u00e9sesp\u00e9rante. Probablement m\u00eame que vous n&rsquo;obtiendrez pas des g\u00e2teaux individuels mais une masse informe sur l&rsquo;ensemble de votre plaque qui aura certes quelque gout, mais dont l&rsquo;aspect vous interdira de le pr\u00e9senter \u00e0 quiconque.<br \/>\n<\/span><\/p>\n<p><span style=\"color: #777777; font-family: Arial;\">Donc on rectifie les mesures comme il se doit.<br \/>\n<\/span><\/p>\n<p><span style=\"color: #777777; font-family: Arial;\">Ensuite, il s&rsquo;agit de m\u00e9langer les blancs d&rsquo;\u0153ufs et le sucre. Pour ce faire, la tradition veut que vous fassiez le m\u00e9lange dans une casserole que vous allez chauffer \u00e0 55\u00b0C, m\u00e9lange que vous remuerez, sans arr\u00eat, manuellement \u00e0 l&rsquo;aide d&rsquo;un fouet.<br \/>\n<\/span><\/p>\n<p><img loading=\"lazy\" decoding=\"async\" class=\"alignright\" src=\"https:\/\/lemotdujour.fr\/wp-content\/uploads\/2019\/12\/121719_2258_Mercredi18d2-1.jpg\" alt=\"\" width=\"352\" height=\"325\" align=\"right\"><span style=\"color: #777777; font-family: Arial;\">Je suppose qu&rsquo;il existe des appareils \u00e9lectriques qui \u00e0 la fois remue le m\u00e9lange, le chauffe exactement \u00e0 55\u00b0C et le conserve \u00e0 cette temp\u00e9rature. <\/span><span style=\"color: #777777; font-family: Arial;\">Si vous disposez d&rsquo;un tel appareil n&rsquo;h\u00e9sitez pas \u00e0 l&rsquo;utiliser. Ce n&rsquo;est pas notre cas.<br \/>\n<\/span><\/p>\n<p><span style=\"color: #777777; font-family: Arial;\">Une fois la temp\u00e9rature atteinte et le m\u00e9lange sucre, blanc d&rsquo;\u0153uf homog\u00e8ne, vous allez battre cette pr\u00e9paration en neige ferme. <\/span><span style=\"color: #777777; font-family: Arial;\">Je ne donne aucun temps, il suffit de regarder. <\/span><span style=\"color: #777777; font-family: Arial;\">Et de savoir ce qu&rsquo;est une neige ferme. <\/span><span style=\"color: #777777; font-family: Arial;\">Une photo permet de visualiser le concept.<br \/>\n<\/span><\/p>\n<p><span style=\"color: #777777; font-family: Arial;\">Apr\u00e8s cela, il faut incorporer la poudre d&rsquo;amandes qui est le moment le plus d\u00e9licat de cette recette.<br \/>\n<\/span><\/p>\n<p><span style=\"color: #777777; font-family: Arial;\">Au pr\u00e9alable il faut bien s\u00fbr disposer de poudre d&rsquo;amandes.<br \/>\n<\/span><\/p>\n<p><span style=\"color: #777777; font-family: Arial;\">Vous pouvez l&rsquo;acheter directement sous format de poudre. <\/span><span style=\"color: #777777; font-family: Arial;\">Nous l&rsquo;avons fait souvent. A Lyon, la famille d&rsquo;origine arm\u00e9nienne Bahadourian vend d&rsquo;excellents produits.<br \/>\n<\/span><\/p>\n<p><span style=\"color: #777777; font-family: Arial;\">Mais on peut aussi \u00e9monder les amandes et les moudre soit m\u00eame \u00e0 l&rsquo;aide d&rsquo;un appareil ad\u00e9quat.<br \/>\n<\/span><\/p>\n<p><span style=\"color: #777777; font-family: Arial;\">Pour les \u00e9monder, la m\u00e9thode la plus simple est de les mettre dans de l&rsquo;eau chaude. La peau s&rsquo;enl\u00e8ve facilement. Mais vous avez alors des amandes l\u00e9g\u00e8rement cuites et surtout humides.<br \/>\n<\/span><\/p>\n<p><span style=\"color: #777777; font-family: Arial;\">Ma maman les mettait au four avant de les moudre.<br \/>\n<\/span><\/p>\n<p><span style=\"color: #777777; font-family: Arial;\">Il est aussi possible de mettre les amandes dans de l&rsquo;eau froide une nuit et le lendemain de les \u00e9monder. L&rsquo;avantage c&rsquo;est qu&rsquo;ainsi leur go\u00fbt n&rsquo;est pas alt\u00e9r\u00e9 par l&rsquo;eau chaude, l&rsquo;\u00e9mondage est un peu moins commode.<\/span><\/p>\n<p><span style=\"color: #777777; font-family: Arial;\">De toutes les mani\u00e8res, il faut arriver \u00e0 de la poudre d&rsquo;amandes. En principe, dans la recette toutes les amandes sont \u00e9mond\u00e9es. Mais ce qu&rsquo;il y a de bien avec ces traditions, c&rsquo;est qu&rsquo;elles permettent des innovations, je ne dis pas des progr\u00e8s. Cette ann\u00e9e, nous avons laiss\u00e9 un peu moins du quart des amandes avec leur peau et nous avons m\u00e9lang\u00e9 les deux poudres obtenues. Il semble que le r\u00e9sultat soit tout \u00e0 fait convaincant. Moi je ne sais pas, je n&rsquo;ai pas go\u00fbt\u00e9.<\/span><\/p>\n<p><span style=\"color: #777777; font-family: Arial;\">&nbsp;<\/span><\/p>\n<p><img loading=\"lazy\" decoding=\"async\" class=\"alignleft\" src=\"https:\/\/lemotdujour.fr\/wp-content\/uploads\/2019\/12\/121719_2258_Mercredi18d3-1.jpg\" alt=\"\" width=\"365\" height=\"307\" align=\"left\"><\/p>\n<p><span style=\"color: #777777; font-family: Arial;\">Je disais donc que l&rsquo;\u00e9tape d\u00e9licate de cette recette c&rsquo;est l&rsquo;incorporation de la poudre d&rsquo;amandes dans les \u0153ufs battus en neige ferme.<br \/>\n<\/span><\/p>\n<p><span style=\"color: #777777; font-family: Arial;\">Il faut, autant que faire se peut, ne pas \u00ab&nbsp;casser&nbsp;\u00bb la pr\u00e9paration obtenue.<br \/>\n<\/span><\/p>\n<p><span style=\"color: #777777; font-family: Arial;\">Je fais cette op\u00e9ration manuellement en adoptant un mouvement de roulis et \u2026<br \/>\n<\/span><\/p>\n<p><span style=\"color: #777777; font-family: Arial;\">Comme toujours en prenant mon temps.<br \/>\n<\/span><\/p>\n<p><span style=\"color: #777777; font-family: Arial;\">Aucune pr\u00e9cipitation ne saurait obtenir un bon r\u00e9sultat.<br \/>\n<\/span><\/p>\n<p><img loading=\"lazy\" decoding=\"async\" class=\"alignleft\" src=\"https:\/\/lemotdujour.fr\/wp-content\/uploads\/2019\/12\/121719_2258_Mercredi18d4-1.jpg\" alt=\"\" width=\"333\" height=\"298\" align=\"left\"><span style=\"color: #777777; font-family: Arial;\">C&rsquo;est encore une photo qui permet d&rsquo;approcher ce que devrait \u00eatre le r\u00e9sultat final.<br \/>\n<\/span><\/p>\n<p><img loading=\"lazy\" decoding=\"async\" class=\"alignright\" src=\"https:\/\/lemotdujour.fr\/wp-content\/uploads\/2019\/12\/121719_2258_Mercredi18d5-1.jpg\" alt=\"\" width=\"338\" height=\"339\" align=\"left\"><\/p>\n<p><span style=\"color: #777777; font-family: Arial;\">Puis il faut d\u00e9poser sur la t\u00f4le (non beurr\u00e9e&nbsp;!!!) mais prot\u00e9g\u00e9e par du papier sulfuris\u00e9 des d\u00f4mes de cette p\u00e2te.<br \/>\n<\/span><\/p>\n<p><span style=\"color: #777777; font-family: Arial;\">On se sert d&rsquo;un appareil avec douille, une poche ou comme ici une seringue.<br \/>\n<\/span><\/p>\n<p><span style=\"color: #777777; font-family: Arial;\">Et doucement, d\u00e9licatement on d\u00e9pose comme une offrande une petite forme qui deviendra macaron.<br \/>\n<\/span><\/p>\n<p><span style=\"color: #777777; font-family: Arial;\">Une fois ce travail r\u00e9alis\u00e9, il faut encore attendre. <\/span><span style=\"color: #777777; font-family: Arial;\">Laissez reposer environ 2 heures.<br \/>\n<\/span><\/p>\n<p><span style=\"color: #777777; font-family: Arial;\">Puis vous enfournez comme pr\u00e9cis\u00e9 hier.<br \/>\n<\/span><\/p>\n<p><span style=\"color: #777777; font-family: Arial;\">La temp\u00e9rature est faible <strong>125\u00b0C<\/strong>.<br \/>\n<\/span><\/p>\n<p><span style=\"color: #777777; font-family: Arial;\">Le temps de cuisson est dans notre four de <strong>25 minutes.<\/strong><br \/>\n<\/span><\/p>\n<p><span style=\"color: #777777; font-family: Arial;\">Selon votre go\u00fbt, vous pouvez jouer sur quelques minutes.<br \/>\n<\/span><\/p>\n<p><span style=\"color: #777777; font-family: Arial;\">Et voici le r\u00e9sultat<br \/>\n<\/span><\/p>\n<p><img decoding=\"async\" src=\"https:\/\/lemotdujour.fr\/wp-content\/uploads\/2019\/12\/121719_2258_Mercredi18d6-1.jpg\" alt=\"\" align=\"left\"><span style=\"color: #777777; font-family: Arial;\"><br \/>\n<\/span><\/p>\n<p><span style=\"color: #c00000; font-family: Arial;\">&lt;1329&gt;<\/span><\/p>\n","protected":false},"excerpt":{"rendered":"<p>\u00ab&nbsp;&nbsp;Les macarons aux amandes&nbsp;\u00bb G\u00e2teaux de no\u00ebl alsaciens n\u00b02 Comme pour les \u00ab&nbsp;Anis Bredele&nbsp;\u00bb les macarons aux amandes ou si on veut rester dans l&rsquo;ambiance alsacienne \u00ab&nbsp;die Mandel Makrone \u00bb sont li\u00e9s \u00e0 mon enfance car ceux que faisait ma<\/p>\n","protected":false},"author":1,"featured_media":0,"comment_status":"open","ping_status":"closed","sticky":false,"template":"","format":"standard","meta":{"footnotes":""},"categories":[1],"tags":[161,66,160],"class_list":["post-7637","post","type-post","status-publish","format-standard","hentry","category-motdujour","tag-alsace","tag-recettes","tag-tradition"],"_links":{"self":[{"href":"https:\/\/lemotdujour.fr\/index.php?rest_route=\/wp\/v2\/posts\/7637","targetHints":{"allow":["GET"]}}],"collection":[{"href":"https:\/\/lemotdujour.fr\/index.php?rest_route=\/wp\/v2\/posts"}],"about":[{"href":"https:\/\/lemotdujour.fr\/index.php?rest_route=\/wp\/v2\/types\/post"}],"author":[{"embeddable":true,"href":"https:\/\/lemotdujour.fr\/index.php?rest_route=\/wp\/v2\/users\/1"}],"replies":[{"embeddable":true,"href":"https:\/\/lemotdujour.fr\/index.php?rest_route=%2Fwp%2Fv2%2Fcomments&post=7637"}],"version-history":[{"count":8,"href":"https:\/\/lemotdujour.fr\/index.php?rest_route=\/wp\/v2\/posts\/7637\/revisions"}],"predecessor-version":[{"id":7697,"href":"https:\/\/lemotdujour.fr\/index.php?rest_route=\/wp\/v2\/posts\/7637\/revisions\/7697"}],"wp:attachment":[{"href":"https:\/\/lemotdujour.fr\/index.php?rest_route=%2Fwp%2Fv2%2Fmedia&parent=7637"}],"wp:term":[{"taxonomy":"category","embeddable":true,"href":"https:\/\/lemotdujour.fr\/index.php?rest_route=%2Fwp%2Fv2%2Fcategories&post=7637"},{"taxonomy":"post_tag","embeddable":true,"href":"https:\/\/lemotdujour.fr\/index.php?rest_route=%2Fwp%2Fv2%2Ftags&post=7637"}],"curies":[{"name":"wp","href":"https:\/\/api.w.org\/{rel}","templated":true}]}}