{"id":762,"date":"2014-07-03T02:00:00","date_gmt":"2014-07-02T22:00:00","guid":{"rendered":"http:\/\/lemotdujour.fr\/?p=762"},"modified":"2017-05-08T13:22:29","modified_gmt":"2017-05-08T11:22:29","slug":"jeudi-03072014","status":"publish","type":"post","link":"https:\/\/lemotdujour.fr\/?p=762","title":{"rendered":"Jeudi 03\/07\/2014"},"content":{"rendered":"<div class=\"mdjDate\">Jeudi 03\/07\/2014<\/div>\n<div class=\"mdjTexte\">\u00ab [La Loi] doit \u00eatre la m\u00eame pour tous, soit qu&rsquo;elle prot\u00e8ge, soit qu&rsquo;elle punisse. \u00ab<\/div>\n<div class=\"mdjAuteur\">D\u00e9claration des Droits de l&rsquo;Homme et du Citoyen 1789 &#8211; Article 6<\/div>\n<div class=\"mdjComplements\">Quand je me suis mis hier soir, comme chaque jour, \u00e0 la qu\u00eate d&rsquo;un mot du jour, diff\u00e9rentes r\u00e9actions et propos entendus \u00e0 travers les m\u00e9dias m&rsquo;ont conduit tout naturellement vers ce texte fondateur de notre R\u00e9publique.<\/div>\n<div class=\"mdjComplements\">Il a exist\u00e9 une France d&rsquo;avant 1789. Dans ce monde-l\u00e0, r\u00e9gnaient les privil\u00e8ges. Un noble n&rsquo;\u00e9tait pas soumis aux m\u00eames imp\u00f4ts, aux m\u00eames juges que la femme et l&rsquo;homme du tiers Etat. Le manant pouvait s&rsquo;asseoir quand le noble \u00e9tait assis et le lui permettait, quand il le croisait il devait s&rsquo;\u00e9carter et bien d&rsquo;autres choses encore.<\/div>\n<div class=\"mdjComplements\">C&rsquo;est pour mettre fin \u00e0 ce monde-l\u00e0, que des hommes se sont r\u00e9volt\u00e9s.<\/div>\n<div class=\"mdjComplements\">Impr\u00e9gn\u00e9s des valeurs des Lumi\u00e8res ils ont r\u00e9dig\u00e9 et fait conna\u00eetre ce texte lib\u00e9rateur dont l&rsquo;article 6 dispose :<\/div>\n<div class=\"mdjCiter\"><strong>Art. 6.<\/strong> La Loi est l&rsquo;expression de la volont\u00e9 g\u00e9n\u00e9rale.<\/div>\n<div class=\"mdjCiter\">Tous les Citoyens ont droit de concourir personnellement, ou par leurs Repr\u00e9sentants, \u00e0 sa formation. Elle doit \u00eatre la m\u00eame pour tous, soit qu&rsquo;elle prot\u00e8ge, soit qu&rsquo;elle punisse.<\/div>\n<div class=\"mdjCiter\">Tous les Citoyens \u00e9tant \u00e9gaux \u00e0 ses yeux sont \u00e9galement admissibles \u00e0 toutes dignit\u00e9s, places et emplois publics, selon leur capacit\u00e9, et sans autre distinction que celle de leurs vertus et de leurs talents.<\/div>\n<div class=\"mdjComplements\">Et si vous voulez le texte int\u00e9gral de <a href=\"http:\/\/www.legifrance.gouv.fr\/Droit-francais\/Constitution\/Declaration-des-Droits-de-l-Homme-et-du-Citoyen-de-1789\">&lt; la D\u00e9claration des Droits de l&rsquo;Homme et du Citoyen de 1789&gt;<\/a><\/div>\n<div class=\"mdjComplements\">Dans le Monde tel qu&rsquo;il est, le Puissant ou le Riche ne sera jamais plus mal trait\u00e9 par la Justice que le Modeste ou le Pauvre et c&rsquo;est normal. L&rsquo;inverse n&rsquo;est h\u00e9las pas toujours vrai. Nul besoin d&rsquo;en dire plus.<\/div>\n","protected":false},"excerpt":{"rendered":"<p>Jeudi 03\/07\/2014 \u00ab [La Loi] doit \u00eatre la m\u00eame pour tous, soit qu&rsquo;elle prot\u00e8ge, soit qu&rsquo;elle punisse. \u00ab D\u00e9claration des Droits de l&rsquo;Homme et du Citoyen 1789 &#8211; Article 6 Quand je me suis mis hier soir, comme chaque jour,<\/p>\n","protected":false},"author":1,"featured_media":0,"comment_status":"closed","ping_status":"closed","sticky":false,"template":"","format":"standard","meta":{"footnotes":""},"categories":[1],"tags":[],"class_list":["post-762","post","type-post","status-publish","format-standard","hentry","category-motdujour"],"_links":{"self":[{"href":"https:\/\/lemotdujour.fr\/index.php?rest_route=\/wp\/v2\/posts\/762","targetHints":{"allow":["GET"]}}],"collection":[{"href":"https:\/\/lemotdujour.fr\/index.php?rest_route=\/wp\/v2\/posts"}],"about":[{"href":"https:\/\/lemotdujour.fr\/index.php?rest_route=\/wp\/v2\/types\/post"}],"author":[{"embeddable":true,"href":"https:\/\/lemotdujour.fr\/index.php?rest_route=\/wp\/v2\/users\/1"}],"replies":[{"embeddable":true,"href":"https:\/\/lemotdujour.fr\/index.php?rest_route=%2Fwp%2Fv2%2Fcomments&post=762"}],"version-history":[{"count":1,"href":"https:\/\/lemotdujour.fr\/index.php?rest_route=\/wp\/v2\/posts\/762\/revisions"}],"predecessor-version":[{"id":763,"href":"https:\/\/lemotdujour.fr\/index.php?rest_route=\/wp\/v2\/posts\/762\/revisions\/763"}],"wp:attachment":[{"href":"https:\/\/lemotdujour.fr\/index.php?rest_route=%2Fwp%2Fv2%2Fmedia&parent=762"}],"wp:term":[{"taxonomy":"category","embeddable":true,"href":"https:\/\/lemotdujour.fr\/index.php?rest_route=%2Fwp%2Fv2%2Fcategories&post=762"},{"taxonomy":"post_tag","embeddable":true,"href":"https:\/\/lemotdujour.fr\/index.php?rest_route=%2Fwp%2Fv2%2Ftags&post=762"}],"curies":[{"name":"wp","href":"https:\/\/api.w.org\/{rel}","templated":true}]}}