{"id":760,"date":"2014-07-02T02:00:00","date_gmt":"2014-07-01T22:00:00","guid":{"rendered":"http:\/\/lemotdujour.fr\/?p=760"},"modified":"2020-04-09T13:05:32","modified_gmt":"2020-04-09T11:05:32","slug":"mercredi-02072014","status":"publish","type":"post","link":"https:\/\/lemotdujour.fr\/?p=760","title":{"rendered":"Mercredi 02\/07\/2014"},"content":{"rendered":"<div class=\"mdjDate\">Mercredi 02\/07\/2014<\/div>\n<div class=\"mdjTexte\">\u00abCrucifiement\u00bb<\/div>\n<div class=\"mdjAuteur\">Attacher un homme sur une croix<\/div>\n<p><span style=\"color: #777777; font-family: Arial;\">Le crucifiement est une ancienne m\u00e9thode d&rsquo;ex\u00e9cution consistant \u00e0 placer le supplici\u00e9 sur une croix, un support en forme de T ou un arbre et \u00e0 l&rsquo;attacher par divers moyens (clous, cordes, cha\u00eenes, etc.). Il existe plusieurs variantes du supplice que l&rsquo;on retrouve \u00e0 diff\u00e9rentes p\u00e9riodes (d\u00e8s l&rsquo;Antiquit\u00e9) et dans diff\u00e9rentes civilisations.<br \/>\n<\/span><\/p>\n<p><span style=\"color: #777777; font-family: Arial;\">Plusieurs recherches semblent indiquer que la mort a lieu par asphyxie, du fait de la traction sur les muscles sup\u00e9rieurs qui entra\u00eene une compression du diaphragme.<br \/>\n<\/span><\/p>\n<p><span style=\"color: #777777; font-family: Arial;\"><strong>\u00ab Crucifixion<\/strong> \u00bb est r\u00e9serv\u00e9e au supplice du Christ et des \u0153uvres d&rsquo;art qui d\u00e9crive ce sujet.<br \/>\n<\/span><\/p>\n<p><span style=\"color: #777777; font-family: Arial;\">Apr\u00e8s le mot et la chose, voici le mot et le sujet.<br \/>\n<\/span><\/p>\n<p><span style=\"color: #777777; font-family: Arial;\">Souvent pour mot du jour, je connais le sujet mais je dois chercher le mot.<br \/>\n<\/span><\/p>\n<p><span style=\"color: #777777; font-family: Arial;\">Mot qui \u00e9claire, mot qui explique, mot qui introduit, mot qui provoque.<br \/>\n<\/span><\/p>\n<p><span style=\"color: #777777; font-family: Arial;\">Comment d\u00e9noncer les monstres qui sous le masque de la religion s&rsquo;adonnent \u00e0 la cruaut\u00e9 en Irak et en Syrie ?<br \/>\n<\/span><\/p>\n<p><a href=\"http:\/\/www.20minutes.fr\/monde\/1364073-le-groupe-djihadiste-eiil-revendique-la-crucifixion-de-deux-opposants\"><span style=\"color: blue; font-family: Arial; text-decoration: underline;\">&lt;Ce groupe qui s&rsquo;est donn\u00e9 pour nom Etat Islamique de l&rsquo;Irak et du Levant et qui revendique aujourd&rsquo;hui le califat a r\u00e9invent\u00e9 cet usage barbare et antique pour impressionner les foules qu&rsquo;il entend soumettre&gt;<\/span><\/a><span style=\"color: #777777; font-family: Arial;\"><br \/>\n<\/span><\/p>\n<p><span style=\"color: #777777; font-family: Arial;\">Voil\u00e0 un groupe qui fait la guerre, guerre de religion, s&#8217;empare d&rsquo;une ville, s\u00e9pare les chiites des sunnites et<a href=\"http:\/\/www.europe1.fr\/International\/Irak-des-soldats-massacres-puis-photographies-par-les-djihadistes-2153047\/\"><span style=\"color: blue; text-decoration: underline;\"> puis massacre tous les chiites<\/span><\/a>.<br \/>\n<\/span><\/p>\n<p><span style=\"color: #777777; font-family: Arial;\">Cela nous rappelle les m\u00e9thodes nazies, mais ils vont encore plus loin dans l&rsquo;horreur. Quand les nazis assassinaient en masse, ils le cachaient. Ils organisaient m\u00eame des visites de la croix rouge dans des camps \u00ab\u00a0mod\u00e8les\u00a0\u00bb de nature \u00e0 tromper la vigilance du monde.<br \/>\n<\/span><\/p>\n<p><span style=\"color: #777777; font-family: Arial;\">Rien de tel dans ce groupe de fou haineux. A l&rsquo;instar de l&rsquo;ONU ou de la Cour des Comptes, <a href=\"http:\/\/www.politicsinside.fr\/actu-politique\/18-06-2014\/leiil-publie-son-rapport-annuel\/international\/22315\"><span style=\"color: blue; text-decoration: underline;\">&lt;Il publie son rapport annuel&gt;<\/span><\/a> Rapport de 400 pages o\u00f9 ils \u00e9num\u00e8rent et d\u00e9taillent leurs exactions, bref ils se vantent de leurs crimes.<br \/>\n<\/span><\/p>\n<p><span style=\"color: #777777; font-family: Arial;\">On apprend aussi que ce groupe <a href=\"http:\/\/www.europe1.fr\/International\/Comment-EIIL-est-devenu-le-groupe-terroriste-le-plus-riche-au-monde-2155215\/\"><span style=\"color: blue; text-decoration: underline;\">&lt;est tr\u00e8s riche, On estime sa fortune \u00e0 2, 3 milliards de dollars&gt; <\/span><\/a><br \/>\n<\/span><\/p>\n<p><span style=\"color: #777777; font-family: Arial;\">Et pour tout cela nous pouvons continuer \u00e0 remercier George W Busch qui par son intervention insens\u00e9e a pr\u00e9par\u00e9 le terrain pour ces guerres de religion. Il vit tranquillement dans son ranch du Texas o\u00f9 il peint et expose ses peintures\u2026<br \/>\n<\/span><\/p>\n<p><span style=\"color: #c00000; font-family: Arial;\">&lt;317&gt;<\/span><\/p>\n","protected":false},"excerpt":{"rendered":"<p>Mercredi 02\/07\/2014 \u00abCrucifiement\u00bb Attacher un homme sur une croix Le crucifiement est une ancienne m\u00e9thode d&rsquo;ex\u00e9cution consistant \u00e0 placer le supplici\u00e9 sur une croix, un support en forme de T ou un arbre et \u00e0 l&rsquo;attacher par divers moyens (clous,<\/p>\n","protected":false},"author":1,"featured_media":0,"comment_status":"closed","ping_status":"closed","sticky":false,"template":"","format":"standard","meta":{"footnotes":""},"categories":[1],"tags":[113,119,34],"class_list":["post-760","post","type-post","status-publish","format-standard","hentry","category-motdujour","tag-droits-de-lhomme","tag-moyen-orient","tag-religion"],"_links":{"self":[{"href":"https:\/\/lemotdujour.fr\/index.php?rest_route=\/wp\/v2\/posts\/760","targetHints":{"allow":["GET"]}}],"collection":[{"href":"https:\/\/lemotdujour.fr\/index.php?rest_route=\/wp\/v2\/posts"}],"about":[{"href":"https:\/\/lemotdujour.fr\/index.php?rest_route=\/wp\/v2\/types\/post"}],"author":[{"embeddable":true,"href":"https:\/\/lemotdujour.fr\/index.php?rest_route=\/wp\/v2\/users\/1"}],"replies":[{"embeddable":true,"href":"https:\/\/lemotdujour.fr\/index.php?rest_route=%2Fwp%2Fv2%2Fcomments&post=760"}],"version-history":[{"count":3,"href":"https:\/\/lemotdujour.fr\/index.php?rest_route=\/wp\/v2\/posts\/760\/revisions"}],"predecessor-version":[{"id":8519,"href":"https:\/\/lemotdujour.fr\/index.php?rest_route=\/wp\/v2\/posts\/760\/revisions\/8519"}],"wp:attachment":[{"href":"https:\/\/lemotdujour.fr\/index.php?rest_route=%2Fwp%2Fv2%2Fmedia&parent=760"}],"wp:term":[{"taxonomy":"category","embeddable":true,"href":"https:\/\/lemotdujour.fr\/index.php?rest_route=%2Fwp%2Fv2%2Fcategories&post=760"},{"taxonomy":"post_tag","embeddable":true,"href":"https:\/\/lemotdujour.fr\/index.php?rest_route=%2Fwp%2Fv2%2Ftags&post=760"}],"curies":[{"name":"wp","href":"https:\/\/api.w.org\/{rel}","templated":true}]}}