{"id":7597,"date":"2019-12-17T02:31:52","date_gmt":"2019-12-17T01:31:52","guid":{"rendered":"http:\/\/lemotdujour.fr\/?p=7597"},"modified":"2021-12-29T23:07:41","modified_gmt":"2021-12-29T22:07:41","slug":"mardi-17-decembre-2019","status":"publish","type":"post","link":"https:\/\/lemotdujour.fr\/?p=7597","title":{"rendered":"Mardi 17 d\u00e9cembre 2019"},"content":{"rendered":"\n<div class=\"mdjTexte\">\u00ab&nbsp;Anis Bredele&nbsp;\u00bb<\/div>\n\n\n\n<div class=\"mdjAuteur\">G\u00e2teaux de no\u00ebl alsaciens n\u00b01<\/div>\n\n\n\n<p><span style=\"color: #777777; font-family: Arial;\">Les g\u00e2teaux \u00e0 l&rsquo;anis constituent des souvenirs d&rsquo;enfance. Ma m\u00e8re en faisait de tr\u00e8s bons et mon objectif a toujours \u00e9t\u00e9 de pouvoir approcher cette perfection.<br><\/span><\/p>\n\n\n\n<p><span style=\"color: #777777; font-family: Arial;\">Au d\u00e9part c&rsquo;est simple il y a 4 ingr\u00e9dients&nbsp;:<br><\/span><\/p>\n\n\n\n<ol class=\"wp-block-list\"><li><span style=\"color: #777777; font-family: Arial;\">600 g de farine blanche<br><\/span><\/li><li><span style=\"color: #777777; font-family: Arial;\">500g de sucre fin<br><\/span><\/li><li><span style=\"color: #777777; font-family: Arial;\">6 \u0153ufs donc en traduction 300 g d&rsquo;\u0153ufs (6 x 50g)<br><\/span><\/li><li><span style=\"color: #777777; font-family: Arial;\">4 cuill\u00e8res \u00e0 soupe bomb\u00e9es de grain d&rsquo;anis.<br><\/span><\/li><\/ol>\n\n\n\n<div class=\"wp-block-image\"><figure class=\"alignleft\"><img decoding=\"async\" src=\"https:\/\/lemotdujour.fr\/wp-content\/uploads\/2019\/12\/121619_2209_Mardi17dcem1.jpg\" alt=\"\"\/><\/figure><\/div>\n\n\n\n<p><span style=\"color: #777777; font-family: Arial;\">Sur ce point la recette officielle dit 4 cuill\u00e8res \u00e0 caf\u00e9.<br><\/span><\/p>\n\n\n\n<p><span style=\"color: #777777; font-family: Arial;\">Mais cette mesure n&rsquo;est que pour celles et ceux qui d\u00e9testent l&rsquo;anis.<br><\/span><\/p>\n\n\n\n<p><span style=\"color: #777777; font-family: Arial;\">On peut se poser la question l\u00e9gitime dans ce cas s&rsquo;il est judicieux de vouloir faire des g\u00e2teaux \u00e0 l&rsquo;anis.<br><\/span><\/p>\n\n\n\n<p><span style=\"color: #777777; font-family: Arial;\">Mais dans ma conception, m\u00eame 4 cuill\u00e8res \u00e0 soupe correspondent \u00e0 des personnes qui n&rsquo;aiment pas trop l&rsquo;anis.*<br><\/span><\/p>\n\n\n\n<p><span style=\"color: #777777; font-family: Arial;\">Moi j&rsquo;en mets au moins 6 et 7 les ann\u00e9es euphoriques\u2026<br><\/span><\/p>\n\n\n\n<p><span style=\"color: #777777; font-family: Arial;\">Cela \u00e9tant, la premi\u00e8re \u00e9tape est de peser les \u0153ufs.<br><\/span><\/p>\n\n\n\n<p><span style=\"color: #777777; font-family: Arial;\">On prend 6 \u0153ufs et on s&rsquo;attend qu&rsquo;ils p\u00e8sent 300 g.<br><\/span><\/p>\n\n\n\n<p><span style=\"color: #777777; font-family: Arial;\">Cette ann\u00e9e ils pesaient 308 g. C&rsquo;est un peu sup\u00e9rieur \u00e0 300g.<br><\/span><\/p>\n\n\n\n<p><span style=\"color: #777777; font-family: Arial;\">A ce niveau, vous pourriez ne pas changer les mesures de farine et de sucre.<br><\/span><\/p>\n\n\n\n<div class=\"wp-block-image\"><figure class=\"alignright\"><img decoding=\"async\" src=\"https:\/\/lemotdujour.fr\/wp-content\/uploads\/2019\/12\/121619_2209_Mardi17dcem2.jpg\" alt=\"\"\/><\/figure><\/div>\n\n\n\n<p><span style=\"color: #777777; font-family: Arial;\">Mais dans ma rigueur germanique et alsacienne, je tiens compte du d\u00e9passement et je param\u00e8tre donc la recette selon une belle r\u00e8gle de trois.<br><\/span><\/p>\n\n\n\n<p><span style=\"color: #777777; font-family: Arial;\">Mon professeur de math\u00e9matiques sup\u00e9rieures au Lyc\u00e9e Kl\u00e9ber de Strasbourg disait&nbsp;: \u00ab&nbsp;si vous savez faire une r\u00e8gle de trois, vous savez faire des math\u00e9matiques&nbsp;\u00bb<br><\/span><\/p>\n\n\n\n<p><span style=\"color: #777777; font-family: Arial;\">L&rsquo;application de la r\u00e8gle de trois dans ce cas pour la farine, donne 616 g.<br><\/span><\/p>\n\n\n\n<p><span style=\"color: #777777; font-family: Arial;\">On agit de m\u00eame pour le sucre et on obtient 513 g.<br><\/span><\/p>\n\n\n\n<p><span style=\"color: #777777; font-family: Arial;\">Puis on m\u00e9lange les \u0153ufs et le sucre et on les bat.<br><\/span><\/p>\n\n\n\n<p><span style=\"color: #777777; font-family: Arial;\">La recette dit au moins 20 minutes.<br><\/span><\/p>\n\n\n\n<div class=\"wp-block-image\"><figure class=\"alignleft\"><img decoding=\"async\" src=\"https:\/\/lemotdujour.fr\/wp-content\/uploads\/2019\/12\/121619_2209_Mardi17dcem3.jpg\" alt=\"\"\/><\/figure><\/div>\n\n\n\n<p><span style=\"color: #777777; font-family: Arial;\">Pour ma part, cela dure plut\u00f4t 30 minutes.<br><\/span><\/p>\n\n\n\n<p><span style=\"color: #777777; font-family: Arial;\">Ma fa\u00e7on de faire est de commencer \u00e0 petite vitesse.<br><\/span><\/p>\n\n\n\n<p><span style=\"color: #777777; font-family: Arial;\">Puis d&rsquo;augmenter la vitesse.<br><\/span><\/p>\n\n\n\n<p><span style=\"color: #777777; font-family: Arial;\">Puis je reviens \u00e0 une vitesse plus mod\u00e9r\u00e9e pour emp\u00eacher l&rsquo;appareil de trop chauffer.<br><\/span><\/p>\n\n\n\n<div class=\"wp-block-image\"><figure class=\"alignright\"><img decoding=\"async\" src=\"https:\/\/lemotdujour.fr\/wp-content\/uploads\/2019\/12\/121619_2209_Mardi17dcem4.jpg\" alt=\"\"\/><\/figure><\/div>\n\n\n\n<p><span style=\"color: #777777; font-family: Arial;\">La p\u00e2te doit \u00eatre \u00e9paisse et bien claire.<br><\/span><\/p>\n\n\n\n<p><span style=\"color: #777777; font-family: Arial;\">On m\u00e9lange alors la farine avec le nombre de cuill\u00e8res d&rsquo;anis qui vous va bien, selon votre affinit\u00e9 avec cette \u00e9pice. A ce stade, il faut changer le fouet du robot m\u00e9nager. Il est, en effet, n\u00e9cessaire de disposer d&rsquo;un fouet capable de m\u00e9langer une p\u00e2te lourde \u00e0 base de farine. <\/span><\/p>\n\n\n\n<p><span style=\"color: #777777; font-family: Arial;\">On peut alors ajouter, peu \u00e0 peu, l&rsquo;anis et la farine, <br><\/span><\/p>\n\n\n\n<p><span style=\"color: #777777; font-family: Arial;\"><br><\/span><\/p>\n\n\n\n<div class=\"wp-block-image\"><figure class=\"alignleft\"><img decoding=\"async\" src=\"https:\/\/lemotdujour.fr\/wp-content\/uploads\/2019\/12\/121619_2209_Mardi17dcem5.jpg\" alt=\"\"\/><\/figure><\/div>\n\n\n\n<p><span style=\"color: #777777; font-family: Arial;\"><br><\/span><\/p>\n\n\n\n<p><span style=\"color: #777777; font-family: Arial;\">Cette op\u00e9ration est aussi assez longue.<br><\/span><\/p>\n\n\n\n<p><span style=\"color: #777777; font-family: Arial;\">Il faut obtenir une p\u00e2te homog\u00e8ne et qui s&rsquo;\u00e9tire en ruban.<br><\/span><\/p>\n\n\n\n<p><span style=\"color: #777777; font-family: Arial;\">Avec mon appareil, cette ann\u00e9e, cela a dur\u00e9 20 minutes.<br><\/span><\/p>\n\n\n\n<p><span style=\"color: #777777; font-family: Arial;\">Cette p\u00e2te n&rsquo;est pas facile \u00e0 \u00e9taler.<br><\/span><\/p>\n\n\n\n<div class=\"wp-block-image\"><figure class=\"alignright\"><img decoding=\"async\" src=\"https:\/\/lemotdujour.fr\/wp-content\/uploads\/2019\/12\/121619_2209_Mardi17dcem6.jpg\" alt=\"\"\/><\/figure><\/div>\n\n\n\n<p><span style=\"color: #777777; font-family: Arial;\">Il faut faire des petits tas sur une plaque recouverte de papier sulfuris\u00e9.<br><\/span><\/p>\n\n\n\n<p><span style=\"color: #777777; font-family: Arial;\">Apr\u00e8s plusieurs tentatives diverses et vari\u00e9es, il nous semble \u00e0 Annie et moi que le plus op\u00e9rant est d&rsquo;utiliser deux cuill\u00e8res \u00e0 caf\u00e9 pour arriver \u00e0 ce r\u00e9sultat.<br><\/span><\/p>\n\n\n\n<p><span style=\"color: #777777; font-family: Arial;\">Hier j&rsquo;ai \u00e9crit, qu&rsquo;il faut savoir prendre son temps.<br><\/span><\/p>\n\n\n\n<div class=\"wp-block-image\"><figure class=\"alignleft\"><img decoding=\"async\" src=\"https:\/\/lemotdujour.fr\/wp-content\/uploads\/2019\/12\/121619_2209_Mardi17dcem7.jpg\" alt=\"\"\/><\/figure><\/div>\n\n\n\n<p><span style=\"color: #777777; font-family: Arial;\">C&rsquo;est particuli\u00e8rement vrai pour les g\u00e2teaux \u00e0 l&rsquo;anis<br><\/span><\/p>\n\n\n\n<p><span style=\"color: #777777; font-family: Arial;\">Il faut donc laisser reposer 24 heures dans un endroit ti\u00e8de dit la recette..<br><\/span><\/p>\n\n\n\n<p><span style=\"color: #777777; font-family: Arial;\">Nous on laisse reposer \u00e0 temp\u00e9rature ambiante. Il ne faut malgr\u00e9 tout qu&rsquo;il ne fasse pas trop chaud dans votre appartement.<br><\/span><\/p>\n\n\n\n<p><span style=\"color: #777777; font-family: Arial;\">La solution rapide de faire reposer 12 heures est possible.<br><\/span><\/p>\n\n\n\n<p><span style=\"color: #777777; font-family: Arial;\">C&rsquo;est moins bon, mais possible.<br><\/span><\/p>\n\n\n\n<p><span style=\"color: #777777; font-family: Arial;\">Si vous voulez faire reposer moins de 12 heures, je vous conseille de faire un autre g\u00e2teau.<br><\/span><\/p>\n\n\n\n<p><span style=\"color: #777777; font-family: Arial;\">Une fois que l&rsquo;heure est arriv\u00e9e, il faut les mettre dans le four.<br><\/span><\/p>\n\n\n\n<p><span style=\"color: #777777; font-family: Arial;\">Notre four dispose de 5 niveaux, je mets la plaque au 2<sup>\u00e8me<\/sup> niveau en commen\u00e7ant par le bas, autrement dit c&rsquo;est en dessous du milieu.<br><\/span><\/p>\n\n\n\n<p><span style=\"color: #777777; font-family: Arial;\">Dans un four plus petit vous les mettez au milieu.<br><\/span><\/p>\n\n\n\n<p><span style=\"color: #777777; font-family: Arial;\">La temp\u00e9rature c&rsquo;est <strong>160\u00b0<\/strong>, le temps c&rsquo;est <strong>11<\/strong> ou <strong>12<\/strong> minutes.<br><\/span><\/p>\n\n\n\n<p><span style=\"color: #777777; font-family: Arial;\">Souvent la premi\u00e8re plaque c&rsquo;est 12 minutes puis la suivante 11 minutes.<br><\/span><\/p>\n\n\n\n<p><span style=\"color: #777777; font-family: Arial;\">Cela doit d\u00e9pendre du four.<br><\/span><\/p>\n\n\n\n<p><span style=\"color: #777777; font-family: Arial;\">L&rsquo;objectif c&rsquo;est que la p\u00e2te reste blanche, aucune t\u00e2che color\u00e9e n&rsquo;est tol\u00e9r\u00e9e.<br><\/span><\/p>\n\n\n\n<p><span style=\"color: #777777; font-family: Arial;\">Il faut \u00e9videmment qu&rsquo;il y ait un pied qui fait que cela ressemble un peu \u00e0 un champignon<br><\/span><\/p>\n\n\n\n<p><span style=\"color: #777777; font-family: Arial;\">Le pied qui a repos\u00e9 sur la plaque doit lui \u00eatre un peu color\u00e9.<br><\/span><\/p>\n\n\n\n<p><span style=\"color: #777777; font-family: Arial;\">Et voici le r\u00e9sultat&nbsp;:<br><\/span><\/p>\n\n\n\n<figure class=\"wp-block-image\"><img loading=\"lazy\" decoding=\"async\" width=\"685\" height=\"573\" src=\"https:\/\/lemotdujour.fr\/wp-content\/uploads\/2019\/12\/Anis11.jpg\" alt=\"\" class=\"wp-image-7833\" srcset=\"https:\/\/lemotdujour.fr\/wp-content\/uploads\/2019\/12\/Anis11.jpg 685w, https:\/\/lemotdujour.fr\/wp-content\/uploads\/2019\/12\/Anis11-300x251.jpg 300w\" sizes=\"auto, (max-width: 685px) 100vw, 685px\" \/><\/figure>\n\n\n\n<p><span style=\"color: #777777; font-family: Arial;\"><br><\/span><\/p>\n\n\n\n<p><span style=\"color: #c00000; font-family: Arial;\">&lt;1328&gt;<\/span><\/p>\n","protected":false},"excerpt":{"rendered":"<p>\u00ab&nbsp;Anis Bredele&nbsp;\u00bb G\u00e2teaux de no\u00ebl alsaciens n\u00b01 Les g\u00e2teaux \u00e0 l&rsquo;anis constituent des souvenirs d&rsquo;enfance. Ma m\u00e8re en faisait de tr\u00e8s bons et mon objectif a toujours \u00e9t\u00e9 de pouvoir approcher cette perfection. Au d\u00e9part c&rsquo;est simple il y a<\/p>\n","protected":false},"author":1,"featured_media":0,"comment_status":"open","ping_status":"closed","sticky":false,"template":"","format":"standard","meta":{"footnotes":""},"categories":[1],"tags":[161,66,160],"class_list":["post-7597","post","type-post","status-publish","format-standard","hentry","category-motdujour","tag-alsace","tag-recettes","tag-tradition"],"_links":{"self":[{"href":"https:\/\/lemotdujour.fr\/index.php?rest_route=\/wp\/v2\/posts\/7597","targetHints":{"allow":["GET"]}}],"collection":[{"href":"https:\/\/lemotdujour.fr\/index.php?rest_route=\/wp\/v2\/posts"}],"about":[{"href":"https:\/\/lemotdujour.fr\/index.php?rest_route=\/wp\/v2\/types\/post"}],"author":[{"embeddable":true,"href":"https:\/\/lemotdujour.fr\/index.php?rest_route=\/wp\/v2\/users\/1"}],"replies":[{"embeddable":true,"href":"https:\/\/lemotdujour.fr\/index.php?rest_route=%2Fwp%2Fv2%2Fcomments&post=7597"}],"version-history":[{"count":21,"href":"https:\/\/lemotdujour.fr\/index.php?rest_route=\/wp\/v2\/posts\/7597\/revisions"}],"predecessor-version":[{"id":13070,"href":"https:\/\/lemotdujour.fr\/index.php?rest_route=\/wp\/v2\/posts\/7597\/revisions\/13070"}],"wp:attachment":[{"href":"https:\/\/lemotdujour.fr\/index.php?rest_route=%2Fwp%2Fv2%2Fmedia&parent=7597"}],"wp:term":[{"taxonomy":"category","embeddable":true,"href":"https:\/\/lemotdujour.fr\/index.php?rest_route=%2Fwp%2Fv2%2Fcategories&post=7597"},{"taxonomy":"post_tag","embeddable":true,"href":"https:\/\/lemotdujour.fr\/index.php?rest_route=%2Fwp%2Fv2%2Ftags&post=7597"}],"curies":[{"name":"wp","href":"https:\/\/api.w.org\/{rel}","templated":true}]}}