{"id":7578,"date":"2019-12-13T00:41:47","date_gmt":"2019-12-12T23:41:47","guid":{"rendered":"http:\/\/lemotdujour.fr\/?p=7578"},"modified":"2019-12-26T00:40:33","modified_gmt":"2019-12-25T23:40:33","slug":"vendredi-13-decembre-2019","status":"publish","type":"post","link":"https:\/\/lemotdujour.fr\/?p=7578","title":{"rendered":"Vendredi 13 d\u00e9cembre 2019"},"content":{"rendered":"<div class=\"mdjTexte\">\u00abLa pers\u00e9cution de la communaut\u00e9 juive de Kaifeng\u00bb<\/div>\n<div class=\"mdjAuteur\">Une minuscule communaut\u00e9 qui met en danger la nation chinoise ?<\/div>\n<p><span style=\"color: #777777; font-family: Arial;\">Apr\u00e8s le mot du jour d&rsquo;hier dans lequel je d\u00e9crivais l&rsquo;ambition de XI Jinping et des autorit\u00e9s du Parti Communiste Chinois de faire le r\u00e9cit d&rsquo;une grande nation chinoise homog\u00e8ne dans laquelle les particularit\u00e9s de toute sorte doivent s&rsquo;estomper, il serait coh\u00e9rent de parler de l&rsquo;action du gouvernement chinois au Tibet et au Xinjiang.<br \/>\n<\/span><\/p>\n<p><span style=\"color: #777777; font-family: Arial;\">Mais il m&rsquo;a paru plus pertinent encore d&rsquo;\u00e9voquer non une ethnie minoritaire, mais une communaut\u00e9 religieuse qui existe \u00e0 l&rsquo;\u00e9tat de trace dans l&rsquo;immense Chine.<br \/>\n<\/span><\/p>\n<p><span style=\"color: #777777; font-family: Arial;\">Elle est de taille minuscule, j&rsquo;ai trouv\u00e9 peu d&rsquo;informations \u00e0 son sujet mais je crois comprendre qu&rsquo;elle ne compte gu\u00e8re plus que de 1000 membres sur toute la Chine. <\/span><span style=\"color: #777777; font-family: Arial;\">Une poussi\u00e8re au regard de l&rsquo;immensit\u00e9 du nombre de chinois et particuli\u00e8rement de l&rsquo;ethnie Han.<br \/>\n<\/span><\/p>\n<p><span style=\"color: #777777; font-family: Arial;\">Pourtant elle est pers\u00e9cut\u00e9e.<br \/>\n<\/span><\/p>\n<p><span style=\"color: #777777; font-family: Arial;\">Il s&rsquo;agit de la communaut\u00e9 juive.<br \/>\n<\/span><\/p>\n<p><span style=\"color: #777777; font-family: Arial;\">J&rsquo;ai \u00e9t\u00e9 inform\u00e9 de ce sujet par un reportage de France 24 sur &lt;<span style=\"color: #0000ff;\"><a style=\"color: #0000ff;\" href=\"https:\/\/www.france24.com\/fr\/20161018-video-chine-juif-pression-communaute-juive-politique-ethnique-religieuse-xi-jinping\">La communaut\u00e9 juive de Kaifeng<\/a><\/span>&gt;<br \/>\n<\/span><\/p>\n<p><span style=\"color: #777777; font-family: Arial;\">La Chine compte une minuscule communaut\u00e9 juive centr\u00e9e autour de la ville de Kaifeng, dans l&rsquo;Est. Une centaine de familles \u00e9tait jusqu&rsquo;il y a peu une curiosit\u00e9 touristique mais elle est d\u00e9sormais sous pression des autorit\u00e9s, somm\u00e9e d&rsquo;effacer toute trace visible de son h\u00e9ritage historique. Des d\u00e9cisions qui font \u00e9cho \u00e0 la volont\u00e9 de Xi Jinping, qui a r\u00e9cemment appel\u00e9 \u00e0 se pr\u00e9munir \u00ab&nbsp;<strong>des infiltrations des puissances \u00e9trang\u00e8res dans la soci\u00e9t\u00e9 chinoise, par le biais de moyens religieux<\/strong>&nbsp;\u00bb.<br \/>\n<\/span><\/p>\n<p><img loading=\"lazy\" decoding=\"async\" class=\"alignleft\" src=\"https:\/\/lemotdujour.fr\/wp-content\/uploads\/2019\/12\/121219_2337_Vendredi13d1.jpg\" alt=\"\" width=\"458\" height=\"336\" align=\"left\"><span style=\"color: #777777; font-family: Arial;\">C&rsquo;est une communaut\u00e9 qui ne compte qu&rsquo;une centaine de familles. Mais elles troublent probablement l&rsquo;homog\u00e9n\u00e9it\u00e9 ou doit-on parler de la puret\u00e9 de la nation chinoise&nbsp;?<br \/>\n<\/span><\/p>\n<p><span style=\"color: #777777; font-family: Arial;\">Le gouvernement a exig\u00e9 que les ruines de la synagogue soient d\u00e9truites.<br \/>\n<\/span><\/p>\n<p><span style=\"color: #777777; font-family: Arial;\">Les rassemblements pour les pri\u00e8res ont \u00e9t\u00e9 interdits.<br \/>\n<\/span><\/p>\n<p><span style=\"color: #777777; font-family: Arial;\">Les autorit\u00e9s chinoises ont fait table rase du pass\u00e9.<br \/>\n<\/span><\/p>\n<p><span style=\"color: #777777; font-family: Arial;\">Il a fallu enlever les \u00e9toiles de David et m\u00eame la pancarte indiquant l&rsquo;existence de l&rsquo;ancienne synagogue.<br \/>\n<\/span><\/p>\n<p><span style=\"color: #777777; font-family: Arial;\">Les juifs se seraient install\u00e9s \u00e0 Kaifeng il y a dix si\u00e8cles<br \/>\n<\/span><\/p>\n<p><span style=\"color: #777777; font-family: Arial;\">Leurs anc\u00eatres seraient des marchands venus de Perse par la Route de la Soie au VIII\u00e8me si\u00e8cle.<br \/>\n<\/span><\/p>\n<p><span style=\"color: #777777; font-family: Arial;\">Ce &lt;<span style=\"color: #0000ff;\"><a style=\"color: #0000ff;\" href=\"https:\/\/fr.bitterwinter.org\/silence-la-communaute-juive-de-kaifeng\/\">site<\/a><\/span>&gt; donne quelques pr\u00e9cisions suppl\u00e9mentaires sur la communaut\u00e9 juive de Kaifeng et l&rsquo;hostilit\u00e9 de l&rsquo;administration de Xi Jinping&nbsp;:<br \/>\n<\/span><\/p>\n<p style=\"margin-left: 28pt;\"><span style=\"color: #c00000; font-family: Arial;\">\u00ab&nbsp;La Nouvelle \u00e8re de surveillance et de s\u00e9cularisation chinoise touche \u00e0 pr\u00e9sent une petite communaut\u00e9 juive de la r\u00e9gion rurale de Kaifeng, dans la province du Henan au centre de la Chine. Ses membres disent avoir peur de se rassembler dans les espaces publics ou de protester contre la surveillance du PCC dont ils font l&rsquo;objet. Leur histoire est aussi fascinante qu&rsquo;elle est menac\u00e9e par des politiques qui emp\u00eachent la communaut\u00e9 d&rsquo;avoir tout contact avec les \u00e9trangers et qui ont caus\u00e9 l&rsquo;arr\u00eat des travaux de reconstruction de leur synagogue d\u00e9truite. [\u2026]<br \/>\n<\/span><\/p>\n<p style=\"margin-left: 28pt;\"><span style=\"color: #c00000; font-family: Arial;\">Pour beaucoup, apprendre que la Chine abrite depuis plus de mille ans une communaut\u00e9 juive relativement isol\u00e9e est un choc. Mais les Juifs de Kaifeng \u00e9taient autrefois un groupe prosp\u00e8re, avec de bonnes relations, qui vivait au centre de la route de la soie de l&rsquo;Asie orientale.<br \/>\n<\/span><\/p>\n<p style=\"margin-left: 28pt;\"><span style=\"color: #c00000; font-family: Arial;\">Au IXe si\u00e8cle, un groupe de marchands juifs persans est arriv\u00e9 en Chine par la route de la soie. Ils ont \u00e9t\u00e9 chaleureusement accueillis par des \u00e9missaires de la dynastie Song du nord dans la ville de Kaifeng. Les marchands ont fini par d\u00e9cider de s&rsquo;installer \u00e0 Kaifeng et ont commenc\u00e9 \u00e0 s&rsquo;int\u00e9grer socialement dans la soci\u00e9t\u00e9 chinoise des Hans. En d\u00e9pit de la lenteur du processus qui a dur\u00e9 plusieurs si\u00e8cles, des mariages entre leur communaut\u00e9 et des familles hans locales ont pu avoir lieu. Ces familles persano-hans combinaient les traditions du juda\u00efsme avec des \u00e9l\u00e9ments sociaux et religieux de la culture chinoise han et, ce faisant, se sont unies pour former un groupe singulier et distinct en Chine : les Juifs de Kaifeng. Ils \u00e9taient plus de mille.<br \/>\n<\/span><\/p>\n<p style=\"margin-left: 28pt;\"><span style=\"color: #c00000; font-family: Arial;\">En 1163, les Juifs de Kaifeng ont alors d\u00e9cid\u00e9 d&rsquo;\u00e9riger le Temple respectant les \u00c9critures de la voie, une synagogue autour de laquelle ils organiseraient leur vie religieuse et communautaire.<br \/>\n<\/span><\/p>\n<p style=\"margin-left: 28pt;\"><span style=\"color: #c00000; font-family: Arial;\">[\u2026] en 1849, une autre \u00e9norme inondation du Fleuve Jaune a de nouveau d\u00e9truit la synagogue. Les Juifs de Kaifeng, alors pauvres, n&rsquo;ont pas pu la reconstruire et ses ruines ont \u00e9t\u00e9 laiss\u00e9es \u00e0 l&rsquo;abandon pendant des si\u00e8cles. Les vestiges \u00e9taient devenus un v\u00e9n\u00e9rable symbole du pass\u00e9 prosp\u00e8re de la communaut\u00e9 et de son futur cloisonn\u00e9.<br \/>\n<\/span><\/p>\n<p style=\"margin-left: 28pt;\"><span style=\"color: #c00000; font-family: Arial;\">[\u2026] Cependant, lorsque Deng Xiaoping a institu\u00e9 la r\u00e9forme de la \u00ab porte ouverte \u00bb en Chine \u00e0 la fin du XXe si\u00e8cle, des chercheurs, des universitaires et des touristes occidentaux ont commenc\u00e9 \u00e0 affluer pour rendre visite aux Juifs de Kaifeng dont ils avaient entendu parler mais qu&rsquo;ils n&rsquo;avaient jamais pu rencontrer auparavant. [\u2026] Le premier point \u00e0 l&rsquo;ordre du jour \u00e9tait la reconstruction de la synagogue.<br \/>\n<\/span><\/p>\n<p style=\"margin-left: 28pt;\"><span style=\"color: #c00000; font-family: Arial;\">[\u2026] Parmi les activit\u00e9s propos\u00e9es figuraient des cours d&rsquo;h\u00e9breu, des cours de cuisine et l&rsquo;apprentissage de traditions et de textes juifs anciens. Certaines ont attir\u00e9 des dizaines de personnes et les f\u00eates juives se sont av\u00e9r\u00e9es particuli\u00e8rement populaires. Autour du quartier historique o\u00f9 vivaient les Juifs de Kaifeng, des panneaux en h\u00e9breu ont commenc\u00e9 \u00e0 appara\u00eetre et des expositions sur la vie de leurs anc\u00eatres organis\u00e9es dans des mus\u00e9es ont attir\u00e9 des touristes arrivant des quatre coins de la Chine. [\u2026] <\/span><span style=\"color: #c00000; font-family: Arial;\">Lorsque les bureaux centraux du PCC ont eu vent de ce plan [de reconstruire la synagogue], l&rsquo;ordre a \u00e9t\u00e9 donn\u00e9 d&rsquo;arr\u00eater les projets \u00bb<br \/>\n<\/span><\/p>\n<p><span style=\"color: #777777; font-family: Arial;\">Le pr\u00e9texte \u00e9tait que ces actions \u00e9taient encourag\u00e9es par des associations juives internationales.<br \/>\n<\/span><\/p>\n<p><span style=\"color: #777777; font-family: Arial;\">De toute mani\u00e8re une vague de r\u00e9pression touche aussi les activit\u00e9s communautaires des chr\u00e9tiens et des musulmans.<br \/>\n<\/span><\/p>\n<p><span style=\"color: #777777; font-family: Arial;\">C&rsquo;est l&rsquo;\u00e9troitesse de cette communaut\u00e9 et la volont\u00e9 chinoise d&rsquo;effacer l&rsquo;histoire mill\u00e9naire des Juifs de Kaifeng jusqu&rsquo;\u00e0 \u00e9touffer toute tentative d&rsquo;en r\u00e9cup\u00e9rer les vestiges qui montre l&rsquo;\u00e9tendue du fanatisme des id\u00e9ologues actuellement au pouvoir en Chine.<br \/>\n<\/span><\/p>\n<p><span style=\"color: #777777; font-family: Arial;\">Ceci me fait penser au mot du jour du<span style=\"color: #0000ff;\"> <a style=\"color: #0000ff;\" href=\"https:\/\/lemotdujour.fr\/?p=6285\">27 f\u00e9vrier 2019<\/a><\/span> qui \u00e9voquait cette grande figure du tiers-mondisme Frantz Fanon qui disait : \u00ab<strong>Quand vous entendez dire du mal du juif, tendez l&rsquo;oreille, on parle de vous !\u00bb.<\/strong><br \/>\n<\/span><\/p>\n<p><span style=\"color: maroon; font-family: Arial;\">&lt;1326&gt;<\/span><\/p>\n","protected":false},"excerpt":{"rendered":"<p>\u00abLa pers\u00e9cution de la communaut\u00e9 juive de Kaifeng\u00bb Une minuscule communaut\u00e9 qui met en danger la nation chinoise ? Apr\u00e8s le mot du jour d&rsquo;hier dans lequel je d\u00e9crivais l&rsquo;ambition de XI Jinping et des autorit\u00e9s du Parti Communiste Chinois<\/p>\n","protected":false},"author":1,"featured_media":0,"comment_status":"open","ping_status":"closed","sticky":false,"template":"","format":"standard","meta":{"footnotes":""},"categories":[1],"tags":[134,70,34],"class_list":["post-7578","post","type-post","status-publish","format-standard","hentry","category-motdujour","tag-antisemitisme","tag-chine","tag-religion"],"_links":{"self":[{"href":"https:\/\/lemotdujour.fr\/index.php?rest_route=\/wp\/v2\/posts\/7578","targetHints":{"allow":["GET"]}}],"collection":[{"href":"https:\/\/lemotdujour.fr\/index.php?rest_route=\/wp\/v2\/posts"}],"about":[{"href":"https:\/\/lemotdujour.fr\/index.php?rest_route=\/wp\/v2\/types\/post"}],"author":[{"embeddable":true,"href":"https:\/\/lemotdujour.fr\/index.php?rest_route=\/wp\/v2\/users\/1"}],"replies":[{"embeddable":true,"href":"https:\/\/lemotdujour.fr\/index.php?rest_route=%2Fwp%2Fv2%2Fcomments&post=7578"}],"version-history":[{"count":5,"href":"https:\/\/lemotdujour.fr\/index.php?rest_route=\/wp\/v2\/posts\/7578\/revisions"}],"predecessor-version":[{"id":7802,"href":"https:\/\/lemotdujour.fr\/index.php?rest_route=\/wp\/v2\/posts\/7578\/revisions\/7802"}],"wp:attachment":[{"href":"https:\/\/lemotdujour.fr\/index.php?rest_route=%2Fwp%2Fv2%2Fmedia&parent=7578"}],"wp:term":[{"taxonomy":"category","embeddable":true,"href":"https:\/\/lemotdujour.fr\/index.php?rest_route=%2Fwp%2Fv2%2Fcategories&post=7578"},{"taxonomy":"post_tag","embeddable":true,"href":"https:\/\/lemotdujour.fr\/index.php?rest_route=%2Fwp%2Fv2%2Ftags&post=7578"}],"curies":[{"name":"wp","href":"https:\/\/api.w.org\/{rel}","templated":true}]}}