{"id":7565,"date":"2019-12-11T01:32:10","date_gmt":"2019-12-11T00:32:10","guid":{"rendered":"http:\/\/lemotdujour.fr\/?p=7565"},"modified":"2020-06-12T18:41:48","modified_gmt":"2020-06-12T16:41:48","slug":"mercredi-11-decembre-2019","status":"publish","type":"post","link":"https:\/\/lemotdujour.fr\/?p=7565","title":{"rendered":"Mercredi 11 d\u00e9cembre 2019"},"content":{"rendered":"<div class=\"mdjTexte\">\u00ab Une \u00eele \u00bb<\/div>\n<div class=\"mdjAuteur\">Mich\u00e8le Bernard-Requin<\/div>\n<p><span style=\"color: #777777; font-family: Arial;\">Aujourd&rsquo;hui, je ne ferais aucun commentaire, je n&rsquo;ajouterai rien.<br \/>\n<\/span><\/p>\n<p><span style=\"color: #777777;\"><span style=\"font-family: Arial;\">Ma seule action sera de relayer un article publi\u00e9 le 09\/12\/2019 sur \u00ab Le Point \u00bb : &lt;<a href=\"https:\/\/www.lepoint.fr\/debats\/la-declaration-d-amour-de-michele-bernard-requin-09-12-2019-2352088_2.php?fbclid=IwAR0xxT62jtiS8Drs46s6XHUSmE8TqkzrL6oUeNcXPMCWKQpcyZXl9GvXSP4\"><span style=\"color: #0000ff;\">La d\u00e9claration d&rsquo;amour de Mich\u00e8le Bernard-Requin<\/span><\/a>&gt;<\/span><span style=\"font-family: Times New Roman; font-size: 24pt;\"><strong><br \/>\n<\/strong><\/span><\/span><\/p>\n<p><span style=\"color: #008000; font-family: Arial;\">Mich\u00e8le Bernard-Requin, magistrate exemplaire, a rassembl\u00e9&nbsp;ses derni\u00e8res forces pour \u00e9crire un hymne au&nbsp;personnel hospitalier du pavillon Rossini de l&rsquo;h\u00f4pital Sainte-Perrine.<br \/>\n<\/span><\/p>\n<p><span style=\"color: #008000; font-family: Arial;\">Voici un texte poignant, bouleversant, qui tirera les larmes m\u00eame aux plus insensibles d&rsquo;entre nous. Des lignes que Mich\u00e8le Bernard-Requin nous envoie depuis l&rsquo;h\u00f4pital Sainte-Perrine \u00e0 Paris, o\u00f9 elle se trouve, selon ses mots, \u00ab en fin de vie \u00bb. Mich\u00e8le Bernard-Requin est une des grandes figures du monde judiciaire. Elle fut tour \u00e0 tour avocate puis procureure \u00e0 Rouen, Nanterre et Paris. En 1999, elle est nomm\u00e9e vice-pr\u00e9sidente du tribunal de grande instance de Paris, elle pr\u00e9sida la 10e chambre correctionnelle de Paris puis la cour d&rsquo;assises, et enfin elle fut avocate g\u00e9n\u00e9rale \u00e0 Fort-de-France de 2007 \u00e0 2009, date \u00e0 laquelle elle prit sa retraite.<br \/>\n<\/span><\/p>\n<p><span style=\"color: #777777; font-family: Arial;\"><span style=\"color: #008000;\">Auteur de plusieurs livres, elle intervient de temps \u00e0 autre dans les m\u00e9dias et tient depuis 2017 une chronique r\u00e9guli\u00e8re sur le site du Point dans laquelle elle explique avec clart\u00e9, talent et conviction comment fonctionne la justice et pourquoi, parfois, cette institution dysfonctionne. Aujourd&rsquo;hui, c&rsquo;est un tout autre cri d&rsquo;alarme qu&rsquo;elle pousse dans un \u00ab petit et ultime texte pour aider les \u00ab\u00a0unit\u00e9s de soins palliatifs\u00a0\u00bb \u00bb, a-t-elle tenu \u00e0 pr\u00e9ciser dans ce mail envoy\u00e9 par sa fille dimanche 8 d\u00e9cembre au matin. Un texte que nous publions tel quel en respectant sa ponctuation, ses sauts de ligne, son titre \u00e9videmment. JB.<\/span><br \/>\n<\/span><\/p>\n<p style=\"margin-left: 28pt;\"><span style=\"color: #c00000; font-family: Arial;\">\u00ab&nbsp;UNE \u00ceLE<br \/>\n<\/span><\/p>\n<p style=\"margin-left: 28pt;\"><span style=\"color: #c00000; font-family: Arial;\">Vous voyez d&rsquo;abord, des sourires et quelques feuilles dor\u00e9es qui tombent, volent \u00e0 c\u00f4t\u00e9, dans le parc Sainte-Perrine qui jouxte le b\u00e2timent.<br \/>\nLa justice, ici, n&rsquo;a pas eu son mot \u00e0 dire pour moi.<br \/>\nLa loi Leonetti est plus claire en effet que l&rsquo;on se l&rsquo;imagine et ma volont\u00e9 s&rsquo;exprime aujourd&rsquo;hui sans ambigu\u00eft\u00e9.<br \/>\nJe ne souhaite pas le moindre acharnement th\u00e9rapeutique.<br \/>\nIl ne s&rsquo;agit pas d&rsquo;euthanasie bien s\u00fbr mais d&rsquo;acharnement, si le c\u0153ur, si les reins, si l&rsquo;hydratation, si tout cela se bloque, je ne veux pas d&rsquo;acharnement.<br \/>\nIci, c&rsquo;est la paix.<br \/>\n\u00c7a s&rsquo;appelle une \u00ab&nbsp;unit\u00e9 de soins palliatifs&nbsp;\u00bb, paix, passage\u2026 Encore une fois, tous mes visiteurs me parlent imm\u00e9diatement des sourires crois\u00e9s ici.<br \/>\n\u00ab&nbsp;L\u00e0 tout n&rsquo;est qu&rsquo;ordre et beaut\u00e9, luxe calme et volupt\u00e9&nbsp;\u00bb.<br \/>\nC&rsquo;est une \u00eele, un \u00eelet, quelques arbres.<br \/>\nC&rsquo;est&nbsp;: \u00ab&nbsp;Mon enfant, ma s\u0153ur, Songe \u00e0 la douceur d&rsquo;aller, l\u00e0-bas, vivre ensemble&nbsp;\u00bb.<br \/>\nC&rsquo;est \u00ab&nbsp;J&rsquo;ai plus de souvenirs que si j&rsquo;avais mille ans&nbsp;\u00bb (\u00ab&nbsp;Spleen&nbsp;\u00bb) Baudelaire<br \/>\nVoil\u00e0, je touche, en effet, aujourd&rsquo;hui aux rivages, voil\u00e0 le sable, voil\u00e0 la mer.<br \/>\nAutour de nous, \u00e0 Paris et ailleurs, c&rsquo;est la temp\u00eate&nbsp;: la protestation, les col\u00e8res, les gr\u00e8ves, les immobilisations, les feux de palettes.<br \/>\nMaintenant, je comprends, enfin, le rapport des soignants avec les patients, je comprends qu&rsquo;ils n&rsquo;en puissent plus aller, je comprends, que, du grand professeur de m\u00e9decine, qui vient d&rsquo;avoir l&rsquo;humanit\u00e9 de me t\u00e9l\u00e9phoner de Beaujon, jusqu&rsquo;\u00e0 l&rsquo;aide-soignant et l&rsquo;\u00e9l\u00e8ve infirmier qui d\u00e9bute, tous, tous, ce sont d&rsquo;abord des sourires, des mots, pour une sollicitude immense.<br \/>\n\u00c0 tel point que, avec un salaire insuffisant et des horaires \u00e9pouvantables, certains disent&nbsp;: \u00ab&nbsp;je pr\u00e9f\u00e8re m&rsquo;arr\u00eater, que de travailler mal&nbsp;\u00bb ou \u00ab&nbsp;je pr\u00e9f\u00e8re changer de profession&nbsp;\u00bb.<br \/>\nIl faut comprendre que le rapport \u00e0 l&rsquo;humain est tout ce qui nous reste, que notre pays, c&rsquo;\u00e9tait sa richesse, hospitali\u00e8re, c&rsquo;\u00e9tait extraordinaire, un regard crois\u00e9, \u00e0 l&rsquo;heure o\u00f9 tout se d\u00e9shumanise, \u00e0 l&rsquo;heure o\u00f9 la justice et ses juges ne parlent plus aux avocats qu&rsquo;\u00e0 travers des proc\u00e9dures d\u00e9mat\u00e9rialis\u00e9es, \u00e0 l&rsquo;heure o\u00f9 le m\u00e9decin n&rsquo;examine parfois son patient qu&rsquo;\u00e0 travers des analyses de laboratoire, il reste des soignants, encore une fois et \u00e0 tous les \u00e9chelons, exceptionnels.<br \/>\nLe soignant qui \u00e9change le regard.<br \/>\nEh oui, ici, c&rsquo;est un \u00eelot et je tiens \u00e0 ce que, non pas, les soins n&rsquo;aboutissent \u00e0 une phrase n\u00e9gative comme&nbsp;: \u00ab&nbsp;Il faut que \u00e7a cesse, abolition des privil\u00e8ges, il faut que tout le monde tombe dans l&rsquo;escarcelle commune.&nbsp;\u00bb&nbsp;Il ne faut pas bloquer des horaires, il faut conserver ces sourires, ce bras pour \u00e9tirer le cou du malade et pour \u00e9viter la douleur de la m\u00e9tastase qui frotte contre l&rsquo;\u00e9paule.<br \/>\nConservons cela, je ne sais pas comment le dire, il faut que ce qui est le privil\u00e8ge de quelques-uns, les soins palliatifs, devienne&nbsp;en r\u00e9alit\u00e9 l&rsquo;ordinaire de tous.<br \/>\nC&rsquo;est cela, vers quoi nous devons tendre et non pas le contraire.<br \/>\nDonc, foin des \u00e9conomies, il faut imp\u00e9rativement maintenir ce qui reste de notre syst\u00e8me de sant\u00e9 qui est exceptionnel et qui s&rsquo;enlise dramatiquement.<br \/>\nJ&rsquo;apprends que la structure de Sainte-Perrine, soins palliatifs, a \u00e9t\u00e9 dans l&rsquo;obligation il y a quelques semaines de fermer quelques lits faute de personnel ad\u00e9quat, en nombre suffisant et que d&rsquo;autres sont dans le m\u00eame cas et encore une fois que les arr\u00eats de travail du personnel soignant augmentent pour les m\u00eames raisons, en raison de surcharges.<br \/>\nMaintenez, je vous en conjure, ce qui va bien, au lieu d&rsquo;essayer de r\u00e9duire \u00e0 ce qui est devenu le lot commun et beaucoup moins satisfaisant.<br \/>\nLe pavillon de soins palliatifs de Sainte-Perrine, ici, il s&rsquo;appelle le pavillon Rossini, cela va en faire sourire certains, ils ne devraient pas&nbsp;: une jeune femme est venue jouer Schubert dans ma chambre, il y a quelques jours, elle est rest\u00e9e quelques minutes, c&rsquo;\u00e9tait un \u00e9merveillement. Vous vous rendez compte, quelques minutes, un violoncelle, un patient, et la fin de la vie, le passage, pass\u00e9, palier, est plus doux, c&rsquo;est extraordinaire.<br \/>\nJ&rsquo;ai oubli\u00e9 l&rsquo;essentiel, c&rsquo;est l&rsquo;amour, l&rsquo;amour des proches, l&rsquo;amour des autres, l&rsquo;amour de ceux que l&rsquo;on croyait beaucoup plus loin de vous, l&rsquo;amour des soignants, l&rsquo;amour des visiteurs et des sourires.<br \/>\nFaites que cette humanit\u00e9 persiste&nbsp;! C&rsquo;est notre humanit\u00e9, la plus pr\u00e9cieuse. Absolument.<br \/>\nLa France et ses tumultes, nous en avons assez.<br \/>\nNous savons tous parfaitement qu&rsquo;il faut penser aux plus d\u00e9munis.<br \/>\nLes violences meurtri\u00e8res de quelques excit\u00e9s contre les policiers ou sur les chantiers ou encore une fa\u00e7ade de banque ne devront plus d\u00e9naturer l&rsquo;essentiel du mouvement&nbsp;: l&rsquo;amour.&nbsp;\u00bb<br \/>\n<\/span><\/p>\n<p><img decoding=\"async\" src=\"https:\/\/lemotdujour.fr\/wp-content\/uploads\/2019\/12\/121019_1032_Mercredi11d1.jpg\" alt=\"\"><span style=\"color: #777777; font-family: Arial;\"><br \/>\n<\/span><\/p>\n<p><span style=\"color: maroon; font-family: Arial;\">&lt;1324&gt;<\/span><\/p>\n","protected":false},"excerpt":{"rendered":"<p>\u00ab Une \u00eele \u00bb Mich\u00e8le Bernard-Requin Aujourd&rsquo;hui, je ne ferais aucun commentaire, je n&rsquo;ajouterai rien. Ma seule action sera de relayer un article publi\u00e9 le 09\/12\/2019 sur \u00ab Le Point \u00bb : &lt;La d\u00e9claration d&rsquo;amour de Mich\u00e8le Bernard-Requin&gt; Mich\u00e8le Bernard-Requin,<\/p>\n","protected":false},"author":1,"featured_media":0,"comment_status":"open","ping_status":"closed","sticky":false,"template":"","format":"standard","meta":{"footnotes":""},"categories":[1],"tags":[15,54,13],"class_list":["post-7565","post","type-post","status-publish","format-standard","hentry","category-motdujour","tag-france","tag-humanisme","tag-sante"],"_links":{"self":[{"href":"https:\/\/lemotdujour.fr\/index.php?rest_route=\/wp\/v2\/posts\/7565","targetHints":{"allow":["GET"]}}],"collection":[{"href":"https:\/\/lemotdujour.fr\/index.php?rest_route=\/wp\/v2\/posts"}],"about":[{"href":"https:\/\/lemotdujour.fr\/index.php?rest_route=\/wp\/v2\/types\/post"}],"author":[{"embeddable":true,"href":"https:\/\/lemotdujour.fr\/index.php?rest_route=\/wp\/v2\/users\/1"}],"replies":[{"embeddable":true,"href":"https:\/\/lemotdujour.fr\/index.php?rest_route=%2Fwp%2Fv2%2Fcomments&post=7565"}],"version-history":[{"count":5,"href":"https:\/\/lemotdujour.fr\/index.php?rest_route=\/wp\/v2\/posts\/7565\/revisions"}],"predecessor-version":[{"id":9208,"href":"https:\/\/lemotdujour.fr\/index.php?rest_route=\/wp\/v2\/posts\/7565\/revisions\/9208"}],"wp:attachment":[{"href":"https:\/\/lemotdujour.fr\/index.php?rest_route=%2Fwp%2Fv2%2Fmedia&parent=7565"}],"wp:term":[{"taxonomy":"category","embeddable":true,"href":"https:\/\/lemotdujour.fr\/index.php?rest_route=%2Fwp%2Fv2%2Fcategories&post=7565"},{"taxonomy":"post_tag","embeddable":true,"href":"https:\/\/lemotdujour.fr\/index.php?rest_route=%2Fwp%2Fv2%2Ftags&post=7565"}],"curies":[{"name":"wp","href":"https:\/\/api.w.org\/{rel}","templated":true}]}}