{"id":756,"date":"2014-06-30T02:00:00","date_gmt":"2014-06-29T22:00:00","guid":{"rendered":"http:\/\/lemotdujour.fr\/?p=756"},"modified":"2017-05-08T13:22:27","modified_gmt":"2017-05-08T11:22:27","slug":"lundi-30062014","status":"publish","type":"post","link":"https:\/\/lemotdujour.fr\/?p=756","title":{"rendered":"Lundi 30\/06\/2014"},"content":{"rendered":"<div class=\"mdjDate\">Lundi 30\/06\/2014<\/div>\n<div class=\"mdjTexte\">\u00abLe mot et la chose\u00bb<\/div>\n<div class=\"mdjAuteur\">Abb\u00e9 de L&rsquo;Attaignant (1697-1779) <\/div>\n<table>\n<tr>\n<td>\n<div class=\"mdjCiter\">\u00ab\u00a0Madame quel est votre mot<\/div>\n<div class=\"mdjCiter\">Et sur le mot et sur la chose<\/div>\n<div class=\"mdjCiter\">On vous a dit souvent le mot<\/div>\n<div class=\"mdjCiter\">On vous a fait souvent la chose<\/div>\n<div class=\"mdjCiter\">Ainsi de la chose et du mot<\/div>\n<div class=\"mdjCiter\">Vous pouvez dire quelque chose<\/div>\n<div class=\"mdjCiter\">Et je gagerais que le mot<\/div>\n<div class=\"mdjCiter\">Vous pla\u00eet beaucoup moins que la chose<\/div>\n<div class=\"mdjCiter\">Pour moi voici quel est mon mot<\/div>\n<div class=\"mdjCiter\">Et sur le mot et sur la chose<\/div>\n<div class=\"mdjCiter\">J&rsquo;avouerai que j&rsquo;aime le mot<\/div>\n<div class=\"mdjCiter\">J&rsquo;avouerai que j&rsquo;aime la chose<\/div>\n<div class=\"mdjCiter\">Mais c&rsquo;est la chose avec le mot<\/div>\n<div class=\"mdjCiter\">Mais c&rsquo;est le mot avec la chose<\/div>\n<div class=\"mdjCiter\">Autrement la chose et le mot<\/div>\n<div class=\"mdjCiter\">A mes yeux seraient peu de chose<\/div>\n<div class=\"mdjCiter\">Je crois m\u00eame en faveur du mot<\/div>\n<div class=\"mdjCiter\">Pouvoir ajouter quelque chose<\/div>\n<div class=\"mdjCiter\">Une chose qui donne au mot<\/div>\n<div class=\"mdjCiter\">Tout l&rsquo;avantage sur la chose<\/div>\n<div class=\"mdjCiter\">C&rsquo;est qu&rsquo;on peut dire encore le mot<\/div>\n<div class=\"mdjCiter\">Alors qu&rsquo;on ne fait plus la chose <\/div>\n<div class=\"mdjCiter\">Et bien voici mon dernier mot<\/div>\n<div class=\"mdjCiter\">Et sur le mot et sur la chose<\/div>\n<\/td>\n<td>\n<div class=\"mdjCiter\">Madame passez-moi le mot<\/div>\n<div class=\"mdjCiter\">Et je vous passerai la chose\u00a0\u00bb<\/div>\n<div class=\"mdjCiter\">Et pour peu que vaille le mot<\/div>\n<div class=\"mdjCiter\">Mon Dieu c&rsquo;est toujours quelque chose<\/div>\n<div class=\"mdjCiter\">De l\u00e0 je conclus que le mot<\/div>\n<div class=\"mdjCiter\">Doit \u00eatre mis avant la chose<\/div>\n<div class=\"mdjCiter\">Qu&rsquo;il ne faut ajouter au mot<\/div>\n<div class=\"mdjCiter\">Qu&rsquo;autant que l&rsquo;on peut quelque chose<\/div>\n<div class=\"mdjCiter\">Et que pour le jour o\u00f9 le mot<\/div>\n<div class=\"mdjCiter\">Viendra seul h\u00e9las sans la chose<\/div>\n<div class=\"mdjCiter\">Il faut se r\u00e9server le mot<\/div>\n<div class=\"mdjCiter\">Pour se consoler de la chose<\/div>\n<div class=\"mdjCiter\">Pour vous je crois qu&rsquo;avec le mot<\/div>\n<div class=\"mdjCiter\">Vous voyez toujours autre chose<\/div>\n<div class=\"mdjCiter\">Vous dites si gaiement le mot<\/div>\n<div class=\"mdjCiter\">Vous m\u00e9ritez si bien la chose<\/div>\n<div class=\"mdjCiter\">Que pour vous la chose et le mot<\/div>\n<div class=\"mdjCiter\">Doivent \u00eatre la m\u00eame chose<\/div>\n<div class=\"mdjCiter\">Et vous n&rsquo;avez pas dit le mot<\/div>\n<div class=\"mdjCiter\">Qu&rsquo;on est d\u00e9j\u00e0 pr\u00eat \u00e0 la chose<\/div>\n<div class=\"mdjCiter\">Mais quand je vous dis que le mot<\/div>\n<div class=\"mdjCiter\">Doit \u00eatre mis avant la chose<\/div>\n<div class=\"mdjCiter\">Vous devez me croire \u00e0 ce mot<\/div>\n<div class=\"mdjCiter\">Bien peu connaisseur en la chose<\/div>\n<\/td>\n<\/tr>\n<\/table>\n<div class=\"mdjComplements\">Philippe Meyer m&rsquo;a fait d\u00e9couvrir, ce matin, ces mots sur la chose et la chose \u00e0 travers les mots<\/div>\n","protected":false},"excerpt":{"rendered":"<p>Lundi 30\/06\/2014 \u00abLe mot et la chose\u00bb Abb\u00e9 de L&rsquo;Attaignant (1697-1779) \u00ab\u00a0Madame quel est votre mot Et sur le mot et sur la chose On vous a dit souvent le mot On vous a fait souvent la chose Ainsi de<\/p>\n","protected":false},"author":1,"featured_media":0,"comment_status":"closed","ping_status":"closed","sticky":false,"template":"","format":"standard","meta":{"footnotes":""},"categories":[1],"tags":[],"class_list":["post-756","post","type-post","status-publish","format-standard","hentry","category-motdujour"],"_links":{"self":[{"href":"https:\/\/lemotdujour.fr\/index.php?rest_route=\/wp\/v2\/posts\/756","targetHints":{"allow":["GET"]}}],"collection":[{"href":"https:\/\/lemotdujour.fr\/index.php?rest_route=\/wp\/v2\/posts"}],"about":[{"href":"https:\/\/lemotdujour.fr\/index.php?rest_route=\/wp\/v2\/types\/post"}],"author":[{"embeddable":true,"href":"https:\/\/lemotdujour.fr\/index.php?rest_route=\/wp\/v2\/users\/1"}],"replies":[{"embeddable":true,"href":"https:\/\/lemotdujour.fr\/index.php?rest_route=%2Fwp%2Fv2%2Fcomments&post=756"}],"version-history":[{"count":1,"href":"https:\/\/lemotdujour.fr\/index.php?rest_route=\/wp\/v2\/posts\/756\/revisions"}],"predecessor-version":[{"id":757,"href":"https:\/\/lemotdujour.fr\/index.php?rest_route=\/wp\/v2\/posts\/756\/revisions\/757"}],"wp:attachment":[{"href":"https:\/\/lemotdujour.fr\/index.php?rest_route=%2Fwp%2Fv2%2Fmedia&parent=756"}],"wp:term":[{"taxonomy":"category","embeddable":true,"href":"https:\/\/lemotdujour.fr\/index.php?rest_route=%2Fwp%2Fv2%2Fcategories&post=756"},{"taxonomy":"post_tag","embeddable":true,"href":"https:\/\/lemotdujour.fr\/index.php?rest_route=%2Fwp%2Fv2%2Ftags&post=756"}],"curies":[{"name":"wp","href":"https:\/\/api.w.org\/{rel}","templated":true}]}}