{"id":7559,"date":"2019-12-10T02:03:03","date_gmt":"2019-12-10T01:03:03","guid":{"rendered":"http:\/\/lemotdujour.fr\/?p=7559"},"modified":"2020-06-12T18:43:15","modified_gmt":"2020-06-12T16:43:15","slug":"mardi-10-decembre-2019","status":"publish","type":"post","link":"https:\/\/lemotdujour.fr\/?p=7559","title":{"rendered":"Mardi 10 d\u00e9cembre 2019"},"content":{"rendered":"<div class=\"mdjTexte\">\u00ab Un mercredi, il y a cent ans\u2026 \u00bb<\/div>\n<div class=\"mdjAuteur\">Une histoire qui commence<\/div>\n<p><span style=\"color: #777777; font-family: Arial;\">C&rsquo;\u00e9tait un mercredi, il y a cent ans, le 10 d\u00e9cembre 1919.<br \/>\n<\/span><\/p>\n<p><span style=\"color: #777777; font-family: Arial;\">Dans une ville mini\u00e8re, d&rsquo;environ 6000 habitants, au nord-est de la Lorraine, dans une maison familiale, un enfant venait de na\u00eetre au monde.<br \/>\n<\/span><\/p>\n<p><span style=\"color: #777777; font-family: Arial;\">C&rsquo;\u00e9tait un gar\u00e7on.<br \/>\n<\/span><\/p>\n<p><span style=\"color: #777777; font-family: Arial;\">Son p\u00e8re \u00e9tait revenu dans cette maison, depuis un an \u00e0 peine, soldat d&rsquo;une arm\u00e9e vaincue.<br \/>\n<\/span><\/p>\n<p><span style=\"color: #777777; font-family: Arial;\">Mais ce 10 d\u00e9cembre, il \u00e9tait citoyen d&rsquo;une Nation triomphante et p\u00e8re d&rsquo;un septi\u00e8me et dernier enfant, le seul \u00e0 \u00eatre n\u00e9 fran\u00e7ais.<br \/>\n<\/span><\/p>\n<p><span style=\"color: #777777; font-family: Arial;\">Un an auparavant, quand il \u00e9tait enfin de retour, ce fut quelques jours trop tard pour accompagner son 5<sup>\u00e8me<\/sup> enfant, une fille du nom de Pauline, \u00e0 sa derni\u00e8re demeure \u00e0 l&rsquo;\u00e2ge de 10 ans. Elle avait succomb\u00e9 \u00e0 la grippe espagnole le 20 novembre 1918, 9 jours apr\u00e8s l&rsquo;armistice.<br \/>\n<\/span><\/p>\n<p><span style=\"color: #777777; font-family: Arial;\">F\u00e9lix, le p\u00e8re de l&rsquo;enfant qui venait de na\u00eetre, fut celui dans sa lign\u00e9e qui fit sortir sa famille du n\u00e9olithique. Aussi loin qu&rsquo;on remontait le temps qu&rsquo;il \u00e9tait possible de conna\u00eetre, la famille \u00e9tait constitu\u00e9e de paysans qui vivaient dans des fermes. Lui a quitt\u00e9 la ferme pour se rendre vers une petite ville qui s&rsquo;\u00e9tait construite sur un territoire industriel \u00e9mergeant autour de l&rsquo;activit\u00e9 des mines de charbon.<br \/>\n<\/span><\/p>\n<p><span style=\"color: #777777; font-family: Arial;\">Il avait conserv\u00e9 quelques lopins de terre pour la nourriture domestique mais avait chang\u00e9 de m\u00e9tier et \u00e9tait devenu menuisier.<br \/>\n<\/span><\/p>\n<p><span style=\"color: #777777; font-family: Arial;\">La m\u00e8re s&rsquo;appelait Katherine avec un \u00ab&nbsp;K&nbsp;\u00bb car elle \u00e9tait n\u00e9e dans une commune pr\u00e8s de Mannheim qui se trouve actuellement dans le Bade-Wurtemberg mais qui historiquement faisait partie du Palatinat.<br \/>\n<\/span><\/p>\n<p><span style=\"color: #777777; font-family: Arial;\">Elle n&rsquo;\u00e9tait donc pas comme F\u00e9lix, n\u00e9e sur ce territoire tant disput\u00e9 entre les germains de l&rsquo;est et les germains de l&rsquo;ouest qui sont les Francs. Elle est n\u00e9e sur le territoire des germains de l&rsquo;est.<br \/>\n<\/span><\/p>\n<p><span style=\"color: #777777; font-family: Arial;\">D&rsquo;ailleurs leur mariage fut c\u00e9l\u00e9br\u00e9 \u00e0 Mannheim.<br \/>\n<\/span><\/p>\n<p><span style=\"color: #777777; font-family: Arial;\">Le p\u00e8re \u00e9tait travailleur, rude, peu enclin au dialogue et pas tr\u00e8s dr\u00f4le.<br \/>\n<\/span><\/p>\n<p><span style=\"color: #777777; font-family: Arial;\">Katherine \u00e9tait douce, pleine d&rsquo;humour et aimait chanter.<br \/>\n<\/span><\/p>\n<p><span style=\"color: #777777; font-family: Arial;\">Dans cette famille pauvre \u00e0 la sortie de la terrible grande guerre, la vie n&rsquo;\u00e9tait pas simple.<br \/>\n<\/span><\/p>\n<p><span style=\"color: #777777; font-family: Arial;\">Mais quand il y avait quelques loisirs, la famille se r\u00e9unissait faisait de la musique et chantait ensemble.<br \/>\n<\/span><\/p>\n<p><span style=\"color: #777777; font-family: Arial;\">Dans cette ambiance et probablement sous l&rsquo;influence de sa m\u00e8re, le jeune gar\u00e7on s&rsquo;\u00e9veillait \u00e0 la musique, \u00e0 la po\u00e9sie et \u00e0 l&rsquo;art.<br \/>\n<\/span><\/p>\n<p><span style=\"color: #777777; font-family: Arial;\">Mais quand il exprima son souhait d&#8217;embrasser le m\u00e9tier de musicien et plus pr\u00e9cis\u00e9ment de violoniste, la r\u00e9ponse du p\u00e8re fut cat\u00e9gorique et sans appel&nbsp;:<br \/>\n<\/span><\/p>\n<p style=\"margin-left: 28pt;\"><span style=\"color: #c00000; font-family: Arial;\">\u00ab&nbsp;Musicien est un m\u00e9tier de fain\u00e9ant, tu seras menuisier comme ton p\u00e8re et tu feras de la musique comme tout le monde en amateur&nbsp;\u00bb<br \/>\n<\/span><\/p>\n<p><span style=\"color: #777777; font-family: Arial;\">Le jeune Rodolphe bien qu&rsquo;ob\u00e9issant savait ce qu&rsquo;il voulait et ne se soumit que provisoirement.<br \/>\n<\/span><\/p>\n<p><span style=\"color: #777777; font-family: Arial;\">Il attendait patiemment l&rsquo;\u00e2ge de la majorit\u00e9 qui \u00e9tait de 21 ans, pour \u00e9chapper \u00e0 l&rsquo;autorit\u00e9 parentale et r\u00e9aliser son r\u00eave devenir musicien professionnel.<br \/>\n<\/span><\/p>\n<p><span style=\"color: #777777; font-family: Arial;\">Mais en ces temps troubl\u00e9s, il a eu 20 ans en 1939 et une nouvelle guerre allait embraser l&rsquo;Europe, la France et l&rsquo;Allemagne.<br \/>\n<\/span><\/p>\n<p><span style=\"color: #777777; font-family: Arial;\">Il partit donc \u00e0 la guerre, mais avant de finir ses classes la France \u00e9tait vaincue par l&rsquo;\u00e9trange d\u00e9faite de 1940 selon le livre du grand historien Marc Bloch.<br \/>\n<\/span><\/p>\n<p><span style=\"color: #777777; font-family: Arial;\">Quand les autorit\u00e9s allemandes invit\u00e8rent les alsaciens les lorrains de revenir dans leur r\u00e9gion natal en leur promettant qu&rsquo;il ne serait pas incorpor\u00e9 dans la Wehrmacht il \u00e9couta le conseil d&rsquo;un sage adjudant qui lui dit&nbsp;: \u00ab&nbsp;Les allemands vont perdre la guerre, et quand ils auront besoin de troupes pour leurs derniers combats, ils obligeront tous ceux qu&rsquo;ils trouveront \u00e0 incorporer leur arm\u00e9e&nbsp;\u00bb.<br \/>\n<\/span><\/p>\n<p><span style=\"color: #777777; font-family: Arial;\">Il l&rsquo;\u00e9couta et passa les ann\u00e9es de guerre dans la petite ville de Renaison dans la Loire, pr\u00e8s de Roanne \u00e0 100 km de Lyon.<br \/>\n<\/span><\/p>\n<p><span style=\"color: #777777; font-family: Arial;\">Il ne revint dans sa r\u00e9gion natale qu&rsquo;\u00e0 la fin de la guerre en 1945, il avait d\u00e9j\u00e0 26 ans. C&rsquo;\u00e9tait le temps de trouver \u00e9pouse.<br \/>\n<\/span><\/p>\n<p><img decoding=\"async\" class=\"alignleft\" src=\"https:\/\/lemotdujour.fr\/wp-content\/uploads\/2019\/12\/120919_2203_Mardi10dcem1.jpg\" alt=\"\" align=\"left\"><span style=\"color: #777777; font-family: Arial;\">Il rencontra une jeune femme qui n&rsquo;\u00e9tait pas fran\u00e7aise, mais polonaise, issue de l&rsquo;immigration de travail que r\u00e9clamaient les houill\u00e8res de Lorraine. Elle devint fran\u00e7aise par le mariage.<br \/>\n<\/span><\/p>\n<p><span style=\"color: #777777; font-family: Arial;\">Toute cette petite histoire, que je pr\u00e9f\u00e8re appeler l&rsquo;histoire \u00e0 hauteur d&rsquo;homme, rencontre la grande histoire et relativise beaucoup des id\u00e9es et des concepts qu&rsquo;on entend d\u00e9velopper par des id\u00e9ologues qui r\u00eavent un pass\u00e9 qui n&rsquo;a jamais exist\u00e9.<br \/>\n<\/span><\/p>\n<p><span style=\"color: #777777; font-family: Arial;\">La France est m\u00e9lange, m\u00e9lange entre peuples germains, francs, alamans, teutons, burgondes quelques latins bien s\u00fbr et aussi comme dans cet exemple des slaves et bien d&rsquo;autres<br \/>\n<\/span><\/p>\n<p><span style=\"color: #777777; font-family: Arial;\">Nous sommes loin de nos anc\u00eatres les gaulois\u2026<br \/>\n<\/span><\/p>\n<p><span style=\"color: #777777; font-family: Arial;\">Il devint p\u00e8re une premi\u00e8re fois en 1947 puis en 1949.<br \/>\n<\/span><\/p>\n<p><span style=\"color: #777777; font-family: Arial;\">Pour nourrir sa famille, il accepta les m\u00e9tiers qu&rsquo;il pouvait exercer. Malgr\u00e9 les difficult\u00e9s, malgr\u00e9 un d\u00e9part bien tardif il poursuivit son r\u00eave de faire de la musique et d&rsquo;approfondir la musique et la pratique du violon.<br \/>\n<\/span><\/p>\n<p><span style=\"color: #777777; font-family: Arial;\">Il alla prendre des cours dans la ville allemande proche de Sarrebruck.<br \/>\n<\/span><\/p>\n<p><span style=\"color: #777777; font-family: Arial;\">Il acc\u00e9da enfin \u00e0 son objectif de faire du violon son m\u00e9tier, lorsqu&rsquo;il eut l&rsquo;opportunit\u00e9 de participer \u00e0 la cr\u00e9ation de l&rsquo;\u00e9cole de musique de Forbach en 1951. Il avait 31 ans. Les conditions financi\u00e8res \u00e9taient ex\u00e9crables pendant de nombreuses ann\u00e9es, il lui fallut exercer d&rsquo;autres missions pour parvenir \u00e0 des revenus toujours modestes mais permettant de vivre. Mais il ne se plaignait jamais car il pratiquait le m\u00e9tier qu&rsquo;il aimait.<br \/>\n<\/span><\/p>\n<p><span style=\"color: #777777; font-family: Arial;\">Il devint un professeur remarquable qui apprit le violon \u00e0 des g\u00e9n\u00e9rations d&rsquo;\u00e9l\u00e8ves de 1951 \u00e0 1991. Les enfants et m\u00eame \u00e0 la fin les petits enfants de ses premiers \u00e9l\u00e8ves devinrent aussi ses \u00e9l\u00e8ves.<br \/>\n<\/span><\/p>\n<p><span style=\"color: #777777; font-family: Arial;\">Il disait&nbsp;:<br \/>\n<\/span><\/p>\n<p style=\"margin-left: 28pt;\"><span style=\"color: #c00000; font-family: Arial;\">\u00ab&nbsp;Avant de leur apprendre le violon, j&rsquo;essaye surtout de leur faire aimer la musique&nbsp;\u00bb<br \/>\n<\/span><\/p>\n<p><span style=\"color: #777777; font-family: Arial;\">Et le miracle, c&rsquo;est qu&rsquo;il y parvint le plus souvent.<br \/>\n<\/span><\/p>\n<p><span style=\"color: #777777; font-family: Arial;\">Vous savez compter, il a pris sa retraite en 1991, il avait 72 ans.<br \/>\n<\/span><\/p>\n<p><span style=\"color: #777777; font-family: Arial;\">C&rsquo;est aussi une le\u00e7on par rapport \u00e0 nos d\u00e9bats sur les retraites. On peut travailler jusqu&rsquo;\u00e0 70 ans, mais cela d\u00e9pend du m\u00e9tier, cela d\u00e9pend du sens qu&rsquo;on peut lui donner. Notre probl\u00e8me de retraite n&rsquo;est-il pas avant tout un probl\u00e8me de travail, de travail de seniors, de condition et de qualit\u00e9 de travail ? Et du sens de tout cela ?<br \/>\n<\/span><\/p>\n<p><span style=\"color: #777777; font-family: Arial;\">En 1958, ce gar\u00e7on n\u00e9 en 1919, \u00e0 Stiring-Wendel, devint mon p\u00e8re.<br \/>\n<\/span><\/p>\n<p><span style=\"color: #777777; font-family: Arial;\">Il \u00e9tait aussi compr\u00e9hensif, bienveillant et tendre que son p\u00e8re \u00e9tait dur et rigide.<br \/>\n<\/span><\/p>\n<p><span style=\"color: #777777; font-family: Arial;\">Avant de quitter la communaut\u00e9 des vivants en 2009, il chanta encore des chansons \u00e0 ses infirmi\u00e8res jusqu&rsquo;\u00e0 ses derniers instants de lucidit\u00e9.<br \/>\n<\/span><\/p>\n<p><span style=\"color: #777777; font-family: Arial;\">Nous ne sommes pas des individus venus un jour au monde et qui nous construisons nous m\u00eame. <\/span><span style=\"color: #777777; font-family: Arial;\">Nous nous inscrivons dans une lign\u00e9e familiale et sommes le fruit des transmissions que nous avons su accueillir.<br \/>\n<\/span><\/p>\n<p><img decoding=\"async\" src=\"https:\/\/lemotdujour.fr\/wp-content\/uploads\/2019\/12\/120919_2203_Mardi10dcem2.jpg\" alt=\"\"><span style=\"color: #777777; font-family: Arial;\">Mon p\u00e8re m&rsquo;a appris \u00e0 aimer la musique.<br \/>\n<\/span><\/p>\n<p><span style=\"color: #777777; font-family: Arial;\">Il m&rsquo;a aussi appris la bienveillance.<br \/>\n<\/span><\/p>\n<p><span style=\"color: #777777; font-family: Arial;\">Il m&rsquo;a aid\u00e9 \u00e0 avoir confiance en moi.<br \/>\n<\/span><\/p>\n<p><span style=\"color: #777777; font-family: Arial;\">Il m&rsquo;a conduit \u00e0 aimer la vie.<br \/>\n<\/span><\/p>\n<p><span style=\"color: #800000; font-family: Arial;\">&lt;1323&gt;<\/span><\/p>\n","protected":false},"excerpt":{"rendered":"<p>\u00ab Un mercredi, il y a cent ans\u2026 \u00bb Une histoire qui commence C&rsquo;\u00e9tait un mercredi, il y a cent ans, le 10 d\u00e9cembre 1919. Dans une ville mini\u00e8re, d&rsquo;environ 6000 habitants, au nord-est de la Lorraine, dans une maison<\/p>\n","protected":false},"author":1,"featured_media":0,"comment_status":"open","ping_status":"closed","sticky":false,"template":"","format":"standard","meta":{"footnotes":""},"categories":[1],"tags":[53,29,19],"class_list":["post-7559","post","type-post","status-publish","format-standard","hentry","category-motdujour","tag-affect","tag-hommage","tag-personnel"],"_links":{"self":[{"href":"https:\/\/lemotdujour.fr\/index.php?rest_route=\/wp\/v2\/posts\/7559","targetHints":{"allow":["GET"]}}],"collection":[{"href":"https:\/\/lemotdujour.fr\/index.php?rest_route=\/wp\/v2\/posts"}],"about":[{"href":"https:\/\/lemotdujour.fr\/index.php?rest_route=\/wp\/v2\/types\/post"}],"author":[{"embeddable":true,"href":"https:\/\/lemotdujour.fr\/index.php?rest_route=\/wp\/v2\/users\/1"}],"replies":[{"embeddable":true,"href":"https:\/\/lemotdujour.fr\/index.php?rest_route=%2Fwp%2Fv2%2Fcomments&post=7559"}],"version-history":[{"count":6,"href":"https:\/\/lemotdujour.fr\/index.php?rest_route=\/wp\/v2\/posts\/7559\/revisions"}],"predecessor-version":[{"id":9209,"href":"https:\/\/lemotdujour.fr\/index.php?rest_route=\/wp\/v2\/posts\/7559\/revisions\/9209"}],"wp:attachment":[{"href":"https:\/\/lemotdujour.fr\/index.php?rest_route=%2Fwp%2Fv2%2Fmedia&parent=7559"}],"wp:term":[{"taxonomy":"category","embeddable":true,"href":"https:\/\/lemotdujour.fr\/index.php?rest_route=%2Fwp%2Fv2%2Fcategories&post=7559"},{"taxonomy":"post_tag","embeddable":true,"href":"https:\/\/lemotdujour.fr\/index.php?rest_route=%2Fwp%2Fv2%2Ftags&post=7559"}],"curies":[{"name":"wp","href":"https:\/\/api.w.org\/{rel}","templated":true}]}}