{"id":7551,"date":"2019-12-09T00:38:15","date_gmt":"2019-12-08T23:38:15","guid":{"rendered":"http:\/\/lemotdujour.fr\/?p=7551"},"modified":"2020-06-12T18:44:31","modified_gmt":"2020-06-12T16:44:31","slug":"lundi-9-decembre-2019","status":"publish","type":"post","link":"https:\/\/lemotdujour.fr\/?p=7551","title":{"rendered":"Lundi 9 d\u00e9cembre 2019"},"content":{"rendered":"<div class=\"mdjTexte\">\u00abR\u00e9aliste, indestructible et r\u00e9volutionnaire dans un monde uniform\u00e9ment fade et m\u00e9canis\u00e9\u00bb<\/div>\n<div class=\"mdjAuteur\">Philippe Sollers en \u00e9voquant Martha Argerich<\/div>\n<p><span style=\"color: #777777; font-family: Arial;\">Cette saison, c&rsquo;est la f\u00eate des pianistes exceptionnels \u00e0 l&rsquo;Auditorium de Lyon.<br \/>\n<\/span><\/p>\n<p><span style=\"color: #777777; font-family: Arial;\">Il ne manque que <a href=\"https:\/\/lemotdujour.fr\/?p=5849\"><span style=\"color: #0000ff;\">Grigory Sokolov<\/span><\/a>.<br \/>\n<\/span><\/p>\n<p><span style=\"color: #777777; font-family: Arial;\">Daniel Barenbo\u00efm est d\u00e9j\u00e0 venu en octobre.<br \/>\n<\/span><\/p>\n<p><span style=\"color: #777777; font-family: Arial;\">Evgeni Kissin viendra en janvier et Murray Perahia en avril.<br \/>\n<\/span><\/p>\n<p><img loading=\"lazy\" decoding=\"async\" class=\"alignleft\" src=\"https:\/\/lemotdujour.fr\/wp-content\/uploads\/2019\/12\/120819_2338_Lundi9dcemb1.jpg\" alt=\"\" width=\"351\" height=\"197\" align=\"left\"><span style=\"color: #777777; font-family: Arial;\">Et ce dimanche, 8 d\u00e9cembre, <strong>Martha Argerich <\/strong>\u00e9tait l\u00e0.<br \/>\n<\/span><\/p>\n<p><span style=\"color: #777777; font-family: Arial;\">Et c&rsquo;est quelque chose qu&rsquo;elle soit l\u00e0, tant il est vrai qu&rsquo;il lui arrive de renoncer \u00e0 venir quand elle ne se sent pas pr\u00eate.<br \/>\n<\/span><\/p>\n<p><span style=\"color: #777777; font-family: Arial;\">C&rsquo;est au moins sa r\u00e9putation.<br \/>\n<\/span><\/p>\n<p><span style=\"color: #777777; font-family: Arial;\">&lt;<span style=\"color: #0000ff;\"><a style=\"color: #0000ff;\" href=\"https:\/\/fr.wikipedia.org\/wiki\/Martha_Argerich\">Wikipedia<\/a><\/span>&gt; affirme&nbsp;:<br \/>\n<\/span><\/p>\n<p style=\"margin-left: 28pt;\"><span style=\"color: #c00000; font-family: Arial;\">\u00ab&nbsp;Elle n&rsquo;a jamais \u00e9t\u00e9 poursuivie en rupture de contrat simplement parce que, jalouse de son ind\u00e9pendance, elle n&rsquo;en a jamais sign\u00e9.&nbsp;\u00bb<br \/>\n<\/span><\/p>\n<p><span style=\"color: #777777; font-family: Arial;\">Si cette affirmation est exacte, il faut \u00eatre Martha Argerich pour \u00eatre programm\u00e9e dans un concert, sans que l&rsquo;organisateur ne dispose d&rsquo;un contrat solide avec l&rsquo;artiste et accepte cette incertitude.<br \/>\n<\/span><\/p>\n<p><span style=\"color: #777777; font-family: Arial;\">Mais quand elle est pr\u00e9sente, la prestation tient de l&rsquo;exception.<br \/>\n<\/span><\/p>\n<p><span style=\"color: #777777; font-family: Arial;\">Elle arrive m\u00eame \u00e0 convaincre que le concerto de piano n\u00b01 que Beethoven a compos\u00e9 \u00e0 25 ans, encore bien \u00e9loign\u00e9 de sa maturit\u00e9, constitue un chef d&rsquo;\u0153uvre.<br \/>\n<\/span><\/p>\n<p><span style=\"color: #777777; font-family: Arial;\">En me replongeant dans sa biographie, j&rsquo;ai appris que ce m\u00eame 1<sup>er<\/sup> concerto de Beethoven qu&rsquo;elle a interpr\u00e9t\u00e9 \u00e0 Lyon \u00e9tait aussi au programme de son premier concert \u00e0 Buenos Aires o\u00f9 elle est n\u00e9e en 1941.<br \/>\n<\/span><\/p>\n<p><span style=\"color: #777777; font-family: Arial;\">Lors de ce premier concert elle avait 8 ans&nbsp;!<br \/>\n<\/span><\/p>\n<p><span style=\"color: #777777; font-family: Arial;\">Elle a commenc\u00e9 le piano vers 4 ans et \u00e0 le travailler vraiment \u00e0 5 ans.<br \/>\n<\/span><\/p>\n<p><span style=\"color: #777777; font-family: Arial;\">Elle ne voulait pas devenir pianiste, elle voulait devenir m\u00e9decin. Ses parents ont certainement insist\u00e9 beaucoup.<br \/>\n<\/span><\/p>\n<p><img loading=\"lazy\" decoding=\"async\" class=\"alignleft\" src=\"https:\/\/lemotdujour.fr\/wp-content\/uploads\/2019\/12\/120819_2338_Lundi9dcemb2.jpg\" alt=\"\" width=\"441\" height=\"300\" align=\"left\"><span style=\"color: #777777; font-family: Arial;\">L&rsquo;Express dans un article de 2000 : \u00ab <span style=\"color: #0000ff;\"><a style=\"color: #0000ff;\" href=\"https:\/\/www.lexpress.fr\/informations\/le-jour-ou-martha-argerich-osa-jouer_637449.html\">Le jour o\u00f9 Martha Argerich osa jouer<\/a><\/span>&nbsp;\u00bb raconte&nbsp;:<br \/>\n<\/span><\/p>\n<p style=\"margin-left: 28pt;\"><span style=\"color: #c00000; font-family: Arial;\">\u00ab&nbsp;Il \u00e9tait une fois \u00e0 Buenos Aires une petite fille de 2 ans et 8 mois qui se planta devant un piano et reproduisit instantan\u00e9ment l&rsquo;air que fredonnait sa pu\u00e9ricultrice, parce qu&rsquo;un petit camarade venait de lui dire: \u00abT&rsquo;es pas cap&rsquo; de jouer du piano.\u00bb Mais, cinquante-six ans plus tard, Martha Argerich n&rsquo;en finit pas de regretter d&rsquo;avoir relev\u00e9 ce d\u00e9fi. \u00abJ&rsquo;aime jouer du piano mais je d\u00e9teste \u00eatre pianiste\u00bb, ne cesse-t-elle de r\u00e9p\u00e9ter. Elle est sans doute la pianiste la plus inspir\u00e9e et la plus tortur\u00e9e de notre \u00e9poque. Si elle figure simplement en bonne place dans le hit-parade des concerts annul\u00e9s, elle est la seule \u00e0 refuser de se produire seule sur une sc\u00e8ne, depuis dix-neuf ans. Plus exactement \u00e9tait, car, le 25 mars dernier, elle se r\u00e9signait enfin \u00e0 offrir un r\u00e9cital au public enthousiaste de Carnegie Hall.&nbsp;\u00bb<br \/>\n<\/span><\/p>\n<p><span style=\"color: #777777; font-family: Arial;\">Cet article apporte une autre information, Martha Argerich ne veut plus jouer seul sur sc\u00e8ne, elle a toujours besoin de partager la musique avec des amis.<br \/>\n<\/span><\/p>\n<p><span style=\"color: #777777; font-family: Arial;\">Ce dimanche, elle a d&rsquo;abord jou\u00e9 de la musique pour deux pianos avec un autre pianiste n\u00e9 \u00e0 Buenos Aires&nbsp;: Eduardo Hubert.<br \/>\n<\/span><\/p>\n<p><span style=\"color: #777777; font-family: Arial;\">Le concerto de Beethoven, elle l&rsquo;a jou\u00e9e avec un orchestre de chambre hongrois remarquable&nbsp;: L&rsquo;orchestre de chambre Franz-Liszt de Budapest dirig\u00e9 par Gabor Takacs-Nagy.<br \/>\n<\/span><\/p>\n<p><span style=\"color: #777777; font-family: Arial;\">Ce concert new-yorkais dont parle l&rsquo;Express et qui \u00e9tait donc une exception depuis 19 ans et qui l&rsquo;est redevenue depuis, \u00e9tait tout \u00e0 fait particulier.<br \/>\n<\/span><\/p>\n<p><span style=\"color: #777777; font-family: Arial;\">En 1990, Martha Argerich a \u00e9t\u00e9 atteint par le cancer : un m\u00e9lanome. Elle avait \u00e9t\u00e9 trait\u00e9e avec succ\u00e8s. Malheureusement, elle a rechut\u00e9 en 1995 avec des m\u00e9tastases pulmonaires et un envahissement des ganglions lymphatiques. Un nouveau traitement institu\u00e9 au John Wayne Cancer Institute lui a permis d&rsquo;obtenir une nouvelle r\u00e9mission. <\/span><span style=\"color: #777777; font-family: Arial;\">Et le concert de Carnegie Hall \u00e9tait organis\u00e9 au profit du John Wayne Cancer Institute de Santa Monica (Californie), dirig\u00e9 par le Dr Morton, qui a su traiter la grave affection canc\u00e9reuse dont elle souffre.<br \/>\n<\/span><\/p>\n<p><span style=\"color: #777777; font-family: Arial;\">Martha Argerich est donc une survivante qui d\u00e9fie les statistiques morbides des r\u00e9cidives canc\u00e9reuses et de leurs complications m\u00e9tastasiques.<br \/>\n<\/span><\/p>\n<p><span style=\"color: #777777; font-family: Arial;\">Quand elle joue sur sc\u00e8ne, on voit son plaisir, son espi\u00e8glerie \u00e0 faire de la musique avec d&rsquo;autres avec une technique sans faille et une \u00e9motion \u00e0 fleur de peau.<br \/>\n<\/span><\/p>\n<p><span style=\"color: #777777; font-family: Arial;\">J&rsquo;ai aussi emprunt\u00e9 \u00e0 l&rsquo;article de l&rsquo;express l&rsquo;exergue de ce mot du jour. C&rsquo;est un portrait litt\u00e9raire de Martha Argerich \u00e9crit par Philippe Sollers \u00ab<strong>R\u00e9aliste, indestructible et r\u00e9volutionnaire dans un monde uniform\u00e9ment fade et m\u00e9canis\u00e9<\/strong>\u00bb, Et comme l&rsquo;\u00e9crit le journaliste son jeu, toujours fid\u00e8le au texte de la partition, est d&rsquo;une libert\u00e9 et d&rsquo;une spontan\u00e9it\u00e9 absolues, comme si la musique naissait sous ses doigts pour la premi\u00e8re fois.<br \/>\n<\/span><\/p>\n<p><img decoding=\"async\" class=\"aligncenter\" src=\"https:\/\/lemotdujour.fr\/wp-content\/uploads\/2019\/12\/120819_2338_Lundi9dcemb3.jpg\" alt=\"\" align=\"left\"><span style=\"color: #777777; font-family: Arial;\">Martha Argerich fuit les journalistes et les interviews.<br \/>\n<\/span><\/p>\n<p><span style=\"color: #777777; font-family: Arial;\">Et c&rsquo;est donc quasi inesp\u00e9r\u00e9 de la voir simple, attachante dans un documentaire tourn\u00e9 en 1972 par la &lt;<a href=\"https:\/\/www.youtube.com\/watch?v=daP2N1JPv3s&amp;feature=emb_logo\"><span style=\"color: #0000ff;\">T\u00e9l\u00e9vision Suisse<\/span><\/a>&gt; \u00e0 l&rsquo;\u00e9poque o\u00f9 elle \u00e9tait mari\u00e9e avec le chef Charles Dutoit.<br \/>\n<\/span><\/p>\n<p><span style=\"color: #777777; font-family: Arial;\">Un autre documentaire plus court sur &lt;<a href=\"https:\/\/www.youtube.com\/watch?v=y7A6pQnuPcM\"><span style=\"color: #0000ff;\">Euronews<\/span><\/a>&gt; la montre en Italie, en 2012, alors qu&rsquo;elle pr\u00e9pare un concert avec Antonio Pappano.<br \/>\n<\/span><\/p>\n<p><span style=\"color: #777777; font-family: Arial;\">Sur la page de pr\u00e9sentation de ce documentaire, on lit&nbsp;:<br \/>\n<\/span><\/p>\n<p style=\"margin-left: 28pt;\"><span style=\"color: #c00000; font-family: Arial;\">\u00ab&nbsp;La pianiste virtuose a fait chavirer Rome derni\u00e8rement en interpr\u00e9tant le Concerto de Schumann aux c\u00f4t\u00e9s de musiciens qu&rsquo;elle estime exceptionnels : [\u2026] Farouchement attach\u00e9e \u00e0 son ind\u00e9pendance, rejetant les r\u00e8gles impos\u00e9es par la carri\u00e8re et la c\u00e9l\u00e9brit\u00e9, Martha Argerich n&rsquo;interpr\u00e8te pas la musique, elle l&rsquo;incarne. \u00ab\u00a0Il est impossible de s\u00e9parer la personne de la musicienne : elle est la musique,\u00a0\u00bb affirme le chef Antonio Pappano [\u2026] Pour Martha, la musique n&rsquo;a de sens que si elle est partag\u00e9e. Insoumise et courageuse, la virtuose a lutt\u00e9 toute sa vie contre la solitude. \u00ab\u00a0Friedrich Gulda m&rsquo;avait dit : \u00ab\u00a0il faut que tu apprennes tout avant 16 ans parce qu&rsquo;apr\u00e8s on devient un peu stupide,\u00a0\u00bb raconte la musicienne, \u00ab\u00a0je trouvais que je menais la vie d&rsquo;une personne de quarante ans quand j&rsquo;en avais 17 et je voulais vivre la vie des jeunes \u00e9tudiants de mon \u00e2ge qui \u00e9taient libres, qui s&rsquo;amusaient un peu, qui n&rsquo;avaient pas le trac et qui n&rsquo;avaient pas ces probl\u00e8mes. Je trouvais que ma vie \u00e9tait triste,\u00a0\u00bb poursuit-elle, \u00ab\u00a0je faisais des voyages, seule, j&rsquo;\u00e9tais tr\u00e8s timide, je suis tr\u00e8s timide parce que je crois que cela, on ne le perd pas !\u00a0\u00bb lance-t-elle avant de souligner : \u00ab\u00a0\u00e0 pr\u00e9sent, il y a des amis partout, alors on prend soin de moi.\u00a0\u00bb&nbsp;\u00bb<br \/>\n<\/span><\/p>\n<p><span style=\"color: #777777; font-family: Arial;\">Et puis il faut voir Martha Argerich jouer&nbsp;:<br \/>\n<\/span><\/p>\n<p><span style=\"color: #777777; font-family: Arial;\">Tr\u00e8s jeune <span style=\"color: #0000ff;\"><a style=\"color: #0000ff;\" href=\"https:\/\/www.youtube.com\/watch?v=KCSEwfqs-VM\">&lt;La polonaise h\u00e9ro\u00efque&gt;<\/a> <\/span>de Chopin.<br \/>\n<\/span><\/p>\n<p><span style=\"color: #777777; font-family: Arial;\">Et en 2010, \u00e0 Varsovie avec un orchestre polonais &lt;<span style=\"color: #0000ff;\"><a style=\"color: #0000ff;\" href=\"https:\/\/www.youtube.com\/watch?v=MkrwU5Pd93c\">le concerto n\u00b01 de Chopin<\/a><\/span>&gt;. Il est rare qu&rsquo;un musicien classique affiche plus de 2\u202f800\u202f000 vues sur youtube.<br \/>\n<\/span><\/p>\n<p><span style=\"color: #777777; font-family: Arial;\">A Leipzig, &lt;<span style=\"color: #0000ff;\"><a style=\"color: #0000ff;\" href=\"https:\/\/www.youtube.com\/watch?v=Ynky7qoPnUU\">le concerto de piano de Schumann<\/a><\/span>&gt; dans une interpr\u00e9tation lumineuse.<br \/>\n<\/span><\/p>\n<p><span style=\"color: #777777; font-family: Arial;\">Et des plus petites pi\u00e8ces&nbsp;: &lt;<a href=\"https:\/\/www.youtube.com\/watch?v=JXH-sj9miO8\"><span style=\"color: #0000ff;\">Une petite \u0153uvre de Bach<\/span><\/a>&gt; dans laquelle, elle excelle.<br \/>\n<\/span><\/p>\n<p><span style=\"color: #777777; font-family: Arial;\">Et un de ses bis f\u00e9tiches &lt;<span style=\"color: #0000ff;\"><a style=\"color: #0000ff;\" href=\"https:\/\/www.youtube.com\/watch?v=Gh9WX7TKfkI\">la sonate K141 de Scarlatti<\/a><\/span>&gt; dans laquelle s&rsquo;exprime sa virtuosit\u00e9.<br \/>\n<\/span><\/p>\n<p><span style=\"color: #777777; font-family: Arial;\">Et pour finir France musique qui pose la question &lt;<a href=\"https:\/\/www.youtube.com\/watch?time_continue=18&amp;v=YfvfEsauxoU&amp;feature=emb_logo\"><span style=\"color: #0000ff;\">Peut-on percer le myst\u00e8re Martha Argerich ?<\/span>&gt;<\/a><br \/>\n<\/span><\/p>\n<p><span style=\"color: #777777; font-family: Arial;\">&lt;<span style=\"color: maroon;\">1322&gt;<\/span><\/span><\/p>\n","protected":false},"excerpt":{"rendered":"<p>\u00abR\u00e9aliste, indestructible et r\u00e9volutionnaire dans un monde uniform\u00e9ment fade et m\u00e9canis\u00e9\u00bb Philippe Sollers en \u00e9voquant Martha Argerich Cette saison, c&rsquo;est la f\u00eate des pianistes exceptionnels \u00e0 l&rsquo;Auditorium de Lyon. Il ne manque que Grigory Sokolov. Daniel Barenbo\u00efm est d\u00e9j\u00e0 venu<\/p>\n","protected":false},"author":1,"featured_media":0,"comment_status":"open","ping_status":"closed","sticky":false,"template":"","format":"standard","meta":{"footnotes":""},"categories":[1],"tags":[46,20,19],"class_list":["post-7551","post","type-post","status-publish","format-standard","hentry","category-motdujour","tag-art","tag-musique","tag-personnel"],"_links":{"self":[{"href":"https:\/\/lemotdujour.fr\/index.php?rest_route=\/wp\/v2\/posts\/7551","targetHints":{"allow":["GET"]}}],"collection":[{"href":"https:\/\/lemotdujour.fr\/index.php?rest_route=\/wp\/v2\/posts"}],"about":[{"href":"https:\/\/lemotdujour.fr\/index.php?rest_route=\/wp\/v2\/types\/post"}],"author":[{"embeddable":true,"href":"https:\/\/lemotdujour.fr\/index.php?rest_route=\/wp\/v2\/users\/1"}],"replies":[{"embeddable":true,"href":"https:\/\/lemotdujour.fr\/index.php?rest_route=%2Fwp%2Fv2%2Fcomments&post=7551"}],"version-history":[{"count":5,"href":"https:\/\/lemotdujour.fr\/index.php?rest_route=\/wp\/v2\/posts\/7551\/revisions"}],"predecessor-version":[{"id":9210,"href":"https:\/\/lemotdujour.fr\/index.php?rest_route=\/wp\/v2\/posts\/7551\/revisions\/9210"}],"wp:attachment":[{"href":"https:\/\/lemotdujour.fr\/index.php?rest_route=%2Fwp%2Fv2%2Fmedia&parent=7551"}],"wp:term":[{"taxonomy":"category","embeddable":true,"href":"https:\/\/lemotdujour.fr\/index.php?rest_route=%2Fwp%2Fv2%2Fcategories&post=7551"},{"taxonomy":"post_tag","embeddable":true,"href":"https:\/\/lemotdujour.fr\/index.php?rest_route=%2Fwp%2Fv2%2Ftags&post=7551"}],"curies":[{"name":"wp","href":"https:\/\/api.w.org\/{rel}","templated":true}]}}