{"id":7543,"date":"2019-12-06T05:40:39","date_gmt":"2019-12-06T04:40:39","guid":{"rendered":"http:\/\/lemotdujour.fr\/?p=7543"},"modified":"2020-06-12T18:45:18","modified_gmt":"2020-06-12T16:45:18","slug":"vendredi-6-decembre-2019","status":"publish","type":"post","link":"https:\/\/lemotdujour.fr\/?p=7543","title":{"rendered":"Vendredi 6 d\u00e9cembre 2019"},"content":{"rendered":"<div class=\"mdjTexte\">\u00ab Pause \u00bb<\/div>\n<div class=\"mdjAuteur\">Un jour sans mot du jour<\/div>\n<p><span style=\"color: #777777; font-family: Arial;\">Cette ann\u00e9e la f\u00eate des lumi\u00e8res de Lyon commence le 5 d\u00e9cembre et se terminera le 8 d\u00e9cembre jour de la vraie f\u00eate des lumi\u00e8res.<br \/>\n<\/span><\/p>\n<p><img loading=\"lazy\" decoding=\"async\" class=\"wp-image-7546 alignleft\" src=\"https:\/\/lemotdujour.fr\/wp-content\/uploads\/2019\/12\/Chat-photographe.jpg\" alt=\"\" width=\"337\" height=\"234\" srcset=\"https:\/\/lemotdujour.fr\/wp-content\/uploads\/2019\/12\/Chat-photographe.jpg 400w, https:\/\/lemotdujour.fr\/wp-content\/uploads\/2019\/12\/Chat-photographe-300x209.jpg 300w\" sizes=\"auto, (max-width: 337px) 100vw, 337px\" \/><span style=\"color: #777777; font-family: Arial;\">J&rsquo;avais le projet d&rsquo;y aller le premier jour pour faire des photos, car comme tout habitant de Lyon je sais que c&rsquo;est le moment o\u00f9 il est possible d&rsquo;aller voir les diff\u00e9rentes \u0153uvres de lumi\u00e8re sans qu&rsquo;il n&rsquo;y ait une foule trop importante.<br \/>\n<\/span><\/p>\n<p><span style=\"color: #777777; font-family: Arial;\">Visiblement, beaucoup de lyonnais ont eu cette id\u00e9e et les lyonnais sont nombreux.<br \/>\n<\/span><\/p>\n<p><span style=\"color: #777777; font-family: Arial;\">Je me suis donc retrouv\u00e9 avec Annie dans une foule dense et compacte.<br \/>\n<\/span><\/p>\n<p><span style=\"color: #777777; font-family: Arial;\">La foule, le froid et la fragilit\u00e9 de sant\u00e9 qui me poursuit d\u00e9sormais m&rsquo;a emp\u00each\u00e9 de pers\u00e9v\u00e9rer dans mon projet, il m&rsquo;a fallu rentrer.<br \/>\n<\/span><\/p>\n<p><span style=\"color: #777777; font-family: Arial;\">Je n&rsquo;ai donc pas de photos \u00e0 vous proposer.<br \/>\n<\/span><\/p>\n<p><span style=\"color: #777777; font-family: Arial;\">Mais la f\u00eate des lumi\u00e8res dispose d&rsquo;un <a href=\"https:\/\/www.fetedeslumieres.lyon.fr\/fr\"><span style=\"color: #0000ff;\">\u00ab&nbsp;site&nbsp;\u00bb<\/span><\/a><br \/>\n<\/span><\/p>\n<p><span style=\"color: #c00000;\"><span style=\"font-family: Arial;\">&lt;Mot sans num\u00e9ro&gt;<\/span><span style=\"color: #777777; font-family: Times New Roman; font-size: 12pt;\"><br \/>\n<\/span><\/span><\/p>\n","protected":false},"excerpt":{"rendered":"<p>\u00ab Pause \u00bb Un jour sans mot du jour Cette ann\u00e9e la f\u00eate des lumi\u00e8res de Lyon commence le 5 d\u00e9cembre et se terminera le 8 d\u00e9cembre jour de la vraie f\u00eate des lumi\u00e8res. J&rsquo;avais le projet d&rsquo;y aller le<\/p>\n","protected":false},"author":1,"featured_media":0,"comment_status":"open","ping_status":"closed","sticky":false,"template":"","format":"standard","meta":{"footnotes":""},"categories":[1],"tags":[96],"class_list":["post-7543","post","type-post","status-publish","format-standard","hentry","category-motdujour","tag-pause"],"_links":{"self":[{"href":"https:\/\/lemotdujour.fr\/index.php?rest_route=\/wp\/v2\/posts\/7543","targetHints":{"allow":["GET"]}}],"collection":[{"href":"https:\/\/lemotdujour.fr\/index.php?rest_route=\/wp\/v2\/posts"}],"about":[{"href":"https:\/\/lemotdujour.fr\/index.php?rest_route=\/wp\/v2\/types\/post"}],"author":[{"embeddable":true,"href":"https:\/\/lemotdujour.fr\/index.php?rest_route=\/wp\/v2\/users\/1"}],"replies":[{"embeddable":true,"href":"https:\/\/lemotdujour.fr\/index.php?rest_route=%2Fwp%2Fv2%2Fcomments&post=7543"}],"version-history":[{"count":4,"href":"https:\/\/lemotdujour.fr\/index.php?rest_route=\/wp\/v2\/posts\/7543\/revisions"}],"predecessor-version":[{"id":9211,"href":"https:\/\/lemotdujour.fr\/index.php?rest_route=\/wp\/v2\/posts\/7543\/revisions\/9211"}],"wp:attachment":[{"href":"https:\/\/lemotdujour.fr\/index.php?rest_route=%2Fwp%2Fv2%2Fmedia&parent=7543"}],"wp:term":[{"taxonomy":"category","embeddable":true,"href":"https:\/\/lemotdujour.fr\/index.php?rest_route=%2Fwp%2Fv2%2Fcategories&post=7543"},{"taxonomy":"post_tag","embeddable":true,"href":"https:\/\/lemotdujour.fr\/index.php?rest_route=%2Fwp%2Fv2%2Ftags&post=7543"}],"curies":[{"name":"wp","href":"https:\/\/api.w.org\/{rel}","templated":true}]}}