{"id":754,"date":"2014-06-27T02:00:00","date_gmt":"2014-06-26T22:00:00","guid":{"rendered":"http:\/\/lemotdujour.fr\/?p=754"},"modified":"2017-05-08T13:22:27","modified_gmt":"2017-05-08T11:22:27","slug":"vendredi-27062014","status":"publish","type":"post","link":"https:\/\/lemotdujour.fr\/?p=754","title":{"rendered":"Vendredi 27\/06\/2014"},"content":{"rendered":"<div class=\"mdjDate\">Vendredi 27\/06\/2014<\/div>\n<div class=\"mdjTexte\">\u00abSi cela s&rsquo;\u00e9tait pass\u00e9 un si\u00e8cle plus t\u00f4t, l&rsquo;archiduc Fran\u00e7ois-Ferdinand et sa femme auraient peut-\u00eatre \u00e9t\u00e9 tu\u00e9s \u00e0 Sarajevo, mais il n&rsquo;y aurait peut-\u00eatre pas eu la premi\u00e8re guerre mondiale. \u00ab<\/div>\n<div class=\"mdjAuteur\">Frank-Walter Steinmeier<\/div>\n<div class=\"mdjComplements\">Le ministre des affaires \u00e9trang\u00e8res de l&rsquo;Allemagne apr\u00e8s sa participation au Conseil des Ministres de la R\u00e9publique Fran\u00e7aise<\/div>\n<div class=\"mdjComplements\">Demain, il y a 100 ans Gavrilo Princip, qui n&rsquo;avait pas encore 20 ans, commettait un acte qui allait avoir des cons\u00e9quences d\u00e9sastreuses : 18, 6 millions de morts, voil\u00e0 le bilan de la guerre 14-18.<\/div>\n<div class=\"mdjComplements\">Beaucoup d&rsquo;historiens remettent en cause l&rsquo;enchainement inexorable des \u00e9v\u00e8nements de cet assassinat vers la guerre. Ils veulent dire que cet enchainement n&rsquo;\u00e9tait pas \u00e9crit comme le pr\u00e9tendait les livres d&rsquo;Histoire de notre jeunesse. Il y a eu des erreurs d&rsquo;appr\u00e9ciation, des incompr\u00e9hensions tout au long de ce mois de juillet 1914.<\/div>\n<div class=\"mdjComplements\">Par exemple, des sources allemandes montrent que les responsables allemands \u00e9taient persuad\u00e9s que le Royaume Uni n&rsquo;entrerait pas en guerre au c\u00f4t\u00e9 de la France, il semble bien que s&rsquo;ils avaient \u00e9t\u00e9 convaincus du contraire, ils n&rsquo;auraient pas d\u00e9clar\u00e9 la guerre \u00e0 la France.<\/div>\n<div class=\"mdjComplements\">Il est certain que cette guerre a \u00e9t\u00e9 avant tout un \u00e9chec de la diplomatie. Un si\u00e8cle apr\u00e8s, le 14 mai 2014 Le ministre des affaires \u00e9trang\u00e8res de l&rsquo;Allemagne participait au conseil des Ministres de la France.<\/div>\n<div class=\"mdjComplements\">Apr\u00e8s cet \u00e9v\u00e8nement M. Steinmeier a d\u00e9clar\u00e9 : \u00ab J&rsquo;\u00e9tais non seulement tr\u00e8s \u00e9mu, mais, si cela s&rsquo;\u00e9tait pass\u00e9 un si\u00e8cle plus t\u00f4t, l&rsquo;archiduc Fran\u00e7ois-Ferdinand et sa femme auraient peut-\u00eatre \u00e9t\u00e9 tu\u00e9s \u00e0 Sarajevo, mais il n&rsquo;y aurait peut-\u00eatre pas eu la premi\u00e8re guerre mondiale. \u00bb<\/div>\n<div class=\"mdjComplements\">Que le Ciel nous tienne en joie, aujourd&rsquo;hui nous nous disputons avec les allemands mais nous ne nous battons plus avec eux.<\/div>\n<div class=\"mdjComplements\">Le progr\u00e8s existe, nous le vivons.<\/div>\n","protected":false},"excerpt":{"rendered":"<p>Vendredi 27\/06\/2014 \u00abSi cela s&rsquo;\u00e9tait pass\u00e9 un si\u00e8cle plus t\u00f4t, l&rsquo;archiduc Fran\u00e7ois-Ferdinand et sa femme auraient peut-\u00eatre \u00e9t\u00e9 tu\u00e9s \u00e0 Sarajevo, mais il n&rsquo;y aurait peut-\u00eatre pas eu la premi\u00e8re guerre mondiale. \u00ab Frank-Walter Steinmeier Le ministre des affaires \u00e9trang\u00e8res<\/p>\n","protected":false},"author":1,"featured_media":0,"comment_status":"closed","ping_status":"closed","sticky":false,"template":"","format":"standard","meta":{"footnotes":""},"categories":[1],"tags":[],"class_list":["post-754","post","type-post","status-publish","format-standard","hentry","category-motdujour"],"_links":{"self":[{"href":"https:\/\/lemotdujour.fr\/index.php?rest_route=\/wp\/v2\/posts\/754","targetHints":{"allow":["GET"]}}],"collection":[{"href":"https:\/\/lemotdujour.fr\/index.php?rest_route=\/wp\/v2\/posts"}],"about":[{"href":"https:\/\/lemotdujour.fr\/index.php?rest_route=\/wp\/v2\/types\/post"}],"author":[{"embeddable":true,"href":"https:\/\/lemotdujour.fr\/index.php?rest_route=\/wp\/v2\/users\/1"}],"replies":[{"embeddable":true,"href":"https:\/\/lemotdujour.fr\/index.php?rest_route=%2Fwp%2Fv2%2Fcomments&post=754"}],"version-history":[{"count":1,"href":"https:\/\/lemotdujour.fr\/index.php?rest_route=\/wp\/v2\/posts\/754\/revisions"}],"predecessor-version":[{"id":755,"href":"https:\/\/lemotdujour.fr\/index.php?rest_route=\/wp\/v2\/posts\/754\/revisions\/755"}],"wp:attachment":[{"href":"https:\/\/lemotdujour.fr\/index.php?rest_route=%2Fwp%2Fv2%2Fmedia&parent=754"}],"wp:term":[{"taxonomy":"category","embeddable":true,"href":"https:\/\/lemotdujour.fr\/index.php?rest_route=%2Fwp%2Fv2%2Fcategories&post=754"},{"taxonomy":"post_tag","embeddable":true,"href":"https:\/\/lemotdujour.fr\/index.php?rest_route=%2Fwp%2Fv2%2Ftags&post=754"}],"curies":[{"name":"wp","href":"https:\/\/api.w.org\/{rel}","templated":true}]}}