{"id":7531,"date":"2019-12-05T00:12:45","date_gmt":"2019-12-04T23:12:45","guid":{"rendered":"http:\/\/lemotdujour.fr\/?p=7531"},"modified":"2020-06-12T18:47:06","modified_gmt":"2020-06-12T16:47:06","slug":"jeudi-5-decembre-2019","status":"publish","type":"post","link":"https:\/\/lemotdujour.fr\/?p=7531","title":{"rendered":"Jeudi 5 d\u00e9cembre 2019"},"content":{"rendered":"<div class=\"mdjTexte\">\u00ab C\u2019est en France que la dur\u00e9e de vie apr\u00e8s la vie professionnelle est la plus longue. \u00bb<\/div>\n<div class=\"mdjAuteur\">Etude de l\u2019OCDE<\/div>\n<p><span style=\"color: #777777; font-family: Arial;\">Aujourd&rsquo;hui c&rsquo;est la gr\u00e8ve !<br \/>\n<\/span><\/p>\n<p><span style=\"color: #777777; font-family: Arial;\">La gr\u00e8ve pour nos retraites.<br \/>\n<\/span><\/p>\n<p><span style=\"color: #777777; font-family: Arial;\">C&rsquo;est un sujet tr\u00e8s compliqu\u00e9 qui me laisse songeur.<br \/>\n<\/span><\/p>\n<p><span style=\"color: #777777; font-family: Arial;\">La retraite par r\u00e9partition que nous avons en France constitue une magnifique \u0153uvre de solidarit\u00e9 et d&rsquo;entraide, mais elle est tr\u00e8s contraignante et n\u00e9cessite le contraire d&rsquo;une r\u00e9action individualiste. Elle n\u00e9cessite une r\u00e9action sociale et solidaire.<br \/>\n<\/span><\/p>\n<p><span style=\"color: #777777; font-family: Arial;\">Si tout le monde se pr\u00e9cipite sur la place publique et dit&nbsp;: \u00ab&nbsp;Et moi et moi, et moi, j&rsquo;ai des droits&nbsp;\u00bb, sans jamais se poser la question des droits des autres, ni encore davantage qui paiera, nous ne nous en sortirons pas.<br \/>\n<\/span><\/p>\n<p><span style=\"color: #777777; font-family: Arial;\">La premi\u00e8re question \u00e0 se poser, est de savoir si nous voulons continuer \u00e0 rester dans un syst\u00e8me essentiellement par r\u00e9partition.<br \/>\n<\/span><\/p>\n<p><span style=\"color: #777777; font-family: Arial;\">J&rsquo;avais d\u00e9j\u00e0 abord\u00e9 ce sujet de mani\u00e8re assez personnelle dans<span style=\"color: #0000ff;\"> <a style=\"color: #0000ff;\" href=\"https:\/\/lemotdujour.fr\/?p=4650\">le mot du jour du 2 mai 2018&nbsp;<\/a>:<\/span> <strong>\u00ab&nbsp;Grandeur et servitude du syst\u00e8me de retraite par r\u00e9partition&nbsp;\u00bb<br \/>\n<\/strong><\/span><\/p>\n<p><span style=\"color: #777777; font-family: Arial;\">Si la r\u00e9ponse \u00e0 cette question est oui, il faut bien s\u00fbr s&rsquo;interroger sur un niveau acceptable de pension pour les retrait\u00e9s, mais il faut tout autant s&rsquo;interroger sur la capacit\u00e9 des actifs \u00e0 payer la pension de ces retrait\u00e9s.<br \/>\n<\/span><\/p>\n<p><span style=\"color: #777777; font-family: Arial;\">A partir des \u00e9l\u00e9ments factuels recueillis sur le site du Conseil d&rsquo;Orientation des Retraites j&rsquo;avais pu \u00e9tablir cette projection&nbsp;:<br \/>\n<\/span><\/p>\n<p><span style=\"color: #777777; font-family: Arial;\"><strong>\u00ab&nbsp;Ceci signifie qu&rsquo;en 1960&nbsp;: 4 actifs cotisaient, en moyenne, chacun 25 euros pour qu&rsquo;un retrait\u00e9 puisse toucher 100 euros. Selon cette projection en 2050, un actif devra cotiser 83,33 \u20ac pour arriver au m\u00eame r\u00e9sultat que le retrait\u00e9 puisse toucher 100 euros.&nbsp;\u00bb<br \/>\n<\/strong><\/span><\/p>\n<p><span style=\"color: #777777; font-family: Arial;\">Aborder ce vaste sujet uniquement par l&rsquo;angle des droits, sans aborder la question du co\u00fbt pour les actifs me parait hautement d\u00e9raisonnable.<br \/>\n<\/span><\/p>\n<p><span style=\"color: #777777; font-family: Arial;\">Cela \u00e9tant dit, la communication chaotique du gouvernement est anxiog\u00e8ne. Nicholas Baverez l&rsquo;a dit sur<span style=\"color: #0000ff;\"> <a style=\"color: #0000ff;\" href=\"https:\/\/www.franceinter.fr\/emissions\/l-invite-de-7h50\/l-invite-de-7h50-03-decembre-2019\">France Inter&nbsp;<\/a>:<\/span><br \/>\n<\/span><\/p>\n<p style=\"margin-left: 28pt;\"><span style=\"color: #c00000; font-family: Arial;\">\u00ab&nbsp;Sur les retraites, on a multipli\u00e9 les incertitudes sans apporter de solutions&nbsp;\u00bb<br \/>\n<\/span><\/p>\n<p><span style=\"color: #777777; font-family: Arial;\">En outre, les technocrates qui nous gouvernent ont trouv\u00e9 pertinent d&rsquo;inventer une novlangue qui par son c\u00f4t\u00e9 obscur ajoute \u00e0 l&rsquo;anxi\u00e9t\u00e9.<br \/>\n<\/span><\/p>\n<p><span style=\"color: #777777; font-family: Arial;\">Alternatives \u00e9conomiques a propos\u00e9 un article&nbsp;: \u00ab&nbsp;<a href=\"https:\/\/www.alternatives-economiques.fr\/comprendre-a-novlangue-retraites\/00091151\"><span style=\"color: #0000ff;\">Tout comprendre \u00e0 la novlangue des retraites&nbsp;<\/span><\/a><span style=\"color: #0000ff;\">\u00bb<\/span><br \/>\n<\/span><\/p>\n<p><span style=\"color: #777777; font-family: Arial;\">L&rsquo;article est introduit ainsi&nbsp;:<br \/>\n<\/span><\/p>\n<p style=\"margin-left: 28pt;\"><span style=\"color: #c00000; font-family: Arial;\">\u00ab&nbsp;Comme si la r\u00e9forme des retraites n&rsquo;\u00e9tait pas d\u00e9j\u00e0 suffisamment compliqu\u00e9e, le vocabulaire qui l&rsquo;accompagne ajoute \u00e0 la confusion g\u00e9n\u00e9rale. Si les Fran\u00e7ais ont bien compris que l&rsquo;orientation choisie par l&rsquo;ex\u00e9cutif \u00e9tait de les faire travailler plus longtemps, beaucoup n&rsquo;ont toujours pas saisi les subtiles modalit\u00e9s de cet allongement de la dur\u00e9e de vie au travail.<br \/>\n<\/span><\/p>\n<p style=\"margin-left: 28pt;\"><span style=\"color: #c00000; font-family: Arial;\">De nouveaux concepts \u00e9mergent dans le d\u00e9bat, \u00e0 l&rsquo;instar de l&rsquo;\u00e2ge minimum de taux plein, certains sont sortis de la naphtaline comme la clause du grand-p\u00e8re. D&rsquo;autres encore recouvrent des nuances techniques qu&rsquo;il est utile de d\u00e9finir. Car tous ces termes sont lourds de cons\u00e9quences pour les futurs pensionn\u00e9s.&nbsp;\u00bb<br \/>\n<\/span><\/p>\n<p><span style=\"color: #777777; font-family: Arial;\">Les journalistes apportent ainsi des pr\u00e9cisions sur dix expressions&nbsp;:<br \/>\n<\/span><\/p>\n<p style=\"margin-left: 28pt;\"><span style=\"color: #777777; font-family: Arial;\">1\/ Age pivot ou \u00e2ge d&rsquo;\u00e9quilibre<br \/>\n<\/span><\/p>\n<p style=\"margin-left: 28pt;\"><span style=\"color: #777777; font-family: Arial;\">2\/ Age minimum du taux plein<br \/>\n<\/span><\/p>\n<p style=\"margin-left: 28pt;\"><span style=\"color: #777777; font-family: Arial;\">3\/ Age d&rsquo;annulation de la d\u00e9cote ou du taux plein automatique<br \/>\n<\/span><\/p>\n<p style=\"margin-left: 28pt;\"><span style=\"color: #777777; font-family: Arial;\">4\/ Age de d\u00e9part moyen ou \u00e2ge de d\u00e9part effectif<br \/>\n<\/span><\/p>\n<p style=\"margin-left: 28pt;\"><span style=\"color: #777777; font-family: Arial;\">5\/ Age conjoncturel de d\u00e9part en retraite<br \/>\n<\/span><\/p>\n<p style=\"margin-left: 28pt;\"><span style=\"color: #777777; font-family: Arial;\">6\/ Clause du grand-p\u00e8re<br \/>\n<\/span><\/p>\n<p style=\"margin-left: 28pt;\"><span style=\"color: #777777; font-family: Arial;\">7\/ R\u00e9forme param\u00e9trique ou syst\u00e9mique<br \/>\n<\/span><\/p>\n<p style=\"margin-left: 28pt;\"><span style=\"color: #777777; font-family: Arial;\">8\/ Taux de remplacement<br \/>\n<\/span><\/p>\n<p style=\"margin-left: 28pt;\"><span style=\"color: #777777; font-family: Arial;\">9\/ Valeur d&rsquo;acquisition et valeur de service du point<br \/>\n<\/span><\/p>\n<p style=\"margin-left: 28pt;\"><span style=\"color: #777777; font-family: Arial;\">10\/ D\u00e9sindexation des pensions<br \/>\n<\/span><\/p>\n<p><span style=\"color: #777777; font-family: Arial;\">Si vous vous d\u00e9p\u00eachez vous devriez pouvoir lire l&rsquo;article, car Alternatives \u00e9conomiques a d\u00e9cid\u00e9 d&rsquo;ouvrir son site gratuitement pour 24h.<br \/>\n<\/span><\/p>\n<p><span style=\"color: #777777; font-family: Arial;\">\u00ab<span style=\"color: #0000ff;\">&nbsp;<\/span><a href=\"https:\/\/www.alternatives-economiques.fr\/comprendre-a-novlangue-retraites\/00091151\"><span style=\"color: #0000ff;\">Tout comprendre \u00e0 la novlangue des retraites<\/span>&nbsp;<\/a>\u00bb<br \/>\n<\/span><\/p>\n<p><a href=\"https:\/\/www.franceinter.fr\/emissions\/l-invite-de-7h50\/l-invite-de-7h50-02-decembre-2019\"><span style=\"font-family: Arial;\"><span style=\"color: #0000ff;\">Thomas Picketty<\/span><\/span><\/a><span style=\"color: #777777; font-family: Arial;\"> attaque s\u00e9v\u00e8rement le gouvernement en parlant \u00ab&nbsp;<span style=\"color: #c00000;\">d&rsquo;arnaque <span style=\"color: #777777;\">&nbsp;\u00bb et il d\u00e9nonce le fait que gouvernement tente d&rsquo;opposer les bas salaires entre eux.<br \/>\n<\/span><\/span><\/span><\/p>\n<p><span style=\"color: #777777; font-family: Arial;\">Il \u00e9met cette id\u00e9e qu&rsquo;il faudrait faire davantage cotiser les hauts salaires.<br \/>\n<\/span><\/p>\n<p><span style=\"color: #777777; font-family: Arial;\">Et en effet, le gouvernement a pr\u00e9vu de ne taxer les revenus au-del\u00e0 de 10&nbsp;000 euros uniquement \u00e0 2,8 %.<br \/>\n<\/span><\/p>\n<p><span style=\"color: #777777; font-family: Arial;\">Mais L\u00e9a Salam\u00e9 a r\u00e9pliqu\u00e9 que la part au-dessus de 10&nbsp;000 euros ne permettrait plus de percevoir de pensions qui sont ainsi plafonn\u00e9s. Cet argument a \u00e9t\u00e9 repris le jour suivant par <span style=\"color: #0000ff;\"><a style=\"color: #0000ff;\" href=\"https:\/\/www.franceinter.fr\/emissions\/l-edito-eco\/l-edito-eco-04-decembre-2019\">Dominique Seux<\/a><\/span>&nbsp;:<br \/>\n<\/span><\/p>\n<p style=\"margin-left: 28pt;\"><span style=\"color: #c00000; font-family: Arial;\">\u00ab&nbsp;La complexit\u00e9 du sujet permet \u00e0 chacun de projeter ses propres fantasmes. Avant-hier, au micro de L\u00e9a Salam\u00e9, Thomas Piketty a cru pouvoir lever un li\u00e8vre en expliquant qu&rsquo;avec un taux de cotisation de 2,8% au-del\u00e0 de 10 000 euros bruts par mois, les plus riches \u00e9taient les grands gagnants cach\u00e9s. L\u00e9a Salam\u00e9 a rappel\u00e9 qu&rsquo;il n&rsquo;y aura aucun droit \u00e0 retraite en face, et elle a bien fait. La vraie cons\u00e9quence est que des cadres ne b\u00e9n\u00e9ficieront plus de la solidarit\u00e9 nationale \u00e0 un seuil nettement inf\u00e9rieur \u00e0 ce qu&rsquo;il est aujourd&rsquo;hui.<br \/>\n<\/span><\/p>\n<p style=\"margin-left: 28pt;\"><span style=\"color: #c00000; font-family: Arial;\">Le plus amusant est que Jean-Luc M\u00e9lenchon a d\u00e9nonc\u00e9 une r\u00e9forme qui obligera les classes moyennes (sic, \u00e0 plus de 10 000 euros par mois) \u00e0 souscrire \u00e0 un fonds de pension, tandis que Fran\u00e7ois Ruffin d\u00e9non\u00e7ait lui aussi un cadeau aux riches. Il faudrait savoir, la politique a ses raisons qui font parfois d\u00e9raisonner. &nbsp;\u00bb<br \/>\n<\/span><\/p>\n<p><span style=\"color: #777777; font-family: Arial;\">Et Alternatives Economiques explique davantage le m\u00e9canisme dans un article&nbsp;: \u00ab&nbsp;<a href=\"https:\/\/www.alternatives-economiques.fr\/paiera-retraite-super-cadres\/00091199?utm_source=emailing&amp;utm_medium=email&amp;utm_campaign=NL_Quotidienne%2F04122019\"><span style=\"color: #0000ff;\">Qui paiera la retraite des super-cadres&nbsp;?<\/span>&nbsp;<\/a>\u00bb<br \/>\n<\/span><\/p>\n<p style=\"margin-left: 28pt;\"><span style=\"color: #c00000; font-family: Arial;\">\u00ab&nbsp;La r\u00e9forme pr\u00e9voit de diminuer le plafond de la retraite : il n&rsquo;y aura plus de cotisation au-dessus de trois plafonds de la S\u00e9curit\u00e9 sociale (10 000 euros brut par mois environ) et la part du salaire sup\u00e9rieure \u00e0 ce niveau n&rsquo;est pas inclue dans le calcul des droits \u00e0 la retraite. Il restera une cotisation de solidarit\u00e9 de 2,8 % est vers\u00e9e sur la totalit\u00e9 du salaire. Malgr\u00e9 la forte communication du gouvernement sur ce sujet, cette cotisation de solidarit\u00e9 n&rsquo;est pas vraiment une innovation, mais simplement un l\u00e9ger rel\u00e8vement (de 0,4 point) du taux par rapport \u00e0 celui pratiqu\u00e9 dans syst\u00e8me actuel.<br \/>\n<\/span><\/p>\n<p style=\"margin-left: 28pt;\"><span style=\"color: #c00000; font-family: Arial;\">Ainsi, les cadres \u00e0 tr\u00e8s haut salaire obtiennent leur \u00ab bon de sortie \u00bb du syst\u00e8me collectif de S\u00e9curit\u00e9 sociale. Plus pr\u00e9cis\u00e9ment, ils y sont toujours affili\u00e9s, mais uniquement pour le \u00ab bas \u00bb de leur salaire. Pour le haut de leur salaire, charge \u00e0 ces personnes, et \u00e0 leur employeur, de s&rsquo;assurer elles-m\u00eames une retraite en se tournant vers diff\u00e9rents fonds de pensions priv\u00e9s (fonds qui d&rsquo;ailleurs sont en partie subventionn\u00e9s par diff\u00e9rentes formes d&rsquo;avantages fiscaux ou sociaux).\u00bb<br \/>\n<\/span><\/p>\n<p><span style=\"color: #777777; font-family: Arial;\">Alternatives \u00c9conomiques soul\u00e8ve cependant le probl\u00e8me de la transition qui semble \u00eatre le vrai li\u00e8vre sur ce sujet :<br \/>\n<\/span><\/p>\n<p style=\"margin-left: 28pt;\"><span style=\"color: #c00000; font-family: Arial;\">\u00ab&nbsp;La partie sup\u00e9rieure des hauts salaires ne cotise plus, ou presque, mais elle ne donne pas de droits \u00e0 retraite. Il n&rsquo;y a donc pas de probl\u00e8me&nbsp;? Au niveau individuel, peut-\u00eatre, mais au niveau collectif, ce n&rsquo;est pas tout \u00e0 fait exact. En effet, les cadres sup\u00e9rieurs qui sont d\u00e9j\u00e0 \u00e0 la retraite, ou m\u00eame encore en activit\u00e9, ont acquis des droits \u00e0 la retraite y compris au-dessus de trois plafonds de la S\u00e9curit\u00e9 sociale. Autrement dit, jusqu&rsquo;\u00e0 leur mort ces cadres percevront leur retraite, calcul\u00e9e sur des salaires pouvant aller jusqu&rsquo;\u00e0 huit plafonds de la S\u00e9cu. Ces salaires ont par le pass\u00e9 \u00e9t\u00e9 soumis \u00e0 cotisation et leurs droits \u00e0 retraite ne seront pas remis en cause&nbsp;\u2013 ce qui est relativement logique dans le cadre d&rsquo;une assurance sociale.<br \/>\n<\/span><\/p>\n<p style=\"margin-left: 28pt;\"><span style=\"color: #c00000; font-family: Arial;\">Le probl\u00e8me c&rsquo;est qu&rsquo;\u00e0 partir du basculement dans la r\u00e9forme (par exemple en 2025), il n&rsquo;y aurait plus de cotisations vers\u00e9es entre trois et huit plafonds de la S\u00e9cu par les cadres dirigeants actuellement en activit\u00e9. Cela veut dire que pendant plusieurs d\u00e9cennies, le syst\u00e8me de retraite devra en m\u00eame temps verser des pensions calcul\u00e9es sur des tr\u00e8s hauts salaires, tout en ayant renonc\u00e9 \u00e0 percevoir des cotisations sur les tr\u00e8s hauts salaires. Cela cr\u00e9erait un d\u00e9s\u00e9quilibre entre recette et prestations dans le syst\u00e8me, qui sera au final financ\u00e9 par la diminution globale des pensions.&nbsp;\u00bb<br \/>\n<\/span><\/p>\n<p><span style=\"color: #777777; font-family: Arial;\">Mais au milieu de toutes ces difficult\u00e9s, il y a quand m\u00eame une heureuse nouvelle pour la France&nbsp;: <strong>Nous sommes premiers&nbsp;!<\/strong><br \/>\n<\/span><\/p>\n<p><span style=\"color: #777777; font-family: Arial;\">Les Fran\u00e7ais sont le peuple qui a la dur\u00e9e de vie apr\u00e8s la vie professionnelle la plus longue de tous les pays d\u00e9velopp\u00e9s, nous confirme l&rsquo;OCDE.<br \/>\n<\/span><\/p>\n<p><span style=\"color: #777777; font-family: Arial;\">C&rsquo;est \u00e9crit dans le<span style=\"color: #0000ff;\"> <a style=\"color: #0000ff;\" href=\"https:\/\/www.oecd.org\/fr\/retraites\/les-pays-doivent-renforcer-leurs-regimes-de-retraite-pour-s-adapter-a-l-evolution-du-monde-du-travail.htm\" target=\"_blank\" rel=\"noopener noreferrer\">panorama annuel publi\u00e9 hier sur les retraites par l&rsquo;OCDE<\/a>,<\/span> l&rsquo;Organisme d&rsquo;\u00e9tudes \u00e9conomiques des pays d\u00e9velopp\u00e9s.<br \/>\n<\/span><\/p>\n<p><span style=\"color: #777777; font-family: Arial;\">L&rsquo;information et le classement se trouve <span style=\"color: #0000ff;\"><a style=\"color: #0000ff;\" href=\"https:\/\/stats.oecd.org\/index.aspx?queryid=69412\" target=\"_blank\" rel=\"noopener noreferrer\">en ligne<\/a><\/span>&nbsp;:<br \/>\n<\/span><\/p>\n<p><span style=\"color: #777777; font-family: Arial;\">Pour les hommes voici le classement sur les donn\u00e9es 2018<br \/>\n<\/span><\/p>\n<p><span style=\"font-family: Arial;\">1&nbsp;&nbsp;&nbsp;&nbsp;France&nbsp;&nbsp;&nbsp;&nbsp;22,7<br \/>\n<\/span><\/p>\n<p><span style=\"font-family: Arial;\">2&nbsp;&nbsp;&nbsp;&nbsp;Luxembourg&nbsp;&nbsp;&nbsp;&nbsp;22,3<br \/>\n<\/span><\/p>\n<p><span style=\"font-family: Arial;\">3&nbsp;&nbsp;&nbsp;&nbsp;Greece&nbsp;&nbsp;&nbsp;&nbsp;21,8<br \/>\n<\/span><\/p>\n<p><span style=\"font-family: Arial;\">4&nbsp;&nbsp;&nbsp;&nbsp;Spain&nbsp;&nbsp;&nbsp;&nbsp;21,7<br \/>\n<\/span><\/p>\n<p><span style=\"font-family: Arial;\">5&nbsp;&nbsp;&nbsp;&nbsp;Belgium&nbsp;&nbsp;&nbsp;&nbsp;21,1<br \/>\n<\/span><\/p>\n<p><span style=\"font-family: Arial;\">6&nbsp;&nbsp;&nbsp;&nbsp;Italy&nbsp;&nbsp;&nbsp;&nbsp;20,7<br \/>\n<\/span><\/p>\n<p><span style=\"font-family: Arial;\">7&nbsp;&nbsp;&nbsp;&nbsp;Australia&nbsp;&nbsp;&nbsp;&nbsp;19,8<br \/>\n<\/span><\/p>\n<p><span style=\"font-family: Arial;\">8&nbsp;&nbsp;&nbsp;&nbsp;Austria&nbsp;&nbsp;&nbsp;&nbsp;19,3<br \/>\n<\/span><\/p>\n<p><span style=\"font-family: Arial;\">9&nbsp;&nbsp;&nbsp;&nbsp;Finland&nbsp;&nbsp;&nbsp;&nbsp;19,1<br \/>\n<\/span><\/p>\n<p><span style=\"font-family: Arial;\">10&nbsp;&nbsp;&nbsp;&nbsp;Germany&nbsp;&nbsp;&nbsp;&nbsp;19,1<br \/>\n<\/span><\/p>\n<p><span style=\"color: #777777; font-family: Arial;\">Les Etats-Unis sont 24<sup>\u00e8me<\/sup> avec 16,4.<br \/>\n<\/span><\/p>\n<p><span style=\"color: #777777; font-family: Arial;\">Pour les femmes, c&rsquo;est encore les fran\u00e7aises qui sont en t\u00eate<br \/>\n<\/span><\/p>\n<p><span style=\"font-family: Arial;\">1&nbsp;&nbsp;&nbsp;&nbsp;France&nbsp;&nbsp;&nbsp;&nbsp;26,9<br \/>\n<\/span><\/p>\n<p><span style=\"font-family: Arial;\">2&nbsp;&nbsp;&nbsp;&nbsp;Spain&nbsp;&nbsp;&nbsp;&nbsp;26,6<br \/>\n<\/span><\/p>\n<p><span style=\"font-family: Arial;\">3&nbsp;&nbsp;&nbsp;&nbsp;Greece&nbsp;&nbsp;&nbsp;&nbsp;26,4<br \/>\n<\/span><\/p>\n<p><span style=\"font-family: Arial;\">4&nbsp;&nbsp;&nbsp;&nbsp;Italy&nbsp;&nbsp;&nbsp;&nbsp;25,7<br \/>\n<\/span><\/p>\n<p><span style=\"font-family: Arial;\">5&nbsp;&nbsp;&nbsp;&nbsp;Slovenia&nbsp;&nbsp;&nbsp;&nbsp;25,6<br \/>\n<\/span><\/p>\n<p><span style=\"font-family: Arial;\">6&nbsp;&nbsp;&nbsp;&nbsp;Belgium&nbsp;&nbsp;&nbsp;&nbsp;25,5<br \/>\n<\/span><\/p>\n<p><span style=\"font-family: Arial;\">7&nbsp;&nbsp;&nbsp;&nbsp;Luxembourg&nbsp;&nbsp;&nbsp;&nbsp;25,0<br \/>\n<\/span><\/p>\n<p><span style=\"font-family: Arial;\">8&nbsp;&nbsp;&nbsp;&nbsp;Austria&nbsp;&nbsp;&nbsp;&nbsp;25,0<br \/>\n<\/span><\/p>\n<p><span style=\"font-family: Arial;\">9&nbsp;&nbsp;&nbsp;&nbsp;Poland&nbsp;&nbsp;&nbsp;&nbsp;24,3<br \/>\n<\/span><\/p>\n<p><span style=\"font-family: Arial;\">10&nbsp;&nbsp;&nbsp;&nbsp;Finland&nbsp;&nbsp;&nbsp;&nbsp;23,5<br \/>\n<\/span><\/p>\n<p><span style=\"color: #777777; font-family: Arial;\">Les Etats-Unis sont cette fois 32<sup>\u00e8me<\/sup> avec 19,8 ann\u00e9es et l\u2019Allemagne 19<sup>\u00e8me<\/sup> avec 22,5.<br \/>\n<\/span><\/p>\n<p><span style=\"color: #777777; font-family: Arial;\">Dominique Seux a tent\u00e9 d&rsquo;analyser ces chiffres<br \/>\n<\/span><\/p>\n<p style=\"margin-left: 28pt;\"><span style=\"color: #c00000; font-family: Arial;\">\u00ab&nbsp;Que montre ce tableau&nbsp;?<br \/>\n<\/span><\/p>\n<p style=\"margin-left: 28pt;\"><span style=\"color: #c00000; font-family: Arial;\">Que la France est, reste, et d&rsquo;assez loin, le pays o\u00f9 le temps pass\u00e9 \u00e0 la retraite une fois que l&rsquo;on quitte le march\u00e9 du travail et jusqu&rsquo;\u00e0 h\u00e9las l&rsquo;in\u00e9vitable d\u00e9c\u00e8s, ce temps est LE plus long de tous les pays industrialis\u00e9s.<br \/>\n<\/span><\/p>\n<p style=\"margin-left: 28pt;\"><span style=\"color: #c00000; font-family: Arial;\">Notre pays se singularise ailleurs aussi&nbsp;: un taux de pauvret\u00e9 des retrait\u00e9s plus faible, et un niveau de la pension par rapport au dernier salaire plus \u00e9lev\u00e9.<br \/>\n<\/span><\/p>\n<p style=\"margin-left: 28pt;\"><span style=\"color: #c00000; font-family: Arial;\">Qu&rsquo;inspire ce temps \u00e0 la retraite record&nbsp;?<br \/>\n<\/span><\/p>\n<p style=\"margin-left: 28pt;\"><span style=\"color: #c00000; font-family: Arial;\">Il s&rsquo;explique par une sortie de l&#8217;emploi plus pr\u00e9coce qu&rsquo;ailleurs (avec un \u00e2ge de la retraite plus bas qu&rsquo;ailleurs et tr\u00e8s dispers\u00e9 &#8211; r\u00e9gimes sp\u00e9ciaux), et par un ch\u00f4mage des seniors plus haut. Alors, disons-le clairement&nbsp;: il n&rsquo;y aucune raison de principe de toujours s&rsquo;aligner par le bas, et \u00eatre diff\u00e9rent par le haut n&rsquo;est bien s\u00fbr pas un probl\u00e8me a priori.<br \/>\n<\/span><\/p>\n<p style=\"margin-left: 28pt;\"><span style=\"color: #c00000; font-family: Arial;\">A partir de l\u00e0, la question pos\u00e9e est double&nbsp;: pourquoi ne nous rendons-nous pas compte de cet avantage fran\u00e7ais, qui est r\u00e9el et pas une fake news invent\u00e9e par les ultra-lib\u00e9raux&nbsp;? Pourquoi&nbsp;? Je ne sais pas.<br \/>\n<\/span><\/p>\n<p style=\"margin-left: 28pt;\"><span style=\"color: #c00000; font-family: Arial;\">Et comment est financ\u00e9e cette dur\u00e9e hors-norme&nbsp;? Si c&rsquo;est un choix de soci\u00e9t\u00e9, il faut avoir conscience que ce sont les actifs qui en supportent le co\u00fbt.&nbsp;\u00bb<br \/>\n<\/span><\/p>\n<p><span style=\"color: #777777; font-family: Arial;\">Les allemands disaient \u00ab&nbsp;Heureux comme Dieu en France&nbsp;\u00bb<br \/>\n<\/span><\/p>\n<p><span style=\"color: #777777; font-family: Arial;\">Avec ces tableaux, ils risquent de dire \u00ab&nbsp;Heureux comme un retrait\u00e9 en France&nbsp;\u00bb.<br \/>\n<\/span><\/p>\n<p><span style=\"color: #777777; font-family: Arial;\">Cela ne r\u00e8gle, bien s\u00fbr, en rien le probl\u00e8me du financement.<br \/>\n<\/span><\/p>\n<p>&lt;<span style=\"color: #800000;\">1321&gt;<\/span><\/p>\n<p><span style=\"color: #777777; font-family: Arial;\">&nbsp;<\/span><\/p>\n","protected":false},"excerpt":{"rendered":"<p>\u00ab C\u2019est en France que la dur\u00e9e de vie apr\u00e8s la vie professionnelle est la plus longue. \u00bb Etude de l\u2019OCDE Aujourd&rsquo;hui c&rsquo;est la gr\u00e8ve ! La gr\u00e8ve pour nos retraites. C&rsquo;est un sujet tr\u00e8s compliqu\u00e9 qui me laisse songeur.<\/p>\n","protected":false},"author":1,"featured_media":0,"comment_status":"open","ping_status":"closed","sticky":false,"template":"","format":"standard","meta":{"footnotes":""},"categories":[1],"tags":[10,15,76],"class_list":["post-7531","post","type-post","status-publish","format-standard","hentry","category-motdujour","tag-economie","tag-france","tag-social"],"_links":{"self":[{"href":"https:\/\/lemotdujour.fr\/index.php?rest_route=\/wp\/v2\/posts\/7531","targetHints":{"allow":["GET"]}}],"collection":[{"href":"https:\/\/lemotdujour.fr\/index.php?rest_route=\/wp\/v2\/posts"}],"about":[{"href":"https:\/\/lemotdujour.fr\/index.php?rest_route=\/wp\/v2\/types\/post"}],"author":[{"embeddable":true,"href":"https:\/\/lemotdujour.fr\/index.php?rest_route=\/wp\/v2\/users\/1"}],"replies":[{"embeddable":true,"href":"https:\/\/lemotdujour.fr\/index.php?rest_route=%2Fwp%2Fv2%2Fcomments&post=7531"}],"version-history":[{"count":11,"href":"https:\/\/lemotdujour.fr\/index.php?rest_route=\/wp\/v2\/posts\/7531\/revisions"}],"predecessor-version":[{"id":9212,"href":"https:\/\/lemotdujour.fr\/index.php?rest_route=\/wp\/v2\/posts\/7531\/revisions\/9212"}],"wp:attachment":[{"href":"https:\/\/lemotdujour.fr\/index.php?rest_route=%2Fwp%2Fv2%2Fmedia&parent=7531"}],"wp:term":[{"taxonomy":"category","embeddable":true,"href":"https:\/\/lemotdujour.fr\/index.php?rest_route=%2Fwp%2Fv2%2Fcategories&post=7531"},{"taxonomy":"post_tag","embeddable":true,"href":"https:\/\/lemotdujour.fr\/index.php?rest_route=%2Fwp%2Fv2%2Ftags&post=7531"}],"curies":[{"name":"wp","href":"https:\/\/api.w.org\/{rel}","templated":true}]}}