{"id":752,"date":"2014-06-26T02:00:00","date_gmt":"2014-06-25T22:00:00","guid":{"rendered":"http:\/\/lemotdujour.fr\/?p=752"},"modified":"2017-05-08T13:22:26","modified_gmt":"2017-05-08T11:22:26","slug":"jeudi-26062014","status":"publish","type":"post","link":"https:\/\/lemotdujour.fr\/?p=752","title":{"rendered":"Jeudi 26\/06\/2014"},"content":{"rendered":"<div class=\"mdjDate\">Jeudi 26\/06\/2014<\/div>\n<div class=\"mdjTexte\">\u00abLes autrichiens, <br \/>\u00a0c&rsquo;est ce peuple qui a r\u00e9ussi \u00e0 faire croire que<br \/>Hitler \u00e9tait allemand et Beethoven autrichien.\u00bb<\/div>\n<div class=\"mdjAuteur\">Billy Wilder ou un autre on ne sait pas bien<\/div>\n<div class=\"mdjComplements\">Revenons au premier K de la Cacanie : les autrichiens.<\/div>\n<div class=\"mdjComplements\">Les autrichiens qui pr\u00e9tendent que l&rsquo;anschluss a \u00e9t\u00e9 fait \u00e0 l&rsquo;insu de leur plein gr\u00e9 comme dirait notre Virenque national.<\/div>\n<div class=\"mdjComplements\">L&rsquo;Autriche qui a donn\u00e9 \u00e0 l&rsquo;ONU un secr\u00e9taire g\u00e9n\u00e9ral puis r\u00e9cup\u00e9r\u00e9 pour Pr\u00e9sident de la R\u00e9publique : Kurt Waldheim un vrai nazi ayant jou\u00e9 un r\u00f4le \u00e9minent dans les exactions de la Wehrmacht dans les balkans.<\/div>\n<div class=\"mdjComplements\">Et puis laissons donc la parole \u00e0 une autrichienne : la prix Nobel Elfriede Jelinek :<\/div>\n<div class=\"mdjCiter\">\u00abCette nation qui a h\u00e9rit\u00e9 soi-disant malgr\u00e9 elle de ce que les nazis ont instaur\u00e9. De cette pr\u00e9tendue \u00ab\u00a0innocence\u00a0\u00bb, car on croit que nous avons \u00e9t\u00e9 occup\u00e9s par les Allemands contre notre gr\u00e9. Nous \u00e9tions \u00ab\u00a0innocents\u00a0\u00bb et, d\u00e8s lors, nous le sommes toujours. Mais pour quiconque ayant grandi dans l&rsquo;apr\u00e8s-guerre, on saisit bien toute cette contradiction, cette ambigu\u00eft\u00e9. L&rsquo;Autriche a en effet connu une tr\u00e8s rapide d\u00e9nazification, qui s&rsquo;est vite arr\u00eat\u00e9e pour ne jamais reprendre. Je le r\u00e9p\u00e8te : nous \u00e9tions \u00ab\u00a0innocents\u00a0\u00bb, etc. On nous a alors offert quelques trait\u00e9s ou conventions internationales, et notre innocence a \u00e9t\u00e9 ainsi reconnue par \u00e9crit. D\u00e8s lors, toute personne retirant la couverture de ce lit de mensonges est vue comme quelqu&rsquo;un qui salit la patrie. C&rsquo;est mon cas. Les bien-pensants et les tenanciers du politiquement correct aimeraient d&rsquo;ailleurs bien \u00e9craser toutes ces voix \u00ab\u00a0poil \u00e0 gratter\u00a0\u00bb &#8211; l&rsquo;extr\u00eame droite nous a m\u00eame surnomm\u00e9s \u00ab\u00a0la soci\u00e9t\u00e9 de chasse gauchiste\u00a0\u00bb. Aujourd&rsquo;hui, nous en sommes l\u00e0.<\/div>\n<div class=\"mdjCiter\">[&#8230;] la formule [<strong>Les autrichiens, c&rsquo;est ce peuple qui a r\u00e9ussi \u00e0 faire croire que Hitler \u00e9tait allemand et Beethoven autrichien<\/strong> ] je l&rsquo;ai maintes fois entendue &#8211; elle a \u00e9t\u00e9 attribu\u00e9e \u00e0 de tr\u00e8s nombreuses personnes, pas seulement \u00e0 Billy Wilder. Et je dois bien reconna\u00eetre qu&rsquo;elle n&rsquo;est pas totalement fausse. C&rsquo;est certainement l&rsquo;un des pays les plus corrompus de l&rsquo;Europe de l&rsquo;Ouest &#8211; l&rsquo;Autriche n&rsquo;est d&rsquo;ailleurs pas vraiment un pays occidental, c&rsquo;est l\u00e0 que commencent les Balkans, dont on parle souvent d&rsquo;une mani\u00e8re p\u00e9jorative. On tient peut-\u00eatre une partie du probl\u00e8me&#8230; L&rsquo;Autriche se voit toujours comme la terre des grands classiques (m\u00eame si ceux-ci la m\u00e9prisent), celle de Freud (quand bien m\u00eame il en a \u00e9t\u00e9 expuls\u00e9 !) et de l&rsquo;avant-garde (m\u00eame si elle n&rsquo;en est, au fond, pas forc\u00e9ment fi\u00e8re).\u00bb<\/div>\n<div class=\"mdjComplements\"><a href=\"http:\/\/www.lexpress.fr\/culture\/livre\/elfriede-jelinek-je-le-revendique-oui-je-suis-un-auteur-comique_1108742.html\">&lt;Interview d&rsquo;Elfriede Jelinek&gt;<\/a><\/div>\n","protected":false},"excerpt":{"rendered":"<p>Jeudi 26\/06\/2014 \u00abLes autrichiens, \u00a0c&rsquo;est ce peuple qui a r\u00e9ussi \u00e0 faire croire queHitler \u00e9tait allemand et Beethoven autrichien.\u00bb Billy Wilder ou un autre on ne sait pas bien Revenons au premier K de la Cacanie : les autrichiens. Les<\/p>\n","protected":false},"author":1,"featured_media":0,"comment_status":"closed","ping_status":"closed","sticky":false,"template":"","format":"standard","meta":{"footnotes":""},"categories":[1],"tags":[],"class_list":["post-752","post","type-post","status-publish","format-standard","hentry","category-motdujour"],"_links":{"self":[{"href":"https:\/\/lemotdujour.fr\/index.php?rest_route=\/wp\/v2\/posts\/752","targetHints":{"allow":["GET"]}}],"collection":[{"href":"https:\/\/lemotdujour.fr\/index.php?rest_route=\/wp\/v2\/posts"}],"about":[{"href":"https:\/\/lemotdujour.fr\/index.php?rest_route=\/wp\/v2\/types\/post"}],"author":[{"embeddable":true,"href":"https:\/\/lemotdujour.fr\/index.php?rest_route=\/wp\/v2\/users\/1"}],"replies":[{"embeddable":true,"href":"https:\/\/lemotdujour.fr\/index.php?rest_route=%2Fwp%2Fv2%2Fcomments&post=752"}],"version-history":[{"count":1,"href":"https:\/\/lemotdujour.fr\/index.php?rest_route=\/wp\/v2\/posts\/752\/revisions"}],"predecessor-version":[{"id":753,"href":"https:\/\/lemotdujour.fr\/index.php?rest_route=\/wp\/v2\/posts\/752\/revisions\/753"}],"wp:attachment":[{"href":"https:\/\/lemotdujour.fr\/index.php?rest_route=%2Fwp%2Fv2%2Fmedia&parent=752"}],"wp:term":[{"taxonomy":"category","embeddable":true,"href":"https:\/\/lemotdujour.fr\/index.php?rest_route=%2Fwp%2Fv2%2Fcategories&post=752"},{"taxonomy":"post_tag","embeddable":true,"href":"https:\/\/lemotdujour.fr\/index.php?rest_route=%2Fwp%2Fv2%2Ftags&post=752"}],"curies":[{"name":"wp","href":"https:\/\/api.w.org\/{rel}","templated":true}]}}