{"id":7513,"date":"2019-12-02T02:20:51","date_gmt":"2019-12-02T01:20:51","guid":{"rendered":"http:\/\/lemotdujour.fr\/?p=7513"},"modified":"2020-06-12T18:51:51","modified_gmt":"2020-06-12T16:51:51","slug":"lundi-2-decembre-2019","status":"publish","type":"post","link":"https:\/\/lemotdujour.fr\/?p=7513","title":{"rendered":"Lundi 2 d\u00e9cembre 2019"},"content":{"rendered":"<div class=\"mdjTexte\">\u00abMariss Jansons avait atteint un classicisme sup\u00e9rieur, qui lui appartenait.\u00bb<\/div>\n<div class=\"mdjAuteur\">R\u00e9my Louis<\/div>\n<p><span style=\"color: #777777; font-family: Arial;\">Le 31 octobre 2019, Annie, Florence et moi \u00e9tions \u00e0 Paris, \u00e0 la Philharmonie, pour vivre un concert avec l&rsquo;orchestre de la radiodiffusion bavaroise sous la direction de Mariss Jansons. C&rsquo;\u00e9tait il y a un mois.<br \/>\n<\/span><\/p>\n<p><span style=\"color: #777777; font-family: Arial;\">Et hier dimanche, nous apprenions que Mariss Jansons, venait de d\u00e9c\u00e9der \u00e0 l&rsquo;\u00e2ge de 76 ans \u00e0 Saint P\u00e9tersbourg.<br \/>\n<\/span><\/p>\n<p><span style=\"color: #777777; font-family: Arial;\">J&rsquo;avais \u00e9voqu\u00e9 ce concert ,en introduction au mot du jour consacr\u00e9 au livre de Sylvain Tesson, \u00ab&nbsp;<strong>La panth\u00e8re des neiges<\/strong>&nbsp;\u00bb&nbsp;:<br \/>\n<\/span><\/p>\n<p style=\"margin-left: 28pt;\"><span style=\"color: #c00000;\"><span style=\"font-family: Arial;\">\u00ab Ce fut un soir de gr\u00e2ce.<br \/>\n<\/span><\/span><span style=\"color: #c00000;\"><span style=\"font-family: Arial;\">Je vous avais d\u00e9j\u00e0 pr\u00e9sent\u00e9 l&rsquo;extraordinaire 10<sup>\u00e8me<\/sup> symphonie de Dimitri Chostakovich, \u00e9crite apr\u00e8s la mort de Staline.<br \/>\n<\/span><\/span><span style=\"color: #c00000;\"><span style=\"font-family: Arial;\">J&rsquo;en avais parl\u00e9 apr\u00e8s une tr\u00e8s belle interpr\u00e9tation \u00e0 l&rsquo;auditorium de Lyon avec l&rsquo;Orchestre National de Lyon, dirig\u00e9 par un jeune chef de 23 ans, plein de talent. Ce fut le mot du jour du &lt;<a href=\"https:\/\/lemotdujour.fr\/?p=6700\"><span style=\"color: blue; text-decoration: underline;\">jeudi 16 mai 2019<\/span><\/a>&gt;<\/span><span style=\"font-family: Times New Roman;\"><br \/>\n<\/span><\/span><\/p>\n<p style=\"margin-left: 28pt;\"><span style=\"color: #c00000;\"><span style=\"font-family: Arial;\">Mais cette fois, le jeudi 31 octobre 2019, cette \u0153uvre fut interpr\u00e9t\u00e9e par l&rsquo;orchestre de la radio de Bavi\u00e8re avec un des meilleurs chefs d&rsquo;orchestre actuels : Mariss Jansons, dans la Philharmonie de Paris.<\/span><span style=\"font-family: Times New Roman;\"><br \/>\n<\/span><\/span><\/p>\n<p style=\"margin-left: 28pt;\"><span style=\"color: #c00000;\"><span style=\"font-family: Arial;\">Un orchestre qui agit comme un seul corps vivant, qui rugit, murmure, \u00e9clate, explose, chante, court \u00e0 l&rsquo;abime puis se r\u00e9g\u00e9n\u00e8re. <\/span><\/span><span style=\"color: #c00000;\"><span style=\"font-family: Arial;\">On ne se trouve plus dans la m\u00eame dimension, ce n&rsquo;est plus une belle interpr\u00e9tation, c&rsquo;est une offrande, un moment sublime.<\/span><span style=\"font-family: Times New Roman;\"><br \/>\n<\/span><\/span><\/p>\n<p style=\"margin-left: 28pt;\"><span style=\"color: #c00000;\"><span style=\"font-family: Arial;\">Le chef de 76 ans fait peu de gestes, mais \u00e0 la moindre de ses sollicitations l&rsquo;orchestre r\u00e9pond imm\u00e9diatement. <\/span><\/span><span style=\"color: #c00000;\"><span style=\"font-family: Arial;\">Nul ne saurait, quand il assiste \u00e0 un tel \u00e9change, douter de ce qu&rsquo;un chef apporte \u00e0 son orchestre. Il est vrai que Jansons est le directeur musical de l&rsquo;orchestre de la radio de Bavi\u00e8re depuis 16 ans.&nbsp;\u00bb<\/span><span style=\"font-family: Times New Roman;\"><br \/>\n<\/span><\/span><\/p>\n<p><img loading=\"lazy\" decoding=\"async\" class=\"alignleft\" src=\"https:\/\/lemotdujour.fr\/wp-content\/uploads\/2019\/12\/120119_2220_Lundi2dcemb1.jpg\" alt=\"\" width=\"386\" height=\"242\" align=\"left\"><span style=\"color: #777777; font-family: Arial;\">Le critique musical, <strong>Michel Le Naour<\/strong> \u00e9crivit, pr\u00e9cis\u00e9ment \u00e0 propos de concert, sur le site <a href=\"https:\/\/www.concertclassic.com\/article\/mariss-jansons-et-lorchestre-symphonique-de-la-radio-bavaroise-la-philharmonie-un\"><span style=\"color: #0000ff;\">&lt;Concert Classic.com&gt;<\/span><\/a>&nbsp;:<br \/>\n<\/span><\/p>\n<p style=\"margin-left: 28pt;\"><span style=\"color: #c00000; font-family: Arial;\">\u00ab&nbsp;<strong>Mariss Jansons et l&rsquo;Orchestre Symphonique de la Radio bavaroise \u00e0 la Philharmonie \u2013 Un accomplissement<\/strong><br \/>\n<\/span><\/p>\n<p style=\"margin-left: 28pt;\"><span style=\"color: #c00000; font-family: Arial;\">D\u00e9marche h\u00e9sitante et visage amaigri, Mariss Jansons donne l&rsquo;impression d&rsquo;\u00eatre \u00e0 bout de forces. D\u00e8s qu&rsquo;il s&#8217;empare de la baguette \u00e0 la t\u00eate de son orchestre bavarois, dont il est directeur musical depuis 2003, cette impression se dissipe tant l&rsquo;investissement du chef letton et son osmose avec les instrumentistes transfigurent la musique qui para\u00eet couler de source.<br \/>\n<\/span><\/p>\n<p style=\"margin-left: 28pt;\"><span style=\"color: #c00000; font-family: Arial;\">D\u00e8s l&rsquo;Ouverture d&rsquo;Euryanthe de Weber, la profondeur sonore qui se d\u00e9gage fait entendre l&rsquo;inou\u00ef avec des cordes lumineuses et denses, une petite harmonie d&rsquo;une perfection rare et des cors d&rsquo;une absolue justesse. L&rsquo;\u00e9quilibre d&rsquo;ensemble ainsi obtenu r\u00e9sout la quadrature du cercle entre puissance et clart\u00e9. La m\u00eame impression pr\u00e9vaut avec le Concerto pour piano n\u00b0 2 de Beethoven [\u2026] Accompagnement de r\u00eave qui laisse le soliste aller droit son chemin, doigts ail\u00e9s mais toujours contr\u00f4l\u00e9s. [\u2026]<br \/>\n<\/span><\/p>\n<p style=\"margin-left: 28pt;\"><span style=\"color: #c00000; font-family: Arial;\">La Dixi\u00e8me Symphonie de Chostakovitch n&rsquo;a pas non plus de secret pour Jansons, et il semble encore ici la r\u00e9inventer. Un miracle de progression dans la conduite du Moderato initial d&rsquo;un poids dramatique quasi insoutenable, culminant dans des accords d\u00e9chirants avant de mourir dans la stridence du duo des fl\u00fbtes piccolo (magnifiques de coh\u00e9sion) et l&rsquo;homog\u00e9n\u00e9it\u00e9 du tapis de cordes. L&rsquo;Allegro \u2013 un portrait de Staline ? \u2013 est tenu de bout en bout par une direction implacable o\u00f9 chaque pupitre para\u00eet mettre sa vie en danger, \u00e0 l&rsquo;image de l&rsquo;exceptionnel timbalier Raymond Curfs. L&rsquo;intensit\u00e9 de l&rsquo;Allegretto, mortif\u00e8re [\u2026], pr\u00e9c\u00e8de un final aux infinies nuances jusqu&rsquo;\u00e0 la jubilation tellurique de la bacchanale. Une interpr\u00e9tation inoubliable salu\u00e9e par un public debout, sous le coup de l&rsquo;\u00e9motion, et qui peine \u00e0 quitter la salle.&nbsp;\u00bb<br \/>\n<\/span><\/p>\n<p><span style=\"color: #777777; font-family: Arial;\">En mati\u00e8re d&rsquo;art, je ne crois pas au classement. Je n&rsquo;\u00e9crirai donc pas que c&rsquo;\u00e9tait le plus grand chef d&rsquo;orchestre vivant. Mais c&rsquo;\u00e9tait de toute \u00e9vidence l&rsquo;un des plus grands.<br \/>\n<\/span><\/p>\n<p><span style=\"color: #777777; font-family: Arial;\">Herbert von Karajan qui \u00e9tait s\u00fbr de son talent immense et de son m\u00e9rite disait qu&rsquo;il n&rsquo;y avait, \u00e0 son \u00e9poque, qu&rsquo;un autre chef d&rsquo;orchestre vivant de son niveau&nbsp;: Evgeny Mravinsky, directeur musical aust\u00e8re et rigoureux de l&rsquo;orchestre Philharmonique de L\u00e9ningrad. C&rsquo;\u00e9tait le nom de Saint-P\u00e9tersbourg \u00e0 l&rsquo;\u00e9poque sovi\u00e9tique et donc de ce chef \u00e9gal de Karajan selon ce dernier.<br \/>\n<\/span><\/p>\n<p><span style=\"color: #777777; font-family: Arial;\">Il n&rsquo;en reste pas moins que Mariss Jansons a \u00e9t\u00e9 le disciple de ces deux immenses musiciens et qu&rsquo;il a probablement beaucoup appris de l&rsquo;un et de l&rsquo;autre.<br \/>\n<\/span><\/p>\n<p><span style=\"color: #777777; font-family: Arial;\">Il a d\u00fb apprendre par <img decoding=\"async\" class=\"aligncenter\" src=\"https:\/\/lemotdujour.fr\/wp-content\/uploads\/2019\/12\/120119_2220_Lundi2dcemb2.jpg\" alt=\"\" align=\"left\">un autre professeur l&rsquo;art de sourire et de rayonner pendant qu&rsquo;il dirigeait.<br \/>\n<\/span><\/p>\n<p><span style=\"color: #777777; font-family: Arial;\">Des esprits pertinents diront, en choisissant une photo, on peut lui faire dire n&rsquo;importe quoi. <\/span><span style=\"color: #777777; font-family: Arial;\">Ce n&rsquo;est pas faux. Mais j&rsquo;ai vu des vid\u00e9os des trois, celui qui souriait le plus \u00e9tait de loin Jansons, Mravinsky ne souriait jamais, Karajan rarement.<br \/>\n<\/span><\/p>\n<p><span style=\"color: #777777; font-family: Arial;\">Sur cette page \u00ab<span style=\"color: #0000ff;\"> <a style=\"color: #0000ff;\" href=\"https:\/\/philharmoniedeparis.fr\/fr\/magazine\/le-classicisme-superieur-de-mariss-jansons\">classicisme sup\u00e9rieur<\/a><\/span> \u00bb vous verrez plusieurs vid\u00e9os de cet immense chef.<br \/>\n<\/span><\/p>\n<p><span style=\"color: #777777; font-family: Arial;\">Avant de devenir le directeur musical de l&rsquo;Orchestre de la Radiodiffusion Bavaroise et pendant plusieurs ann\u00e9es parall\u00e8lement le directeur de l&rsquo;Orchestre du Concertgebouw d&rsquo;Amsterdam, il fut \u00e0 partir de 1979 le directeur de l&rsquo;orchestre Philharmonique d&rsquo;Oslo pendant 23 ans.<br \/>\n<\/span><\/p>\n<p><img decoding=\"async\" class=\"alignleft\" src=\"https:\/\/lemotdujour.fr\/wp-content\/uploads\/2019\/12\/120119_2220_Lundi2dcemb3.jpg\" alt=\"\" align=\"left\"><span style=\"color: #777777; font-family: Arial;\">C&rsquo;est \u00e0 ce moment-l\u00e0 que j&rsquo;entendis parler de lui, car il r\u00e9ussit avec cet orchestre, peu connu, des enregistrements exceptionnels.<br \/>\n<\/span><\/p>\n<p><span style=\"color: #777777; font-family: Arial;\">J&rsquo;avais lu plusieurs critiques qui consid\u00e9raient son enregistrement des symphonies de Tcha\u00efkovski avec l&rsquo;Orchestre Philharmonique d&rsquo;Oslo comme le plus abouti, malgr\u00e9 la tr\u00e8s grande concurrence d&rsquo;orchestre et de chef de grand renom dans ce r\u00e9pertoire. J&rsquo;ai achet\u00e9 cette interpr\u00e9tation et je confirme qu&rsquo;elle est splendide.<br \/>\n<\/span><\/p>\n<p><span style=\"color: #777777; font-family: Arial;\">Par un hasard de l&rsquo;histoire, le jeune chef de 23 ans, <strong>Klaus M\u00e4kel\u00e4, <\/strong>que j&rsquo;ai \u00e9voqu\u00e9 lors du mot du jour du 16 mai 2019 et rappel\u00e9 au d\u00e9but de celui-ci vient d&rsquo;\u00eatre nomm\u00e9 directeur musical de l&rsquo;Orchestre Philharmonique d&rsquo;Oslo.<br \/>\n<\/span><\/p>\n<p><span style=\"color: #777777; font-family: Arial;\">Je pense qu&rsquo;on se trompe rarement quand on ach\u00e8te un disque dirig\u00e9 par Mariss Jansons.<br \/>\n<\/span><\/p>\n<p><span style=\"color: #777777; font-family: Arial;\">Il a \u00e9galement r\u00e9alis\u00e9 une int\u00e9grale des symphonies de Chostakovitch remarquable.<br \/>\n<\/span><\/p>\n<p><span style=\"color: #777777; font-family: Arial;\">Tous ses derniers enregistrements avec l&rsquo;orchestre bavarois ou le Concertgebouw d&rsquo;Amsterdam sont tr\u00e8s aboutis. <\/span><\/p>\n<p><span style=\"color: #777777; font-family: Arial;\">Vous trouverez aussi sur <span style=\"color: #0000ff;\"><a style=\"color: #0000ff;\" href=\"https:\/\/www.francemusique.fr\/actualite-musicale\/mariss-jansons-une-vie-en-cinq-moments-musicaux-79065\">&lt;cette page d&rsquo;hommages&gt;<\/a><\/span> des vid\u00e9os et des enregistrements audio qui montrent l&rsquo;\u00e9tendue de son talent.<br \/>\n<\/span><\/p>\n<p><span style=\"color: #777777; font-family: Arial;\">Le terme utilis\u00e9 par Michel Le Naour \u00ab&nbsp;<strong>d&rsquo;accomplissement<\/strong>&nbsp;\u00bb me semble tr\u00e8s juste.<br \/>\n<\/span><\/p>\n<p><span style=\"color: #777777; font-family: Arial;\">Il faut bien trouver un exergue pour ce mot du jour. Je le tire de <a href=\"https:\/\/philharmoniedeparis.fr\/sites\/default\/files\/NPGS-31-10-20h30-Bavi%C3%A8re-Jansons-bd.pdf\"><span style=\"color: #0000ff;\">la pr\u00e9sentation du concert<\/span><\/a> du 31 octobre 2019 par le musicologue <strong>R\u00e9my Louis<\/strong>&nbsp;:<br \/>\n<\/span><\/p>\n<p style=\"margin-left: 28pt;\"><span style=\"color: #c00000; font-family: Arial;\">\u00ab&nbsp;Jansons a aujourd&rsquo;hui atteint un classicisme sup\u00e9rieur, qui lui appartient. On peut trouver plusieurs raisons \u00e0 cela: d&rsquo;abord une pr\u00e9sence physique, une autorit\u00e9 naturelle, une technique de direction claire et persuasive, \u00e9pur\u00e9e comme toujours par l&rsquo;\u00e2ge et l&rsquo;exp\u00e9rience. Ce qui n&rsquo;exclut ni le panache ni l&rsquo;inspiration du moment. Il faut \u00e9galement souligner son sens superlatif de la forme, \u00e9clair\u00e9 par la justesse fascinante de ses transitions. En outre, l&rsquo;instinct musical de cet artiste de grand savoir embrasse un r\u00e9pertoire d&rsquo;un \u00e9ventail stylistique consid\u00e9rable, au concert comme au disque.&nbsp;\u00bb.<br \/>\n<\/span><\/p>\n<p><span style=\"color: #777777; font-family: Arial;\">Il faut d\u00e9sormais parler au pass\u00e9&nbsp;: \u00ab&nbsp;<strong>Jansons avait atteint un classicisme sup\u00e9rieur, qui lui appartenait<\/strong>&nbsp;\u00bb.<br \/>\n<\/span><\/p>\n<p><span style=\"color: maroon; font-family: Arial;\">&lt;1318&gt;&nbsp;<\/span><\/p>\n","protected":false},"excerpt":{"rendered":"<p>\u00abMariss Jansons avait atteint un classicisme sup\u00e9rieur, qui lui appartenait.\u00bb R\u00e9my Louis Le 31 octobre 2019, Annie, Florence et moi \u00e9tions \u00e0 Paris, \u00e0 la Philharmonie, pour vivre un concert avec l&rsquo;orchestre de la radiodiffusion bavaroise sous la direction de<\/p>\n","protected":false},"author":1,"featured_media":0,"comment_status":"open","ping_status":"closed","sticky":false,"template":"","format":"standard","meta":{"footnotes":""},"categories":[1],"tags":[29,20],"class_list":["post-7513","post","type-post","status-publish","format-standard","hentry","category-motdujour","tag-hommage","tag-musique"],"_links":{"self":[{"href":"https:\/\/lemotdujour.fr\/index.php?rest_route=\/wp\/v2\/posts\/7513","targetHints":{"allow":["GET"]}}],"collection":[{"href":"https:\/\/lemotdujour.fr\/index.php?rest_route=\/wp\/v2\/posts"}],"about":[{"href":"https:\/\/lemotdujour.fr\/index.php?rest_route=\/wp\/v2\/types\/post"}],"author":[{"embeddable":true,"href":"https:\/\/lemotdujour.fr\/index.php?rest_route=\/wp\/v2\/users\/1"}],"replies":[{"embeddable":true,"href":"https:\/\/lemotdujour.fr\/index.php?rest_route=%2Fwp%2Fv2%2Fcomments&post=7513"}],"version-history":[{"count":7,"href":"https:\/\/lemotdujour.fr\/index.php?rest_route=\/wp\/v2\/posts\/7513\/revisions"}],"predecessor-version":[{"id":9215,"href":"https:\/\/lemotdujour.fr\/index.php?rest_route=\/wp\/v2\/posts\/7513\/revisions\/9215"}],"wp:attachment":[{"href":"https:\/\/lemotdujour.fr\/index.php?rest_route=%2Fwp%2Fv2%2Fmedia&parent=7513"}],"wp:term":[{"taxonomy":"category","embeddable":true,"href":"https:\/\/lemotdujour.fr\/index.php?rest_route=%2Fwp%2Fv2%2Fcategories&post=7513"},{"taxonomy":"post_tag","embeddable":true,"href":"https:\/\/lemotdujour.fr\/index.php?rest_route=%2Fwp%2Fv2%2Ftags&post=7513"}],"curies":[{"name":"wp","href":"https:\/\/api.w.org\/{rel}","templated":true}]}}