{"id":7489,"date":"2019-11-27T00:43:30","date_gmt":"2019-11-26T23:43:30","guid":{"rendered":"http:\/\/lemotdujour.fr\/?p=7489"},"modified":"2020-06-12T18:54:17","modified_gmt":"2020-06-12T16:54:17","slug":"mercredi-27-novembre-2019","status":"publish","type":"post","link":"https:\/\/lemotdujour.fr\/?p=7489","title":{"rendered":"mercredi 27 novembre 2019"},"content":{"rendered":"<div class=\"mdjTexte\">\u00ab Le Petit Prince, un livre pour enfant ? \u00bb<\/div>\n<div class=\"mdjAuteur\">Question que je me pose et que je pose<\/div>\n<p><span style=\"color: #777777; font-family: Arial;\">G\u00e9rard Philippe est mort le 25 novembre 1959, \u00e0 36 ans, d&rsquo;un cancer du foie qui l&rsquo;a emport\u00e9 en 3 mois. <\/span><span style=\"color: #777777; font-family: Arial;\">C&rsquo;\u00e9tait donc il y a 60 ans et 2 jours.<br \/>\n<\/span><\/p>\n<p style=\"text-align: justify;\"><img decoding=\"async\" class=\"alignleft\" src=\"https:\/\/lemotdujour.fr\/wp-content\/uploads\/2019\/11\/112619_2328_mercredi27n1.jpg\" alt=\"\" align=\"left\"><span style=\"color: #777777; font-family: Arial;\">Un article du Figaro&nbsp;: \u00ab<span style=\"color: #0000ff;\"><a style=\"color: #0000ff;\" href=\"https:\/\/www.lefigaro.fr\/livres\/jerome-garcin-la-mort-il-y-a-soixante-ans-de-gerard-philipe-a-provoque-un-tsunami-20191125\">La mort il y a soixante ans de G\u00e9rard Philipe a provoqu\u00e9 un tsunami<\/a><\/span>\u00bb renvoie vers un livre de J\u00e9r\u00f4me Garcin qui vient de para\u00eetre&nbsp;: \u00ab&nbsp;<span style=\"color: #0000ff;\"><a style=\"color: #0000ff;\" href=\"http:\/\/www.gallimard.fr\/Catalogue\/GALLIMARD\/Blanche\/Le-dernier-hiver-du-Cid\">Le dernier hiver du Cid<\/a><\/span>&nbsp;\u00bb<br \/>\n<\/span><\/p>\n<p><span style=\"color: #777777; font-family: Arial;\">G\u00e9rard Philippe a beaucoup contribu\u00e9 \u00e0 la popularit\u00e9 du \u00ab&nbsp;<strong>Petit Prince<\/strong>&nbsp;\u00bb de Saint Exup\u00e9ry lorsque parut, en 1954, son enregistrement du conte, <span style=\"color: #0000ff;\"><a style=\"color: #0000ff;\" href=\"http:\/\/www.gallimard.fr\/Catalogue\/GALLIMARD-JEUNESSE\/Gallimard-Jeunesse-Musique\/Hors-Serie-Musique\/Le-Petit-Prince2\">toujours disponible<\/a><\/span>.<br \/>\n<\/span><\/p>\n<p><span style=\"color: #777777; font-family: Arial;\">Cet enregistrement de 1954 c\u00e9l\u00e9brait les dix ans de la mort de Saint-Exup\u00e9ry.<br \/>\n<\/span><\/p>\n<p><span style=\"color: #777777; font-family: Arial;\">Sa voix envoutante qui distillait l&rsquo;\u00e9motion a su porter ce conte \u00e0 la dimension d&rsquo;un mythe.<br \/>\n<\/span><\/p>\n<p><span style=\"color: #777777; font-family: Arial;\">Antoine de Saint-Exup\u00e9ry qui est n\u00e9 \u00e0 Lyon en 1900, n&rsquo;est pas non plus mort vieux. Il a disparu, pendant la guerre, en vol le 31 juillet 1944 au large de Marseille. Il est mort pour la France.<br \/>\n<\/span><\/p>\n<p><span style=\"color: #777777; font-family: Arial;\">Le \u00ab&nbsp;<strong>Petit Prince<\/strong>&nbsp;\u00bb a \u00e9t\u00e9 publi\u00e9 \u00e0 New York en 1943, donc un an avant son d\u00e9c\u00e8s.<br \/>\n<\/span><\/p>\n<p><span style=\"color: #777777; font-family: Arial;\">Le livre du \u00ab&nbsp;Petit Prince&nbsp;\u00bb selon <a href=\"https:\/\/fr.wikipedia.org\/wiki\/Le_Petit_Prince\"><span style=\"color: #0000ff;\">Wikipedia<\/span><\/a> a \u00e9t\u00e9 vendu \u00e0 plus de cent quarante-cinq millions d&rsquo;exemplaires dans le monde et douze millions d&rsquo;exemplaires en France. Il est traduit en 270 langues et dialectes, ce qui en <strong>fait l&rsquo;ouvrage de litt\u00e9rature le plus vendu au monde et le plus traduit apr\u00e8s la Bible.<\/strong><br \/>\n<\/span><\/p>\n<p><span style=\"color: #777777; font-family: Arial;\">Comme beaucoup, j&rsquo;ai succomb\u00e9 \u00e0 ce mythe. J&rsquo;ai c\u00e9d\u00e9 \u00e0 la faiblesse d&rsquo;acheter un de ces mobiles qu&rsquo;on trouve dans tous les magasins d&rsquo;enfants repr\u00e9sentant le petit prince dans son univers. Mobile que nous avons accroch\u00e9 dans la chambre des enfants, \u00e0 Montreuil.<br \/>\n<\/span><\/p>\n<p><span style=\"color: #777777; font-family: Arial;\">R\u00e9cemment, j&rsquo;ai retrouv\u00e9 ce mobile. Ma premi\u00e8re r\u00e9action a \u00e9t\u00e9 de vouloir l&rsquo;offrir \u00e0 d&rsquo;autres enfants. Mais les ann\u00e9es avaient pass\u00e9 et ma r\u00e9flexion a \u00e9volu\u00e9 et je n&rsquo;ai pas pers\u00e9v\u00e9r\u00e9 dans ce souhait.<br \/>\n<\/span><\/p>\n<p><span style=\"color: #777777; font-family: Arial;\">Peut-on remettre en cause le mythe du Petit Prince&nbsp;?<br \/>\n<\/span><\/p>\n<p><span style=\"color: #777777; font-family: Arial;\">Je pense que nous devons questionner tous les mythes, mythes religieux, mythes nationalistes et mythes litt\u00e9raires.<br \/>\n<\/span><\/p>\n<p><span style=\"color: #777777; font-family: Arial;\">Tr\u00e8s r\u00e9cemment, un article de France Culture sur Facebook m&rsquo;a conduit \u00e0 une r\u00e9action d&rsquo;humeur et \u00e0 de beaux \u00e9changes avec d&rsquo;autres personnes qui ont tent\u00e9 de me convaincre que je ne voyais pas toute la complexit\u00e9 du Petit Prince.<br \/>\n<\/span><\/p>\n<p style=\"margin-left: 28pt;\"><span style=\"color: #c00000; font-family: Arial;\">\u00ab&nbsp;Voici mon secret. Il est tr\u00e8s simple : on ne voit bien qu&rsquo;avec le c\u0153ur. L&rsquo;essentiel est invisible pour les yeux&nbsp;\u00bb<em>.<br \/>\n<\/em><\/span><\/p>\n<p><span style=\"color: #777777; font-family: Arial;\">Une de ces phrases du Petit Prince qu&rsquo;on aime \u00e0 distiller dans des conversations, quand ils touchent un peu plus \u00e0 l&rsquo;intime. Mais avant de venir \u00e0 cette discussion sur Facebook, parce que Oui on peut avoir des conversations intelligentes sur Facebook avec des inconnus avec qui on partage des valeurs et des sujets de conversation qui ont du sens.<br \/>\n<\/span><\/p>\n<p><span style=\"color: #777777; font-family: Arial;\">Mais avant de venir \u00e0 ces \u00e9changes, quelques \u00e9l\u00e9ments un peu factuels.<br \/>\n<\/span><\/p>\n<p><span style=\"color: #777777; font-family: Arial;\">A peu pr\u00e8s dans tous les pays du monde si vous cliquez sur ce lien&nbsp;: &lt;<span style=\"color: #0000ff;\"><a style=\"color: #0000ff;\" title=\"wikilivres:Le Petit Prince\" href=\"https:\/\/wikilivres.org\/wiki\/Le_Petit_Prince\">Le Petit Prince<\/a><\/span>&gt; vous tombez sur un site canadien qui donne acc\u00e8s gratuitement au texte int\u00e9gral du \u00ab&nbsp;Petit Prince&nbsp;\u00bb \u00e9crit il y a 76 ans.<br \/>\n<\/span><\/p>\n<p><span style=\"color: #777777; font-family: Arial;\">Mais si vous \u00eates en France, cela ne fonctionne pas.<br \/>\n<\/span><\/p>\n<p><span style=\"color: #777777; font-family: Arial;\">Au Canada, l&rsquo;\u0153uvre est entr\u00e9e dans le domaine public mais pas en France.<br \/>\n<\/span><\/p>\n<p><span style=\"color: #777777; font-family: Arial;\">Dans la plupart des pays du monde, c&rsquo;est la Convention de Berne qui s&rsquo;applique avec une protection de 50 ou 70 ans r\u00e9volus apr\u00e8s la mort de l&rsquo;auteur. Aux \u00c9tats-Unis c&rsquo;est plus compliqu\u00e9 et plus long, vous pouvez approfondir avec <span style=\"color: #0000ff;\"><a style=\"color: #0000ff;\" href=\"https:\/\/www.numerama.com\/magazine\/21374-aux-usa-des-oeuvres-sortent-du-domaine-public.html\">&lt;cet article&gt;<\/a><\/span> si vous le souhaitez.<br \/>\n<\/span><\/p>\n<p><span style=\"color: #777777; font-family: Arial;\">Mais \u00ab&nbsp;Le Petit Prince&nbsp;\u00bb, comme le reste de l&rsquo;\u0153uvre de Saint-Exup\u00e9ry, reste en France prot\u00e9g\u00e9 par le droit d&rsquo;auteur jusqu&rsquo;en 2032. Cette exception tient \u00e0 l&rsquo;extension de la dur\u00e9e des droits concernant les auteurs morts pour la France avec en plus une prorogation de guerre, comme toutes les \u0153uvres publi\u00e9es avant 1948. Dans les autres pays du monde, o\u00f9 la dur\u00e9e de soixante-dix ans apr\u00e8s la mort de l&rsquo;auteur est en vigueur, l&rsquo;\u0153uvre de Saint-Exup\u00e9ry est bien dans le domaine public depuis le 1er janvier 2015, 70 ans apr\u00e8s la fin de la guerre. Au Canada et au Japon, o\u00f9 la dur\u00e9e des droits n&rsquo;est valable que cinquante ans apr\u00e8s la mort de l&rsquo;auteur, le Petit Prince est d\u00e9j\u00e0 dans le domaine public depuis 1995.<br \/>\n<\/span><\/p>\n<p><span style=\"color: #777777; font-family: Arial;\">C&rsquo;est bien naturel quand les enfants de l&rsquo;auteur ont la douleur de perdre leur p\u00e8re pendant la guerre, de leur donner quelques signes de r\u00e9confort et de reconnaissance suppl\u00e9mentaire sous la forme d&rsquo;esp\u00e8ces sonnantes et tr\u00e9buchantes.<br \/>\n<\/span><\/p>\n<p><span style=\"color: #777777; font-family: Arial;\">Antoine de Saint Exup\u00e9ry n&rsquo;avait pas d&rsquo;enfants.<br \/>\n<\/span><\/p>\n<p><span style=\"color: #777777; font-family: Arial;\">Mais il a des h\u00e9ritiers et il existe m\u00eame un l\u00e9gataire universel de la veuve. Et tous ces gens se disputent le magot. La &lt;<a href=\"https:\/\/www.lexpress.fr\/actualites\/1\/culture\/dans-la-bataille-entre-heritiers-de-saint-exupery-la-justice-a-tranche_1503572.html\"><span style=\"color: #0000ff;\">Justice a d\u00fb intervenir<\/span><\/a>&gt; notamment concernant les produits d\u00e9riv\u00e9s, comme ce mobile que je ne veux plus donner \u00e0 un enfant.<br \/>\n<\/span><\/p>\n<p><span style=\"color: #777777; font-family: Arial;\">Dans le clan des h\u00e9ritiers, il y a la famille Giraud d&rsquo;Agay qui descend de la s\u0153ur cadette de Saint-Exup\u00e9ry, et Jos\u00e9 Martinez-Fructuoso, ancien secr\u00e9taire de l&rsquo;\u00e9pouse de Saint Exup\u00e9ry, Consuelo, qu&rsquo;elle a d\u00e9sign\u00e9 comme l\u00e9gataire universel.<br \/>\n<\/span><\/p>\n<p><span style=\"color: #777777; font-family: Arial;\">Bien entendu, comme c&rsquo;est d\u00e9j\u00e0 le cas pour les personnages de Tintin et de Zorro, les h\u00e9ritiers de Saint-Exup\u00e9ry ont d\u00e9pos\u00e9 le personnage du roman comme marque de commerce jusqu&rsquo;en juin 2028.<br \/>\n<\/span><\/p>\n<p><span style=\"color: #777777; font-family: Arial;\">Donc chaque fois que vous achetez une bricole qui a un rapport avec \u00ab&nbsp;Le Petit Prince&nbsp;\u00bb, celui qui dit&nbsp;:<br \/>\n<\/span><\/p>\n<p style=\"margin-left: 28pt;\"><span style=\"color: #c00000; font-family: Arial;\">\u00ab&nbsp;Les hommes n&rsquo;ont plus le temps de rien conna\u00eetre. Ils ach\u00e8tent des choses toutes faites chez les marchands. Mais comme il n&rsquo;existe point de marchands d&rsquo;amis, les hommes n&rsquo;ont plus d&rsquo;amis. (Chap. XXI)&nbsp;\u00bb<br \/>\n<\/span><\/p>\n<p><span style=\"color: #777777; font-family: Arial;\">le tiroir-caisse de ces rapaces tinte d\u00e9licatement avec le son m\u00e9tallique des pi\u00e8ces de monnaie qui y tombe. Bien s\u00fbr, cela est encore beaucoup moins po\u00e9tique dans la r\u00e9alit\u00e9, ces sommes alimentent automatiquement et informatiquement la ligne d\u00e9mat\u00e9rialis\u00e9e et sans \u00e2me d&rsquo;un compte en banque.<br \/>\n<\/span><\/p>\n<p><span style=\"color: #777777; font-family: Arial;\">Ils font certainement une lecture orient\u00e9e de cette autre phrase&nbsp;:<br \/>\n<\/span><\/p>\n<p style=\"margin-left: 28pt;\"><span style=\"color: #c00000; font-family: Arial;\">\u00ab&nbsp;Il faut exiger de chacun ce que chacun peut donner. (Chap. X)&nbsp;\u00bb<br \/>\n<\/span><\/p>\n<p><span style=\"color: #777777; font-family: Arial;\">Il y a bien s\u00fbr une boutique en ligne pour vous permettre de faire de magnifiques cadeaux de No\u00ebl. Une boutique en ligne qui vend 80.000 produits chaque ann\u00e9e. Plus de 800 r\u00e9f\u00e9rences y sont disponibles, livraison dans le monde entier<br \/>\n<\/span><\/p>\n<p><span style=\"color: #777777; font-family: Arial;\">Elle a une adresse toute simple&nbsp;:<span style=\"color: #0000ff;\"> <a style=\"color: #0000ff;\" href=\"https:\/\/www.lepetitprince.com\/\">https:\/\/www.lepetitprince.com\/<\/a><\/span><br \/>\n<\/span><\/p>\n<p><span style=\"color: #777777; font-family: Arial;\">Il y a un tel d\u00e9calage, entre le discours tenu par le Petit Prince et toute la camelote autour qui est vendue au profit d&rsquo;un mercantilisme le plus obsc\u00e8ne. Je trouve cela d&rsquo;autant plus choquant pour ce livre pr\u00e9cis\u00e9ment. Je ne suis pas seul \u00e0 critiquer les h\u00e9ritiers mercantiles. Vous trouverez un article dans L&rsquo;express&nbsp; qui d\u00e9taille les obsessions des ayants droits \u00e0 utiliser tout pr\u00e9texte, tout vague anniversaire pour organiser des comm\u00e9morations promptes \u00e0 d\u00e9gager des revenus : <span style=\"color: #0000ff;\"><a style=\"color: #0000ff;\" href=\"https:\/\/www.lexpress.fr\/culture\/livre\/le-petit-prince-le-grand-ras-le-bol_2106818.html\">&lt;Le Petit Prince : le grand ras-le-bol !&gt;<\/a><\/span><\/span><\/p>\n<p><span style=\"color: #777777; font-family: Arial;\">Mais passons au fond sur l&rsquo;Histoire. La publication de France Culture que j&rsquo;ai \u00e9voqu\u00e9e est celle-ci&nbsp;:<span style=\"color: #0000ff;\"> <a style=\"color: #0000ff;\" href=\"https:\/\/l.facebook.com\/l.php?u=https%3A%2F%2Fwww.franceculture.fr%2Fconferences%2Funiversite-de-nantes%2Fpourquoi-il-faut-absolument-relire-le-petit-prince%3Futm_medium%3DSocial%26utm_source%3DFacebook%26fbclid%3DIwAR2Ju0MMXlsAO7J_LKLZxRkybytDBL7dM5AErpzJPisdH8Kwlqn-4R0LQuk%23Echobox%3D1574241475&amp;h=AT17QRej9278yuotnbS2OrBIKzFm5C-4rCxkdTgU4auWmhuF2LpTiR3lSzElefgyX1OXoTbgimWJcMo_vm4EQe62LIxSkN1BzfQEx9emovrDjt_vLpOuNU6twMHXV9jShvK8t1AMZHTzVX7HhmMDiGRd63IrcLxNjmw_PcqDbnsbhUEqVadu7-_TSw4byGCqkqQITGfwAXUwx7hrCIblsuSzuDw4sARP0YjhTQbYg53UPdFi1AhblQY2JFKDlVtpU4mWe2oLL5AeSYeDpap42gkZ2kdZYET8yLzMXMu0-5ZbVcChQuAynnK3HAuoRp8lSe5DmglJirudWEFQecYCG6i5TqZU-EEaqiK5VgS4iZVAp_DNWVzULQYhzNy0zZXPIMVm_6jQH6yxZa98J55bzLkNMXTZ80loV5ugMm0t55jdwI8X-cPRhB7fnTv00sVtM5DzHQQzjCjIXMXYAyEP5-Om8NJ271wfyhkcge5B0wYatMz2aZ1ETQhxGV7Mbnzrh9e3N8bXhoAeLi3Z7CmPOYTeoipJbZBeUfL_wjyGfI8PdqxEiCjEZWfZ5NfdZt7JdcwJiGn2QY_HMmppcqipCse-nPC8Qz5GIRv65EMnxMP22g\" target=\"_blank\" rel=\"noopener noreferrer\">Pourquoi il faut relire \u00ab\u00a0Le Petit Prince\u00a0\u00bb d&rsquo;Antoine de Saint-Exup\u00e9ry<\/a><\/span><br \/>\n<\/span><\/p>\n<p><span style=\"color: #777777; font-family: Arial;\">Avec cette entame&nbsp;: \u00ab&nbsp;<span style=\"color: #c00000;\"><em>Le Petit Prince\u00a0\u00bb : qu&rsquo;est-ce que c&rsquo;est ? Une histoire pour enfants ? Un conte fantastique ? Un conte philosophique ? Peut-\u00eatre tout cela \u00e0 la fois\u2026 Dans tous les cas, le plus grand livre de la litt\u00e9rature du XXe si\u00e8cle pour le philosophe Martin Heidegger ! Une \u0153uvre assur\u00e9ment attentive au pr\u00e9sent<\/em><span style=\"color: #777777;\">.&nbsp;\u00bb<br \/>\n<\/span><\/span><\/span><\/p>\n<p><span style=\"color: #777777; font-family: Arial;\">C&rsquo;est bien d&rsquo;en appeler au grand philosophe allemand \u00ab&nbsp;<a href=\"https:\/\/fr.wikipedia.org\/wiki\/Martin_Heidegger\"><span style=\"color: #0000ff;\">Martin Heidegge<\/span>r&nbsp;<\/a>\u00bb au go\u00fbt si s\u00fbr puisqu&rsquo;il jugeait aussi avec grande bienveillance et admiration le national socialisme. Il adh\u00e9ra au Parti nazi en 1933 alors qu&rsquo;il avait d\u00e9j\u00e0 44 ans et une r\u00e9putation de philosophe affirm\u00e9. Il resta nazi jusqu&rsquo;en 1944.<br \/>\n<\/span><\/p>\n<p><span style=\"color: #777777; font-family: Arial;\">Je critique le Petit Prince mais je ne comprends pas bien le lien qui peut exister entre la doctrine nazi et le contenu du Petit Prince. Mais Heidegger n&rsquo;est pas le seul \u00e0 classer le Petit Prince en haut de l&rsquo;affiche.<br \/>\n<\/span><\/p>\n<p><span style=\"color: #777777; font-family: Arial;\">En 1999, la Fnac et Le Monde ont tent\u00e9 de trouver un comit\u00e9 capable d&rsquo;\u00e9tablir un classement fran\u00e7ais des livres consid\u00e9r\u00e9s comme <span style=\"color: #0000ff;\"><a style=\"color: #0000ff;\" href=\"https:\/\/fr.wikipedia.org\/wiki\/Les_cent_livres_du_si%C3%A8cle\">les cent meilleurs du XXe si\u00e8cle<\/a><\/span>.<br \/>\n<\/span><\/p>\n<p><span style=\"color: #777777; font-family: Arial;\">\u00ab&nbsp;Le Petit Prince&nbsp;\u00bb termine quatri\u00e8me, devanc\u00e9 par \u00ab&nbsp;<strong>L&rsquo;\u00c9trange<\/strong>r&nbsp;\u00bb d&rsquo;Albert Camus, \u00ab&nbsp;<strong>\u00c0 la recherche du temps perdu<\/strong>&nbsp;\u00bb de Marcel Proust et \u00ab&nbsp;<strong>Le Proc\u00e8s<\/strong>&nbsp;\u00bb de Franz Kafka.<br \/>\n<\/span><\/p>\n<p><span style=\"color: #777777; font-family: Arial;\">Ce type de palmar\u00e8s me semble assez vain pour les \u0153uvres de l&rsquo;esprit.<br \/>\n<\/span><\/p>\n<p><span style=\"color: #777777; font-family: Arial;\">Mais que \u00ab&nbsp;Le Petit Prince&nbsp;\u00bb devance \u00ab&nbsp;<strong>Les raisons de la col\u00e8re<\/strong> \u00bb de Steinbeck ne me convainc pas et ce n&rsquo;est qu&rsquo;un exemple parmi d&rsquo;autre.<br \/>\n<\/span><\/p>\n<p><span style=\"color: #777777; font-family: Arial;\">Il faut bien comprendre que je ne nie pas les qualit\u00e9s de ce livre mais je trouve qu&rsquo;on en fait trop et surtout je pr\u00e9tends que ce n&rsquo;est certainement pas un livre pour enfant, ou alors il faut mentir aux enfants ou travestir la r\u00e9alit\u00e9.<br \/>\n<\/span><\/p>\n<p><span style=\"color: #777777; font-family: Arial;\">Donc j&rsquo;ai r\u00e9agi \u00e0 la publication de France Culture par cette envol\u00e9e&nbsp;:<br \/>\n<\/span><\/p>\n<p style=\"margin-left: 28pt;\"><span style=\"color: #c00000; font-family: Arial;\">\u00ab&nbsp;Je ne partage pas l&rsquo;enthousiasme du plus grand nombre.<br \/>\n<\/span><span style=\"color: #c00000; font-family: Arial;\">Un livre pour enfant ?<br \/>\n<\/span><span style=\"color: #c00000; font-family: Arial;\">C&rsquo;est l&rsquo;histoire d&rsquo;un petit prince po\u00e8te et malheureux.<br \/>\n<\/span><span style=\"color: #c00000; font-family: Arial;\">Et la porte de sortie qu&rsquo;il trouve est le suicide.<br \/>\n<\/span><span style=\"color: #c00000; font-family: Arial;\"> Ce n&rsquo;est pas un livre d&rsquo;enfant, c&rsquo;est un livre de d\u00e9pressif qui finit mal&nbsp;!&nbsp;\u00bb<br \/>\n<\/span><\/p>\n<p><span style=\"color: #777777; font-family: Arial;\">A ce niveau il y a toujours quelqu&rsquo;un pour marquer son \u00e9tonnement&nbsp;: \u00ab&nbsp;Ah bon le Petit Prince se suicide&nbsp;?&nbsp;\u00bb<br \/>\n<\/span><\/p>\n<p><span style=\"color: #777777; font-family: Arial;\">Dans le fil de la discussion, la question qui est venue avec 4 points d&rsquo;interrogations \u00ab A quel moment il se suicide ???? \u00bb<br \/>\n<\/span><\/p>\n<p><span style=\"color: #777777; font-family: Arial;\">Eh bien, \u00e0 l&rsquo;avant dernier chapitre, le 26, il le fait \u00e0 la Cl\u00e9op\u00e2tre.<br \/>\n<\/span><\/p>\n<p><span style=\"color: #777777; font-family: Arial;\">Il y a des circonvolutions, des \u00e9changes avec le narrateur qui dilue un peu le r\u00e9cit. Mais il suffit de lire&nbsp;:<br \/>\n<\/span><\/p>\n<p style=\"margin-left: 28pt;\"><span style=\"color: #c00000; font-family: Arial;\">\u00ab&nbsp;Le petit prince dit encore, apr\u00e8s un silence : &#8211; Tu as du bon venin ? Tu es s\u00fbr de ne pas me faire souffrir longtemps ?<br \/>\n<\/span><\/p>\n<p style=\"margin-left: 28pt;\"><span style=\"color: #c00000; font-family: Arial;\">[\u2026]<br \/>\n<\/span><\/p>\n<p style=\"margin-left: 28pt;\"><span style=\"color: #c00000; font-family: Arial;\">Alors j&rsquo;abaissai moi-m\u00eame les yeux vers le pied du mur, et je fis un bond ! Il \u00e9tait l\u00e0, dress\u00e9 vers le petit prince, un de ces serpents jaunes qui vous ex\u00e9cutent en trente secondes. Tout en fouillant ma poche pour en tirer mon revolver, je pris le pas de course, mais, au bruit que je fis, le serpent se laissa doucement couler dans le sable, comme un jet d&rsquo;eau qui meurt, et, sans trop se presser, se faufila entre les pierres avec un l\u00e9ger bruit de m\u00e9tal.<br \/>\n<\/span><\/p>\n<p style=\"margin-left: 28pt;\"><span style=\"color: #c00000; font-family: Arial;\">Je parvins au mur juste \u00e0 temps pour y recevoir dans les bras mon petit bonhomme de prince, p\u00e2le comme la neige.<br \/>\n<\/span><\/p>\n<p style=\"margin-left: 28pt;\"><span style=\"color: #c00000; font-family: Arial;\">&#8211; Quelle est cette histoire-l\u00e0 ! Tu parles maintenant avec les serpents !<br \/>\n<\/span><\/p>\n<p style=\"margin-left: 28pt;\"><span style=\"color: #c00000; font-family: Arial;\"> [\u2026]<br \/>\n<\/span><\/p>\n<p style=\"margin-left: 28pt;\"><span style=\"color: #c00000; font-family: Arial;\">&#8211; Je suis content que tu aies trouv\u00e9 ce qui manquait \u00e0 ta machine. Tu vas pouvoir rentrer chez toi&#8230;<br \/>\n<\/span><\/p>\n<p style=\"margin-left: 28pt;\"><span style=\"color: #c00000; font-family: Arial;\">&#8211; Comment sais-tu !<br \/>\n<\/span><\/p>\n<p style=\"margin-left: 28pt;\"><span style=\"color: #c00000; font-family: Arial;\">Je venais justement lui annoncer que, contre toute esp\u00e9rance, j&rsquo;avais r\u00e9ussi mon travail !<br \/>\n<\/span><\/p>\n<p style=\"margin-left: 28pt;\"><span style=\"color: #c00000; font-family: Arial;\">Il ne r\u00e9pondit rien \u00e0 ma question, mais il ajouta:<br \/>\n<\/span><\/p>\n<p style=\"margin-left: 28pt;\"><span style=\"color: #c00000; font-family: Arial;\">&#8211; Moi aussi, aujourd&rsquo;hui, je rentre chez moi&#8230;<br \/>\n<\/span><\/p>\n<p style=\"margin-left: 28pt;\"><span style=\"color: #c00000; font-family: Arial;\">[\u2026]<br \/>\n<\/span><\/p>\n<p style=\"margin-left: 28pt;\"><span style=\"color: #c00000; font-family: Arial;\">&#8211; Cette nuit&#8230; tu sais&#8230; ne viens pas.<br \/>\n<\/span><\/p>\n<p style=\"margin-left: 28pt;\"><span style=\"color: #c00000; font-family: Arial;\">&#8211; Je ne te quitterai pas.<br \/>\n<\/span><\/p>\n<p style=\"margin-left: 28pt;\"><span style=\"color: #c00000; font-family: Arial;\">&#8211; J&rsquo;aurai l&rsquo;air d&rsquo;avoir mal&#8230; j&rsquo;aurai un peu l&rsquo;air de mourir. C&rsquo;est comme \u00e7a. Ne viens pas voir \u00e7a, ce n&rsquo;est pas la peine&#8230;<br \/>\n<\/span><\/p>\n<p style=\"margin-left: 28pt;\"><span style=\"color: #c00000; font-family: Arial;\"> [\u2026]<br \/>\n<\/span><\/p>\n<p style=\"margin-left: 28pt;\"><span style=\"color: #c00000; font-family: Arial;\">&#8211; Tu comprends. C&rsquo;est trop loin. Je ne peux pas emporter ce corps-l\u00e0. C&rsquo;est trop lourd.<br \/>\n<\/span><\/p>\n<p style=\"margin-left: 28pt;\"><span style=\"color: #c00000; font-family: Arial;\">[\u2026]<br \/>\n<\/span><\/p>\n<p style=\"margin-left: 28pt;\"><span style=\"color: #c00000; font-family: Arial;\">Et il se tut aussi, parce qu&rsquo;il pleurait&#8230;<br \/>\n<\/span><\/p>\n<p style=\"margin-left: 28pt;\"><span style=\"color: #c00000; font-family: Arial;\">&#8211; C&rsquo;est l\u00e0. Laisse-moi faire un pas tout seul.<br \/>\n<\/span><\/p>\n<p style=\"margin-left: 28pt;\"><span style=\"color: #c00000; font-family: Arial;\">Et il s&rsquo;assit parce qu&rsquo;il avait peur.<br \/>\n<\/span><\/p>\n<p style=\"margin-left: 28pt;\"><span style=\"color: #c00000; font-family: Arial;\"> [\u2026]<br \/>\n<\/span><\/p>\n<p style=\"margin-left: 28pt;\"><span style=\"color: #c00000; font-family: Arial;\">&#8211; Voil\u00e0&#8230; C&rsquo;est tout&#8230;<br \/>\n<\/span><\/p>\n<p style=\"margin-left: 28pt;\"><span style=\"color: #c00000; font-family: Arial;\">Il h\u00e9sita encore un peu, puis il se releva. Il fit un pas. Moi je ne pouvais pas bouger.<br \/>\n<\/span><\/p>\n<p style=\"margin-left: 28pt;\"><span style=\"color: #c00000; font-family: Arial;\">Il n&rsquo;y eut rien qu&rsquo;un \u00e9clair jaune pr\u00e8s de sa cheville. Il demeura un instant immobile. Il ne cria pas. Il tomba doucement comme tombe un arbre. \u00c7a ne fit m\u00eame pas de bruit, \u00e0 cause du sable.&nbsp;\u00bb<br \/>\n<\/span><\/p>\n<p><span style=\"color: #777777; font-family: Arial;\">Peut-\u00eatre certains seront-ils scandalis\u00e9s par ce traitement aux ciseaux du chapitre. Mais quand on enl\u00e8ve, l\u2019enluminage, le r\u00eave, les histoires qu&rsquo;on raconte pour supporter la r\u00e9alit\u00e9 de la mort : c&rsquo;est un suicide.<br \/>\n<\/span><\/p>\n<p><span style=\"color: #777777; font-family: Arial;\">Des internautes ont tent\u00e9 de me convaincre<br \/>\n<\/span><\/p>\n<p style=\"margin-left: 28pt;\"><span style=\"color: #c00000; font-family: Arial;\">\u00ab&nbsp;C&rsquo;est l&rsquo;enfance qui c\u00e8de sa place ! En ce qui concerne la mort du Petit Prince, c&rsquo;est une m\u00e9tamorphose initiatique.&nbsp;\u00bb<br \/>\n<\/span><\/p>\n<p><span style=\"color: #777777; font-family: Arial;\">Ou<br \/>\n<\/span><\/p>\n<p style=\"margin-left: 28pt;\"><span style=\"color: #c00000; font-family: Arial;\">\u00ab&nbsp;Ce n&rsquo;est pas un suicide, mais une transformation. Tel Dante, le petit Prince quitte son corps de chair pour s&rsquo;\u00e9lever dans les \u00e9toiles.&nbsp;\u00bb<br \/>\n<\/span><\/p>\n<p><span style=\"color: #777777; font-family: Arial;\">\u00c9videmment, si on fuit le r\u00e9el et on se r\u00e9fugie dans le mythe, on arrive \u00e0 \u00e9crire que se donner la mort est une transformation. Je rappelle Camus : \u00ab mal nommer les objets, c&rsquo;est ajouter du malheur au monde. \u00bb<br \/>\n<\/span><\/p>\n<p><span style=\"color: #777777; font-family: Arial;\">Je me souviens que les adeptes du <span style=\"color: #0000ff;\"><a style=\"color: #0000ff;\" href=\"https:\/\/fr.wikipedia.org\/wiki\/Ordre_du_Temple_solaire\">temple solaire<\/a><\/span> parlaient aussi en all\u00e9gorie et en langage transcendantal. Ils pensaient se retrouver sur Sirius.\u2026<br \/>\n<\/span><\/p>\n<p><span style=\"color: #777777; font-family: Arial;\">Je m&rsquo;insurge sur le fait de dire que c&rsquo;est un conte pour enfant.<br \/>\n<\/span><\/p>\n<p><span style=\"color: #777777; font-family: Arial;\">Quel serait le message de ce conte pour enfant ?<br \/>\n<\/span><\/p>\n<p><span style=\"color: #777777; font-family: Arial;\">Quand on ne se sent pas bien nulle part, il faut mourir&nbsp;?<br \/>\n<\/span><\/p>\n<p><span style=\"color: #777777; font-family: Arial;\">Il y a dans ce livre de la d\u00e9pression, de la collapsologie avant l&rsquo;heure et l&rsquo;odeur de la mort<br \/>\n<\/span><\/p>\n<p><span style=\"color: #777777; font-family: Arial;\">Rien de ce que je dis n&rsquo;est absolu. Je ne pr\u00e9tends pas dire la v\u00e9rit\u00e9 qui n&rsquo;existe pas d&rsquo;ailleurs dans cette mati\u00e8re. Je pousse seulement les gens \u00e0 se questionner, \u00e0 interroger et non pas \u00e0 suivre la foule et dire comme cette histoire est belle, po\u00e9tique et instructive&nbsp;!<br \/>\n<\/span><\/p>\n<p><span style=\"color: #777777; font-family: Arial;\">Vous apprendrez dans cet article que <a href=\"http:\/\/www.slate.fr\/story\/9915\/lhistoire-damour-sordide-qui-inspire-%C2%ABle-petit-prince%C2%BB?fbclid=IwAR353eSmOjv3_jDlnBRLaIBuRGKvxxcqsQ35hR5Y7P0y49uENZEpw2Hs9Nk\">&lt;<span style=\"color: #0000ff;\">Le Petit Prince est le fruit d&rsquo;un chagrin d&rsquo;amour&gt;<\/span><\/a><br \/>\n<\/span><\/p>\n<p><span style=\"color: #777777; font-family: Arial;\">Un des internautes qui croit aux grandes vertus de ce petit livre a fini notre conversation de r\u00e9seaux sociaux sur ce petit texte et je lui laisse, bien volontiers, le dernier mot<br \/>\n<\/span><\/p>\n<p style=\"margin-left: 28pt;\"><span style=\"color: #c00000; font-family: Arial;\">\u00ab&nbsp; Tout est contenu dans tout: le mal dans le bien, le bien dans le mal, comme le laid dans le beau ou le beau dans le laid. Ainsi, une parole lumineuse peut dissimuler un dessein sombre, de m\u00eame qu&rsquo;un langage rustre peut dissimuler une \u00e2me pure et belle. L&rsquo;all\u00e9gorie n&rsquo;est qu&rsquo;une forme ou une apparence pour dissimuler un autre sens que ce qui est imm\u00e9diatement lu.<br \/>\nNous ne sommes pas jury litt\u00e9raire, critique ni censeur. Chacun re\u00e7oit une \u0153uvre et l&rsquo;appr\u00e9cie au regard de son histoire personnelle, de sa culture, son \u00e9ducation, ses valeurs ou ses croyances. Ce que vous ressentez ne se juge pas.<br \/>\nAu moins, je constate un point en faveur de l&rsquo;\u0153uvre: elle ne vous indiff\u00e8re pas. Elle nous am\u00e8ne d&rsquo;ailleurs \u00e0 \u00e9changer et partager nos avis ici. M\u00eame \u00e0 travers un ressenti contradictoire, le Petit Prince r\u00e9unit.<br \/>\nC&rsquo;est toute la puissance d&rsquo;une \u0153uvre litt\u00e9raire au-del\u00e0 de sa r\u00e9sonance imm\u00e9diate : que laisse-t-elle dans la culture, quelle empreinte imprime-t-elle dans l&rsquo;histoire ? Une \u0153uvre qui d\u00e9passe les g\u00e9n\u00e9rations, qui s\u00e9duit petits et grands, qui s&rsquo;\u00e9tudie de l&rsquo;\u00e9cole \u00e0 l&rsquo;universit\u00e9 reste un marqueur de notre temps, de notre soci\u00e9t\u00e9, de notre pens\u00e9e.<br \/>\nNe pas y avoir \u00e9t\u00e9 sensible ne vous \u00e9loigne aucunement d&rsquo;une quelconque v\u00e9rit\u00e9. J&rsquo;imagine que votre sensibilit\u00e9 s&rsquo;exprime ailleurs et c&rsquo;est toute la richesse de la diversit\u00e9 humaine. Peut-\u00eatre avons-nous une lecture commune qui nous rassemble enti\u00e8rement ? A l&rsquo;inverse, peut-\u00eatre \u00eates-vous marqu\u00e9 par une \u0153uvre \u00e0 c\u00f4t\u00e9 de laquelle je suis pass\u00e9 sans la moindre \u00e9motion ?<br \/>\n<\/span><\/p>\n<p style=\"margin-left: 28pt;\"><span style=\"color: #c00000; font-family: Arial;\"> Quant au marketing litt\u00e9raire, comment ne pas vous rejoindre ? Tout ce qui peut rapporter de l&rsquo;argent est source de commerce. Du magnifique \u00e0 l&rsquo;abject, de l&rsquo;utile au futile.<br \/>\nLe marketing nous retient dans la mat\u00e9rialit\u00e9, ce que le Petit Prince justement nous invite \u00e0 d\u00e9passer. Souvenez-vous : \u00ab on ne voit bien qu&rsquo;avec le c\u0153ur. L&rsquo;essentiel est invisible pour les yeux. \u00bb<br \/>\n<\/span><\/p>\n<p><span style=\"color: maroon; font-family: Arial;\">&lt;1316&gt;<\/span><\/p>\n","protected":false},"excerpt":{"rendered":"<p>\u00ab Le Petit Prince, un livre pour enfant ? \u00bb Question que je me pose et que je pose G\u00e9rard Philippe est mort le 25 novembre 1959, \u00e0 36 ans, d&rsquo;un cancer du foie qui l&rsquo;a emport\u00e9 en 3 mois.<\/p>\n","protected":false},"author":1,"featured_media":0,"comment_status":"open","ping_status":"closed","sticky":false,"template":"","format":"standard","meta":{"footnotes":""},"categories":[1],"tags":[9,6,14],"class_list":["post-7489","post","type-post","status-publish","format-standard","hentry","category-motdujour","tag-litterature","tag-philosophie","tag-recit"],"_links":{"self":[{"href":"https:\/\/lemotdujour.fr\/index.php?rest_route=\/wp\/v2\/posts\/7489","targetHints":{"allow":["GET"]}}],"collection":[{"href":"https:\/\/lemotdujour.fr\/index.php?rest_route=\/wp\/v2\/posts"}],"about":[{"href":"https:\/\/lemotdujour.fr\/index.php?rest_route=\/wp\/v2\/types\/post"}],"author":[{"embeddable":true,"href":"https:\/\/lemotdujour.fr\/index.php?rest_route=\/wp\/v2\/users\/1"}],"replies":[{"embeddable":true,"href":"https:\/\/lemotdujour.fr\/index.php?rest_route=%2Fwp%2Fv2%2Fcomments&post=7489"}],"version-history":[{"count":5,"href":"https:\/\/lemotdujour.fr\/index.php?rest_route=\/wp\/v2\/posts\/7489\/revisions"}],"predecessor-version":[{"id":9218,"href":"https:\/\/lemotdujour.fr\/index.php?rest_route=\/wp\/v2\/posts\/7489\/revisions\/9218"}],"wp:attachment":[{"href":"https:\/\/lemotdujour.fr\/index.php?rest_route=%2Fwp%2Fv2%2Fmedia&parent=7489"}],"wp:term":[{"taxonomy":"category","embeddable":true,"href":"https:\/\/lemotdujour.fr\/index.php?rest_route=%2Fwp%2Fv2%2Fcategories&post=7489"},{"taxonomy":"post_tag","embeddable":true,"href":"https:\/\/lemotdujour.fr\/index.php?rest_route=%2Fwp%2Fv2%2Ftags&post=7489"}],"curies":[{"name":"wp","href":"https:\/\/api.w.org\/{rel}","templated":true}]}}