{"id":748,"date":"2014-06-24T02:00:00","date_gmt":"2014-06-23T22:00:00","guid":{"rendered":"http:\/\/lemotdujour.fr\/?p=748"},"modified":"2017-05-08T13:22:23","modified_gmt":"2017-05-08T11:22:23","slug":"mardi-24062014","status":"publish","type":"post","link":"https:\/\/lemotdujour.fr\/?p=748","title":{"rendered":"Mardi 24\/06\/2014"},"content":{"rendered":"<div class=\"mdjDate\">Mardi 24\/06\/2014<\/div>\n<div class=\"mdjTexte\">\u00abLa cacanie\u00bb<\/div>\n<div class=\"mdjAuteur\">Robert Musil &#8211; L&rsquo;homme sans qualit\u00e9s<\/div>\n<div class=\"mdjComplements\">\u00ab\u00a0L&rsquo;homme sans qualit\u00e9s\u00a0\u00bb est selon les sp\u00e9cialistes un des plus grands chefs d&rsquo;\u0153uvre de la litt\u00e9rature europ\u00e9enne.<\/div>\n<div class=\"mdjComplements\">Comme pour Proust, malgr\u00e9 plusieurs tentatives, je ne suis pas parvenu \u00e0 le finir, mais j&rsquo;en ai lu assez pour arriver \u00e0 la \u00ab\u00a0Cacanie\u00a0\u00bb.<\/div>\n<div class=\"mdjComplements\">La Cacanie d\u00e9signe pour Musil l&#8217;empire austro hongrois avant la premi\u00e8re guerre mondiale.<\/div>\n<div class=\"mdjComplements\">En effet, cet empire avait pour nom pr\u00e9cis L&#8217;empire d&rsquo;Autriche et Royaume de Hongrie.<\/div>\n<div class=\"mdjComplements\">En allemand : Kaiserliche und K\u00f6nigliche \u00d6sterreichisch-Ungarischen Monarchie <strong>K<\/strong>aiser Empereur et <strong>K<\/strong>\u00f6nig Roi d&rsquo;o\u00f9 <strong>KK<\/strong> et donc Cacanie<\/div>\n<div class=\"mdjComplements\">Autriche \u00e9tant quant \u00e0 elle la francisation de \u00d6ster Reich, c&rsquo;est \u00e0 dire Empire de l&rsquo;Est. La Cacanie \u00e9tait en d\u00e9clin au d\u00e9but du XX\u00e8me si\u00e8cle et victimes de multiples forces centrifuges des nationalit\u00e9s dont elle \u00e9tait l&rsquo;agr\u00e9gat. Mais au niveau de la culture elle \u00e9tait \u00e0 l&rsquo;apog\u00e9e : on parle de \u00ab <strong>l&rsquo;apocalypse joyeuse<\/strong> \u00bb.<\/div>\n<div class=\"mdjComplements\">La litt\u00e9rature est repr\u00e9sent\u00e9e par Robert Musil, bien s\u00fbr mais aussi Stefan Zweig, Artur Schnitzler, Rainer Maria Rilke, Hugo von Hoffmansthal, Franz Werfel, Josef Roth, auxquels il faut ajouter \u00e0 Prague Franz Kafka, \u00e9crivain de langue allemande.<\/div>\n<div class=\"mdjComplements\">Dans le domaine de l&rsquo;art pictural et architectural, en 1897, un groupe d&rsquo;artistes viennois fonde la \u00abVereinigung Bildender K\u00fcnstler \u00d6sterreichs Secession\u00bb, plus connue sous le nom de S\u00e9cession. Ils veulent rompre avec l&rsquo;art de la Vienne bourgeoise de la fin du 19\u00e8me si\u00e8cle, en particulier avec l&rsquo;architecture historiciste. Leur devise est inscrite sur le hall d&rsquo;exposition du mouvement \u00abA l&rsquo;\u00e9poque son art, \u00e0 l&rsquo;art sa libert\u00e9\u00bb<\/div>\n<div class=\"mdjComplements\">Le pr\u00e9sident et porte-parole de la S\u00e9cession est Gustav Klimt, les principaux artistes sont Egon Schiele, Oskar Kokoschka, Koloman Moser pour les peintres, Josef Olbricht et Otto Wagner pour les architectes, Josef Hoffmann pour les arts appliqu\u00e9s.<\/div>\n<div class=\"mdjComplements\">Et la musique&#8230;Vienne est depuis le 18\u00e8me si\u00e8cle le plus grand centre musical europ\u00e9en. Les plus grands compositeurs, autrichiens ou non, y ont v\u00e9cu : Mozart, Haydn, Beethoven, Schubert, Brahms, Johann Strauss, Bruckner.<\/div>\n<div class=\"mdjComplements\">Autour de 1900, la sc\u00e8ne musicale est domin\u00e9e par Gustav Mahler, puis par l&rsquo;\u00e9cole de Vienne autour de Sch\u00f6nberg, Berg et Webern. Et enfin, la psychanalyse est n\u00e9e \u00e0 Vienne, \u00e0 cette \u00e9poque, avec Freud. <a href=\"http:\/\/www.musee-orsay.fr\/fr\/evenements\/expositions\/archives\/presentation-generale\/article\/vienne-1900-klimt-schiele-moser-kokoschka-4236.html?S=1&amp;cHash=18f3acc3c5&amp;tx_ttnews%5bbackPid%5d=104\">&lt;En octobre 2005 le Mus\u00e9e d&rsquo;Orsay a organis\u00e9 une exposition sur les grands peintres de la Cacanie&gt;\u00a0<\/a><\/div>\n<div class=\"mdjComplements\">Que le Ciel vous tienne en joie, car si la Cacanie s&rsquo;est d\u00e9sagr\u00e9g\u00e9e, les artistes qui sont n\u00e9s lors de cette d\u00e9sagr\u00e9gation continuent \u00e0 illuminer notre pr\u00e9sent.<\/div>\n","protected":false},"excerpt":{"rendered":"<p>Mardi 24\/06\/2014 \u00abLa cacanie\u00bb Robert Musil &#8211; L&rsquo;homme sans qualit\u00e9s \u00ab\u00a0L&rsquo;homme sans qualit\u00e9s\u00a0\u00bb est selon les sp\u00e9cialistes un des plus grands chefs d&rsquo;\u0153uvre de la litt\u00e9rature europ\u00e9enne. Comme pour Proust, malgr\u00e9 plusieurs tentatives, je ne suis pas parvenu \u00e0 le<\/p>\n","protected":false},"author":1,"featured_media":0,"comment_status":"closed","ping_status":"closed","sticky":false,"template":"","format":"standard","meta":{"footnotes":""},"categories":[1],"tags":[],"class_list":["post-748","post","type-post","status-publish","format-standard","hentry","category-motdujour"],"_links":{"self":[{"href":"https:\/\/lemotdujour.fr\/index.php?rest_route=\/wp\/v2\/posts\/748","targetHints":{"allow":["GET"]}}],"collection":[{"href":"https:\/\/lemotdujour.fr\/index.php?rest_route=\/wp\/v2\/posts"}],"about":[{"href":"https:\/\/lemotdujour.fr\/index.php?rest_route=\/wp\/v2\/types\/post"}],"author":[{"embeddable":true,"href":"https:\/\/lemotdujour.fr\/index.php?rest_route=\/wp\/v2\/users\/1"}],"replies":[{"embeddable":true,"href":"https:\/\/lemotdujour.fr\/index.php?rest_route=%2Fwp%2Fv2%2Fcomments&post=748"}],"version-history":[{"count":1,"href":"https:\/\/lemotdujour.fr\/index.php?rest_route=\/wp\/v2\/posts\/748\/revisions"}],"predecessor-version":[{"id":749,"href":"https:\/\/lemotdujour.fr\/index.php?rest_route=\/wp\/v2\/posts\/748\/revisions\/749"}],"wp:attachment":[{"href":"https:\/\/lemotdujour.fr\/index.php?rest_route=%2Fwp%2Fv2%2Fmedia&parent=748"}],"wp:term":[{"taxonomy":"category","embeddable":true,"href":"https:\/\/lemotdujour.fr\/index.php?rest_route=%2Fwp%2Fv2%2Fcategories&post=748"},{"taxonomy":"post_tag","embeddable":true,"href":"https:\/\/lemotdujour.fr\/index.php?rest_route=%2Fwp%2Fv2%2Ftags&post=748"}],"curies":[{"name":"wp","href":"https:\/\/api.w.org\/{rel}","templated":true}]}}