{"id":7475,"date":"2019-11-25T00:25:15","date_gmt":"2019-11-24T23:25:15","guid":{"rendered":"http:\/\/lemotdujour.fr\/?p=7475"},"modified":"2025-10-22T10:44:50","modified_gmt":"2025-10-22T08:44:50","slug":"lundi-25-novembre-2019","status":"publish","type":"post","link":"https:\/\/lemotdujour.fr\/?p=7475","title":{"rendered":"Lundi 25 novembre 2019"},"content":{"rendered":"<div class=\"mdjTexte\">\u00ab Les enfants d\u2019Isadora \u00bb<\/div>\n<div class=\"mdjAuteur\">Film de Damien Manivel autour d\u2019une danse compos\u00e9e en 1923 par Isadora Duncan<\/div>\n<p><span style=\"color: #777777; font-family: Arial;\">Avec Annie, nous allons peu au cin\u00e9ma. Mais nous avons eu le d\u00e9sir d&rsquo;aller voir <strong>\u00ab&nbsp;Les enfants d&rsquo;Isadora&nbsp;\u00bb<\/strong>.<br \/>\n<\/span><\/p>\n<p><span style=\"color: #777777; font-family: Arial;\">Ce film ne r\u00e9pond pas, mais alors pas du tout aux standards des films am\u00e9ricains, films qu&rsquo;on nomme blockbuster. Si vous voulez en savoir plus sur le sujet des superproductions am\u00e9ricaines, vous pouvez lire cet article de \u00ab&nbsp;Slate.fr&nbsp;\u00bb&nbsp;: \u00ab&nbsp;<a href=\"http:\/\/www.slate.fr\/story\/75812\/recette-blockbuster-pourquoi-tous-films-americains-se-ressemblent\"><span style=\"color: #0000ff;\">La recette du blockbuster&nbsp;<\/span><\/a>\u00bb qui vous renverra vers un livre d&rsquo;un sc\u00e9nariste am\u00e9ricain&nbsp;: Blake Snyder : \u00ab&nbsp;Les r\u00e8gles \u00e9l\u00e9mentaires pour l&rsquo;\u00e9criture d&rsquo;un sc\u00e9nario.&nbsp;\u00bb.<br \/>\n<\/span><\/p>\n<p><span style=\"color: #777777; font-family: Arial;\">Pour suivre ce mod\u00e8le, auquel beaucoup de spectateurs se sont habitu\u00e9s, il faut de l&rsquo;action, des bons et des m\u00e9chants, des sc\u00e8nes qui s&rsquo;enchainent rapidement etc.<br \/>\n<\/span><\/p>\n<p><span style=\"color: #777777; font-family: Arial;\">\u00ab&nbsp;Les enfants d&rsquo;Isadora&nbsp;\u00bb est un film lent, tr\u00e8s lent. C&rsquo;est \u00e0 ce prix qu&rsquo;on obtient la po\u00e9sie et la gr\u00e2ce.<br \/>\n<\/span><\/p>\n<p><img decoding=\"async\" class=\"alignleft\" src=\"https:\/\/lemotdujour.fr\/wp-content\/uploads\/2019\/11\/112419_2312_Lundi25nove1.jpg\" alt=\"\" align=\"left\"><span style=\"color: #777777; font-family: Arial;\">Le film raconte des femmes qui sont fascin\u00e9es par une danse compos\u00e9e en 1923 par la grande chor\u00e9graphe am\u00e9ricaine <strong>Isadora Duncan&nbsp;: \u00ab&nbsp;Mother&nbsp;\u00bb<br \/>\n<\/strong><\/span><\/p>\n<p><span style=\"color: #777777; font-family: Arial;\">&lt;<span style=\"color: #0000ff;\"><a style=\"color: #0000ff;\" href=\"https:\/\/fr.wikipedia.org\/wiki\/Isadora_Duncan\"><strong>Isadora Duncan<\/strong><\/a><\/span>&gt; est n\u00e9e en 1877 \u00e0 San Francisco, et morte tragiquement le 14 septembre 1927 \u00e0 Nice.<br \/>\n<\/span><\/p>\n<p><span style=\"color: #777777; font-family: Arial;\">C&rsquo;est une danseuse am\u00e9ricaine qui r\u00e9volutionna la pratique de la danse et apporta les premi\u00e8res bases de la danse moderne europ\u00e9enne, \u00e0 l&rsquo;origine de la danse contemporaine.<br \/>\n<\/span><\/p>\n<p><span style=\"color: #777777; font-family: Arial;\">Elle donna une place particuli\u00e8re \u00e0 l&rsquo;harmonie du corps, \u00e0 la beaut\u00e9. Elle osa des danses presque nue, simplement couverte par quelques voiles avec un retour au culte des corps et au mod\u00e8le des figures antiques grecques.<br \/>\n<\/span><\/p>\n<p><span style=\"color: #777777; font-family: Arial;\">Elle fonda plusieurs \u00e9coles de danse aux \u00c9tats-Unis et en Europe et m\u00eame en Russie apr\u00e8s la r\u00e9volution sovi\u00e9tique o\u00f9 elle adh\u00e9ra, un temps, \u00e0 l&rsquo;id\u00e9al r\u00e9volutionnaire.<br \/>\n<\/span><\/p>\n<p><span style=\"color: #777777; font-family: Arial;\">Elle fut, \u00e0 Paris, la voisine d&rsquo;Auguste Rodin, \u00ab son ami et son ma\u00eetre \u00bb selon son r\u00e9cit \u00ab<span style=\"color: #0000ff;\">&nbsp;<a style=\"color: #0000ff;\" href=\"https:\/\/livre.fnac.com\/a296279\/Isadora-Duncan-Ma-vie\">Ma vie&nbsp;<\/a><\/span>\u00bb publi\u00e9e en 1927.<br \/>\n<\/span><\/p>\n<p><span style=\"color: #777777; font-family: Arial;\">Et, lorsque le th\u00e9\u00e2tre des Champs-\u00c9lys\u00e9es est construit en 1913, son portrait est grav\u00e9 par Antoine Bourdelle dans les bas-reliefs situ\u00e9s au-dessus de l&rsquo;entr\u00e9e, et peint par Maurice Denis sur la fresque murale de l&rsquo;auditorium repr\u00e9sentant les neuf Muses.<br \/>\n<\/span><\/p>\n<p><span style=\"color: #777777; font-family: Arial;\">Elle fut totalement non conventionnelle dans son art, comme dans sa vie.<br \/>\n<\/span><\/p>\n<p><span style=\"color: #777777; font-family: Arial;\">Elle eut des enfants sans \u00eatre mari\u00e9, fut aussi bisexuelle et de m\u0153urs tr\u00e8s libres.<br \/>\n<\/span><\/p>\n<p><span style=\"color: #777777; font-family: Arial;\">Elle meurt tragiquement le 14 septembre 1927 \u00e0 Nice : le long foulard de soie qu&rsquo;elle porte se prend dans les rayons de la roue de la voiture dans laquelle elle \u00e9tait mont\u00e9e. Elle est brutalement \u00e9ject\u00e9e du v\u00e9hicule et meurt sur le coup dans sa chute sur la chauss\u00e9e. Elle a \u00e9t\u00e9 incin\u00e9r\u00e9e et ses cendres reposent \u00e0 Paris au columbarium du cimeti\u00e8re du P\u00e8re-Lachaise<br \/>\n<\/span><\/p>\n<p><span style=\"color: #777777; font-family: Arial;\">Avant cela, en 1913 elle v\u00e9cut une trag\u00e9die.<br \/>\n<\/span><\/p>\n<p><span style=\"color: #777777; font-family: Arial;\">Ses deux enfants, tous deux hors mariage : Deirdre, n\u00e9e le 24 septembre 1906, et Patrick, n\u00e9 le 1er mai 1910, se noy\u00e8rent dans la Seine le 19 avril 1913. Les enfants se trouvaient dans la voiture avec leur nourrice de retour d&rsquo;une journ\u00e9e d&rsquo;excursion pendant qu&rsquo;Isadora \u00e9tait rest\u00e9e \u00e0 la maison. La voiture fit un \u00e9cart pour \u00e9viter une collision. Le moteur cale, le chauffeur sort de la voiture pour faire red\u00e9marrer le moteur \u00e0 la manivelle mais il a oubli\u00e9 de mettre le frein \u00e0 main ; d\u00e8s qu&rsquo;il fait d\u00e9marrer la voiture, celle-ci traverse le boulevard Bourdon, d\u00e9vale la pente et les deux enfants et leur nourrice meurent noy\u00e9s dans la Seine \u00e0 Neuilly-sur-Seine.<br \/>\n<\/span><\/p>\n<p><span style=\"color: #777777; font-family: Arial;\">Quelques mois plus tard, le 1er ao\u00fbt 1914, Isadora Duncan accouche d&rsquo;un enfant qui ne vivra que quelques heures. Elle \u00e9crira dans \u00ab&nbsp;Ma vie&nbsp;\u00bb :<br \/>\n<\/span><\/p>\n<p style=\"margin-left: 28pt;\"><span style=\"color: #c00000; font-family: Arial;\">\u00ab Je crois qu&rsquo;\u00e0 ce moment-l\u00e0, j&rsquo;atteignis le sommet de la douleur humaine, car avec cette mort il me semblait que mes autres enfants mouraient encore une fois ; c&rsquo;\u00e9tait comme la r\u00e9p\u00e9tition de la premi\u00e8re agonie, avec quelque chose qui s&rsquo;y ajoutait encore. \u00bb<br \/>\n<\/span><\/p>\n<p><span style=\"color: #777777; font-family: Arial;\">Et puis, 10 ans plus tard, en 1923 \u00e0 Kiev, sur une musique de Scriabine, elle cr\u00e9a une danse pour dire Adieu \u00e0 ses enfants morts. Danse qu&rsquo;elle appela \u00ab&nbsp;<strong>Mother<\/strong>&nbsp;\u00bb.<br \/>\n<\/span><\/p>\n<p><span style=\"color: #777777; font-family: Arial;\">Un tr\u00e8s bel article de \u00ab&nbsp;<a href=\"https:\/\/next.liberation.fr\/cinema\/2019\/11\/19\/les-enfants-d-isadora-pour-l-amour-du-geste_1764374\"><span style=\"color: #0000ff;\">Lib\u00e9ration<\/span><\/a>&nbsp;\u00bb explique&nbsp;:<br \/>\n<\/span><\/p>\n<p style=\"margin-left: 28pt;\"><span style=\"color: #c00000; font-family: Arial;\">\u00ab&nbsp;En&nbsp;1923, dix&nbsp;ans apr\u00e8s avoir tragiquement perdu ses deux enfants, la pionni\u00e8re de la danse moderne Isadora Duncan cr\u00e9ait <em>Mother,<\/em> un solo fun\u00e8bre et mythique dont il n&rsquo;existe ni film d&rsquo;\u00e9poque ni photographie. Juste une partition &#8211; gr\u00e2ce au syst\u00e8me de notation Laban, que peu d&rsquo;experts savent d\u00e9chiffrer -, \u00e0 laquelle s&rsquo;ajoutent les r\u00e9cits que se sont transmis corporellement et de mani\u00e8re quasi l\u00e9gendaire les disciples de la chor\u00e9graphe, et ces quelques lignes : <em>\u00ab<strong>Ma danse \u00e9tait endormie depuis des si\u00e8cles et mon chagrin l&rsquo;a r\u00e9veill\u00e9e.<\/strong>\u00bb<\/em><br \/>\n<\/span><\/p>\n<p><span style=\"color: #777777; font-family: Arial;\">Et tout le film est la recherche de femmes danseuses, pour retrouver les gestes et les pas de cette danse \u00e0 partir de la partition pour cr\u00e9er l&rsquo;indicible et l&rsquo;\u00e9motion.<br \/>\n<\/span><\/p>\n<p><span style=\"color: #777777; font-family: Arial;\">Le r\u00e9alisateur <strong>Damien Manivel<\/strong>, n\u00e9 en 1981 avait commenc\u00e9 sa vie artistique par la danse contemporaine, il fait partager \u00e0 ses actrices son d\u00e9sir de retrouver le geste bouleversant de l&rsquo;immense artiste du d\u00e9but du XX\u00e8me si\u00e8cle pour surmonter sa souffrance.<br \/>\n<\/span><\/p>\n<p><span style=\"color: #777777; font-family: Arial;\">&lt;<a href=\"http:\/\/www.slate.fr\/story\/184245\/cinema-critique-enfants-isadora-damien-manivel-danse\"><span style=\"color: #0000ff;\">Slate<\/span><\/a><span style=\"color: #0000ff;\">&gt;<\/span> qui a \u00e9galement encens\u00e9 ce film \u00e9crit&nbsp;:<br \/>\n<\/span><\/p>\n<p style=\"margin-left: 28pt;\"><span style=\"color: #c00000; font-family: Arial;\">\u00ab&nbsp;Ce qui est \u00e0 venir est, malgr\u00e9 l&rsquo;apparente absolue modestie du film, d&rsquo;une ampleur immense. Il s&rsquo;agit du travail, et il s&rsquo;agit de la mort; il s&rsquo;agit du deuil et de la mani\u00e8re dont des \u0153uvres peuvent affronter l&rsquo;ab\u00eeme insondable de la douleur.<br \/>\n<\/span><\/p>\n<p style=\"margin-left: 28pt;\"><span style=\"color: #c00000; font-family: Arial;\">Il s&rsquo;agit des puissances souterraines et sid\u00e9rantes de la vie, et de sourci\u00e8res qui en d\u00e9tectent les possibles r\u00e9surgences. Qui parfois en permettent les triomphants jaillissements, m\u00eame dans la p\u00e9nombre d&rsquo;une marge. [\u2026]<br \/>\n<\/span><\/p>\n<p style=\"margin-left: 28pt;\"><span style=\"color: #c00000; font-family: Arial;\"><em>Les Enfants d&rsquo;Isadora, <\/em>c&rsquo;est la promesse, dans le monde, avec les autres, en soi-m\u00eame, de la possibilit\u00e9 d&rsquo;une \u00e9l\u00e9gance du geste, d&rsquo;une harmonie de formes, d&rsquo;un accord entre des rythmes int\u00e9rieurs et ext\u00e9rieurs. Ce film a su nous approcher de cela; il inspire une infinie gratitude.&nbsp;\u00bb<br \/>\n<\/span><\/p>\n<p><span style=\"color: #777777; font-family: Arial;\">L&rsquo;intelligence de Damien Manivel est de construire cette qu\u00eate en 3 actes.<br \/>\n<\/span><\/p>\n<p><span style=\"color: #777777; font-family: Arial;\">D&rsquo;abord une jeune danseuse parisienne qui travaille, \u00e9tudie, r\u00e9fl\u00e9chit, essaie la partition avec les doutes qu&rsquo;on per\u00e7oit, il n&rsquo;y a quasi aucune parole \u00e9chang\u00e9e lors de ce premier acte.<br \/>\n<\/span><\/p>\n<p><span style=\"color: #777777; font-family: Arial;\">L&rsquo;actrice qui incarne ce premier r\u00f4le est Agathe Bonitzer. Quand elle parvient au geste d&rsquo;\u00e9motion, le r\u00e9alisateur passe au second acte.<br \/>\n<\/span><\/p>\n<p><img decoding=\"async\" src=\"https:\/\/lemotdujour.fr\/wp-content\/uploads\/2019\/11\/112419_2312_Lundi25nove2.jpg\" alt=\"\"><span style=\"color: #777777; font-family: Arial;\"><br \/>\n<\/span><\/p>\n<p><span style=\"color: #777777; font-family: Arial;\">Ce second acte se joue dans un th\u00e9\u00e2tre dans lequel une chor\u00e9graphe (Marika Rizzi) r\u00e9p\u00e8te avec une adolescente trisomique (Manon Carpentier), cette m\u00eame danse. <\/span><span style=\"color: #777777; font-family: Arial;\">Au d\u00e9but les gestes sont tr\u00e8s \u00e9loign\u00e9es de ceux auxquels \u00e9tait arriv\u00e9e la danseuse pr\u00e9c\u00e9dente. Mais peu \u00e0 peu, Manon trouve aussi le chemin pour s&rsquo;approprier \u00ab&nbsp;mother&nbsp;\u00bb.<br \/>\n<\/span><\/p>\n<p><span style=\"color: #777777; font-family: Arial;\">Le troisi\u00e8me acte est \u00e9trange, on voit une femme noire massive qui assiste au spectacle \u00ab&nbsp;Mother&nbsp;\u00bb, sans que jamais le spectacle ne soit montr\u00e9, et qui pleure.<br \/>\n<\/span><\/p>\n<p><span style=\"color: #777777; font-family: Arial;\">Apr\u00e8s un long et p\u00e9nible voyage pour retourner dans son appartement, dans lequel on comprendra qu&rsquo;elle a \u00e9galement perdu un enfant, elle esquissera aussi des gestes de cette chor\u00e9graphie.<br \/>\n<\/span><\/p>\n<p><span style=\"color: #777777; font-family: Arial;\">Slate m&rsquo;apprend que l&rsquo;actrice qui joue ce r\u00f4le est <a href=\"https:\/\/www.elsawolliaston.org\/\" target=\"_blank\" rel=\"noopener noreferrer\"><span style=\"color: #0000ff;\">Elsa Wolliaston<\/span><\/a>, jama\u00efcaine et am\u00e9ricaine qui vit en France et qui est une grande figure de la danse contemporaine africaine.<br \/>\n<\/span><\/p>\n<p><span style=\"color: #777777; font-family: Arial;\">Slate \u00e9crit \u00e0 son propos:<br \/>\n<\/span><\/p>\n<p style=\"margin-left: 28pt;\"><span style=\"color: #c00000; font-family: Arial;\">\u00ab&nbsp;Cette femme a tout d&rsquo;un monument: une puissance qui sait la fragilit\u00e9, une l\u00e9g\u00e8ret\u00e9 et une d\u00e9termination qui d&#8217;embl\u00e9e en imposent. Cette femme est<em><br \/>\n<\/em>un monument.&nbsp;\u00bb<br \/>\n<\/span><\/p>\n<p><img decoding=\"async\" class=\"alignleft\" src=\"https:\/\/lemotdujour.fr\/wp-content\/uploads\/2019\/11\/112419_2312_Lundi25nove3.jpg\" alt=\"\" align=\"left\"><span style=\"color: #777777; font-family: Arial;\"><br \/>\n<\/span><\/p>\n<p><span style=\"color: #777777; font-family: Arial;\">Un acte de gr\u00e2ce et d&rsquo;humanit\u00e9.<br \/>\n<\/span><\/p>\n<p><span style=\"color: #777777; font-family: Arial;\">On trouve une photo sur Wikipedia qui montre Isadora Duncan avec ses deux enfants Deirdre et Patrick en 1912.<br \/>\n<\/span><\/p>\n<p><a href=\"https:\/\/www.dansesaveclaplume.com\/hors-scene\/1101514-sortie-cine-les-enfants-disadora-de-damien-manivel\/\"><span style=\"font-family: Arial;\"><span style=\"color: #0000ff;\">Un site<\/span><\/span><\/a><span style=\"color: #777777; font-family: Arial;\"> consacr\u00e9 \u00e0 la Danse publie aussi un article sur ce film et rapporte une autre phrase d&rsquo;Isadora Duncan qui prend tout son sens au bout de la qu\u00eate poursuivie par ce film&nbsp;:<br \/>\n<\/span><\/p>\n<p style=\"margin-left: 28pt;\"><span style=\"color: #c00000; font-family: Arial;\"><em>\u00ab&nbsp;<\/em><strong>La vraie danse est la force de la douceur : elle est command\u00e9e par le rythme m\u00eame de l&rsquo;\u00e9motion profonde&nbsp;\u00bb<\/strong><em><br \/>\n<\/em><\/span><\/p>\n<p><span style=\"color: #777777; font-family: Arial;\">La musique sur laquelle ce solo a \u00e9t\u00e9 dans\u00e9e est l&rsquo;<span style=\"color: #0000ff;\"><a style=\"color: #0000ff;\" href=\"https:\/\/www.youtube.com\/watch?v=327D03P5Xxc\">&lt;Etude opus 2 N\u00b0 1 d&rsquo;Alexandre Scriabine&gt;<\/a><\/span><br \/>\n<\/span><\/p>\n<p><span style=\"color: maroon; font-family: Arial;\">&lt;1314&gt;<\/span><\/p>\n","protected":false},"excerpt":{"rendered":"<p>\u00ab Les enfants d\u2019Isadora \u00bb Film de Damien Manivel autour d\u2019une danse compos\u00e9e en 1923 par Isadora Duncan Avec Annie, nous allons peu au cin\u00e9ma. Mais nous avons eu le d\u00e9sir d&rsquo;aller voir \u00ab&nbsp;Les enfants d&rsquo;Isadora&nbsp;\u00bb. Ce film ne r\u00e9pond<\/p>\n","protected":false},"author":1,"featured_media":0,"comment_status":"open","ping_status":"closed","sticky":false,"template":"","format":"standard","meta":{"footnotes":""},"categories":[1],"tags":[25,83,153],"class_list":["post-7475","post","type-post","status-publish","format-standard","hentry","category-motdujour","tag-cinema","tag-danse","tag-mort"],"_links":{"self":[{"href":"https:\/\/lemotdujour.fr\/index.php?rest_route=\/wp\/v2\/posts\/7475","targetHints":{"allow":["GET"]}}],"collection":[{"href":"https:\/\/lemotdujour.fr\/index.php?rest_route=\/wp\/v2\/posts"}],"about":[{"href":"https:\/\/lemotdujour.fr\/index.php?rest_route=\/wp\/v2\/types\/post"}],"author":[{"embeddable":true,"href":"https:\/\/lemotdujour.fr\/index.php?rest_route=\/wp\/v2\/users\/1"}],"replies":[{"embeddable":true,"href":"https:\/\/lemotdujour.fr\/index.php?rest_route=%2Fwp%2Fv2%2Fcomments&post=7475"}],"version-history":[{"count":7,"href":"https:\/\/lemotdujour.fr\/index.php?rest_route=\/wp\/v2\/posts\/7475\/revisions"}],"predecessor-version":[{"id":16589,"href":"https:\/\/lemotdujour.fr\/index.php?rest_route=\/wp\/v2\/posts\/7475\/revisions\/16589"}],"wp:attachment":[{"href":"https:\/\/lemotdujour.fr\/index.php?rest_route=%2Fwp%2Fv2%2Fmedia&parent=7475"}],"wp:term":[{"taxonomy":"category","embeddable":true,"href":"https:\/\/lemotdujour.fr\/index.php?rest_route=%2Fwp%2Fv2%2Fcategories&post=7475"},{"taxonomy":"post_tag","embeddable":true,"href":"https:\/\/lemotdujour.fr\/index.php?rest_route=%2Fwp%2Fv2%2Ftags&post=7475"}],"curies":[{"name":"wp","href":"https:\/\/api.w.org\/{rel}","templated":true}]}}