{"id":7459,"date":"2019-11-21T00:05:48","date_gmt":"2019-11-20T23:05:48","guid":{"rendered":"http:\/\/lemotdujour.fr\/?p=7459"},"modified":"2020-06-12T19:04:08","modified_gmt":"2020-06-12T17:04:08","slug":"jeudi-21-novembre-2019","status":"publish","type":"post","link":"https:\/\/lemotdujour.fr\/?p=7459","title":{"rendered":"Jeudi 21 novembre 2019"},"content":{"rendered":"<div class=\"mdjTexte\">\u00ab Une forme de sid\u00e9ration devant la catastrophe annonc\u00e9e : On assiste \u00e0 l\u2019effondrement de l\u2019h\u00f4pital public \u00bb<\/div>\n<div class=\"mdjAuteur\">R\u00e9mi Salomon, chef de service \u00e0 l\u2019h\u00f4pital Necker<\/div>\n<p><span style=\"color: #777777; font-family: Arial;\">Le mot du jour de mardi reprenait la provocation de Jean-Louis Bourlanges&nbsp;: \u00ab<span style=\"color: #0000ff;\">&nbsp;<a style=\"color: #0000ff;\" href=\"https:\/\/lemotdujour.fr\/?p=7448\">La France est pauvre&nbsp; au regard des d\u00e9sirs de ses habitants<\/a>.\u00bb.<\/span><br \/>\n<\/span><\/p>\n<p><span style=\"color: #777777; font-family: Arial;\">J&rsquo;introduisais le sujet par l&rsquo;h\u00f4pital qui est en p\u00e9ril.<br \/>\n<\/span><\/p>\n<p><span style=\"color: #777777; font-family: Arial;\">A priori, le gouvernement a trouv\u00e9 quelque argent, puisqu&rsquo;il a annonc\u00e9, hier, que &lt;<a href=\"https:\/\/www.lemonde.fr\/politique\/article\/2019\/11\/20\/dette-des-hopitaux-l-etat-va-reprendre-10-milliards-d-euros-en-trois-ans_6019854_823448.html\"><span style=\"color: #0000ff;\">l&rsquo;Etat allait reprendre, en trois ans, 10 milliards d&rsquo;euros de la dette des h\u00f4pitaux<\/span><\/a>&gt;<br \/>\n<\/span><\/p>\n<p><span style=\"color: #777777; font-family: Arial;\">Ces 10 milliards repr\u00e9sentent un tiers de la dette des h\u00f4pitaux Le gouvernement donne, en outre, un coup de pouce au budget annuel des h\u00f4pitaux publics et de nouvelles primes aux soignants.<br \/>\n<\/span><\/p>\n<p><span style=\"color: #777777; font-family: Arial;\">Le monde explique \u00ab&nbsp;<span style=\"color: #0000ff;\"><a style=\"color: #0000ff;\" href=\"https:\/\/www.lemonde.fr\/societe\/article\/2019\/11\/20\/plan-hopital-le-gouvernement-annonce-1-5-milliard-d-euros-sur-trois-ans-et-une-reprise-d-un-tiers-de-la-dette_6019847_3224.html\">Ce que contient le plan d&rsquo;urgence pour l&rsquo;h\u00f4pital public&nbsp;<\/a><\/span>\u00bb<br \/>\n<\/span><\/p>\n<p><span style=\"color: #777777; font-family: Arial;\">Nicolas Demorand et L\u00e9a Salam\u00e9 avaient invit\u00e9 <strong>Tiphaine Morvan<\/strong>, infirmi\u00e8re \u00e0 l&rsquo;h\u00f4pital Saint-Louis, et <strong>R\u00e9mi Salomon<\/strong>, chef de service \u00e0 l&rsquo;h\u00f4pital Necker \u00e0 &lt;<a href=\"https:\/\/www.franceinter.fr\/emissions\/l-invite-de-8h20-le-grand-entretien\/l-invite-de-8h20-le-grand-entretien-13-novembre-2019\"><span style=\"color: #0000ff;\">la matinale de France Inter du 13 novembre<\/span><\/a><span style=\"color: #0000ff;\">&gt;.<\/span><br \/>\n<\/span><\/p>\n<p><span style=\"color: #777777; font-family: Arial;\">R\u00e9mi Salomon qui \u00e9taient un des signataires de la Tribune collective de Soixante-dix directeurs m\u00e9dicaux des d\u00e9partements m\u00e9dico-universitaires, publi\u00e9e par \u00ab&nbsp;<strong>Le Monde<\/strong>&nbsp;\u00bb du 13 novembre 2019&nbsp;: \u00ab <a href=\"https:\/\/www.lemonde.fr\/idees\/article\/2019\/11\/13\/au-rythme-actuel-l-hopital-public-arrivera-a-un-point-de-rupture-irreversible_6018924_3232.html\"><span style=\"color: #0000ff;\">L&rsquo;h\u00f4pital public s&rsquo;\u00e9croule et nous ne sommes plus en mesure d&rsquo;assurer nos missions<\/span><\/a> \u00bb<br \/>\n<\/span><\/p>\n<p><span style=\"color: #777777; font-family: Arial;\">La tribune revendique comme premi\u00e8re solution&nbsp;:<br \/>\n<\/span><\/p>\n<p style=\"margin-left: 28pt;\"><span style=\"color: #c00000; font-family: Arial;\">\u00ab&nbsp;Nos revendications sont les suivantes&nbsp;: r\u00e9viser \u00e0 la hausse l&rsquo;objectif national des d\u00e9penses d&rsquo;assurance-maladie \u2013 le Parlement vote actuellement son montant (premi\u00e8re lecture le 29&nbsp;octobre)&nbsp;\u00bb&nbsp;;<br \/>\n<\/span><\/p>\n<p><span style=\"color: #777777; font-family: Arial;\">R\u00e9mi Salomon r\u00e9it\u00e8re cette exigence dans l&rsquo;\u00e9mission de France Inter. Il pr\u00e9cise que le budget pr\u00e9visionnel (c&rsquo;\u00e9tait avant les annonces d&rsquo;hier) \u00e9tait en augmentation de 2%. Et il affirme que la d\u00e9pense de l&rsquo;h\u00f4pital allait augmenter de 4%.<br \/>\n<\/span><\/p>\n<p><span style=\"color: #777777; font-family: Arial;\">Parall\u00e8lement l&rsquo;inflation pr\u00e9visionnelle sur l&rsquo;ann\u00e9e se situe en 1,2% et 1,4%. J&rsquo;arr\u00eate avec les chiffres.<br \/>\n<\/span><\/p>\n<p><span style=\"color: #777777; font-family: Arial;\">Mais ce que cela dit c&rsquo;est que le budget des h\u00f4pitaux ne baisse pas, ni ne stagne. L&rsquo;augmentation d\u00e9passe l&rsquo;inflation.<br \/>\n<\/span><\/p>\n<p><span style=\"color: #777777; font-family: Arial;\">Mais il n&rsquo;augmente pas assez et R\u00e9mi Salomon revendique le double de l&rsquo;augmentation.<br \/>\n<\/span><\/p>\n<p><span style=\"color: #777777; font-family: Arial;\">Je vais citer par la suite, certaines des cons\u00e9quences de cette situation, mais avant de faire parler l&rsquo;\u00e9motion, les valeurs et les utopies, il faut revenir aux questions factuelles.<br \/>\n<\/span><\/p>\n<p><span style=\"color: #777777; font-family: Arial;\">Le co\u00fbt de la sant\u00e9 augmente dans le panier de nos d\u00e9penses.<br \/>\n<\/span><\/p>\n<p><span style=\"color: #777777; font-family: Arial;\">Ce ne sont pas les \u00ab&nbsp;autres&nbsp;\u00bb &#8211; qu&rsquo;ils soient riches, GAFA ou d&rsquo;autres encore &#8211; qui paieront cette augmentation mais \u00ab&nbsp;<strong>nous<\/strong>&nbsp;\u00bb.<br \/>\n<\/span><\/p>\n<p><span style=\"color: #777777; font-family: Arial;\">La question est de savoir si nous voulons une d\u00e9pense mutualis\u00e9e dans laquelle nous laissons augmenter les cotisations et les imp\u00f4ts pour b\u00e9n\u00e9ficier de l&rsquo;h\u00f4pital public ou si nous pr\u00e9f\u00e9rons individualiser la d\u00e9pense en la privatisant.<br \/>\n<\/span><\/p>\n<p><span style=\"color: #777777; font-family: Arial;\">En dessous d&rsquo;un certain seuil de revenus, la r\u00e9ponse est contrainte&nbsp;: sans h\u00f4pital public des soins de qualit\u00e9 ne sont tout simplement pas possible.<br \/>\n<\/span><\/p>\n<p><span style=\"color: #777777; font-family: Arial;\">Au-dessus d&rsquo;un certain seuil de revenus, la r\u00e9ponse est moins simple, des soins privatis\u00e9s permettront peut-\u00eatre plus de confort et peut \u00eatre m\u00eame de meilleure qualit\u00e9. Choisir dans ce cas la solution collective est une philosophie de vie. Et pour que cela puisse se r\u00e9aliser comme le disait Emile Durkheim que j&rsquo;ai cit\u00e9 lors du mot du jour du <a title=\"Vendredi 12 septembre 2014\" href=\"https:\/\/lemotdujour.fr\/?p=820\"><span style=\"color: #0000ff;\">Vendredi 12 septembre 2014<\/span><\/a><strong>&nbsp;:<\/strong><br \/>\n<\/span><\/p>\n<p style=\"margin-left: 28pt;\"><span style=\"color: #c00000; font-family: Arial;\">\u00ab&nbsp;Pour que les hommes se reconnaissent et se garantissent mutuellement des droits, ils faut qu&rsquo;ils s&rsquo;aiment et que pour une raison quelconque ils tiennent les uns aux autres et \u00e0 une m\u00eame soci\u00e9t\u00e9 dont ils fassent partie.&nbsp;\u00bb<\/span><\/p>\n<p><span style=\"color: #777777; font-family: Arial;\">Et si nous devons consacrer davantage de nos ressources \u00e0 notre sant\u00e9, il faut aussi se demander dans quels domaines nous pourrions consommer moins. Sauf si on revient vers des taux de croissance comme on n&rsquo;en conna\u00eet plus, mais qui ne sont pas forc\u00e9ment souhaitables par rapport \u00e0 l&rsquo;enjeu \u00e9cologique.<br \/>\n<\/span><\/p>\n<p><span style=\"color: #777777; font-family: Arial;\"> <img loading=\"lazy\" decoding=\"async\" class=\"alignnone size-full wp-image-7458\" src=\"https:\/\/lemotdujour.fr\/wp-content\/uploads\/2019\/11\/112019_2300_Jeudi21nove1.jpg\" alt=\"\" width=\"1875\" height=\"625\" srcset=\"https:\/\/lemotdujour.fr\/wp-content\/uploads\/2019\/11\/112019_2300_Jeudi21nove1.jpg 1875w, https:\/\/lemotdujour.fr\/wp-content\/uploads\/2019\/11\/112019_2300_Jeudi21nove1-300x100.jpg 300w, https:\/\/lemotdujour.fr\/wp-content\/uploads\/2019\/11\/112019_2300_Jeudi21nove1-768x256.jpg 768w, https:\/\/lemotdujour.fr\/wp-content\/uploads\/2019\/11\/112019_2300_Jeudi21nove1-1024x341.jpg 1024w\" sizes=\"auto, (max-width: 1875px) 100vw, 1875px\" \/><\/span><\/p>\n<p><span style=\"color: #777777; font-family: Arial;\">Mais sur la situation de l&rsquo;h\u00f4pital les choses apparaissent, en effet, grave. Dans la Tribune des 77 directeurs m\u00e9dicaux, on lit :<br \/>\n<\/span><\/p>\n<p style=\"margin-left: 28pt;\"><span style=\"color: #c00000; font-family: Arial;\">\u00ab&nbsp;Nous vous alertons car ce syst\u00e8me s&rsquo;\u00e9croule et nous ne sommes plus en mesure d&rsquo;assurer nos missions dans de bonnes conditions de qualit\u00e9 et de s\u00e9curit\u00e9 des soins.<br \/>\n<\/span><\/p>\n<p style=\"margin-left: 28pt;\"><span style=\"color: #c00000; font-family: Arial;\">Des centaines de lits d&rsquo;hospitalisation de m\u00e9decine et de chirurgie, des dizaines de salles d&rsquo;op\u00e9ration \u00e0 l&rsquo;h\u00f4pital public ferm\u00e9s, et chaque semaine des unit\u00e9s de soin ferment. Les cons\u00e9quences : des conditions d&rsquo;acc\u00e8s aux soins d\u00e9grad\u00e9es, la qualit\u00e9 et la s\u00e9curit\u00e9 des soins s\u00e9rieusement menac\u00e9es.<br \/>\n<\/span><\/p>\n<p style=\"margin-left: 28pt;\"><span style=\"color: #c00000; font-family: Arial;\">L&rsquo;acc\u00e8s au diagnostic et aux soins m\u00e9dicaux et chirurgicaux \u00e0 l&rsquo;h\u00f4pital public est extr\u00eamement difficile, et les \u00e9quipes soignantes d\u00e9motiv\u00e9es. Les d\u00e9lais de programmation des interventions s&rsquo;allongent, les soins urgents ne sont plus r\u00e9alis\u00e9s dans des d\u00e9lais raisonnables. Les usagers sont de plus en plus oblig\u00e9s de se tourner vers les \u00e9tablissements priv\u00e9s. Trop peu de recrutements de soignants sont en vue pour esp\u00e9rer un retour \u00e0 la normale du \u00ab syst\u00e8me sanitaire \u00bb.<br \/>\n<\/span><\/p>\n<p style=\"margin-left: 28pt;\"><span style=\"color: #c00000; font-family: Arial;\">Des centaines de postes de soignants (pourtant budg\u00e9tis\u00e9s) ne sont pas pourvus ; et, plus grave encore, des soignants quittent l&rsquo;h\u00f4pital public. Cela concerne les infirmiers dans les services m\u00e9dicaux et chirurgicaux de l&rsquo;h\u00f4pital (IDE), les infirmiers anesth\u00e9sistes, de bloc op\u00e9ratoire, les aides-soignants, les professionnels de r\u00e9\u00e9ducation dont les masseurs-kin\u00e9sith\u00e9rapeutes, les manipulateurs en radiologie, en m\u00e9decine nucl\u00e9aire et en oncologie radioth\u00e9rapie, les techniciens de laboratoire et les pr\u00e9parateurs en pharmacie. Cela concerne aussi les m\u00e9decins dont les m\u00e9decins anesth\u00e9sistes-r\u00e9animateurs, les biologistes et d&rsquo;autres cat\u00e9gories professionnelles.<br \/>\n<\/span><\/p>\n<p style=\"margin-left: 28pt;\"><span style=\"color: #c00000; font-family: Arial;\">Le r\u00e9sultat est une surcharge de travail quotidien croissante et un \u00e9puisement des soignants restants ainsi que des cadres de sant\u00e9, charg\u00e9s de g\u00e9rer au quotidien des \u00e9quipes de soignants sous tension. Pour maintenir les lits ouverts et poursuivre l&rsquo;accueil des patients, il est n\u00e9cessaire de faire appel aux soignants restants en leur demandant de r\u00e9aliser des heures de travail suppl\u00e9mentaires ou \u00e0 des personnels soignants int\u00e9rimaires ext\u00e9rieurs appel\u00e9s au fil de l&rsquo;eau pour combler les manques mais sans expertise dans les sp\u00e9cificit\u00e9s des diff\u00e9rents services. [\u2026]<br \/>\n<\/span><\/p>\n<p style=\"margin-left: 28pt;\"><span style=\"color: #c00000; font-family: Arial;\">L&rsquo;objectif national des d\u00e9penses d&rsquo;assurance-maladie (Ondam), montant pr\u00e9visionnel \u00e9tabli annuellement pour les d\u00e9penses de l&rsquo;assurance-maladie et celui en particulier consacr\u00e9 \u00e0 l&rsquo;h\u00f4pital public, est revu insuffisamment \u00e0 la hausse, ce qui aggravera la situation de l&rsquo;h\u00f4pital public et fait craindre le pire pour demain dans un contexte de vieillissement de la population et d&rsquo;augmentation de la fr\u00e9quence des maladies chroniques.<br \/>\n<\/span><\/p>\n<p style=\"margin-left: 28pt;\"><span style=\"color: #c00000; font-family: Arial;\">L&rsquo;absence d&rsquo;attractivit\u00e9 de l&rsquo;h\u00f4pital public particuli\u00e8rement est \u00e9galement le fait d&rsquo;une non-revalorisation salariale des personnels param\u00e9dicaux (en premier lieux des infirmiers) depuis plusieurs ann\u00e9es. C&rsquo;est particuli\u00e8rement vrai \u00e0 l&rsquo;AP-HP et plus largement en Ile-de-France, o\u00f9 les salaires actuels ne tiennent pas compte des co\u00fbts des loyers, de la vie, propres \u00e0 la r\u00e9gion.<br \/>\n<\/span><\/p>\n<p style=\"margin-left: 28pt;\"><span style=\"color: #c00000; font-family: Arial;\">Les chirurgiens ne peuvent plus op\u00e9rer faute d&rsquo;acc\u00e8s au bloc op\u00e9ratoire, et sont de plus en plus nombreux \u00e0 rejoindre des structures priv\u00e9es. Une disparit\u00e9 des salaires de base et du tarif des gardes (pour assurer la continuit\u00e9 de service toute l&rsquo;ann\u00e9e), de praticiens hospitaliers (PH) entre le public et le priv\u00e9 : jusqu&rsquo;\u00e0 trois fois plus dans les \u00e9tablissements priv\u00e9s. La fuite des m\u00e9decins des h\u00f4pitaux universitaires met en p\u00e9ril la formation de toute la profession et, au-del\u00e0, le niveau de la sant\u00e9 en France.&nbsp;\u00bb<br \/>\n<\/span><\/p>\n<p><span style=\"color: #777777; font-family: Arial;\">Et dans l&rsquo;\u00e9mission de France Inter, R\u00e9mi Salomon per\u00e7oit le monde m\u00e9dical dans<br \/>\n<\/span><\/p>\n<p style=\"margin-left: 28pt;\"><span style=\"color: #c00000; font-family: Arial;\"><strong>\u00ab&nbsp;Une forme de sid\u00e9ration devant la catastrophe annonc\u00e9e&nbsp;: On assiste \u00e0 l&rsquo;effondrement de l&rsquo;h\u00f4pital public&nbsp;\u00bb.<br \/>\n<\/strong><\/span><\/p>\n<p><span style=\"color: #777777; font-family: Arial;\">Avant de parler de revenus Tiphaine Morvan parle d&rsquo;un manque de moyens, surtout moyens humains pour faire face \u00e0 la charge et \u00e0 une \u00e9thique des soins qu&rsquo;elle porte en elle.<br \/>\n<\/span><\/p>\n<p><span style=\"color: #777777; font-family: Arial;\">Et donc cette tribune, comme l&rsquo;\u00e9mission nous apprennent qu&rsquo;il y a une fuite des soignants de l&rsquo;h\u00f4pital public vers le priv\u00e9.<br \/>\n<\/span><\/p>\n<p><span style=\"color: #777777; font-family: Arial;\">R\u00e9mi Salomon affirme&nbsp;:<br \/>\n<\/span><\/p>\n<p style=\"margin-left: 28pt;\"><span style=\"color: #c00000; font-family: Arial;\">\u00ab&nbsp;Si les soignants quittent l&rsquo;h\u00f4pital, ce n&rsquo;est pas de ga\u00eet\u00e9 de c\u0153ur, c&rsquo;est le dernier rempart de la R\u00e9publique [Les] soignants n&rsquo;ont m\u00eame plus le temps de rassurer, on leur demande d&rsquo;\u00eatre rentables : Il y a de la souffrance \u00e9thique&nbsp;\u00bb.<br \/>\n<\/span><\/p>\n<p><span style=\"color: #777777; font-family: Arial;\">Un autre <a href=\"https:\/\/www.lemonde.fr\/societe\/article\/2019\/11\/13\/crise-de-l-hopital-public-chaque-jour-j-ai-des-infirmieres-qui-craquent-et-qui-pleurent_6018973_3224.html\"><span style=\"color: #0000ff;\">&lt;article du monde&gt;<\/span><\/a> qui donnent la parole \u00e0 des personnels soignants relate&nbsp;:<br \/>\n<\/span><\/p>\n<p style=\"margin-left: 28pt;\"><span style=\"color: #c00000; font-family: Arial;\">\u00ab&nbsp;Certains se disent \u00ab en col\u00e8re \u00bb, d&rsquo;autres \u00ab d\u00e9sabus\u00e9s \u00bb. Tous \u00e9voquent l&rsquo;\u00e9puisement d\u00fb \u00e0 une \u00ab d\u00e9shumanisation progressive des soins \u00bb ces derni\u00e8res ann\u00e9es. \u00ab Chaque jour, j&rsquo;ai des infirmi\u00e8res qui craquent et qui pleurent \u00e0 cause de ce rythme \u00ab\u00a0\u00e0 la cha\u00eene\u00a0\u00bb que je leur impose malgr\u00e9 moi. Chaque jour, je ne sais pas comment la journ\u00e9e va se finir \u00bb, t\u00e9moigne une cadre de sant\u00e9 d&rsquo;un centre de lutte contre le cancer. \u00ab \u00c7a fait deux ou trois ans que c&rsquo;est vraiment raide, \u00e0 se dire \u00ab\u00a0je vais aller faire caissi\u00e8re\u00a0\u00bb \u00bb, assure une infirmi\u00e8re.&nbsp;\u00bb<br \/>\n<\/span><\/p>\n<p><span style=\"color: #777777; font-family: Arial;\">C&rsquo;est encore une question de priorit\u00e9 qui se pose ici.<br \/>\n<\/span><\/p>\n<p><span style=\"color: #777777; font-family: Arial;\">Il faut certainement remettre de l&rsquo;humain dans tout cela, en nombre et en qualit\u00e9.<br \/>\n<\/span><\/p>\n<p><span style=\"color: #777777; font-family: Arial;\">Pour ce faire il faut s\u00fbrement un meilleur partage de la charge selon les moyens des citoyens, mais probablement aussi une autre r\u00e9partition de nos d\u00e9penses individuelles.<br \/>\n<\/span><\/p>\n<p><span style=\"color: #777777; font-family: Arial;\">Et je finirai ce mot, comme celui de mardi&nbsp;: si nous entrons dans ce d\u00e9bat avec l&rsquo;esprit d&rsquo;un consommateur et non d&rsquo;un citoyen, il n&rsquo;y a aucune chance que les solutions collectives l&#8217;emportent.<br \/>\n<\/span><\/p>\n<p><span style=\"color: #777777; font-family: Arial;\">&lt;<span style=\"color: maroon;\">1312&gt;<\/span><\/span><\/p>\n","protected":false},"excerpt":{"rendered":"<p>\u00ab Une forme de sid\u00e9ration devant la catastrophe annonc\u00e9e : On assiste \u00e0 l\u2019effondrement de l\u2019h\u00f4pital public \u00bb R\u00e9mi Salomon, chef de service \u00e0 l\u2019h\u00f4pital Necker Le mot du jour de mardi reprenait la provocation de Jean-Louis Bourlanges&nbsp;: \u00ab&nbsp;La France<\/p>\n","protected":false},"author":1,"featured_media":0,"comment_status":"open","ping_status":"closed","sticky":false,"template":"","format":"standard","meta":{"footnotes":""},"categories":[1],"tags":[10,15,13],"class_list":["post-7459","post","type-post","status-publish","format-standard","hentry","category-motdujour","tag-economie","tag-france","tag-sante"],"_links":{"self":[{"href":"https:\/\/lemotdujour.fr\/index.php?rest_route=\/wp\/v2\/posts\/7459","targetHints":{"allow":["GET"]}}],"collection":[{"href":"https:\/\/lemotdujour.fr\/index.php?rest_route=\/wp\/v2\/posts"}],"about":[{"href":"https:\/\/lemotdujour.fr\/index.php?rest_route=\/wp\/v2\/types\/post"}],"author":[{"embeddable":true,"href":"https:\/\/lemotdujour.fr\/index.php?rest_route=\/wp\/v2\/users\/1"}],"replies":[{"embeddable":true,"href":"https:\/\/lemotdujour.fr\/index.php?rest_route=%2Fwp%2Fv2%2Fcomments&post=7459"}],"version-history":[{"count":4,"href":"https:\/\/lemotdujour.fr\/index.php?rest_route=\/wp\/v2\/posts\/7459\/revisions"}],"predecessor-version":[{"id":9222,"href":"https:\/\/lemotdujour.fr\/index.php?rest_route=\/wp\/v2\/posts\/7459\/revisions\/9222"}],"wp:attachment":[{"href":"https:\/\/lemotdujour.fr\/index.php?rest_route=%2Fwp%2Fv2%2Fmedia&parent=7459"}],"wp:term":[{"taxonomy":"category","embeddable":true,"href":"https:\/\/lemotdujour.fr\/index.php?rest_route=%2Fwp%2Fv2%2Fcategories&post=7459"},{"taxonomy":"post_tag","embeddable":true,"href":"https:\/\/lemotdujour.fr\/index.php?rest_route=%2Fwp%2Fv2%2Ftags&post=7459"}],"curies":[{"name":"wp","href":"https:\/\/api.w.org\/{rel}","templated":true}]}}