{"id":7448,"date":"2019-11-19T01:19:41","date_gmt":"2019-11-19T00:19:41","guid":{"rendered":"http:\/\/lemotdujour.fr\/?p=7448"},"modified":"2020-06-12T19:04:56","modified_gmt":"2020-06-12T17:04:56","slug":"mardi-19-novembre-2019","status":"publish","type":"post","link":"https:\/\/lemotdujour.fr\/?p=7448","title":{"rendered":"Mardi 19 novembre 2019"},"content":{"rendered":"<div class=\"mdjTexte\">\u00ab La France est un pays pauvre, en tous cas au regard des d\u00e9sirs de ses habitants. \u00bb<\/div>\n<div class=\"mdjAuteur\">Jean-Louis Bourlanges dans le Nouvel Esprit Public du 20\/10\/2019<\/div>\n<p><span style=\"color: #777777; font-family: Arial;\">L&rsquo;h\u00f4pital public est en p\u00e9ril. C&rsquo;est ce que disent de plus en plus de professionnels. Et nous qui sommes utilisateurs, nous constatons en effet qu&rsquo;il y a un probl\u00e8me non seulement dans l&rsquo;h\u00f4pital Public mais aussi dans la m\u00e9decine de ville.<br \/>\n<\/span><\/p>\n<p><span style=\"color: #777777; font-family: Arial;\">La sant\u00e9 en France manque d&rsquo;argent.<br \/>\n<\/span><\/p>\n<p><span style=\"color: #777777; font-family: Arial;\">L&rsquo;\u00e9ducation nationale, on peut se tourner vers l&rsquo;\u00e9tat des locaux des Universit\u00e9s, on peut aussi constater que les professeurs fran\u00e7ais sont nettement moins r\u00e9mun\u00e9r\u00e9s que dans les autres pays analogues \u00e0 la France. L&rsquo;\u00c9ducation nationale manque d&rsquo;argent en France.<br \/>\n<\/span><\/p>\n<p><span style=\"color: #777777; font-family: Arial;\">L&rsquo;\u00e9tat des prisons en France devrait \u00eatre pour chacun une honte nationale. Les prisons fran\u00e7aises manquent d&rsquo;argent. Plus globalement la justice manque de moyens.<br \/>\n<\/span><\/p>\n<p><span style=\"color: #777777; font-family: Arial;\">On peut aussi parler de la police.<br \/>\n<\/span><\/p>\n<p><span style=\"color: #777777; font-family: Arial;\">La mani\u00e8re dont nous accueillons les immigr\u00e9s est indigne.<br \/>\n<\/span><\/p>\n<p><span style=\"color: #777777; font-family: Arial;\">L\u2019\u00c9tat n&rsquo;a quasiment plus les moyens d&rsquo;acheter ou de louer des locaux pour ses services au centre des m\u00e9tropoles, c&rsquo;est trop cher.<br \/>\n<\/span><\/p>\n<p><span style=\"color: #777777; font-family: Arial;\">Il n&rsquo;a, en parall\u00e8le, pas les moyens non plus de conserver des services publics dans les territoires.<br \/>\n<\/span><\/p>\n<p><span style=\"color: #777777; font-family: Arial;\">Il semble tr\u00e8s difficile d&rsquo;augmenter les retraites. Et la d\u00e9fense nationale ? Nous avons \u00e9t\u00e9 humili\u00e9s par Erdogan, comme en Syrie lorsque Obama a l\u00e2ch\u00e9 la France, nous \u00e9tions d\u00e9munis. Dans le monde qui est et qui vient une parole sans une arm\u00e9e cons\u00e9quente pour la cr\u00e9dibiliser n&rsquo;aura aucune port\u00e9e. La d\u00e9fense fran\u00e7aise manque d&rsquo;argent. <\/span><\/p>\n<p><span style=\"color: #777777; font-family: Arial;\">Toutes ces d\u00e9penses n\u00e9cessitent l&rsquo;appel \u00e0 l&rsquo;imp\u00f4t et aux cotisations sociales.<br \/>\n<\/span><\/p>\n<p><span style=\"color: #777777; font-family: Arial;\">Mais parall\u00e8lement, les fran\u00e7ais souhaitent voir augmenter leur pouvoir d&rsquo;achat. Pour r\u00e9pondre \u00e0 ce souhait le gouvernement a d\u00e9cid\u00e9 de diminuer les imp\u00f4ts. Donc \u00e0 diminuer encore davantage ses ressources. Souvent une baisse des cotisations est pr\u00e9conis\u00e9e pour r\u00e9soudre des probl\u00e8mes d&#8217;emploi ou autres. Ce type de solution a pour objet d&rsquo;augmenter les ressources individuelles au d\u00e9triment des ressources collectives et partag\u00e9es. Celles qui permettent de financer ce que nous n&rsquo;arrivons plus \u00e0 financer et que j&rsquo;ai \u00e9num\u00e9r\u00e9 ci-avant.<br \/>\n<\/span><\/p>\n<p><span style=\"color: #777777; font-family: Arial;\">Bien s\u00fbr, pour certains la solution est simple. Il suffit d&rsquo;augmenter substantiellement l&rsquo;imp\u00f4t et les cotisations pour les plus riches et lutter contre la fraude fiscale.<br \/>\n<\/span><\/p>\n<p><span style=\"color: #777777; font-family: Arial;\">Sur le premier point, la France ne peut pas le faire massivement tout seul dans un monde globalis\u00e9.<br \/>\n<\/span><\/p>\n<p><span style=\"color: #777777; font-family: Arial;\">Concernant le second point, c&rsquo;est certes une piste. Cela permettrait, en effet, d&rsquo;am\u00e9liorer un peu la situation. <\/span><span style=\"color: #777777; font-family: Arial;\">Mais croyez-vous s\u00e9rieusement que m\u00eame une lutte aboutie contre la fraude fiscale permettrait de r\u00e9pondre \u00e0 tous les enjeux que j&rsquo;ai \u00e9voqu\u00e9 ci-dessus&nbsp;?<br \/>\n<\/span><\/p>\n<p><span style=\"color: #777777; font-family: Arial;\">Pour ma part je ne le crois pas.<br \/>\n<\/span><\/p>\n<p><span style=\"color: #777777; font-family: Arial;\">Et j&rsquo;ai trouv\u00e9 le constat que Jean-Louis Bourlanges avait \u00e9nonc\u00e9 lors de l&rsquo;\u00e9mission du Nouvel Esprit Public du 20\/10\/2019 et qui avait pour sujet&nbsp;: \u00ab&nbsp;<a href=\"https:\/\/www.lenouvelespritpublic.fr\/podcasts\/177\"><span style=\"color: #0000ff;\">Radicalisation des rapports sociaux<\/span>&nbsp;<\/a>\u00bb assez d\u00e9sesp\u00e9rant et pourtant v\u00e9ridique&nbsp;: \u00ab&nbsp;<strong>La France est un pays pauvre, en tous cas au regard des d\u00e9sirs de ses habitants.&nbsp;\u00bb<br \/>\n<\/strong><\/span><\/p>\n<p><span style=\"color: #777777; font-family: Arial;\">Pour remettre ces propos dans leur contexte Jean-Louis Bourlanges a dit&nbsp;:<br \/>\n<\/span><\/p>\n<p style=\"margin-left: 28pt;\"><span style=\"color: #c00000; font-family: Arial;\">\u00ab&nbsp;Il est tr\u00e8s difficile de ne pas sch\u00e9matiser ou caricaturer dans un d\u00e9bat d&rsquo;une telle ampleur. Sur la question des in\u00e9galit\u00e9s, elles sont ind\u00e9niables et tr\u00e8s profondes, mais je ne pense pas qu&rsquo;elles soient la cause d\u00e9terminante des violences. D&rsquo;abord parce qu&rsquo;il n&rsquo;est pas vrai qu&rsquo;elles se sont aggrav\u00e9es ces derni\u00e8res ann\u00e9es, comme en attestent le taux de d\u00e9pense publique et le nombre de fonctionnaires. En revanche, elles sont de plus en plus mal ressenties, et c&rsquo;est tout \u00e0 fait compr\u00e9hensible, Mathias Fekl a tr\u00e8s bien d\u00e9crit les gal\u00e8res de certains. Pourquoi passe-t-on d&rsquo;une situation d&rsquo;in\u00e9galit\u00e9 accept\u00e9e \u00e0 une situation d&rsquo;in\u00e9galit\u00e9 refus\u00e9e ? C&rsquo;est cela qu&rsquo;il s&rsquo;agit de comprendre.<br \/>\n<\/span><\/p>\n<p style=\"margin-left: 28pt;\"><span style=\"color: #c00000; font-family: Arial;\">La France est un pays pauvre, en tous cas au regard des d\u00e9sirs de ses habitants. Le Produit Int\u00e9rieur fran\u00e7ais ne permet pas de donner davantage. Le pr\u00e9sident a distribu\u00e9 quelques milliards, sans qu&rsquo;on sache o\u00f9 il va les trouver. C&rsquo;est un jeu dans lequel les marges de man\u0153uvre sont tr\u00e8s limit\u00e9es. Tant que nous ne d\u00e9velopperons pas de la croissance, on aura du mal. Sans compter que la croissance elle-m\u00eame pose les probl\u00e8mes \u00e9cologiques que l&rsquo;on sait.&nbsp;\u00bb<br \/>\n<\/span><\/p>\n<p><span style=\"color: #777777; font-family: Arial;\">La solution serait en effet dans une croissance du niveau de l&rsquo;apr\u00e8s-guerre. Mais nous savons qu&rsquo;une telle croissance n&rsquo;a plus vocation \u00e0 revenir. Et qu&rsquo;en outre, les contraintes de l&rsquo;\u00e9cologie ne la rendent m\u00eame pas souhaitable.<br \/>\n<\/span><\/p>\n<p><span style=\"color: #777777; font-family: Arial;\">Ce qui ne signifie pas qu&rsquo;il ne faut rien faire.<br \/>\n<\/span><\/p>\n<p><span style=\"color: #777777; font-family: Arial;\">Mais jusqu&rsquo;\u00e0 pr\u00e9sent nous sommes toujours parti de ce constat que la France \u00e9tait riche et donc que tout \u00e9tait possible.<br \/>\n<\/span><\/p>\n<p><span style=\"color: #777777; font-family: Arial;\">Mais ce n&rsquo;est pas vrai.<br \/>\n<\/span><\/p>\n<p><span style=\"color: #777777; font-family: Arial;\">Il faut donc choisir les priorit\u00e9s et avoir conscience des enjeux collectifs avant d&rsquo;aborder les revendications individualistes. Y sommes nous pr\u00eats ? Il est vrai que la conscience des in\u00e9galit\u00e9s, qui sont pourtant moindre en France, n&rsquo;aident pas \u00e0 l&rsquo;acceptation, par le plus grand nombre, de discussions sur les situations acquises. Mais si nous entrons dans ce d\u00e9bat avec l&rsquo;esprit d&rsquo;un consommateur et non d&rsquo;un citoyen, il n&rsquo;y a aucune chance que les solutions collectives l&#8217;emportent.<br \/>\n<\/span><\/p>\n<p><span style=\"color: #800000;\">&lt;1310&gt;<\/span><\/p>\n","protected":false},"excerpt":{"rendered":"<p>\u00ab La France est un pays pauvre, en tous cas au regard des d\u00e9sirs de ses habitants. \u00bb Jean-Louis Bourlanges dans le Nouvel Esprit Public du 20\/10\/2019 L&rsquo;h\u00f4pital public est en p\u00e9ril. C&rsquo;est ce que disent de plus en plus<\/p>\n","protected":false},"author":1,"featured_media":0,"comment_status":"open","ping_status":"closed","sticky":false,"template":"","format":"standard","meta":{"footnotes":""},"categories":[1],"tags":[10,15,3],"class_list":["post-7448","post","type-post","status-publish","format-standard","hentry","category-motdujour","tag-economie","tag-france","tag-politique"],"_links":{"self":[{"href":"https:\/\/lemotdujour.fr\/index.php?rest_route=\/wp\/v2\/posts\/7448","targetHints":{"allow":["GET"]}}],"collection":[{"href":"https:\/\/lemotdujour.fr\/index.php?rest_route=\/wp\/v2\/posts"}],"about":[{"href":"https:\/\/lemotdujour.fr\/index.php?rest_route=\/wp\/v2\/types\/post"}],"author":[{"embeddable":true,"href":"https:\/\/lemotdujour.fr\/index.php?rest_route=\/wp\/v2\/users\/1"}],"replies":[{"embeddable":true,"href":"https:\/\/lemotdujour.fr\/index.php?rest_route=%2Fwp%2Fv2%2Fcomments&post=7448"}],"version-history":[{"count":10,"href":"https:\/\/lemotdujour.fr\/index.php?rest_route=\/wp\/v2\/posts\/7448\/revisions"}],"predecessor-version":[{"id":9223,"href":"https:\/\/lemotdujour.fr\/index.php?rest_route=\/wp\/v2\/posts\/7448\/revisions\/9223"}],"wp:attachment":[{"href":"https:\/\/lemotdujour.fr\/index.php?rest_route=%2Fwp%2Fv2%2Fmedia&parent=7448"}],"wp:term":[{"taxonomy":"category","embeddable":true,"href":"https:\/\/lemotdujour.fr\/index.php?rest_route=%2Fwp%2Fv2%2Fcategories&post=7448"},{"taxonomy":"post_tag","embeddable":true,"href":"https:\/\/lemotdujour.fr\/index.php?rest_route=%2Fwp%2Fv2%2Ftags&post=7448"}],"curies":[{"name":"wp","href":"https:\/\/api.w.org\/{rel}","templated":true}]}}