{"id":7443,"date":"2019-11-18T02:23:30","date_gmt":"2019-11-18T01:23:30","guid":{"rendered":"http:\/\/lemotdujour.fr\/?p=7443"},"modified":"2020-06-12T19:05:36","modified_gmt":"2020-06-12T17:05:36","slug":"lundi-18-novembre-2019","status":"publish","type":"post","link":"https:\/\/lemotdujour.fr\/?p=7443","title":{"rendered":"Lundi 18 novembre 2019"},"content":{"rendered":"<div class=\"mdjTexte\">\u00ab 6 d\u00e9cembre 1989, Ecole polytechnique de Montr\u00e9al : Premier f\u00e9minicide de masse revendiqu\u00e9 \u00bb<\/div>\n<div class=\"mdjAuteur\">H\u00e9l\u00e8ne Jouan, dans un article du monde rappelle ce massacre et le d\u00e9ni qui s\u2019en suivit<\/div>\n<p><span style=\"color: #777777; font-family: Arial;\">Le mardi 12 novembre 2019, \u00e0 Montfermeil, Aminata a \u00e9t\u00e9 tu\u00e9e de nombreux coup de poignards par la main de son mari.<br \/>\n<\/span><\/p>\n<p><span style=\"color: #777777; font-family: Arial;\">Il s&rsquo;agit du 133e f\u00e9minicide de l&rsquo;ann\u00e9e 2019 en France. <\/span><span style=\"color: #0000ff;\"><a style=\"color: #0000ff;\" href=\"http:\/\/www.leparisien.fr\/seine-saint-denis-93\/montfermeil-une-femme-tuee-par-son-compagnon-13-11-2019-8191860.php\"><span style=\"font-family: Arial;\">Il a \u00e9t\u00e9 perp\u00e9tr\u00e9 en pr\u00e9sence des deux fillettes<\/span><\/a><\/span><span style=\"color: #777777; font-family: Arial;\"> du couple qui en criant se sont r\u00e9fugi\u00e9es chez des voisins et ont alert\u00e9 sur le drame en cours.<br \/>\n<\/span><\/p>\n<p><span style=\"color: #777777; font-family: Arial;\">Aminata s&rsquo;est d\u00e9fendue et a bless\u00e9 son meurtrier qui est mort plus tard, \u00e0 l&rsquo;h\u00f4pital.<br \/>\n<\/span><\/p>\n<p><span style=\"color: #777777; font-family: Arial;\">Aminata et son meurtrier \u00e9taient originaires du Mali.<br \/>\n<\/span><\/p>\n<p><span style=\"color: #777777; font-family: Arial;\">Mais ce dernier \u00e9l\u00e9ment est un d\u00e9tail sans importance.<br \/>\n<\/span><\/p>\n<p><span style=\"color: #777777; font-family: Arial;\">La violence faite aux femmes, particuli\u00e8rement dans le cercle intime, existe dans tous les pays du monde, chez des m\u00e2les de l&rsquo;esp\u00e8ce homo sapiens de toute origine.<br \/>\n<\/span><\/p>\n<p><span style=\"color: #777777; font-family: Arial;\">Avant qu&rsquo;on ne mette le mot \u00ab&nbsp;f\u00e9minicide&nbsp;\u00bb sur de tels actes, on parlait de \u00ab&nbsp;drame de la jalousie&nbsp;\u00bb, de \u00ab&nbsp;crime passionnel&nbsp;\u00bb.<br \/>\n<\/span><\/p>\n<p><span style=\"color: #777777; font-family: Arial;\">\u00ab&nbsp;<strong>Mal nommer un objet, c&rsquo;est ajouter au malheur de ce monde<\/strong>&nbsp;\u00bb \u00e9crivait Camus.<br \/>\n<\/span><\/p>\n<p><span style=\"color: #777777; font-family: Arial;\">D&rsquo;autant que nommer ces crimes de cette mani\u00e8re conduisait toujours \u00e0 accorder des circonstances att\u00e9nuantes au meurtrier.<br \/>\n<\/span><\/p>\n<p><span style=\"color: #777777; font-family: Arial;\">Un \u00ab&nbsp;f\u00e9minicide&nbsp;\u00bb, c&rsquo;est un homme qui tue une femme parce qu&rsquo;il croit qu&rsquo;elle lui appartient ou qu&rsquo;elle est responsable de ses probl\u00e8mes.<br \/>\n<\/span><\/p>\n<p><span style=\"color: #777777; font-family: Arial;\">Le f\u00e9minicide a \u00e9t\u00e9 longtemps l&rsquo;objet d&rsquo;un d\u00e9ni.<br \/>\n<\/span><\/p>\n<p><span style=\"color: #777777; font-family: Arial;\">Et c&rsquo;est en \u00e9coutant<span style=\"color: #0000ff;\"> <a style=\"color: #0000ff;\" href=\"https:\/\/www.franceinter.fr\/emissions\/la-revue-de-presse-du-week-end\/la-revue-de-presse-du-week-end-17-novembre-2019\">la revue de presse de Fr\u00e9d\u00e9ric Pommier de ce dimanche<\/a><\/span> que j&rsquo;ai appris l&rsquo;histoire d&rsquo;un autre d\u00e9ni de f\u00e9minicide qui s&rsquo;est pass\u00e9 il y a 30 ans.<br \/>\n<\/span><\/p>\n<p><span style=\"color: #777777; font-family: Arial;\">C&rsquo;\u00e9tait au sein de l\u2019\u00c9cole polytechnique de Montr\u00e9al, \u00e9cole dans laquelle mon fils a pass\u00e9 une partie de ses \u00e9tudes d&rsquo;ing\u00e9nieur.<br \/>\n<\/span><\/p>\n<p><span style=\"color: #777777; font-family: Arial;\">Je savais certes qu&rsquo;il y avait eu un massacre d&rsquo;\u00e9tudiants, comme il en existe en Am\u00e9rique du nord mais plus souvent aux \u00c9tats-Unis qu&rsquo;au Canada.<br \/>\n<\/span><\/p>\n<p><span style=\"color: #777777; font-family: Arial;\">C&rsquo;\u00e9tait le r\u00e9cit d&rsquo;un de ces massacres; mais je ne savais pas qu&rsquo;il s&rsquo;agissait d&rsquo;un d\u00e9ni de f\u00e9minicide.<br \/>\n<\/span><\/p>\n<p><span style=\"color: #777777; font-family: Arial;\">Fr\u00e9d\u00e9ric Pommier citait un article d&rsquo;H\u00e9l\u00e8ne Jouan publi\u00e9 par &lt;<span style=\"color: #0000ff;\"><a style=\"color: #0000ff;\" href=\"https:\/\/www.lemonde.fr\/m-le-mag\/article\/2019\/11\/15\/il-y-a-trente-ans-a-montreal-le-premier-feminicide-de-masse_6019295_4500055.html\">Le Monde du 15 novembre 2019<\/a>&gt;<\/span><br \/>\n<\/span><\/p>\n<p><span style=\"color: #777777; font-family: Arial;\">Voici d&rsquo;abord les faits racont\u00e9s par H\u00e9l\u00e8ne Jouan&nbsp;:<br \/>\n<\/span><\/p>\n<p style=\"margin-left: 28pt;\"><span style=\"color: #c00000; font-family: Arial;\"> \u00ab Les filles \u00e0 gauche, les gar\u00e7ons \u00e0 droite. \u00bb L&rsquo;homme tire une premi\u00e8re fois au plafond. [\u2026] Derniers cours de l&rsquo;ann\u00e9e avant les examens, puis ce sera les vacances de No\u00ebl. Bient\u00f4t, les \u00e9tudiants chercheront leur premier job d&rsquo;ing\u00e9nieur pour construire routes, barrages et centrales du pays. [\u2026]<br \/>\n<\/span><\/p>\n<p style=\"margin-left: 28pt;\"><span style=\"color: #c00000; font-family: Arial;\">Au deuxi\u00e8me \u00e9tage du b\u00e2timent, dans la salle C-230.4, un homme vient d&rsquo;entrer. Les deux mains agripp\u00e9es \u00e0 un fusil. Personne ne saisit qui est ce jeune homme au look de chasseur, casquette militaire sur la t\u00eate [\u2026] Le professeur lui demande de sortir. L&rsquo;homme s&rsquo;\u00e9nerve : \u00ab Les filles, au fond de la classe ! Les gars, sortez ! \u00bb Nouveaux tirs de sommation. Un \u00e0 un, les gar\u00e7ons et leurs deux professeurs quittent la pi\u00e8ce, [\u2026]<br \/>\n<\/span><\/p>\n<p style=\"margin-left: 28pt;\"><span style=\"color: #c00000; font-family: Arial;\">Il reste neuf filles dans un coin de la salle. Neuf filles sur cinquante \u00e9tudiants.<br \/>\n<\/span><\/p>\n<p style=\"margin-left: 28pt;\"><span style=\"color: #c00000; font-family: Arial;\">\u00ab Savez-vous pourquoi vous \u00eates-l\u00e0 ? \u00bb, leur demande l&rsquo;homme. \u00ab Non \u00bb, ose l&rsquo;une d&rsquo;elles. \u00ab Vous \u00eates toutes des f\u00e9ministes et je hais les f\u00e9ministes \u00bb, r\u00e9plique-t-il. \u00ab On n&rsquo;est pas des f\u00e9ministes \u00bb, r\u00e9torque [L&rsquo;une d&rsquo;entre elles]<br \/>\n<\/span><\/p>\n<p style=\"margin-left: 28pt;\"><span style=\"color: #c00000; font-family: Arial;\">Qu&rsquo;importe, l&rsquo;homme ne la laisse pas finir. Il tire. Rafales de bas en haut, puis de gauche \u00e0 droite. Neuf corps qui virevoltent et tombent. Des femmes au peloton d&rsquo;ex\u00e9cution. Six d&rsquo;entre elles meurent sur le coup, quelques-unes leurs mains entrelac\u00e9es. [\u2026]<br \/>\n<\/span><\/p>\n<p style=\"margin-left: 28pt;\"><span style=\"color: #c00000; font-family: Arial;\">L&rsquo;homme quitte la salle de cours. Il emprunte l&rsquo;Escalator, parcourt les \u00e9tages. La jeune Genevi\u00e8ve Bergeron, 21 ans, le voit recharger son fusil automatique, elle s&rsquo;enfuit vers la caf\u00e9t\u00e9ria, se cache derri\u00e8re de hautes caisses au fond de la salle. L&rsquo;homme rep\u00e8re la jeune femme blonde, s&rsquo;approche, tire \u00e0 bout portant. Corridors, salles de cours. Debout sur les tables, il cible les jeunes filles qui tentent de s&rsquo;abriter sous les chaises, abat \u00e0 travers une porte vitr\u00e9e une femme barricad\u00e9e dans son bureau. [\u2026]<br \/>\n<\/span><\/p>\n<p style=\"margin-left: 28pt;\"><span style=\"color: #c00000; font-family: Arial;\">Il entend une \u00e9tudiante bless\u00e9e appeler \u00e0 l&rsquo;aide, revient sur ses pas, sort un couteau et la poignarde de trois coups en plein c\u0153ur.<br \/>\n<\/span><\/p>\n<p style=\"margin-left: 28pt;\"><span style=\"color: #c00000; font-family: Arial;\">[\u2026] Le tueur [\u2026] s&rsquo;assied [\u2026] place le fusil entre ses jambes, canon cal\u00e9 sous le menton, et appuie sur la d\u00e9tente. Marc L\u00e9pine, 25 ans, est mort, il a tu\u00e9 quatorze femmes, a bless\u00e9 quatorze autres \u00e9tudiants, dont dix \u00e9tudiantes. [\u2026]<br \/>\n<\/span><\/p>\n<p style=\"margin-left: 28pt;\"><span style=\"color: #c00000; font-family: Arial;\">la lettre trouv\u00e9e sur sa d\u00e9pouille par les policiers entr\u00e9s dans l&rsquo;\u00e9cole ne souffre d&rsquo;aucune \u00e9quivoque : \u00ab Veillez noter que si je me suicide aujourd&rsquo;hui (\u2026) c&rsquo;est bien pour des raisons politiques. Car j&rsquo;ai d\u00e9cid\u00e9 d&rsquo;envoyer ad patres les f\u00e9ministes qui m&rsquo;ont toujours g\u00e2ch\u00e9 la vie (\u2026) J&rsquo;ai d\u00e9cid\u00e9 de mettre les b\u00e2tons dans les roues \u00e0 ces viragos. M\u00eame si l&rsquo;\u00e9pith\u00e8te \u00ab\u00a0tireur fou\u00a0\u00bb va m&rsquo;\u00eatre attribu\u00e9 dans les m\u00e9dias, je me consid\u00e8re comme un \u00e9rudit rationnel (\u2026) Les f\u00e9ministes ont toujours eu le don de me faire rager. Elles veulent conserver les avantages des femmes (\u2026) tout en s&rsquo;accaparant de ceux des hommes. \u00bb&nbsp;\u00bb<br \/>\n<\/span><\/p>\n<p><span style=\"color: #777777; font-family: Arial;\">Voil\u00e0 les faits. Il s&rsquo;agit d&rsquo;un f\u00e9minicide de masse revendiqu\u00e9.<br \/>\n<\/span><\/p>\n<p><span style=\"color: #777777; font-family: Arial;\">Mais ce ne sont pas ces mots qui vont \u00eatre utilis\u00e9s. On va m\u00eame cacher le fait qu&rsquo;il ne s&rsquo;agit que de femmes.<br \/>\n<\/span><\/p>\n<p><span style=\"color: #777777; font-family: Arial;\">Ce type de d\u00e9ni porte un nom&nbsp;: l&rsquo;<strong>\u00ab Invisibilisation<\/strong> \u00bb. Ce fut l&rsquo;objet <a href=\"https:\/\/lemotdujour.fr\/?p=1370\">d<span style=\"color: #0000ff;\">u mot du jour du 20 juin 2016<\/span><\/a> dans lequel ce substantif \u00e9tait d\u00e9fini de la mani\u00e8re suivante&nbsp;: \u00ab&nbsp;<strong>pour exprimer le fait de rendre invisible une r\u00e9alit\u00e9<\/strong>&nbsp;\u00bb.<br \/>\n<\/span><\/p>\n<p><span style=\"color: #777777; font-family: Arial;\">Lors de ce mot du jour de 2016, il s&rsquo;agissait de nommer la tuerie d&rsquo;Orlando o\u00f9 un criminel se r\u00e9clamant de DAESH a massacr\u00e9 des homosexuels !<br \/>\n<\/span><\/p>\n<p><span style=\"color: #777777; font-family: Arial;\">Les journalistes fran\u00e7ais avaient aussi parl\u00e9 d&rsquo;un massacre dans une boite de nuit, sans pr\u00e9ciser qu&rsquo;il s&rsquo;agissait d&rsquo;une boite gay. C&rsquo;\u00e9tait un meurtre homophobe.<br \/>\n<\/span><\/p>\n<p><span style=\"color: #777777; font-family: Arial;\">Mais revenons \u00e0 l&rsquo;\u00e9v\u00e8nement de 1989 \u00e0 Montr\u00e9al et \u00e0 l&rsquo;histoire du <strong>d\u00e9ni.<\/strong><br \/>\n<\/span><\/p>\n<p style=\"margin-left: 28pt;\"><span style=\"color: #c00000; font-family: Arial;\">\u00ab&nbsp;Mais \u00e0 17 h 28 ou 29, ce 6 d\u00e9cembre, commence \u00e0 s&rsquo;\u00e9crire un curieux sc\u00e9nario qui va subrepticement conduire \u00e0 taire, \u00e0 nier puis \u00e0 d\u00e9naturer, pendant des ann\u00e9es, le crime commis. [\u2026]<br \/>\n<\/span><\/p>\n<p style=\"margin-left: 28pt;\"><span style=\"color: #c00000; font-family: Arial;\">La police refuse de publier la lettre de revendication de Marc L\u00e9pine, [\u2026] mais elle diffuse d\u00e8s le lendemain une \u00ab annexe \u00bb jointe \u00e0 cette lettre, une liste de dix-neuf noms de femmes. Des journalistes, une vedette de la t\u00e9l\u00e9, une syndicaliste, des femmes politiques, des polici\u00e8res\u2026 Avec cette annotation : \u00ab Ont toutes failli dispara\u00eetre aujourd&rsquo;hui. Le manque de temps (car je m&rsquo;y suis mis trop tard) a permis que ces f\u00e9ministes radicales survives\u00bb.<br \/>\n<\/span><\/p>\n<p><span style=\"color: #777777; font-family: Arial;\">Francine Pelletier, chroniqueuse dans un grand quotidien national, apprend en regardant la t\u00e9l\u00e9 qu&rsquo;elle est \u00ab l&rsquo;une de ces femmes \u00e0 abattre \u00bb. Elle a cette analyse&nbsp;:<br \/>\n<\/span><\/p>\n<p style=\"margin-left: 28pt;\"><span style=\"color: #c00000; font-family: Arial;\"> \u00ab Pour moi, il y a eu deux trag\u00e9dies ce jour-l\u00e0. La premi\u00e8re, c&rsquo;est l&rsquo;assassinat de ces quatorze jeunes filles, tu\u00e9es parce qu&rsquo;elles occupaient leur place de femmes. La deuxi\u00e8me trag\u00e9die, c&rsquo;est ce qu&rsquo;on a v\u00e9cu apr\u00e8s, le d\u00e9ni. \u00bb<br \/>\n<\/span><\/p>\n<p><span style=\"color: #777777; font-family: Arial;\">Au lendemain du drame, l&rsquo;\u00e9ditorial du journal de Qu\u00e9bec Le Soleil s&rsquo;intitule \u00ab <span style=\"color: #c00000;\">Une tuerie inexpliqu\u00e9e<span style=\"color: #777777;\"> \u00bb. \u00ab \u00ab\u00a0<span style=\"color: #c00000;\">Je hais les f\u00e9ministes\u00a0\u00bb, a lanc\u00e9 le tueur fou avant de tuer et de blesser les femmes. Cela ne prouve rien <span style=\"color: #777777;\">\u00bb, affirme le journaliste.<br \/>\n<\/span><\/span><\/span><\/span><\/span><\/p>\n<p><span style=\"color: #777777; font-family: Arial;\">Le jour des fun\u00e9railles nationales, organis\u00e9es \u00e0 Montr\u00e9al dans la basilique Notre-Dame, le directeur du Cegep (un \u00e9tablissement scolaire postbac) de la vieille ville dans lequel Marc L\u00e9pine a suivi une partie de sa scolarit\u00e9, appelle ses \u00e9l\u00e8ves \u00e0 r\u00e9fl\u00e9chir<br \/>\n<\/span><\/p>\n<p style=\"margin-left: 28pt;\"><span style=\"color: #c00000; font-family: Arial;\">\u00ab au geste de d\u00e9sespoir qui vient d&rsquo;\u00eatre commis. Puissions-nous sensibiliser \u00e0 l&rsquo;importance de combattre l&rsquo;isolement des personnes dans notre soci\u00e9t\u00e9 \u00bb.<br \/>\n<\/span><\/p>\n<p><span style=\"color: #777777; font-family: Arial;\">H\u00e9l\u00e8ne Jouan ass\u00e8ne&nbsp;:<br \/>\n<\/span><\/p>\n<p style=\"margin-left: 28pt;\"><span style=\"color: #c00000; font-family: Arial;\">\u00ab&nbsp;Quatorze femmes viennent d&rsquo;\u00eatre assassin\u00e9es, mais c&rsquo;est le tueur la victime\u2026&nbsp;\u00bb<br \/>\n<\/span><\/p>\n<p><span style=\"color: #777777; font-family: Arial;\">Francine Pelletier \u00e9crit avec beaucoup de justesse&nbsp;:<br \/>\n<\/span><\/p>\n<p style=\"margin-left: 28pt;\"><span style=\"color: #c00000; font-family: Arial;\">\u00ab Je me souviens de notre \u00e9tat de vuln\u00e9rabilit\u00e9. Certaines d&rsquo;entre nous venaient de payer le prix d&rsquo;\u00eatre une femme, mais personne ne voulait le reconna\u00eetre. Si un homme blanc n&rsquo;avait tu\u00e9 que des Noirs, n&rsquo;aurions-nous pas tous hurl\u00e9 \u00e0 l&rsquo;attaque raciste ? L\u00e0, on nous intimait le silence, il \u00e9tait inconcevable d&rsquo;aggraver la d\u00e9chirure qui venait de se produire entre les hommes et les femmes. J&rsquo;ai compris ce jour-l\u00e0 combien nous avions \u00e9t\u00e9 na\u00efves. \u00bb<br \/>\n<\/span><\/p>\n<p><span style=\"color: #777777; font-family: Arial;\">La d\u00e9n\u00e9gation collective prendra fin officiellement dans quelques jours&nbsp;:<br \/>\n<\/span><\/p>\n<p style=\"margin-left: 28pt;\"><span style=\"color: #c00000; font-family: Arial;\">\u00ab Dans quelques jours, la ville de Montr\u00e9al va desceller, place du 6-D\u00e9cembre-1989, la plaque appos\u00e9e en 1999 en m\u00e9moire des victimes, pour la remplacer par une nouvelle. L&rsquo;ancienne se contentait d&rsquo;\u00e9voquer \u00ab <strong>la trag\u00e9die survenue \u00e0 l&rsquo;\u00c9cole polytechnique <\/strong>\u00bb, il sera d\u00e9sormais grav\u00e9 que \u00ab <strong>quatorze femmes ont \u00e9t\u00e9 assassin\u00e9es lors d&rsquo;un attentat antif\u00e9ministe<\/strong> \u00bb. Trente ans pour dire, enfin. Il y a eu, au fil des ann\u00e9es, des petits cailloux blancs sem\u00e9s sur le chemin de l&rsquo;acceptation du drame pour ce qu&rsquo;il est. Un an apr\u00e8s \u00ab Poly \u00bb, la publication de la lettre du tueur commence \u00e0 dessiller les yeux des plus sceptiques : L\u00e9pine a sign\u00e9 sa haine misogyne, il suffit de lire ses mots.<br \/>\n<\/span><\/p>\n<p style=\"margin-left: 28pt;\"><span style=\"color: #c00000; font-family: Arial;\">[&#8230;] En 2009, le film Polytechnique, de Denis Villeneuve, qui n&rsquo;\u00e9lude rien des motivations du tueur, va concourir \u00e0 ce que \u00ab les murs de brique construits entre nous s&rsquo;effritent \u00bb, raconte Catherine Bergeron. \u00ab Le temps du deuil pour une soci\u00e9t\u00e9 est le m\u00eame que pour une personne \u00bb, ajoute-t-elle joliment, comme pour excuser son pays d&rsquo;avoir mis si longtemps \u00e0 nommer l&rsquo;horreur. \u00bb<br \/>\n<\/span><\/p>\n<p><span style=\"color: #777777; font-family: Arial;\">Fr\u00e9d\u00e9ric Pommier concluait&nbsp;:<br \/>\n<\/span><\/p>\n<p style=\"margin-left: 28pt;\"><span style=\"color: #c00000; font-family: Arial;\">\u00ab&nbsp;Pour dire les mots, les \u00e9crire, il aura donc fallu attendre trois d\u00e9cennies.&nbsp;\u00bb<br \/>\n<\/span><\/p>\n<p><span style=\"color: maroon; font-family: Arial;\">&lt;1309&gt;<\/span><\/p>\n","protected":false},"excerpt":{"rendered":"<p>\u00ab 6 d\u00e9cembre 1989, Ecole polytechnique de Montr\u00e9al : Premier f\u00e9minicide de masse revendiqu\u00e9 \u00bb H\u00e9l\u00e8ne Jouan, dans un article du monde rappelle ce massacre et le d\u00e9ni qui s\u2019en suivit Le mardi 12 novembre 2019, \u00e0 Montfermeil, Aminata a<\/p>\n","protected":false},"author":1,"featured_media":0,"comment_status":"open","ping_status":"closed","sticky":false,"template":"","format":"standard","meta":{"footnotes":""},"categories":[1],"tags":[159,36,14],"class_list":["post-7443","post","type-post","status-publish","format-standard","hentry","category-motdujour","tag-canada","tag-feminisme","tag-recit"],"_links":{"self":[{"href":"https:\/\/lemotdujour.fr\/index.php?rest_route=\/wp\/v2\/posts\/7443","targetHints":{"allow":["GET"]}}],"collection":[{"href":"https:\/\/lemotdujour.fr\/index.php?rest_route=\/wp\/v2\/posts"}],"about":[{"href":"https:\/\/lemotdujour.fr\/index.php?rest_route=\/wp\/v2\/types\/post"}],"author":[{"embeddable":true,"href":"https:\/\/lemotdujour.fr\/index.php?rest_route=\/wp\/v2\/users\/1"}],"replies":[{"embeddable":true,"href":"https:\/\/lemotdujour.fr\/index.php?rest_route=%2Fwp%2Fv2%2Fcomments&post=7443"}],"version-history":[{"count":3,"href":"https:\/\/lemotdujour.fr\/index.php?rest_route=\/wp\/v2\/posts\/7443\/revisions"}],"predecessor-version":[{"id":9224,"href":"https:\/\/lemotdujour.fr\/index.php?rest_route=\/wp\/v2\/posts\/7443\/revisions\/9224"}],"wp:attachment":[{"href":"https:\/\/lemotdujour.fr\/index.php?rest_route=%2Fwp%2Fv2%2Fmedia&parent=7443"}],"wp:term":[{"taxonomy":"category","embeddable":true,"href":"https:\/\/lemotdujour.fr\/index.php?rest_route=%2Fwp%2Fv2%2Fcategories&post=7443"},{"taxonomy":"post_tag","embeddable":true,"href":"https:\/\/lemotdujour.fr\/index.php?rest_route=%2Fwp%2Fv2%2Ftags&post=7443"}],"curies":[{"name":"wp","href":"https:\/\/api.w.org\/{rel}","templated":true}]}}