{"id":744,"date":"2014-06-20T02:00:00","date_gmt":"2014-06-19T22:00:00","guid":{"rendered":"http:\/\/lemotdujour.fr\/?p=744"},"modified":"2017-05-08T13:22:22","modified_gmt":"2017-05-08T11:22:22","slug":"vendredi-20062014","status":"publish","type":"post","link":"https:\/\/lemotdujour.fr\/?p=744","title":{"rendered":"Vendredi 20\/06\/2014"},"content":{"rendered":"<div class=\"mdjDate\">Vendredi 20\/06\/2014<\/div>\n<div class=\"mdjTexte\">\u00ab\u00a0Le Prince a mis le Philosophe sur la liste des gens \u00e0 \u00e9liminer\u00a0\u00bb<\/div>\n<div class=\"mdjAuteur\">Paul Jorion<\/div>\n<div class=\"mdjComplements\">Paul Jorion a eu cette r\u00e9flexion sur son <a href=\"http:\/\/www.pauljorion.com\/blog\/\">&lt;Blog&gt;<\/a> pour parler d&rsquo;un article qui vient d&rsquo;\u00eatre publi\u00e9 sur le Guardian.<\/div>\n<div class=\"mdjComplements\">Rappelons que \u00ab\u00a0The Guardian\u00a0\u00bb est un quotidien britannique fond\u00e9 en 1821.<\/div>\n<div class=\"mdjComplements\">Il fait partie de la \u00ab\u00a0presse de qualit\u00e9\u00a0\u00bb britannique puisque chez nos voisins il y a aussi une presse \u00ab\u00a0poubelle\u00a0\u00bb bien pire que la n\u00f4tre.<\/div>\n<div class=\"mdjComplements\">D\u00e8s lors il appara\u00eet que l&rsquo;on peut faire confiance \u00e0 ce qui est publi\u00e9 par ce journal.<\/div>\n<div class=\"mdjComplements\">Que dit cet article ?<\/div>\n<div class=\"mdjComplements\">Que le Pentagone a cr\u00e9\u00e9 un programme pour surveiller les mouvements sociaux qui risque de d\u00e9stabiliser les Etats Unis.<\/div>\n<div class=\"mdjComplements\">Et parmi cette surveillance le pentagone penserait particuli\u00e8rement \u00e0 surveiller et \u00e0 neutraliser, les militants pacifistes ou les mouvements de protestation.<\/div>\n<div class=\"mdjComplements\">Bref tout ceux qui pensent diff\u00e9remment, qui remettent en question le syst\u00e8me.<\/div>\n<div class=\"mdjComplements\">C&rsquo;est un peu comme un retour de la d\u00e9funte Union Sovi\u00e9tique, mais de l&rsquo;autre c\u00f4t\u00e9 de ce qu&rsquo;on appelait jadis le monde libre.<\/div>\n<div class=\"mdjComplements\">Jorion rappelait la pens\u00e9e de Platon qui voulait que le philosophe devienne Prince ou le Prince devienne philosophe.<\/div>\n<div class=\"mdjComplements\">D&rsquo;o\u00f9 cette id\u00e9e de guerre au philosophe, celui qui remet en cause, interroge le monde ou le syst\u00e8me tel qu&rsquo;il est.<\/div>\n<div class=\"mdjComplements\"><a href=\"http:\/\/www.theguardian.com\/environment\/earth-insight\/2014\/jun\/12\/pentagon-mass-civil-breakdown?CMP=twt_gu\">&lt;Ici l&rsquo;article du Guardian pour ceux qui lisent l&rsquo;anglais&gt;<\/a><\/div>\n<div class=\"mdjComplements\">En pi\u00e8ce jointe un essai de traduction pour ceux qui ne lisent pas l&rsquo;anglais ou qui souhaitent une traduction compl\u00e9mentaire.<\/div>\n","protected":false},"excerpt":{"rendered":"<p>Vendredi 20\/06\/2014 \u00ab\u00a0Le Prince a mis le Philosophe sur la liste des gens \u00e0 \u00e9liminer\u00a0\u00bb Paul Jorion Paul Jorion a eu cette r\u00e9flexion sur son &lt;Blog&gt; pour parler d&rsquo;un article qui vient d&rsquo;\u00eatre publi\u00e9 sur le Guardian. Rappelons que \u00ab\u00a0The<\/p>\n","protected":false},"author":1,"featured_media":0,"comment_status":"closed","ping_status":"closed","sticky":false,"template":"","format":"standard","meta":{"footnotes":""},"categories":[1],"tags":[],"class_list":["post-744","post","type-post","status-publish","format-standard","hentry","category-motdujour"],"_links":{"self":[{"href":"https:\/\/lemotdujour.fr\/index.php?rest_route=\/wp\/v2\/posts\/744","targetHints":{"allow":["GET"]}}],"collection":[{"href":"https:\/\/lemotdujour.fr\/index.php?rest_route=\/wp\/v2\/posts"}],"about":[{"href":"https:\/\/lemotdujour.fr\/index.php?rest_route=\/wp\/v2\/types\/post"}],"author":[{"embeddable":true,"href":"https:\/\/lemotdujour.fr\/index.php?rest_route=\/wp\/v2\/users\/1"}],"replies":[{"embeddable":true,"href":"https:\/\/lemotdujour.fr\/index.php?rest_route=%2Fwp%2Fv2%2Fcomments&post=744"}],"version-history":[{"count":1,"href":"https:\/\/lemotdujour.fr\/index.php?rest_route=\/wp\/v2\/posts\/744\/revisions"}],"predecessor-version":[{"id":745,"href":"https:\/\/lemotdujour.fr\/index.php?rest_route=\/wp\/v2\/posts\/744\/revisions\/745"}],"wp:attachment":[{"href":"https:\/\/lemotdujour.fr\/index.php?rest_route=%2Fwp%2Fv2%2Fmedia&parent=744"}],"wp:term":[{"taxonomy":"category","embeddable":true,"href":"https:\/\/lemotdujour.fr\/index.php?rest_route=%2Fwp%2Fv2%2Fcategories&post=744"},{"taxonomy":"post_tag","embeddable":true,"href":"https:\/\/lemotdujour.fr\/index.php?rest_route=%2Fwp%2Fv2%2Ftags&post=744"}],"curies":[{"name":"wp","href":"https:\/\/api.w.org\/{rel}","templated":true}]}}