{"id":7436,"date":"2019-11-15T02:34:15","date_gmt":"2019-11-15T01:34:15","guid":{"rendered":"http:\/\/lemotdujour.fr\/?p=7436"},"modified":"2020-06-12T19:06:46","modified_gmt":"2020-06-12T17:06:46","slug":"vendredi-15-novembre-2019","status":"publish","type":"post","link":"https:\/\/lemotdujour.fr\/?p=7436","title":{"rendered":"Vendredi 15 novembre 2019"},"content":{"rendered":"<div class=\"mdjTexte\">\u00ab Il m\u2019est d\u2019ailleurs arriv\u00e9 de penser que gagner ne servait \u00e0 rien \u00bb<\/div>\n<div class=\"mdjAuteur\">Poulidor<\/div>\n<p><span style=\"color: #777777; font-family: Arial;\">Comme tout le monde, j&rsquo;aimais Poulidor et j&rsquo;aurais voulu qu&rsquo;il gagne le tour de France.<br \/>\n<\/span><\/p>\n<p><span style=\"color: #777777; font-family: Arial;\">Mais dire qu&rsquo;il est l&rsquo;\u00e9ternel second est \u00e9videmment une fake news.<br \/>\n<\/span><\/p>\n<p><span style=\"color: #777777; font-family: Arial;\">Son palmar\u00e8s est remarquable puisqu&rsquo;il peut se pr\u00e9valoir de 189&nbsp;victoires, dont Milan-San Remo (1961), la Fl\u00e8che wallonne (1963), Paris-Nice (1972, 1973), le Crit\u00e9rium du&nbsp;Dauphin\u00e9 (1966, 1969), le Tour d&rsquo;Espagne (1964) etc.<br \/>\n<\/span><\/p>\n<p><span style=\"color: #777777; font-family: Arial;\">Evidemment, la r\u00e9putation d&rsquo;\u00e9ternel second est li\u00e9e \u00e0 la course la plus prestigieuse du cyclisme&nbsp;: le tour de France.<br \/>\n<\/span><\/p>\n<p><span style=\"color: #777777; font-family: Arial;\">Et dans cette course il y eut comme une mal\u00e9diction, un \u00ab&nbsp;chat noir&nbsp;\u00bb.<br \/>\n<\/span><\/p>\n<p><span style=\"color: #777777; font-family: Arial;\">Il participa \u00e0 14 tours de France, le premier en 1962 \u00e0 26 ans et le dernier \u00e0 40 ans en 1976. Dans le premier et le dernier tour de France auquel il a particip\u00e9, il a termin\u00e9 troisi\u00e8me.<br \/>\n<\/span><\/p>\n<p><span style=\"color: #777777; font-family: Arial;\">Il est d&rsquo;ailleurs le recordman de podium sur le Tour de France puisqu&rsquo;il termina 8 fois sur le podium dont 3 fois deuxi\u00e8me mais jamais premier.<br \/>\n<\/span><\/p>\n<p><span style=\"color: #777777; font-family: Arial;\">Et m\u00eame plus que cela, il ne porta jamais le maillot jaune, bien qu&rsquo;il remporta 7 \u00e9tapes.<br \/>\n<\/span><\/p>\n<p><img loading=\"lazy\" decoding=\"async\" class=\"alignleft\" src=\"https:\/\/lemotdujour.fr\/wp-content\/uploads\/2019\/11\/111419_2234_Vendredi15n1.jpg\" alt=\"\" width=\"368\" height=\"245\" align=\"left\"><span style=\"color: #777777; font-family: Arial;\">Le moment le plus embl\u00e9matique fut la course \u00e9paule contre \u00e9paule dans la mont\u00e9e du Puy de D\u00f4me en 1964.<br \/>\n<\/span><\/p>\n<p><span style=\"color: #777777; font-family: Arial;\">&lt;<span style=\"color: #0000ff;\"><a style=\"color: #0000ff;\" href=\"https:\/\/www.liberation.fr\/sports\/2019\/11\/13\/mort-de-raymond-poulidor-la-fin-d-un-cycle_1763110\">Lib\u00e9ration<\/a><\/span>&gt; rapporte cet affrontement avec ces mots&nbsp;:<br \/>\n<\/span><\/p>\n<p style=\"margin-left: 28pt;\"><span style=\"color: #c00000; font-family: Arial;\">\u00ab Ce jour-l\u00e0, sur des pentes \u00e0 10%, le cyclisme est presque devenu un sport de contact, de combat. \u00c9paule contre \u00e9paule, sans \u00e9changer le moindre regard, les deux hommes vont au bout de leurs limites. A la p\u00e9dale et au mental, Poulidor finit par l\u00e2cher son adversaire, qu&rsquo;il laisse \u00e0 42 secondes au sommet. Insuffisant pour le d\u00e9pouiller de sa tunique jaune. Au final, Poulidor termine deuxi\u00e8me du Tour, \u00e0 55 secondes d&rsquo;Anquetil. \u00bb<br \/>\n<\/span><\/p>\n<p><span style=\"color: #777777; font-family: Arial;\">Ce qu&rsquo;on dit rarement c&rsquo;est que Poulidor ne gagna pas cette \u00e9tape.<br \/>\n<\/span><\/p>\n<p><span style=\"color: #777777; font-family: Arial;\">Il faut aller lire l&rsquo;article de &lt;<a href=\"https:\/\/www.lamontagne.fr\/clermont-ferrand-63000\/sports\/l-affrontement-anquetil-poulidor-sur-les-pentes-du-puy-de-dome_13683161\/\"><span style=\"color: #0000ff;\">La Montagne<\/span><\/a>&gt; pour savoir qu&rsquo;il ne finit que troisi\u00e8me devanc\u00e9 par Jimenez et Bahomont\u00e9s.<br \/>\n<\/span><\/p>\n<p><span style=\"color: #777777; font-family: Arial;\">L&rsquo;article de la Montagne est tr\u00e8s complet et rapporte que ce Tour 1964 ne fut pas perdu lors de cette ascension mais dans les \u00e9tapes pr\u00e9c\u00e9dentes&nbsp;:<br \/>\n<\/span><\/p>\n<p style=\"margin-left: 28pt;\"><span style=\"color: #c00000; font-family: Arial;\">\u00ab&nbsp;Sur les premi\u00e8res semaines, il aurait pu (d\u00fb?) s&#8217;emparer du maillot jaune. En effet, que de temps perdu dans les \u00e9tapes pr\u00e9c\u00e9dentes&nbsp;! D&rsquo;abord, il y a cette arriv\u00e9e rocambolesque \u00e0 Monaco (9e&nbsp;\u00e9tape) o\u00f9 le Creusois d\u00e9boule en t\u00eate sur le v\u00e9lodrome de la Principaut\u00e9 mais descend de son v\u00e9lo un tour de piste trop t\u00f4t, ce qui permet \u00e0&#8230; Anquetil de lui passer devant et de remporter l&rsquo;\u00e9tape, empochant ainsi la bonification d&rsquo;une minute promise au vainqueur&#8230;<br \/>\n<\/span><\/p>\n<p style=\"margin-left: 28pt;\"><span style=\"color: #c00000; font-family: Arial;\">Puis il y a ce contre-la-montre entre Peyrehorade et Bayonne (17e&nbsp;\u00e9tape), \u00e9preuve sur laquelle Anquetil excelle d&rsquo;ordinaire, o\u00f9 Poulidor alors en t\u00eate est victime d&rsquo;une crevaison. Arrive ensuite un incroyable concours de circonstances&nbsp;: le m\u00e9cano se pr\u00e9cipite avec un v\u00e9lo de rechange mais tr\u00e9buche et tombe dans un foss\u00e9, se blessant \u00e0 la cheville. Le coureur est ainsi oblig\u00e9 de descendre pour aller chercher sa nouvelle monture, mais suite \u00e0 la chute de celle-ci, le guidon est fauss\u00e9, obligeant Poulidor \u00e0 s&rsquo;arr\u00eater \u00e0 nouveau quelques m\u00e8tres plus tard pour tout remettre en ordre.&nbsp;\u00bb<br \/>\n<\/span><\/p>\n<p><span style=\"color: #777777; font-family: Arial;\">Mais ce que je trouve remarquable c&rsquo;est ce que Poulidor raconte dans un article publi\u00e9 par le journal suisse \u00ab&nbsp;<a href=\"https:\/\/www.letemps.ch\/sport\/cycliste-raymond-poulidor-mort-legende-demeure\"><span style=\"color: #0000ff;\">Le Temps&nbsp;<\/span><\/a>\u00bb&nbsp;:<br \/>\n<\/span><\/p>\n<p style=\"margin-left: 28pt;\"><span style=\"color: #c00000; font-family: Arial;\">\u00abPlus j&rsquo;\u00e9tais malchanceux, plus le public m&rsquo;appr\u00e9ciait, plus je gagnais du fric. Il m&rsquo;est d&rsquo;ailleurs arriv\u00e9 de penser que gagner ne servait \u00e0 rien.\u00bb<br \/>\n<\/span><\/p>\n<p><span style=\"color: #777777; font-family: Arial;\">Il r\u00e9p\u00e9tait souvent, \u00e0 la fin de sa vie:<br \/>\n<\/span><\/p>\n<p style=\"margin-left: 28pt;\"><span style=\"color: #c00000; font-family: Arial;\">\u00abSi j&rsquo;avais gagn\u00e9 le Tour, on ne parlerait plus de moi aujourd&rsquo;hui.\u00bb<br \/>\n<\/span><\/p>\n<p><span style=\"color: #777777; font-family: Arial;\">Il raconte dans un autre article que sa popularit\u00e9 \u00e9tait telle que pour avoir sa participation, les organisateurs de crit\u00e9rium lui versaient des primes plus importantes qu&rsquo;\u00e0 Anquetil qui gagnait davantage de courses. Ce dernier en \u00e9tait d&rsquo;ailleurs fort marri.<br \/>\n<\/span><\/p>\n<p><span style=\"color: #777777; font-family: Arial;\">Poulidor apparaissait comme le perdant, mais un perdant magnifique qui \u00e9tait all\u00e9 au bout de lui-m\u00eame.<br \/>\n<\/span><\/p>\n<p><span style=\"color: #777777; font-family: Arial;\">Des esprits chagrins, croyant de la sup\u00e9riorit\u00e9 du vainqueur, ont d&rsquo;ailleurs, en s&rsquo;appuyant sur la popularit\u00e9 de Poulidor, reproch\u00e9 aux Fran\u00e7ais de pr\u00e9f\u00e9rer les perdants. Ils entendaient pointer ainsi du doigt, selon eux, une tare de la France dans la comp\u00e9tition mondiale.<br \/>\n<\/span><\/p>\n<p><span style=\"color: #777777; font-family: Arial;\">Le Huffington Post a consacr\u00e9 un article \u00e0 ce sujet&nbsp;: <a href=\"https:\/\/www.huffingtonpost.fr\/entry\/pourquoi-on-adore-les-perdants-comme-raymond-poulidor_fr_5dcbdbc0e4b0a794d1f81f79\"><span style=\"color: #0000ff;\">\u00ab&nbsp;Pourquoi on adore les perdants comme Raymond Poulidor&nbsp;\u00bb<\/span><\/a><br \/>\n<\/span><\/p>\n<p><span style=\"color: #777777; font-family: Arial;\">Pour ma part, lors d&rsquo;un des mots du jour sur le football, avant la coupe du monde 2018, je m&rsquo;\u00e9tais offusqu\u00e9 de l&rsquo;injonction de notre jeune pr\u00e9sident qui fait probablement partie de ces esprits chagrins.<br \/>\n<\/span><\/p>\n<p><span style=\"color: #777777; font-family: Arial;\">Ce fut le dernier de la s\u00e9rie, publi\u00e9e le 26 juin 2018 et je racontais la chose suivante&nbsp;:<br \/>\n<\/span><\/p>\n<p><span style=\"color: #777777;\"><span style=\"font-family: Arial;\">\u00ab&nbsp;Et puis pour finir vraiment, je voudrais revenir \u00e0 la<span style=\"color: #0000ff;\"> <a style=\"color: #0000ff;\" href=\"http:\/\/www.parismatch.com\/Actu\/Politique\/Pour-Macron-l-equipe-de-France-sera-championne-du-monde-1543688\">visite d&rsquo;Emmanuel Macron \u00e0 l&rsquo;\u00e9quipe de France de football \u00e0 Clairefontaine<\/a><\/span><span style=\"color: blue;\">.<span style=\"color: #777777;\"> Pendant cette visite il a eu ce jugement&nbsp;:<\/span><\/span><\/span><br \/>\n<\/span><\/p>\n<p style=\"margin-left: 28pt;\"><span style=\"color: #c00000; font-family: Arial;\">\u00abUne comp\u00e9tition est r\u00e9ussie quand elle est gagn\u00e9e\u00bb<\/span><\/p>\n<p><span style=\"color: #777777; font-family: Arial;\">Montrant bien que pour lui ce sont les gagnants que l&rsquo;on doit admirer et honorer.<br \/>\n<\/span><\/p>\n<p><span style=\"color: #777777; font-family: Arial;\">C&rsquo;est une philosophie de vie, c&rsquo;est une morale.<br \/>\n<\/span><\/p>\n<p><span style=\"color: #777777; font-family: Arial;\">Une morale que je ne partage pas.<br \/>\n<\/span><\/p>\n<p><span style=\"color: #777777; font-family: Arial;\">Et le football encore m&rsquo;aide \u00e0 l&rsquo;expliquer.<br \/>\n<\/span><\/p>\n<p><span style=\"color: #777777; font-family: Arial;\">L&rsquo;\u00e9quipe de France de 1982 a perdu \u00e0 S\u00e9ville contre l&rsquo;Allemagne. Je crois que tous ceux qui aiment le foot gardent beaucoup d&rsquo;affection pour cette \u00e9quipe de perdants.<br \/>\n<\/span><\/p>\n<p><span style=\"color: #777777; font-family: Arial;\">Et l&rsquo;\u00e9quipe de 1986 qui avait battu le champion du monde sortant italien en 1\/8<sup>\u00e8me<\/sup> finale. En \u00bc de finale elle a rencontr\u00e9 l&rsquo;\u00e9quipe de Br\u00e9sil de Socrat\u00e9s que j&rsquo;ai d\u00e9j\u00e0 \u00e9voqu\u00e9 lors du mot du jour de vendredi. Certains historiens du football disent que ce fut le plus beau match de l&rsquo;Histoire du football, tous disent que ce fut l&rsquo;un des plus beaux. Et ce fut l&rsquo;Argentine qui gagna la coupe du monde, l&rsquo;Argentine de Maradona qui se qualifia gr\u00e2ce \u00e0 la tricherie de ce dernier marquant un but avec la main contre l&rsquo;Angleterre.<br \/>\n<\/span><\/p>\n<p><span style=\"color: #777777; font-family: Arial;\">L&rsquo;\u00e9quipe de France de Platini et l&rsquo;\u00e9quipe du Br\u00e9sil de Socrat\u00e9s furent des \u00e9quipes de perdants, mais des perdants magnifiques.<br \/>\n<\/span><\/p>\n<p><span style=\"color: #777777; font-family: Arial;\">Heureusement, M Macron que le monde de nos souvenirs et de nos c\u00e9l\u00e9brations n&rsquo;est pas qu&rsquo;un monde de gagnants. Il serait beaucoup moins beau, avec moins d&rsquo;\u00e9motion, d&rsquo;intelligence, de saveur, plus uniforme, plus triste.&nbsp;\u00bb<br \/>\n<\/span><\/p>\n<p><span style=\"color: #777777; font-family: Arial;\">Et je crois que le t\u00e9moignage de Poulidor nous apporte cette sagesse qu&rsquo;il n&rsquo;y a pas que la victoire qui est belle.<br \/>\n<\/span><\/p>\n<p><span style=\"color: #777777; font-family: Arial;\">C&rsquo;est un monde assez affreux que celui dans lequel on n&rsquo;honore que le vainqueur.<br \/>\n<\/span><\/p>\n<p><span style=\"color: #777777; font-family: Arial;\">Dans un monde o\u00f9 le premier rafle tout.<br \/>\n<\/span><\/p>\n<p><span style=\"color: #777777; font-family: Arial;\">C&rsquo;est un monde assez proche de celui dans lequel nous vivons.<br \/>\n<\/span><\/p>\n<p><span style=\"color: #777777; font-family: Arial;\">Mais les fran\u00e7ais aiment Poulidor, c&rsquo;est peut-\u00eatre cela leur particularit\u00e9 et leur grandeur.<br \/>\n<\/span><\/p>\n<p><span style=\"color: #777777; font-family: Arial;\"><strong>\u00ab&nbsp;Il m&rsquo;est arriv\u00e9 de penser que gagner ne servait \u00e0 rien&nbsp;\u00bb<br \/>\n<\/strong><\/span><\/p>\n<p><span style=\"color: maroon; font-family: Arial;\">&lt;1308&gt;<\/span><\/p>\n","protected":false},"excerpt":{"rendered":"<p>\u00ab Il m\u2019est d\u2019ailleurs arriv\u00e9 de penser que gagner ne servait \u00e0 rien \u00bb Poulidor Comme tout le monde, j&rsquo;aimais Poulidor et j&rsquo;aurais voulu qu&rsquo;il gagne le tour de France. Mais dire qu&rsquo;il est l&rsquo;\u00e9ternel second est \u00e9videmment une fake<\/p>\n","protected":false},"author":1,"featured_media":0,"comment_status":"open","ping_status":"closed","sticky":false,"template":"","format":"standard","meta":{"footnotes":""},"categories":[1],"tags":[29,6,31],"class_list":["post-7436","post","type-post","status-publish","format-standard","hentry","category-motdujour","tag-hommage","tag-philosophie","tag-sport"],"_links":{"self":[{"href":"https:\/\/lemotdujour.fr\/index.php?rest_route=\/wp\/v2\/posts\/7436","targetHints":{"allow":["GET"]}}],"collection":[{"href":"https:\/\/lemotdujour.fr\/index.php?rest_route=\/wp\/v2\/posts"}],"about":[{"href":"https:\/\/lemotdujour.fr\/index.php?rest_route=\/wp\/v2\/types\/post"}],"author":[{"embeddable":true,"href":"https:\/\/lemotdujour.fr\/index.php?rest_route=\/wp\/v2\/users\/1"}],"replies":[{"embeddable":true,"href":"https:\/\/lemotdujour.fr\/index.php?rest_route=%2Fwp%2Fv2%2Fcomments&post=7436"}],"version-history":[{"count":3,"href":"https:\/\/lemotdujour.fr\/index.php?rest_route=\/wp\/v2\/posts\/7436\/revisions"}],"predecessor-version":[{"id":9225,"href":"https:\/\/lemotdujour.fr\/index.php?rest_route=\/wp\/v2\/posts\/7436\/revisions\/9225"}],"wp:attachment":[{"href":"https:\/\/lemotdujour.fr\/index.php?rest_route=%2Fwp%2Fv2%2Fmedia&parent=7436"}],"wp:term":[{"taxonomy":"category","embeddable":true,"href":"https:\/\/lemotdujour.fr\/index.php?rest_route=%2Fwp%2Fv2%2Fcategories&post=7436"},{"taxonomy":"post_tag","embeddable":true,"href":"https:\/\/lemotdujour.fr\/index.php?rest_route=%2Fwp%2Fv2%2Ftags&post=7436"}],"curies":[{"name":"wp","href":"https:\/\/api.w.org\/{rel}","templated":true}]}}