{"id":7423,"date":"2019-11-13T02:29:01","date_gmt":"2019-11-13T01:29:01","guid":{"rendered":"http:\/\/lemotdujour.fr\/?p=7423"},"modified":"2020-06-12T19:07:46","modified_gmt":"2020-06-12T17:07:46","slug":"mercredi-13-septembre-2019","status":"publish","type":"post","link":"https:\/\/lemotdujour.fr\/?p=7423","title":{"rendered":"Mercredi 13 novembre 2019"},"content":{"rendered":"<div class=\"mdjTexte\">\u00ab Mais vivre sans tendresse, on ne le pourrait pas \u00bb<\/div>\n<div class=\"mdjAuteur\">Chanson interpr\u00e9t\u00e9e par Marie Lafor\u00eat<\/div>\n<p><span style=\"color: #777777; font-family: Arial;\">Ce 11 novembre, je regardais par la fen\u00eatre de mon salon et je d\u00e9couvrais les couleurs d&rsquo;automne qui paraient les arbres de rouge, d&rsquo;orange, de marron et de vert.<br \/>\n<\/span><\/p>\n<p><span style=\"color: #777777; font-family: Arial;\">J&rsquo;\u00e9tais saisi par la beaut\u00e9 de ce moment. Mon premier r\u00e9flexe fut de prendre une photo, mais j&rsquo;arr\u00eatais mon \u00e9lan.<br \/>\n<\/span><\/p>\n<p><span style=\"color: #777777; font-family: Arial;\">A quoi bon vouloir tout photographier&nbsp;?<br \/>\n<\/span><\/p>\n<p><span style=\"color: #777777; font-family: Arial;\">C&rsquo;est vouloir privil\u00e9gier la vie dans le futur o\u00f9 on pourra regarder la photo prise, photo qui ne sera jamais aussi belle que ce que je voyais avec mes yeux, dans le pr\u00e9sent de ce que je vivais.<br \/>\n<\/span><\/p>\n<p><span style=\"color: #777777; font-family: Arial;\">Alors j&rsquo;ai plut\u00f4t appel\u00e9 Annie et sa s\u0153ur Simone qui nous offrait sa visite, pour partager cette beaut\u00e9 ensemble, partager ce cadeau.<br \/>\n<\/span><\/p>\n<p><span style=\"color: #777777; font-family: Arial;\">\u00ab&nbsp;<strong>La vie c&rsquo;est cadeau<\/strong>.&nbsp;\u00bb<br \/>\n<\/span><\/p>\n<p><span style=\"color: #777777; font-family: Arial;\">C&rsquo;est ce que dit Marie Lafor\u00eat dans <a href=\"https:\/\/www.youtube.com\/watch?v=UNZz4wbazqw\"><span style=\"color: #0000ff;\">cet entretien \u00e0 France 5 de 2005.<\/span><\/a><br \/>\n<\/span><\/p>\n<p><span style=\"color: #777777; font-family: Arial;\">Elle en avait fait une chanson d&rsquo;ailleurs.<a href=\"https:\/\/www.youtube.com\/watch?v=sKwt6bvnmew\"><span style=\"color: #0000ff;\">&lt;Cadeau&gt;<\/span><\/a><br \/>\n<\/span><\/p>\n<p><span style=\"color: #777777; font-family: Arial;\">Elle est morte le 2 novembre 2019.<br \/>\n<\/span><\/p>\n<p><span style=\"color: #777777; font-family: Arial;\">Les go\u00fbts, les affections ne se commandent pas.<br \/>\n<\/span><\/p>\n<p><span style=\"color: #777777; font-family: Arial;\">Bien qu&rsquo;il y eut une v\u00e9ritable ferveur populaire au moment de la mort de Johny Halliday par les gens de ma g\u00e9n\u00e9ration et m\u00eame de la pr\u00e9c\u00e9dente, je n&rsquo;\u00e9prouvais rien pour lui.<br \/>\n<\/span><\/p>\n<p><span style=\"color: #777777; font-family: Arial;\">Mais j&rsquo;aimais les chansons de Marie Lafor\u00eat. Elle avait une voix unique, elle \u00e9tait actrice autant que chanteuse et savait communiquer tous les registres de l&rsquo;\u00e9motion.<br \/>\n<\/span><\/p>\n<p><span style=\"color: #777777; font-family: Arial;\">C&rsquo;\u00e9tait une personnalit\u00e9 complexe, avec sa part d&rsquo;ombre.<br \/>\n<\/span><\/p>\n<p><span style=\"color: #777777; font-family: Arial;\">Elle est n\u00e9e Ma\u00eftena Doumenach. C&rsquo;est Louis Malle qui trouvera son nom de sc\u00e8ne&nbsp;: &lt;<span style=\"color: #0000ff;\"><a style=\"color: #0000ff;\" href=\"https:\/\/www.lepoint.fr\/people\/la-chanteuse-et-comedienne-marie-laforet-est-morte-03-11-2019-2344960_2116.php\"><strong>Marie Lafor\u00eat<\/strong><\/a><\/span>&gt;.<br \/>\n<\/span><\/p>\n<p><span style=\"color: #777777; font-family: Arial;\">Elle raconte <span style=\"color: #0000ff;\"><a style=\"color: #0000ff;\" href=\"https:\/\/www.msn.com\/fr-fr\/divertissement\/celebrites\/le-jour-o%C3%B9-marie-lafor%C3%AAt-racontait-avoir-%C3%A9t%C3%A9-viol%C3%A9e-%C3%A0-l%C3%A2ge-de-trois-ans\/ar-AAJLWbn\">qu&rsquo;elle a \u00e9t\u00e9 viol\u00e9e<\/a><\/span> \u00e0 3 ans par un voisin. Viol sur lequel des mots n&rsquo;ont pu \u00eatre prononc\u00e9s que bien tard.<br \/>\n<\/span><\/p>\n<p><span style=\"color: #777777; font-family: Arial;\">On trouve aussi dans <span style=\"color: #0000ff;\"><a style=\"color: #0000ff;\" href=\"https:\/\/www.gala.fr\/l_actu\/news_de_stars\/alain-delon-trivial-avec-marie-laforet-les-propos-chocs-de-coline-serreau_437668\">un magazine<\/a><\/span> que je n&rsquo;ai pas l&rsquo;habitude de lire, une anecdote sur le tournage de \u00ab&nbsp;<a href=\"https:\/\/www.telerama.fr\/cinema\/trois-raisons-de-revoir-plein-soleil,100099.php\">P<span style=\"color: #0000ff;\">lein Soleil&nbsp;<\/span><\/a>\u00bb de Ren\u00e9 Cl\u00e9ment, film qui l&rsquo;a rendu c\u00e9l\u00e8bre comme il a rendu c\u00e9l\u00e8bre un jeune acteur de 25 ans&nbsp;: Alain Delon.<br \/>\n<\/span><\/p>\n<p><span style=\"color: #777777; font-family: Arial;\">Ce dernier, bell\u00e2tre en sa splendeur, lui a simplement lanc\u00e9&nbsp;: \u00ab&nbsp;<strong>Tu veux que je te saute&nbsp;?<\/strong> \u00bb. <\/span><span style=\"color: #777777; font-family: Arial;\">#Meeto n&rsquo;\u00e9tait pas encore \u00e0 l&rsquo;agenda. Elle lui en gardera une ranc\u0153ur tenace.<br \/>\n<\/span><\/p>\n<p><span style=\"color: #777777; font-family: Arial;\">Comme tant d&rsquo;autres elle a connu dans sa vie la violence faite aux femmes.<br \/>\n<\/span><\/p>\n<p><span style=\"color: #777777; font-family: Arial;\">L&rsquo;\u00e9mission &lt;<a href=\"https:\/\/www.youtube.com\/watch?v=xRxaCmNIxVc\"><span style=\"color: #0000ff;\">C \u00e0 vous<\/span><\/a>&gt; lui a rendu un bel hommage, en insistant sur son recul et sa modestie par rapport \u00e0 son talent, contrairement \u00e0 Alain Delon.<br \/>\n<\/span><\/p>\n<p><img decoding=\"async\" class=\"alignleft\" src=\"https:\/\/lemotdujour.fr\/wp-content\/uploads\/2019\/11\/111219_0729_Mercredi13s1.png\" alt=\"\" align=\"left\"><span style=\"color: #777777; font-family: Arial;\">Elle a dit&nbsp;:<br \/>\n<\/span><\/p>\n<p style=\"margin-left: 28pt;\"><span style=\"color: #c00000; font-family: Arial;\">\u00ab&nbsp;Ma carri\u00e8re est de bric et de broc, mais ma vie est remplie du d\u00e9but \u00e0 la fin&nbsp;\u00bb<br \/>\n<\/span><\/p>\n<p><span style=\"color: #777777; font-family: Arial;\">Cette \u00e9mission rappelle aussi qu&rsquo;elle a incarn\u00e9 au Th\u00e9\u00e2tre le r\u00f4le de Maria Callas dans ses Master Class.<br \/>\n<\/span><\/p>\n<p><span style=\"color: #777777; font-family: Arial;\">J&rsquo;aimais et j&rsquo;aime toujours particuli\u00e8rement, parmi ses chansons, \u00ab&nbsp;La tendresse&nbsp;\u00bb, parce qu&rsquo;elle est belle et parce qu&rsquo;elle dit une chose simple, mais simplement vraie.<br \/>\n<\/span><\/p>\n<p><span style=\"color: #777777; font-family: Arial;\">\u00ab&nbsp;<strong>La Tendresse<\/strong>&nbsp;\u00bb est une chanson fran\u00e7aise \u00e9crite par No\u00ebl Roux, mise en musique par Hubert Giraud.<br \/>\n<\/span><\/p>\n<p><span style=\"color: #777777; font-family: Arial;\">Elle a d&rsquo;abord \u00e9t\u00e9 interpr\u00e9t\u00e9e par <a href=\"https:\/\/www.youtube.com\/watch?v=hu9HWb0408Y\"><span style=\"color: #0000ff;\">Bourvil<\/span><\/a> en 1963, et l&rsquo;ann\u00e9e suivante en 1964 elle a \u00e9t\u00e9 reprise par<span style=\"color: #0000ff;\"> <a style=\"color: #0000ff;\" href=\"https:\/\/www.youtube.com\/watch?v=gtUUWJ6F3CY\">Marie Lafor\u00eat<\/a><\/span> qui l&rsquo;a rendue c\u00e9l\u00e8bre.<br \/>\n<\/span><\/p>\n<p><span style=\"color: #777777; font-family: Arial;\">Voici les paroles de cette chanson simple<br \/>\n<\/span><\/p>\n<p style=\"margin-left: 28pt;\"><span style=\"color: #c00000; font-family: Arial;\">On peut vivre sans richesse<br \/>\nPresque sans le sou<br \/>\nDes seigneurs et des princesses<br \/>\nY&rsquo;en a plus beaucoup<br \/>\nMais vivre sans tendresse<br \/>\nOn ne le pourrait pas<br \/>\nNon, non, non, non<br \/>\nOn ne le pourrait pas<br \/>\n<\/span><\/p>\n<p style=\"margin-left: 28pt;\"><span style=\"color: #c00000; font-family: Arial;\">On peut vivre sans la gloire<br \/>\nQui ne prouve rien<br \/>\nEtre inconnu dans l&rsquo;histoire<br \/>\nEt s&rsquo;en trouver bien<br \/>\nMais vivre sans tendresse<br \/>\nIl n&rsquo;en est pas question<br \/>\nNon, non, non, non<br \/>\nIl n&rsquo;en est pas question<br \/>\n<\/span><\/p>\n<p style=\"margin-left: 28pt;\"><span style=\"color: #c00000; font-family: Arial;\">Quelle douce faiblesse<br \/>\nQuel joli sentiment<br \/>\nCe besoin de tendresse<br \/>\nQui nous vient en naissant<br \/>\nVraiment, vraiment, vraiment<br \/>\n<\/span><\/p>\n<p style=\"margin-left: 28pt;\"><span style=\"color: #c00000; font-family: Arial;\">Le travail est n\u00e9cessaire<br \/>\nMais s&rsquo;il faut rester<br \/>\nDes semaines sans rien faire<br \/>\nEh bien&#8230; on s&rsquo;y fait<br \/>\nMais vivre sans tendresse<br \/>\nLe temps vous para\u00eet long<br \/>\nLong, long, long, long<br \/>\nLe temps vous parait long<br \/>\n<\/span><\/p>\n<p style=\"margin-left: 28pt;\"><span style=\"color: #c00000; font-family: Arial;\">Dans le feu de la jeunesse<br \/>\nNaissent les plaisirs<br \/>\nEt l&rsquo;amour fait des prouesses<br \/>\nPour nous \u00e9blouir<br \/>\nOui mais sans la tendresse<br \/>\nL&rsquo;amour ne serait rien<br \/>\nNon, non, non, non<br \/>\nL&rsquo;amour ne serait rien<br \/>\n<\/span><\/p>\n<p style=\"margin-left: 28pt;\"><span style=\"color: #c00000; font-family: Arial;\">Quand la vie impitoyable<br \/>\nVous tombe dessus<br \/>\nOn n&rsquo;est plus qu&rsquo;un pauvre diable<br \/>\nBroy\u00e9 et d\u00e9\u00e7u<br \/>\nAlors sans la tendresse<br \/>\nD&rsquo;un c\u0153ur qui nous soutient<br \/>\nNon, non, non, non<br \/>\nOn n&rsquo;irait pas plus loin<br \/>\n<\/span><\/p>\n<p style=\"margin-left: 28pt;\"><span style=\"color: #c00000; font-family: Arial;\">Un enfant vous embrasse<br \/>\nParce qu&rsquo;on le rend heureux<br \/>\nTous nos chagrins s&rsquo;effacent<br \/>\nOn a les larmes aux yeux<br \/>\nMon Dieu, mon Dieu, mon Dieu&#8230;<br \/>\nDans votre immense sagesse<br \/>\nImmense ferveur<br \/>\nFaites donc pleuvoir sans cesse<br \/>\nAu fond de nos c\u0153urs<br \/>\nDes torrents de tendresse<br \/>\nPour que r\u00e8gne l&rsquo;amour<br \/>\nR\u00e8gne l&rsquo;amour<br \/>\nJusqu&rsquo;\u00e0 la fin des jours<br \/>\n<\/span><\/p>\n<p><span style=\"color: #800000; font-family: Arial;\">&lt;1306&gt;<\/span><\/p>\n","protected":false},"excerpt":{"rendered":"<p>\u00ab Mais vivre sans tendresse, on ne le pourrait pas \u00bb Chanson interpr\u00e9t\u00e9e par Marie Lafor\u00eat Ce 11 novembre, je regardais par la fen\u00eatre de mon salon et je d\u00e9couvrais les couleurs d&rsquo;automne qui paraient les arbres de rouge, d&rsquo;orange,<\/p>\n","protected":false},"author":1,"featured_media":0,"comment_status":"open","ping_status":"closed","sticky":false,"template":"","format":"standard","meta":{"footnotes":""},"categories":[1],"tags":[46,15,29],"class_list":["post-7423","post","type-post","status-publish","format-standard","hentry","category-motdujour","tag-art","tag-france","tag-hommage"],"_links":{"self":[{"href":"https:\/\/lemotdujour.fr\/index.php?rest_route=\/wp\/v2\/posts\/7423","targetHints":{"allow":["GET"]}}],"collection":[{"href":"https:\/\/lemotdujour.fr\/index.php?rest_route=\/wp\/v2\/posts"}],"about":[{"href":"https:\/\/lemotdujour.fr\/index.php?rest_route=\/wp\/v2\/types\/post"}],"author":[{"embeddable":true,"href":"https:\/\/lemotdujour.fr\/index.php?rest_route=\/wp\/v2\/users\/1"}],"replies":[{"embeddable":true,"href":"https:\/\/lemotdujour.fr\/index.php?rest_route=%2Fwp%2Fv2%2Fcomments&post=7423"}],"version-history":[{"count":5,"href":"https:\/\/lemotdujour.fr\/index.php?rest_route=\/wp\/v2\/posts\/7423\/revisions"}],"predecessor-version":[{"id":9227,"href":"https:\/\/lemotdujour.fr\/index.php?rest_route=\/wp\/v2\/posts\/7423\/revisions\/9227"}],"wp:attachment":[{"href":"https:\/\/lemotdujour.fr\/index.php?rest_route=%2Fwp%2Fv2%2Fmedia&parent=7423"}],"wp:term":[{"taxonomy":"category","embeddable":true,"href":"https:\/\/lemotdujour.fr\/index.php?rest_route=%2Fwp%2Fv2%2Fcategories&post=7423"},{"taxonomy":"post_tag","embeddable":true,"href":"https:\/\/lemotdujour.fr\/index.php?rest_route=%2Fwp%2Fv2%2Ftags&post=7423"}],"curies":[{"name":"wp","href":"https:\/\/api.w.org\/{rel}","templated":true}]}}